{"id":36207,"date":"2024-06-04T23:35:22","date_gmt":"2024-06-05T02:35:22","guid":{"rendered":"https:\/\/larevistadigital.com.ar\/blog\/?p=36207"},"modified":"2024-06-05T09:14:06","modified_gmt":"2024-06-05T12:14:06","slug":"la-secretaria-de-seguridad-recibio-a-representantes-de-sectores-rurales","status":"publish","type":"post","link":"https:\/\/larevistadigital.com.ar\/blog\/la-secretaria-de-seguridad-recibio-a-representantes-de-sectores-rurales\/","title":{"rendered":"LA SECRETARIA DE SEGURIDAD RECIBI\u00d3 A REPRESENTANTES DE SECTORES RURALES"},"content":{"rendered":"<h2 class=\"notaIntro\"><em>La secretaria de Seguridad Ciudadana municipal, Mariela Moscarella, recibi\u00f3 a representantes del Foro de Seguridad Rural y de la Asociaci\u00f3n Rural de Chascom\u00fas con quienes dialog\u00f3 sobre la actualidad del sector.<\/em><\/h2>\n<p>04 de Junio de 2024<\/p>\n<p class=\"notaTexto\"><strong>CHASCOM\u00daS &#8211;\u00a0<\/strong> En esta reuni\u00f3n, que se llev\u00f3 a cabo en la Secretar\u00eda de Seguridad, que origin\u00f3 esta iniciativa, con el fin de acordar criterios y prioridades que se puedan seguir concretando y no se diluyan.<\/p>\n<p class=\"notaTexto\"><span style=\"color: #ff0000\"><strong>En la misma, se acord\u00f3 analizar una agenda de temas que ser\u00e1n abordados en la pr\u00f3xima reuni\u00f3n del Foro Municipal de Seguridad, programada para el pr\u00f3ximo jueves.ya que las reuniones con los productores rurales preocupados por la seguridad rural tal como se inform\u00f3 a partir de junio se van a hacer en el \u00e1mbito participativo m\u00e1s amplio del foro municipal de Seguridad.<\/strong><\/span><\/p>\n<p>Como resultado, se abordar\u00e1n temas como la Colocaci\u00f3n de 10 nuevas c\u00e1maras, funcionamiento de la nueva posta de Don Cipriano, repaso de las postas m\u00f3viles, cuestiones de comunicaci\u00f3n, entre otros<\/p>\n<blockquote>\n<h3 class=\"notaTexto\">Este ser\u00e1 el primer encuentro del organismo al que se sumar\u00e1 de manera espec\u00edfica el sector rural, y se espera que su inclusi\u00f3n permita abordar de manera m\u00e1s precisa Las inquietudes y necesidades en conjunto.<\/h3>\n<\/blockquote>\n<p>Es para destacar, que esta reuni\u00f3n no ha sido un retroceso, sino que todo lo contrario, ya que se trata de un encuentro para organizar el nuevo esquema de trabajo con los productores rurales en el foro<\/p>\n<p class=\"notaTexto\">Al respecto, se acord\u00f3 continuar avanzando en la problem\u00e1tica que se trabaja actualmente y seguir fortaleciendo cuestiones relacionadas con la seguridad rural y la realidad de los productores en los diferentes cuarteles del distrito de Chascom\u00fas.<\/p>\n<p class=\"notaTexto\">En ese sentido, la secretaria destac\u00f3 el compromiso continuo de trabajar de manera conjunta con todos los sectores de la comunidad para avanzar en materia de seguridad y remarc\u00f3 que esta reuni\u00f3n representa un paso importante en esa direcci\u00f3n, demostrando la voluntad de di\u00e1logo y colaboraci\u00f3n entre las autoridades y los representantes del sector rural.<\/p>\n","protected":false},"excerpt":{"rendered":"<div class=\"mh-excerpt\"><p>La secretaria de Seguridad Ciudadana municipal, Mariela Moscarella, recibi\u00f3 a representantes del Foro de Seguridad Rural y de la Asociaci\u00f3n Rural de Chascom\u00fas con quienes dialog\u00f3 sobre la actualidad del sector. 04 de Junio de <a class=\"mh-excerpt-more\" href=\"https:\/\/larevistadigital.com.ar\/blog\/la-secretaria-de-seguridad-recibio-a-representantes-de-sectores-rurales\/\" title=\"LA SECRETARIA DE SEGURIDAD RECIBI\u00d3 A REPRESENTANTES DE SECTORES RURALES\">[Leer M\u00e1s]<\/a><\/p>\n<\/div>","protected":false},"author":3,"featured_media":36208,"comment_status":"open","ping_status":"open","sticky":false,"template":"","format":"standard","meta":{"_jetpack_memberships_contains_paid_content":false,"footnotes":"","jetpack_publicize_message":"","jetpack_publicize_feature_enabled":true,"jetpack_social_post_already_shared":true,"jetpack_social_options":{"image_generator_settings":{"template":"highway","default_image_id":0,"font":"","enabled":false},"version":2}},"categories":[41],"tags":[],"class_list":{"0":"post-36207","1":"post","2":"type-post","3":"status-publish","4":"format-standard","5":"has-post-thumbnail","7":"category-destacadas"},"jetpack_publicize_connections":[],"jetpack_featured_media_url":"https:\/\/i0.wp.com\/larevistadigital.com.ar\/blog\/wp-content\/uploads\/2024_06_05_00_47_30_302136.jpg?fit=600%2C338&ssl=1","jetpack_sharing_enabled":true,"jetpack_shortlink":"https:\/\/wp.me\/p8qtrQ-9pZ","jetpack-related-posts":[{"id":36266,"url":"https:\/\/larevistadigital.com.ar\/blog\/reunion-del-foro-municipal-de-seguridad-para-analizar-diversos-aspectos-de-la-situacion-actual\/","url_meta":{"origin":36207,"position":0},"title":"REUNI\u00d3N DEL FORO MUNICIPAL DE SEGURIDAD PARA ANALIZAR DIVERSOS ASPECTOS DE LA SITUACI\u00d3N ACTUAL","author":"Alejandro Sosa Ruda","date":"8 junio, 2024","format":false,"excerpt":"En un encuentro llevado a cabo el pasado jueves por la tarde en el recinto del Concejo Deliberante, el Foro Municipal de Seguridad se reuni\u00f3 para analizar diversos temas relacionados con la seguridad ciudadana. 8 de Junio de 2024 CHASCOM\u00daS - La reuni\u00f3n estuvo encabezado por la secretaria de Seguridad\u2026","rel":"","context":"En \u00abCHASCOM\u00daS\u00bb","block_context":{"text":"CHASCOM\u00daS","link":"https:\/\/larevistadigital.com.ar\/blog\/category\/chascomus\/"},"img":{"alt_text":"","src":"https:\/\/i0.wp.com\/larevistadigital.com.ar\/blog\/wp-content\/uploads\/2024_06_08_05_26_39_1196676.jpg?fit=600%2C400&ssl=1&resize=350%2C200","width":350,"height":200,"srcset":"https:\/\/i0.wp.com\/larevistadigital.com.ar\/blog\/wp-content\/uploads\/2024_06_08_05_26_39_1196676.jpg?fit=600%2C400&ssl=1&resize=350%2C200 1x, https:\/\/i0.wp.com\/larevistadigital.com.ar\/blog\/wp-content\/uploads\/2024_06_08_05_26_39_1196676.jpg?fit=600%2C400&ssl=1&resize=525%2C300 1.5x"},"classes":[]},{"id":37288,"url":"https:\/\/larevistadigital.com.ar\/blog\/chascomus-importante-reconocimiento-del-foro-de-seguridad-rural-a-la-patrulla-municipal-de-seguridad-rural-y-su-jefe-marcelo-opicci\/","url_meta":{"origin":36207,"position":1},"title":"CHASCOM\u00daS: Importante reconocimiento del Foro de Seguridad Rural a la Patrulla Municipal de Seguridad Rural, y su jefe Marcelo Opicci","author":"Alejandro Sosa Ruda","date":"22 septiembre, 2024","format":false,"excerpt":"As\u00ed lo hicieron y lo manifest\u00f3 el Presidente del Foro, Manuel Anchorena, quien destac\u00f3 el trabajo y el compromiso de Marcelo Castillo Opici. 22 de Septiembre de 2024 CHASCOM\u00daS -\u00a0 \u00a0Durante una entrevista brindada al programa radial y de Streeming, \"Ataque de Radio\"\u00a0que conduce Alejandro \"El Tano\" Sosa, el Presidente\u2026","rel":"","context":"En \u00abDESTACADAS\u00bb","block_context":{"text":"DESTACADAS","link":"https:\/\/larevistadigital.com.ar\/blog\/category\/destacadas\/"},"img":{"alt_text":"","src":"https:\/\/i0.wp.com\/larevistadigital.com.ar\/blog\/wp-content\/uploads\/Con-los-miembros-del-Foro-Seguridad-Rural.jpg?fit=828%2C472&ssl=1&resize=350%2C200","width":350,"height":200,"srcset":"https:\/\/i0.wp.com\/larevistadigital.com.ar\/blog\/wp-content\/uploads\/Con-los-miembros-del-Foro-Seguridad-Rural.jpg?fit=828%2C472&ssl=1&resize=350%2C200 1x, https:\/\/i0.wp.com\/larevistadigital.com.ar\/blog\/wp-content\/uploads\/Con-los-miembros-del-Foro-Seguridad-Rural.jpg?fit=828%2C472&ssl=1&resize=525%2C300 1.5x, https:\/\/i0.wp.com\/larevistadigital.com.ar\/blog\/wp-content\/uploads\/Con-los-miembros-del-Foro-Seguridad-Rural.jpg?fit=828%2C472&ssl=1&resize=700%2C400 2x"},"classes":[]},{"id":25128,"url":"https:\/\/larevistadigital.com.ar\/blog\/la-sec-de-seguridad-presento-en-el-foro-municipal-de-seguridad-un-punteo-del-plan-integral-de-seguridad-local\/","url_meta":{"origin":36207,"position":2},"title":"LA SEC. DE SEGURIDAD PRESENT\u00d3 EN EL FORO MUNICIPAL DE SEGURIDAD UN \u00abPUNTEO\u00bb DEL PLAN INTEGRAL DE SEGURIDAD LOCAL","author":"Alejandro Sosa Ruda","date":"18 abril, 2022","format":false,"excerpt":"Una iniciativa desde la Secretar\u00eda de Seguridad que abre la posibilidad que la oposici\u00f3n pueda aportar ideas e iniciativas en el Plan Integral de Seguridad de Chascom\u00fas CHASCOM\u00daS -\u00a0 Tomamos conocimiento a trav\u00e9s de fuentes del Foro que hace dos reuniones atr\u00e1s desde la Secretar\u00eda de Seguridad Ciudadana se present\u00f3\u2026","rel":"","context":"En \u00abINTERES GENERAL\u00bb","block_context":{"text":"INTERES GENERAL","link":"https:\/\/larevistadigital.com.ar\/blog\/category\/interes-general\/"},"img":{"alt_text":"","src":"https:\/\/i0.wp.com\/larevistadigital.com.ar\/blog\/wp-content\/uploads\/1620734311775.jpg?fit=1200%2C777&ssl=1&resize=350%2C200","width":350,"height":200,"srcset":"https:\/\/i0.wp.com\/larevistadigital.com.ar\/blog\/wp-content\/uploads\/1620734311775.jpg?fit=1200%2C777&ssl=1&resize=350%2C200 1x, https:\/\/i0.wp.com\/larevistadigital.com.ar\/blog\/wp-content\/uploads\/1620734311775.jpg?fit=1200%2C777&ssl=1&resize=525%2C300 1.5x, https:\/\/i0.wp.com\/larevistadigital.com.ar\/blog\/wp-content\/uploads\/1620734311775.jpg?fit=1200%2C777&ssl=1&resize=700%2C400 2x, https:\/\/i0.wp.com\/larevistadigital.com.ar\/blog\/wp-content\/uploads\/1620734311775.jpg?fit=1200%2C777&ssl=1&resize=1050%2C600 3x"},"classes":[]},{"id":36056,"url":"https:\/\/larevistadigital.com.ar\/blog\/posta-policial-en-el-paraje-don-cipriano\/","url_meta":{"origin":36207,"position":3},"title":"POSTA POLICIAL EN EL PARAJE DON CIPRIANO","author":"Alejandro Sosa Ruda","date":"17 mayo, 2024","format":false,"excerpt":"Esta medida tiene como objetivo principal establecer una guardia de seguridad activa en el lugar, lo que permitir\u00e1 una respuesta m\u00e1s r\u00e1pida a las necesidades de los vecinos de la zona. 17 de Mayo de 2024 CHASCOM\u00daS -\u00a0 \u00a0El intendente Javier Gast\u00f3n recibi\u00f3 hoy la nueva posta policial que comenzar\u00e1\u2026","rel":"","context":"En \u00abINTERES GENERAL\u00bb","block_context":{"text":"INTERES GENERAL","link":"https:\/\/larevistadigital.com.ar\/blog\/category\/interes-general\/"},"img":{"alt_text":"","src":"https:\/\/i0.wp.com\/larevistadigital.com.ar\/blog\/wp-content\/uploads\/2024_05_18_02_22_20_4889801.jpg?fit=600%2C400&ssl=1&resize=350%2C200","width":350,"height":200,"srcset":"https:\/\/i0.wp.com\/larevistadigital.com.ar\/blog\/wp-content\/uploads\/2024_05_18_02_22_20_4889801.jpg?fit=600%2C400&ssl=1&resize=350%2C200 1x, https:\/\/i0.wp.com\/larevistadigital.com.ar\/blog\/wp-content\/uploads\/2024_05_18_02_22_20_4889801.jpg?fit=600%2C400&ssl=1&resize=525%2C300 1.5x"},"classes":[]},{"id":24981,"url":"https:\/\/larevistadigital.com.ar\/blog\/chascomus-firme-avance-con-el-plan-integral-de-seguridad\/","url_meta":{"origin":36207,"position":4},"title":"CHASCOM\u00daS: FIRME AVANCE CON EL PLAN INTEGRAL DE SEGURIDAD","author":"Alejandro Sosa Ruda","date":"6 abril, 2022","format":false,"excerpt":"Con una firme decisi\u00f3n pol\u00edtica de Mariela Moscarella, se avanza con el \"Plan Integral de Seguridad\" para Chascom\u00fas. CHASCOM\u00daS - \u00a0Esta ma\u00f1ana, se llev\u00f3 a cabo una reuni\u00f3n de trabajo entre la Secretar\u00eda de Seguridad Ciudadana y la Direcci\u00f3n de Planificaci\u00f3n Estrat\u00e9gica del Ministerio de Seguridad de la Provincia de\u2026","rel":"","context":"En \u00abDESTACADAS\u00bb","block_context":{"text":"DESTACADAS","link":"https:\/\/larevistadigital.com.ar\/blog\/category\/destacadas\/"},"img":{"alt_text":"","src":"https:\/\/i0.wp.com\/larevistadigital.com.ar\/blog\/wp-content\/uploads\/Captura-de-pantalla-2022-04-06-202233.jpg?fit=746%2C560&ssl=1&resize=350%2C200","width":350,"height":200,"srcset":"https:\/\/i0.wp.com\/larevistadigital.com.ar\/blog\/wp-content\/uploads\/Captura-de-pantalla-2022-04-06-202233.jpg?fit=746%2C560&ssl=1&resize=350%2C200 1x, https:\/\/i0.wp.com\/larevistadigital.com.ar\/blog\/wp-content\/uploads\/Captura-de-pantalla-2022-04-06-202233.jpg?fit=746%2C560&ssl=1&resize=525%2C300 1.5x, https:\/\/i0.wp.com\/larevistadigital.com.ar\/blog\/wp-content\/uploads\/Captura-de-pantalla-2022-04-06-202233.jpg?fit=746%2C560&ssl=1&resize=700%2C400 2x"},"classes":[]},{"id":35984,"url":"https:\/\/larevistadigital.com.ar\/blog\/reunion-de-la-secretaria-de-seguridad-ciudadana-con-autoridades-policiales\/","url_meta":{"origin":36207,"position":5},"title":"REUNI\u00d3N DE LA SECRETARIA DE SEGURIDAD CIUDADANA CON AUTORIDADES POLICIALES","author":"Alejandro Sosa Ruda","date":"4 mayo, 2024","format":false,"excerpt":"El encuentro tuvo como objetivo fortalecer el trabajo de cooperaci\u00f3n entre la instituci\u00f3n policial y las \u00e1reas municipales de seguridad en cuanto a la prevenci\u00f3n del delito y las violencias, tanto en la zona rural como en la zona urbana. 4 de mayo de 2024 CHASCOM\u00daS -\u00a0 La secretaria de\u2026","rel":"","context":"En \u00abCHASCOM\u00daS\u00bb","block_context":{"text":"CHASCOM\u00daS","link":"https:\/\/larevistadigital.com.ar\/blog\/category\/chascomus\/"},"img":{"alt_text":"","src":"https:\/\/i0.wp.com\/larevistadigital.com.ar\/blog\/wp-content\/uploads\/2024_05_04_00_51_51_6230477.jpg?fit=600%2C450&ssl=1&resize=350%2C200","width":350,"height":200,"srcset":"https:\/\/i0.wp.com\/larevistadigital.com.ar\/blog\/wp-content\/uploads\/2024_05_04_00_51_51_6230477.jpg?fit=600%2C450&ssl=1&resize=350%2C200 1x, https:\/\/i0.wp.com\/larevistadigital.com.ar\/blog\/wp-content\/uploads\/2024_05_04_00_51_51_6230477.jpg?fit=600%2C450&ssl=1&resize=525%2C300 1.5x"},"classes":[]}],"_links":{"self":[{"href":"https:\/\/larevistadigital.com.ar\/blog\/wp-json\/wp\/v2\/posts\/36207","targetHints":{"allow":["GET"]}}],"collection":[{"href":"https:\/\/larevistadigital.com.ar\/blog\/wp-json\/wp\/v2\/posts"}],"about":[{"href":"https:\/\/larevistadigital.com.ar\/blog\/wp-json\/wp\/v2\/types\/post"}],"author":[{"embeddable":true,"href":"https:\/\/larevistadigital.com.ar\/blog\/wp-json\/wp\/v2\/users\/3"}],"replies":[{"embeddable":true,"href":"https:\/\/larevistadigital.com.ar\/blog\/wp-json\/wp\/v2\/comments?post=36207"}],"version-history":[{"count":3,"href":"https:\/\/larevistadigital.com.ar\/blog\/wp-json\/wp\/v2\/posts\/36207\/revisions"}],"predecessor-version":[{"id":36235,"href":"https:\/\/larevistadigital.com.ar\/blog\/wp-json\/wp\/v2\/posts\/36207\/revisions\/36235"}],"wp:featuredmedia":[{"embeddable":true,"href":"https:\/\/larevistadigital.com.ar\/blog\/wp-json\/wp\/v2\/media\/36208"}],"wp:attachment":[{"href":"https:\/\/larevistadigital.com.ar\/blog\/wp-json\/wp\/v2\/media?parent=36207"}],"wp:term":[{"taxonomy":"category","embeddable":true,"href":"https:\/\/larevistadigital.com.ar\/blog\/wp-json\/wp\/v2\/categories?post=36207"},{"taxonomy":"post_tag","embeddable":true,"href":"https:\/\/larevistadigital.com.ar\/blog\/wp-json\/wp\/v2\/tags?post=36207"}],"curies":[{"name":"wp","href":"https:\/\/api.w.org\/{rel}","templated":true}]}}