{"id":36213,"date":"2024-06-04T23:42:44","date_gmt":"2024-06-05T02:42:44","guid":{"rendered":"https:\/\/larevistadigital.com.ar\/blog\/?p=36213"},"modified":"2024-06-04T23:42:44","modified_gmt":"2024-06-05T02:42:44","slug":"importantes-gestiones-del-secretario-pablo-napoli-en-espana","status":"publish","type":"post","link":"https:\/\/larevistadigital.com.ar\/blog\/importantes-gestiones-del-secretario-pablo-napoli-en-espana\/","title":{"rendered":"IMPORTANTES GESTIONES DEL SECRETARIO PABLO N\u00c1POLI EN ESPA\u00d1A"},"content":{"rendered":"<h2 class=\"notaIntro\"><em>El secretario de Desarrollo Tur\u00edstico, Productivo y Cultural, Pablo N\u00e1poli, mantuvo sendas entrevistas en la Embajada de Espa\u00f1a, previamente a su regreso desde el viejo continente, que han sido muy fruct\u00edferas.<\/em><\/h2>\n<p class=\"notaTexto\"><strong>CHASCOM\u00daS &#8211;<\/strong>\u00a0 All\u00ed, se reuni\u00f3 con la Agregada Cultural, Cecilia Meirovich, y la secretaria del embajador, Angie Vaca Narvaja, donde dialogaron de las distintas gestiones y proyectos que se acordaron con distintos municipios e instituciones espa\u00f1olas.<\/p>\n<p class=\"notaTexto\">Las funcionarias de la embajada, ofrecieron su colaboraci\u00f3n en todas las instancias necesarias para llevar a delante cada propuesta conjunta, incluso, en la promoci\u00f3n de circuitos tur\u00edsticos de Chascom\u00fas. Para ello, se establecieron v\u00edas de comunicaci\u00f3n para continuar trabajando juntos.<\/p>\n<p class=\"notaTexto\">Previa a esta reuni\u00f3n, el secretario municipal, fue recibido por la alcaldesa de Silleda, Paula Fern\u00e1ndez Pena, as\u00ed como se plante\u00f3 en Lal\u00edn, ciudad hermana de Chascom\u00fas, se avanz\u00f3 sobre proyectos de articulaci\u00f3n con la banda de m\u00fasica de Silleda.<\/p>\n<p class=\"notaTexto\">Para ello, tambi\u00e9n mantuvo un encuentro con el director de la mencionada banda musical, Rafael Agull\u00f3 Albors, manifestando gran inter\u00e9s por la metodolog\u00eda de la Orquesta-Escuela de Chascom\u00fas. De esta manera, se iniciaron los primeros lazos de intercambio cultural.<\/p>\n","protected":false},"excerpt":{"rendered":"<div class=\"mh-excerpt\"><p>El secretario de Desarrollo Tur\u00edstico, Productivo y Cultural, Pablo N\u00e1poli, mantuvo sendas entrevistas en la Embajada de Espa\u00f1a, previamente a su regreso desde el viejo continente, que han sido muy fruct\u00edferas. CHASCOM\u00daS &#8211;\u00a0 All\u00ed, se <a class=\"mh-excerpt-more\" href=\"https:\/\/larevistadigital.com.ar\/blog\/importantes-gestiones-del-secretario-pablo-napoli-en-espana\/\" title=\"IMPORTANTES GESTIONES DEL SECRETARIO PABLO N\u00c1POLI EN ESPA\u00d1A\">[Leer M\u00e1s]<\/a><\/p>\n<\/div>","protected":false},"author":3,"featured_media":36214,"comment_status":"open","ping_status":"open","sticky":false,"template":"","format":"standard","meta":{"_jetpack_memberships_contains_paid_content":false,"footnotes":"","jetpack_publicize_message":"","jetpack_publicize_feature_enabled":true,"jetpack_social_post_already_shared":true,"jetpack_social_options":{"image_generator_settings":{"template":"highway","default_image_id":0,"font":"","enabled":false},"version":2}},"categories":[50],"tags":[],"class_list":{"0":"post-36213","1":"post","2":"type-post","3":"status-publish","4":"format-standard","5":"has-post-thumbnail","7":"category-interes-general"},"jetpack_publicize_connections":[],"jetpack_featured_media_url":"https:\/\/i0.wp.com\/larevistadigital.com.ar\/blog\/wp-content\/uploads\/2024_06_05_01_25_08_8997561.jpeg?fit=600%2C338&ssl=1","jetpack_sharing_enabled":true,"jetpack_shortlink":"https:\/\/wp.me\/p8qtrQ-9q5","jetpack-related-posts":[{"id":40231,"url":"https:\/\/larevistadigital.com.ar\/blog\/chascomus-sera-sede-del-circuito-buenos-aires-aventura\/","url_meta":{"origin":36213,"position":0},"title":"Chascom\u00fas ser\u00e1 sede del Circuito Buenos Aires Aventura","author":"Alejandro Sosa Ruda","date":"30 junio, 2025","format":false,"excerpt":"Avanzan las gestiones con Deportes PBA para incorporar este evento a la agenda local y lograr la iluminaci\u00f3n del Estadio Municipal. 30 de Junio de 2025 CHASCOM\u00daS -\u00a0 El secretario de Cultura, Deportes y Relaciones Institucionales, Pablo N\u00e1poli; junto al subsecretario de Deportes municipal, Pablo Francese; particip\u00f3 de una reuni\u00f3n\u2026","rel":"","context":"En \u00abCHASCOM\u00daS\u00bb","block_context":{"text":"CHASCOM\u00daS","link":"https:\/\/larevistadigital.com.ar\/blog\/category\/chascomus\/"},"img":{"alt_text":"","src":"https:\/\/i0.wp.com\/larevistadigital.com.ar\/blog\/wp-content\/uploads\/6862c8d6b8bb7.png?fit=668%2C445&ssl=1&resize=350%2C200","width":350,"height":200,"srcset":"https:\/\/i0.wp.com\/larevistadigital.com.ar\/blog\/wp-content\/uploads\/6862c8d6b8bb7.png?fit=668%2C445&ssl=1&resize=350%2C200 1x, https:\/\/i0.wp.com\/larevistadigital.com.ar\/blog\/wp-content\/uploads\/6862c8d6b8bb7.png?fit=668%2C445&ssl=1&resize=525%2C300 1.5x"},"classes":[]},{"id":35954,"url":"https:\/\/larevistadigital.com.ar\/blog\/se-firmo-el-contrato-con-la-empresa-adjudicataria-del-parador-lamadrid\/","url_meta":{"origin":36213,"position":1},"title":"SE FIRM\u00d3 EL CONTRATO CON LA EMPRESA ADJUDICATARIA DEL PARADOR LAMADRID","author":"Alejandro Sosa Ruda","date":"28 abril, 2024","format":false,"excerpt":"Se ofrecer\u00e1, en el predio municipal de Presidente Per\u00f3n y avenida Costanera Espa\u00f1a, un espacio tur\u00edstico accesible y sustentable, vinculado a la gastronom\u00eda, que incluir\u00e1 usos recreativos, deportivos y culturales. 28 de abril de 2024 CHASCOM\u00daS -\u00a0 El intendente Javier Gast\u00f3n, acompa\u00f1ado por el secretario de Desarrollo Tur\u00edstico, Productivo y\u2026","rel":"","context":"En \u00abCHASCOM\u00daS\u00bb","block_context":{"text":"CHASCOM\u00daS","link":"https:\/\/larevistadigital.com.ar\/blog\/category\/chascomus\/"},"img":{"alt_text":"","src":"https:\/\/i0.wp.com\/larevistadigital.com.ar\/blog\/wp-content\/uploads\/2024_04_27_01_56_42_6845345.jpg?fit=600%2C401&ssl=1&resize=350%2C200","width":350,"height":200,"srcset":"https:\/\/i0.wp.com\/larevistadigital.com.ar\/blog\/wp-content\/uploads\/2024_04_27_01_56_42_6845345.jpg?fit=600%2C401&ssl=1&resize=350%2C200 1x, https:\/\/i0.wp.com\/larevistadigital.com.ar\/blog\/wp-content\/uploads\/2024_04_27_01_56_42_6845345.jpg?fit=600%2C401&ssl=1&resize=525%2C300 1.5x"},"classes":[]},{"id":40276,"url":"https:\/\/larevistadigital.com.ar\/blog\/chascomus-pablo-napoli-visito-el-centro-de-lalin-agolada-y-silleda-de-buenos-aires\/","url_meta":{"origin":36213,"position":2},"title":"Chascom\u00fas: Pablo N\u00e1poli visit\u00f3 el Centro de Lal\u00edn, Agolada y Silleda de Buenos Aires","author":"Alejandro Sosa Ruda","date":"2 julio, 2025","format":false,"excerpt":"Particip\u00f3 del tradicional evento del cocido que re\u00fane cada a\u00f1o a numerosos descendientes gallegos El \u00faltimo domingo, tuvo lugar la fiesta gastron\u00f3mica que se celebra anualmente en el Centro de Lal\u00edn, Agolada y Silleda de Buenos Aires, para honrar el cocido, un plato tradicional gallego, de la cual particip\u00f3 el\u2026","rel":"","context":"En \u00abCHASCOM\u00daS\u00bb","block_context":{"text":"CHASCOM\u00daS","link":"https:\/\/larevistadigital.com.ar\/blog\/category\/chascomus\/"},"img":{"alt_text":"","src":"https:\/\/i0.wp.com\/larevistadigital.com.ar\/blog\/wp-content\/uploads\/68656928b5052.png?fit=668%2C445&ssl=1&resize=350%2C200","width":350,"height":200,"srcset":"https:\/\/i0.wp.com\/larevistadigital.com.ar\/blog\/wp-content\/uploads\/68656928b5052.png?fit=668%2C445&ssl=1&resize=350%2C200 1x, https:\/\/i0.wp.com\/larevistadigital.com.ar\/blog\/wp-content\/uploads\/68656928b5052.png?fit=668%2C445&ssl=1&resize=525%2C300 1.5x"},"classes":[]},{"id":35721,"url":"https:\/\/larevistadigital.com.ar\/blog\/chascomus-participo-de-la-asamblea-del-consejo-provincial-de-turismo\/","url_meta":{"origin":36213,"position":3},"title":"CHASCOM\u00daS PARTICIP\u00d3 DE LA ASAMBLEA DEL CONSEJO PROVINCIAL DE TURISMO","author":"Alejandro Sosa Ruda","date":"27 marzo, 2024","format":false,"excerpt":"El secretario de Desarrollo Tur\u00edstico, Productivo y Cultural, Pablo N\u00e1poli, y la directora de Turismo, Soledad Marconi tomaron parte de la 26\u00b0 asamblea ordinaria del CoProTur. 27 de marzo de 2024 CHASCOM\u00daS -\u00a0 El ministro de Producci\u00f3n, Ciencia e Innovaci\u00f3n Tecnol\u00f3gica de la provincia de Buenos Aires, Augusto Costa, encabez\u00f3\u2026","rel":"","context":"En \u00abCHASCOM\u00daS\u00bb","block_context":{"text":"CHASCOM\u00daS","link":"https:\/\/larevistadigital.com.ar\/blog\/category\/chascomus\/"},"img":{"alt_text":"","src":"https:\/\/i0.wp.com\/larevistadigital.com.ar\/blog\/wp-content\/uploads\/2024_03_27_01_42_21_9616916.jpeg?fit=600%2C800&ssl=1&resize=350%2C200","width":350,"height":200,"srcset":"https:\/\/i0.wp.com\/larevistadigital.com.ar\/blog\/wp-content\/uploads\/2024_03_27_01_42_21_9616916.jpeg?fit=600%2C800&ssl=1&resize=350%2C200 1x, https:\/\/i0.wp.com\/larevistadigital.com.ar\/blog\/wp-content\/uploads\/2024_03_27_01_42_21_9616916.jpeg?fit=600%2C800&ssl=1&resize=525%2C300 1.5x"},"classes":[]},{"id":37875,"url":"https:\/\/larevistadigital.com.ar\/blog\/pablo-napoli-recibio-a-un-grupo-de-referentes-del-instituto-de-investigacion-y-educacion-economica-de-argentina\/","url_meta":{"origin":36213,"position":4},"title":"Pablo N\u00e1poli recibi\u00f3 a un grupo de referentes del Instituto de Investigaci\u00f3n y Educaci\u00f3n Econ\u00f3mica de Argentina","author":"Alejandro Sosa Ruda","date":"13 noviembre, 2024","format":false,"excerpt":"En el marco de las acciones de promoci\u00f3n y proyecci\u00f3n de nuestra ciudad. 13 de Noviembre de 2024 CHASCOM\u00daS -\u00a0 En el marco de las actividades que desarrolla la direcci\u00f3n municipal de Cooperaci\u00f3n Internacional, el secretario de Desarrollo Tur\u00edstico, Productivo y Cultura, Pablo N\u00e1poli, recibi\u00f3 en nuestra ciudad a un\u2026","rel":"","context":"En \u00abINTERES GENERAL\u00bb","block_context":{"text":"INTERES GENERAL","link":"https:\/\/larevistadigital.com.ar\/blog\/category\/interes-general\/"},"img":{"alt_text":"","src":"https:\/\/i0.wp.com\/larevistadigital.com.ar\/blog\/wp-content\/uploads\/6734def5e4a66.png?fit=668%2C445&ssl=1&resize=350%2C200","width":350,"height":200,"srcset":"https:\/\/i0.wp.com\/larevistadigital.com.ar\/blog\/wp-content\/uploads\/6734def5e4a66.png?fit=668%2C445&ssl=1&resize=350%2C200 1x, https:\/\/i0.wp.com\/larevistadigital.com.ar\/blog\/wp-content\/uploads\/6734def5e4a66.png?fit=668%2C445&ssl=1&resize=525%2C300 1.5x"},"classes":[]},{"id":4310,"url":"https:\/\/larevistadigital.com.ar\/blog\/municipio-chascomus-pretende-adjudicarse-la-gestion-concejal-cambiemos\/","url_meta":{"origin":36213,"position":5},"title":"EL MUNICIPIO DE CHASCOM\u00daS PRETENDE ADJUDICARSE COMO PROPIA LA GESTI\u00d3N DE UN CONCEJAL DE CAMBIEMOS","author":"Alejandro Sosa Ruda","date":"29 diciembre, 2017","format":false,"excerpt":"Hace unos d\u00edas, m\u00e1s exactamente el 21 de diciembre pasado, publicamos como primicia exclusiva\u00a0 que como resultante de gestiones del concejal de Cambiemos, Ramiro Ferrante ente el Ministro de Gesti\u00f3n Cultural, Alejandro G\u00f3mez, y el Sub Secretario de Gobierno Alex Campbell, se consigui\u00f3 que llegue a Chascom\u00fas el evento creado\u2026","rel":"","context":"En \u00abDESTACADAS\u00bb","block_context":{"text":"DESTACADAS","link":"https:\/\/larevistadigital.com.ar\/blog\/category\/destacadas\/"},"img":{"alt_text":"","src":"https:\/\/i0.wp.com\/larevistadigital.com.ar\/blog\/wp-content\/uploads\/2017\/12\/25994774_1730179847002893_1401372780827927469_n.png?fit=807%2C640&ssl=1&resize=350%2C200","width":350,"height":200,"srcset":"https:\/\/i0.wp.com\/larevistadigital.com.ar\/blog\/wp-content\/uploads\/2017\/12\/25994774_1730179847002893_1401372780827927469_n.png?fit=807%2C640&ssl=1&resize=350%2C200 1x, https:\/\/i0.wp.com\/larevistadigital.com.ar\/blog\/wp-content\/uploads\/2017\/12\/25994774_1730179847002893_1401372780827927469_n.png?fit=807%2C640&ssl=1&resize=525%2C300 1.5x, https:\/\/i0.wp.com\/larevistadigital.com.ar\/blog\/wp-content\/uploads\/2017\/12\/25994774_1730179847002893_1401372780827927469_n.png?fit=807%2C640&ssl=1&resize=700%2C400 2x"},"classes":[]}],"_links":{"self":[{"href":"https:\/\/larevistadigital.com.ar\/blog\/wp-json\/wp\/v2\/posts\/36213","targetHints":{"allow":["GET"]}}],"collection":[{"href":"https:\/\/larevistadigital.com.ar\/blog\/wp-json\/wp\/v2\/posts"}],"about":[{"href":"https:\/\/larevistadigital.com.ar\/blog\/wp-json\/wp\/v2\/types\/post"}],"author":[{"embeddable":true,"href":"https:\/\/larevistadigital.com.ar\/blog\/wp-json\/wp\/v2\/users\/3"}],"replies":[{"embeddable":true,"href":"https:\/\/larevistadigital.com.ar\/blog\/wp-json\/wp\/v2\/comments?post=36213"}],"version-history":[{"count":1,"href":"https:\/\/larevistadigital.com.ar\/blog\/wp-json\/wp\/v2\/posts\/36213\/revisions"}],"predecessor-version":[{"id":36215,"href":"https:\/\/larevistadigital.com.ar\/blog\/wp-json\/wp\/v2\/posts\/36213\/revisions\/36215"}],"wp:featuredmedia":[{"embeddable":true,"href":"https:\/\/larevistadigital.com.ar\/blog\/wp-json\/wp\/v2\/media\/36214"}],"wp:attachment":[{"href":"https:\/\/larevistadigital.com.ar\/blog\/wp-json\/wp\/v2\/media?parent=36213"}],"wp:term":[{"taxonomy":"category","embeddable":true,"href":"https:\/\/larevistadigital.com.ar\/blog\/wp-json\/wp\/v2\/categories?post=36213"},{"taxonomy":"post_tag","embeddable":true,"href":"https:\/\/larevistadigital.com.ar\/blog\/wp-json\/wp\/v2\/tags?post=36213"}],"curies":[{"name":"wp","href":"https:\/\/api.w.org\/{rel}","templated":true}]}}