{"id":36216,"date":"2024-06-04T23:46:18","date_gmt":"2024-06-05T02:46:18","guid":{"rendered":"https:\/\/larevistadigital.com.ar\/blog\/?p=36216"},"modified":"2024-06-04T23:46:30","modified_gmt":"2024-06-05T02:46:30","slug":"continuan-los-operativos-preventivos-en-diversos-sectores-de-la-ciudad","status":"publish","type":"post","link":"https:\/\/larevistadigital.com.ar\/blog\/continuan-los-operativos-preventivos-en-diversos-sectores-de-la-ciudad\/","title":{"rendered":"CONTIN\u00daAN LOS OPERATIVOS PREVENTIVOS EN DIVERSOS SECTORES DE LA CIUDAD"},"content":{"rendered":"<h2 class=\"notaIntro\"><em>Colaboraci\u00f3n entre personal municipal y fuerzas policiales para reforzar la seguridad.<\/em><\/h2>\n<p>4 de junio de 2024<\/p>\n<p class=\"notaTexto\">CHASCOM\u00daS &#8211;\u00a0 El \u00faltimo fin de semana, se llevaron a cabo operativos de control en Lomas Altas y Parque Girado por parte del personal municipal de seguridad, en colaboraci\u00f3n con Las fuerzas policiales.<br \/>\nEl control estuvo a cargo de efectivos de la Estaci\u00f3n de Polic\u00eda Comunal, junto con personal de la Seguridad Urbana y de la Patrulla de Prevenci\u00f3n Municipal.<br \/>\nDurante los operativos, se realiz\u00f3 la identificaci\u00f3n de personas, veh\u00edculos y motocicletas, y se aument\u00f3 la seguridad con la coordinaci\u00f3n entre Las fuerzas policiales provinciales y los agentes locales.<br \/>\nEstos operativos, programados de forma peri\u00f3dica, se llevan a cabo en diversos horarios y puntos estrat\u00e9gicos.<\/p>\n","protected":false},"excerpt":{"rendered":"<div class=\"mh-excerpt\"><p>Colaboraci\u00f3n entre personal municipal y fuerzas policiales para reforzar la seguridad. 4 de junio de 2024 CHASCOM\u00daS &#8211;\u00a0 El \u00faltimo fin de semana, se llevaron a cabo operativos de control en Lomas Altas y Parque <a class=\"mh-excerpt-more\" href=\"https:\/\/larevistadigital.com.ar\/blog\/continuan-los-operativos-preventivos-en-diversos-sectores-de-la-ciudad\/\" title=\"CONTIN\u00daAN LOS OPERATIVOS PREVENTIVOS EN DIVERSOS SECTORES DE LA CIUDAD\">[Leer M\u00e1s]<\/a><\/p>\n<\/div>","protected":false},"author":3,"featured_media":36217,"comment_status":"open","ping_status":"open","sticky":false,"template":"","format":"standard","meta":{"_jetpack_memberships_contains_paid_content":false,"footnotes":"","jetpack_publicize_message":"","jetpack_publicize_feature_enabled":true,"jetpack_social_post_already_shared":true,"jetpack_social_options":{"image_generator_settings":{"template":"highway","default_image_id":0,"font":"","enabled":false},"version":2}},"categories":[6],"tags":[],"class_list":{"0":"post-36216","1":"post","2":"type-post","3":"status-publish","4":"format-standard","5":"has-post-thumbnail","7":"category-chascomus"},"jetpack_publicize_connections":[],"jetpack_featured_media_url":"https:\/\/i0.wp.com\/larevistadigital.com.ar\/blog\/wp-content\/uploads\/2024_06_05_00_35_14_3279495.jpg?fit=600%2C365&ssl=1","jetpack_sharing_enabled":true,"jetpack_shortlink":"https:\/\/wp.me\/p8qtrQ-9q8","jetpack-related-posts":[{"id":36544,"url":"https:\/\/larevistadigital.com.ar\/blog\/chascomus-continuan-los-operativos-de-seguridad-en-diferentes-puntos-de-la-ciudad\/","url_meta":{"origin":36216,"position":0},"title":"CHASCOM\u00daS: CONTIN\u00daAN LOS OPERATIVOS DE SEGURIDAD EN DIFERENTES PUNTOS DE LA CIUDAD","author":"Alejandro Sosa Ruda","date":"2 julio, 2024","format":false,"excerpt":"El despliegue cont\u00f3 con la participaci\u00f3n de efectivos de la Estaci\u00f3n de Polic\u00eda Comunal, junto con personal de la Seguridad Urbana y de la Patrulla de Prevenci\u00f3n Municipal. 03 de julio de 2024 CHASCOM\u00daS -\u00a0 Personal municipal de seguridad, en colaboraci\u00f3n con las fuerzas policiales, llev\u00f3 a cabo operativos de\u2026","rel":"","context":"En \u00abCHASCOM\u00daS\u00bb","block_context":{"text":"CHASCOM\u00daS","link":"https:\/\/larevistadigital.com.ar\/blog\/category\/chascomus\/"},"img":{"alt_text":"","src":"https:\/\/i0.wp.com\/larevistadigital.com.ar\/blog\/wp-content\/uploads\/Captura-de-pantalla-2024-07-01-091912-1.png?fit=899%2C496&ssl=1&resize=350%2C200","width":350,"height":200,"srcset":"https:\/\/i0.wp.com\/larevistadigital.com.ar\/blog\/wp-content\/uploads\/Captura-de-pantalla-2024-07-01-091912-1.png?fit=899%2C496&ssl=1&resize=350%2C200 1x, https:\/\/i0.wp.com\/larevistadigital.com.ar\/blog\/wp-content\/uploads\/Captura-de-pantalla-2024-07-01-091912-1.png?fit=899%2C496&ssl=1&resize=525%2C300 1.5x, https:\/\/i0.wp.com\/larevistadigital.com.ar\/blog\/wp-content\/uploads\/Captura-de-pantalla-2024-07-01-091912-1.png?fit=899%2C496&ssl=1&resize=700%2C400 2x"},"classes":[]},{"id":36141,"url":"https:\/\/larevistadigital.com.ar\/blog\/operativos-preventivos-en-distintos-barrios-de-la-ciudad\/","url_meta":{"origin":36216,"position":1},"title":"OPERATIVOS PREVENTIVOS EN DISTINTOS BARRIOS DE LA CIUDAD","author":"Alejandro Sosa Ruda","date":"26 mayo, 2024","format":false,"excerpt":"Personal municipal de seguridad, en colaboraci\u00f3n con las fuerzas policiales, llev\u00f3 a cabo ayer operativos de control en Lomas Altas y Parque Girado. 26 de mayo de 2024 CHASCOM\u00daS -\u00a0 El despliegue, realizado este jueves, cont\u00f3 con la participaci\u00f3n de efectivos de la Estaci\u00f3n de Polic\u00eda Comunal, junto con personal\u2026","rel":"","context":"En \u00abINTERES GENERAL\u00bb","block_context":{"text":"INTERES GENERAL","link":"https:\/\/larevistadigital.com.ar\/blog\/category\/interes-general\/"},"img":{"alt_text":"","src":"https:\/\/i0.wp.com\/larevistadigital.com.ar\/blog\/wp-content\/uploads\/2024_05_25_01_06_47_5071565.jpg?fit=600%2C384&ssl=1&resize=350%2C200","width":350,"height":200,"srcset":"https:\/\/i0.wp.com\/larevistadigital.com.ar\/blog\/wp-content\/uploads\/2024_05_25_01_06_47_5071565.jpg?fit=600%2C384&ssl=1&resize=350%2C200 1x, https:\/\/i0.wp.com\/larevistadigital.com.ar\/blog\/wp-content\/uploads\/2024_05_25_01_06_47_5071565.jpg?fit=600%2C384&ssl=1&resize=525%2C300 1.5x"},"classes":[]},{"id":36414,"url":"https:\/\/larevistadigital.com.ar\/blog\/operativos-especiales-de-prevencion-con-drones-en-chascomus-durante-el-fin-de-semana-largo\/","url_meta":{"origin":36216,"position":2},"title":"OPERATIVOS ESPECIALES DE PREVENCI\u00d3N CON DRONES EN CHASCOM\u00daS DURANTE EL FIN DE SEMANA LARGO","author":"Alejandro Sosa Ruda","date":"24 junio, 2024","format":false,"excerpt":"La Municipalidad de Chascom\u00fas, en conjunto con las fuerzas policiales descentralizadas de la provincia de Buenos Aires, realiz\u00f3 una serie de operativos preventivos de seguridad durante el pasado fin de semana largo, con el uso de drones para la vigilancia a\u00e9rea. 24 de Junio de 2024 CHASCOM\u00daS\u00a0 -\u00a0 La Subsecretar\u00eda\u2026","rel":"","context":"En \u00abINTERES GENERAL\u00bb","block_context":{"text":"INTERES GENERAL","link":"https:\/\/larevistadigital.com.ar\/blog\/category\/interes-general\/"},"img":{"alt_text":"","src":"https:\/\/i0.wp.com\/larevistadigital.com.ar\/blog\/wp-content\/uploads\/2024_06_25_00_58_17_824511.jpg?fit=600%2C377&ssl=1&resize=350%2C200","width":350,"height":200,"srcset":"https:\/\/i0.wp.com\/larevistadigital.com.ar\/blog\/wp-content\/uploads\/2024_06_25_00_58_17_824511.jpg?fit=600%2C377&ssl=1&resize=350%2C200 1x, https:\/\/i0.wp.com\/larevistadigital.com.ar\/blog\/wp-content\/uploads\/2024_06_25_00_58_17_824511.jpg?fit=600%2C377&ssl=1&resize=525%2C300 1.5x"},"classes":[]},{"id":36692,"url":"https:\/\/larevistadigital.com.ar\/blog\/chascomus-operativos-de-prevencion-en-las-vacaciones-de-invierno\/","url_meta":{"origin":36216,"position":3},"title":"CHASCOM\u00daS: OPERATIVOS DE PREVENCI\u00d3N EN LAS VACACIONES DE INVIERNO","author":"Alejandro Sosa Ruda","date":"15 julio, 2024","format":false,"excerpt":"Estos controles, en los accesos y en la estaci\u00f3n ferroautomotor, se mantendr\u00e1n durante los fines de semana del receso invernal. 15 de Julio de 2024 CHASCOM\u00daS -\u00a0 Ante la afluencia de turistas y visitantes a la ciudad por el inicio de las vacaciones, se llevan a cabo diversos operativos preventivos\u2026","rel":"","context":"En \u00abDESTACADAS\u00bb","block_context":{"text":"DESTACADAS","link":"https:\/\/larevistadigital.com.ar\/blog\/category\/destacadas\/"},"img":{"alt_text":"","src":"https:\/\/i0.wp.com\/larevistadigital.com.ar\/blog\/wp-content\/uploads\/6695541a44573.png?fit=668%2C445&ssl=1&resize=350%2C200","width":350,"height":200,"srcset":"https:\/\/i0.wp.com\/larevistadigital.com.ar\/blog\/wp-content\/uploads\/6695541a44573.png?fit=668%2C445&ssl=1&resize=350%2C200 1x, https:\/\/i0.wp.com\/larevistadigital.com.ar\/blog\/wp-content\/uploads\/6695541a44573.png?fit=668%2C445&ssl=1&resize=525%2C300 1.5x"},"classes":[]},{"id":37472,"url":"https:\/\/larevistadigital.com.ar\/blog\/chascomus-operativos-preventivos-de-seguridad-para-el-fin-de-semana-largo\/","url_meta":{"origin":36216,"position":4},"title":"CHASCOM\u00daS: Operativos preventivos de seguridad para el fin de semana largo","author":"Alejandro Sosa Ruda","date":"9 octubre, 2024","format":false,"excerpt":"Autoridades municipales y policiales se reunieron para coordinar acciones durante el pr\u00f3ximo fin de semana largo para el que se espera una masiva llegada de turistas y visitantes a la ciudad. 9 de octubre de 2024 CHASCOM\u00daS -\u00a0 La secretaria de Seguridad Ciudadana, Mariela Moscarella, se reuni\u00f3 con autoridades policiales\u2026","rel":"","context":"En \u00abDESTACADAS\u00bb","block_context":{"text":"DESTACADAS","link":"https:\/\/larevistadigital.com.ar\/blog\/category\/destacadas\/"},"img":{"alt_text":"","src":"https:\/\/i0.wp.com\/larevistadigital.com.ar\/blog\/wp-content\/uploads\/6706b8c682e43.png?fit=668%2C445&ssl=1&resize=350%2C200","width":350,"height":200,"srcset":"https:\/\/i0.wp.com\/larevistadigital.com.ar\/blog\/wp-content\/uploads\/6706b8c682e43.png?fit=668%2C445&ssl=1&resize=350%2C200 1x, https:\/\/i0.wp.com\/larevistadigital.com.ar\/blog\/wp-content\/uploads\/6706b8c682e43.png?fit=668%2C445&ssl=1&resize=525%2C300 1.5x"},"classes":[]},{"id":31786,"url":"https:\/\/larevistadigital.com.ar\/blog\/chascomus-gran-actividad-de-prevencion-y-educacion-de-las-fuerzas-de-seguridad-durante-el-fin-de-semana-largo\/","url_meta":{"origin":36216,"position":5},"title":"CHASCOM\u00daS: GRAN ACTIVIDAD DE PREVENCI\u00d3N Y EDUCACI\u00d3N  DE LAS FUERZAS DE SEGURIDAD DURANTE EL FIN DE SEMANA LARGO","author":"Alejandro Sosa Ruda","date":"29 mayo, 2023","format":false,"excerpt":"Durante todo el finde semana largo, la Secretar\u00eda de Seguridad dispuso gran cantidad de operativos y acciones de prevenci\u00f3n de distintos tipo a efectos de brindad una mejor seguridad y prevenir algunas contravenciones y delitos. 28 de mayo de 2023 CHASCOM\u00daS -\u00a0 \u00a0La ciudad de Chascom\u00fas fue escenario de un\u2026","rel":"","context":"En \u00abINTERES GENERAL\u00bb","block_context":{"text":"INTERES GENERAL","link":"https:\/\/larevistadigital.com.ar\/blog\/category\/interes-general\/"},"img":{"alt_text":"","src":"https:\/\/i0.wp.com\/larevistadigital.com.ar\/blog\/wp-content\/uploads\/WhatsApp-Image-2023-05-28-at-20.40.47.jpeg?fit=867%2C1156&ssl=1&resize=350%2C200","width":350,"height":200,"srcset":"https:\/\/i0.wp.com\/larevistadigital.com.ar\/blog\/wp-content\/uploads\/WhatsApp-Image-2023-05-28-at-20.40.47.jpeg?fit=867%2C1156&ssl=1&resize=350%2C200 1x, https:\/\/i0.wp.com\/larevistadigital.com.ar\/blog\/wp-content\/uploads\/WhatsApp-Image-2023-05-28-at-20.40.47.jpeg?fit=867%2C1156&ssl=1&resize=525%2C300 1.5x, https:\/\/i0.wp.com\/larevistadigital.com.ar\/blog\/wp-content\/uploads\/WhatsApp-Image-2023-05-28-at-20.40.47.jpeg?fit=867%2C1156&ssl=1&resize=700%2C400 2x"},"classes":[]}],"_links":{"self":[{"href":"https:\/\/larevistadigital.com.ar\/blog\/wp-json\/wp\/v2\/posts\/36216","targetHints":{"allow":["GET"]}}],"collection":[{"href":"https:\/\/larevistadigital.com.ar\/blog\/wp-json\/wp\/v2\/posts"}],"about":[{"href":"https:\/\/larevistadigital.com.ar\/blog\/wp-json\/wp\/v2\/types\/post"}],"author":[{"embeddable":true,"href":"https:\/\/larevistadigital.com.ar\/blog\/wp-json\/wp\/v2\/users\/3"}],"replies":[{"embeddable":true,"href":"https:\/\/larevistadigital.com.ar\/blog\/wp-json\/wp\/v2\/comments?post=36216"}],"version-history":[{"count":1,"href":"https:\/\/larevistadigital.com.ar\/blog\/wp-json\/wp\/v2\/posts\/36216\/revisions"}],"predecessor-version":[{"id":36218,"href":"https:\/\/larevistadigital.com.ar\/blog\/wp-json\/wp\/v2\/posts\/36216\/revisions\/36218"}],"wp:featuredmedia":[{"embeddable":true,"href":"https:\/\/larevistadigital.com.ar\/blog\/wp-json\/wp\/v2\/media\/36217"}],"wp:attachment":[{"href":"https:\/\/larevistadigital.com.ar\/blog\/wp-json\/wp\/v2\/media?parent=36216"}],"wp:term":[{"taxonomy":"category","embeddable":true,"href":"https:\/\/larevistadigital.com.ar\/blog\/wp-json\/wp\/v2\/categories?post=36216"},{"taxonomy":"post_tag","embeddable":true,"href":"https:\/\/larevistadigital.com.ar\/blog\/wp-json\/wp\/v2\/tags?post=36216"}],"curies":[{"name":"wp","href":"https:\/\/api.w.org\/{rel}","templated":true}]}}