{"id":36220,"date":"2024-06-05T00:22:12","date_gmt":"2024-06-05T03:22:12","guid":{"rendered":"https:\/\/larevistadigital.com.ar\/blog\/?p=36220"},"modified":"2024-06-05T00:22:12","modified_gmt":"2024-06-05T03:22:12","slug":"la-plata-se-derrumbo-un-edificio-en-construccion-y-un-obrero-quedo-atrapado-bajo-los-escombros","status":"publish","type":"post","link":"https:\/\/larevistadigital.com.ar\/blog\/la-plata-se-derrumbo-un-edificio-en-construccion-y-un-obrero-quedo-atrapado-bajo-los-escombros\/","title":{"rendered":"LA PLATA: SE DERRUMB\u00d3 UN EDIFICIO EN CONSTRUCCI\u00d3N Y UN OBRERO QUED\u00d3 ATRAPADO BAJO LOS ESCOMBROS"},"content":{"rendered":"<h2>Momentos de tensi\u00f3n se vivieron en un obra de 46 entre 15 y 16, cuando un joven qued\u00f3 atrapado. Lo rescataron y trasladaron al Hospital San Mart\u00edn.<\/h2>\n<p>5 de Junio de 2024<\/p>\n<p><strong>LA PLATA\u00a0 &#8211;\u00a0<\/strong> Un obrero de<strong> La Plata<\/strong> sufri\u00f3 un grave accidente mientras realizaba sus tareas en una construcci\u00f3n\u00a0ubicada en 46 entre 15 y 16. El joven qued\u00f3 bajo los escombros y fue rescatado por personal policial.<\/p>\n<article class=\"article-body article-body--second-paragraph\">Fuentes policiales indicaron que todo ocurri\u00f3 cuando el alba\u00f1il estaba trabajando en el subsuelo cuando que se desmoron\u00f3 una pared y le provoc\u00f3 serias lesiones.<\/p>\n<p>R\u00e1pidamente, sus compa\u00f1eros intentaron asistirlo, pero no tuvieron \u00e9xito y dieron aviso a la Polic\u00eda y el SAME.<\/p>\n<\/article>\n","protected":false},"excerpt":{"rendered":"<div class=\"mh-excerpt\"><p>Momentos de tensi\u00f3n se vivieron en un obra de 46 entre 15 y 16, cuando un joven qued\u00f3 atrapado. Lo rescataron y trasladaron al Hospital San Mart\u00edn. 5 de Junio de 2024 LA PLATA\u00a0 &#8211;\u00a0 <a class=\"mh-excerpt-more\" href=\"https:\/\/larevistadigital.com.ar\/blog\/la-plata-se-derrumbo-un-edificio-en-construccion-y-un-obrero-quedo-atrapado-bajo-los-escombros\/\" title=\"LA PLATA: SE DERRUMB\u00d3 UN EDIFICIO EN CONSTRUCCI\u00d3N Y UN OBRERO QUED\u00d3 ATRAPADO BAJO LOS ESCOMBROS\">[Leer M\u00e1s]<\/a><\/p>\n<\/div>","protected":false},"author":3,"featured_media":36221,"comment_status":"open","ping_status":"open","sticky":false,"template":"","format":"standard","meta":{"_jetpack_memberships_contains_paid_content":false,"footnotes":"","jetpack_publicize_message":"","jetpack_publicize_feature_enabled":true,"jetpack_social_post_already_shared":true,"jetpack_social_options":{"image_generator_settings":{"template":"highway","default_image_id":0,"font":"","enabled":false},"version":2}},"categories":[51],"tags":[],"class_list":{"0":"post-36220","1":"post","2":"type-post","3":"status-publish","4":"format-standard","5":"has-post-thumbnail","7":"category-regionales"},"jetpack_publicize_connections":[],"jetpack_featured_media_url":"https:\/\/i0.wp.com\/larevistadigital.com.ar\/blog\/wp-content\/uploads\/Captura-de-pantalla-2024-06-05-001944.png?fit=904%2C491&ssl=1","jetpack_sharing_enabled":true,"jetpack_shortlink":"https:\/\/wp.me\/p8qtrQ-9qc","jetpack-related-posts":[{"id":15692,"url":"https:\/\/larevistadigital.com.ar\/blog\/la-plata-atrapan-a-joven-que-apunalo-a-otro-en-romero\/","url_meta":{"origin":36220,"position":0},"title":"LA PLATA: ATRAPAN A JOVEN QUE APU\u00d1AL\u00d3 A OTRO EN ROMERO","author":"Alejandro Sosa Ruda","date":"17 junio, 2020","format":false,"excerpt":"La polic\u00eda de la comisar\u00eda 14ta de Melchor Romero atrap\u00f3 este mediod\u00eda al autor de una tentativa de homicidio ocurrida en las \u00faltimas horas en 160 entre 42 y 43. All\u00ed hab\u00eda resultado apu\u00f1alado en el abdomen y el cuello un joven de 24 a\u00f1os quien qued\u00f3 tendido en el\u2026","rel":"","context":"En \u00abPOLICIALES\u00bb","block_context":{"text":"POLICIALES","link":"https:\/\/larevistadigital.com.ar\/blog\/category\/policiales\/"},"img":{"alt_text":"","src":"https:\/\/i0.wp.com\/larevistadigital.com.ar\/blog\/wp-content\/uploads\/20200617131213_8f2585e9_e380_4867_b1c1_e4e2a1856f0e.jpg?fit=880%2C586&ssl=1&resize=350%2C200","width":350,"height":200,"srcset":"https:\/\/i0.wp.com\/larevistadigital.com.ar\/blog\/wp-content\/uploads\/20200617131213_8f2585e9_e380_4867_b1c1_e4e2a1856f0e.jpg?fit=880%2C586&ssl=1&resize=350%2C200 1x, https:\/\/i0.wp.com\/larevistadigital.com.ar\/blog\/wp-content\/uploads\/20200617131213_8f2585e9_e380_4867_b1c1_e4e2a1856f0e.jpg?fit=880%2C586&ssl=1&resize=525%2C300 1.5x, https:\/\/i0.wp.com\/larevistadigital.com.ar\/blog\/wp-content\/uploads\/20200617131213_8f2585e9_e380_4867_b1c1_e4e2a1856f0e.jpg?fit=880%2C586&ssl=1&resize=700%2C400 2x"},"classes":[]},{"id":34222,"url":"https:\/\/larevistadigital.com.ar\/blog\/trabajaba-en-un-pozo-se-desmorono-y-murio-sepultado\/","url_meta":{"origin":36220,"position":1},"title":"TRABAJABA EN UN POZO, SE DESMORON\u00d3 Y MURI\u00d3 SEPULTADO","author":"Alejandro Sosa Ruda","date":"26 octubre, 2023","format":false,"excerpt":"El accidente ocurri\u00f3 sobre la ruta 88, a pocos metros del Parque Industrial General Savio de Mar del Plata. La v\u00edctima qued\u00f3 tapada de tierra a tres metros de profundidad y, pese a que fue rescatada con signos vitales, falleci\u00f3 al ingresar al Higa. 25 de octubre de 2023 MAR\u2026","rel":"","context":"En \u00abREGIONALES\u00bb","block_context":{"text":"REGIONALES","link":"https:\/\/larevistadigital.com.ar\/blog\/category\/regionales\/"},"img":{"alt_text":"","src":"https:\/\/i0.wp.com\/larevistadigital.com.ar\/blog\/wp-content\/uploads\/20231025150020_perr.jpg?fit=880%2C512&ssl=1&resize=350%2C200","width":350,"height":200,"srcset":"https:\/\/i0.wp.com\/larevistadigital.com.ar\/blog\/wp-content\/uploads\/20231025150020_perr.jpg?fit=880%2C512&ssl=1&resize=350%2C200 1x, https:\/\/i0.wp.com\/larevistadigital.com.ar\/blog\/wp-content\/uploads\/20231025150020_perr.jpg?fit=880%2C512&ssl=1&resize=525%2C300 1.5x, https:\/\/i0.wp.com\/larevistadigital.com.ar\/blog\/wp-content\/uploads\/20231025150020_perr.jpg?fit=880%2C512&ssl=1&resize=700%2C400 2x"},"classes":[]},{"id":33550,"url":"https:\/\/larevistadigital.com.ar\/blog\/desgracia-un-joven-quedo-atrapado-en-una-cosechadora-y-perdio-una-pierna\/","url_meta":{"origin":36220,"position":2},"title":"DESGRACIA: UN JOVEN QUED\u00d3 ATRAPADO EN UNA COSECHADORA Y PERDI\u00d3 UNA PIERNA","author":"Alejandro Sosa Ruda","date":"23 septiembre, 2023","format":false,"excerpt":"El joven fue atrapado por la unidad. Como consecuencia, le amputaron la pierna derecha y tuvo que ser intervenido quir\u00fargicamente para que le reconstruyan la pierna izquierda. 23 de Septiembre de 2023 TRES ARROYOS -\u00a0 Un trabajador rural de 25 a\u00f1os sufri\u00f3 un grave accidente en un campo ubicado a\u2026","rel":"","context":"En \u00abINTERES GENERAL\u00bb","block_context":{"text":"INTERES GENERAL","link":"https:\/\/larevistadigital.com.ar\/blog\/category\/interes-general\/"},"img":{"alt_text":"","src":"https:\/\/i0.wp.com\/larevistadigital.com.ar\/blog\/wp-content\/uploads\/20230922143628_cose.jpg?fit=880%2C512&ssl=1&resize=350%2C200","width":350,"height":200,"srcset":"https:\/\/i0.wp.com\/larevistadigital.com.ar\/blog\/wp-content\/uploads\/20230922143628_cose.jpg?fit=880%2C512&ssl=1&resize=350%2C200 1x, https:\/\/i0.wp.com\/larevistadigital.com.ar\/blog\/wp-content\/uploads\/20230922143628_cose.jpg?fit=880%2C512&ssl=1&resize=525%2C300 1.5x, https:\/\/i0.wp.com\/larevistadigital.com.ar\/blog\/wp-content\/uploads\/20230922143628_cose.jpg?fit=880%2C512&ssl=1&resize=700%2C400 2x"},"classes":[]},{"id":17113,"url":"https:\/\/larevistadigital.com.ar\/blog\/mar-del-plata-video-impresionante-rescate-en-los-acantilados\/","url_meta":{"origin":36220,"position":3},"title":"MAR DEL PLATA: [VIDEO] IMPRESIONANTE RESCATE EN LOS ACANTILADOS","author":"Alejandro Sosa Ruda","date":"22 octubre, 2020","format":false,"excerpt":"Una joven mujer sufri\u00f3 graves lesiones al caer desde un acantilado. El hombre que la acompa\u00f1aba tambi\u00e9n debi\u00f3 ser rescatado al quedar atrapado en una saliente. Se investiga c\u00f3mo ocurrieron los hechos. Una joven mujer de 21 a\u00f1os sufri\u00f3 graves lesiones al caer desde lo alto de un barranco a\u2026","rel":"","context":"En \u00abREGIONALES\u00bb","block_context":{"text":"REGIONALES","link":"https:\/\/larevistadigital.com.ar\/blog\/category\/regionales\/"},"img":{"alt_text":"","src":"https:\/\/i0.wp.com\/larevistadigital.com.ar\/blog\/wp-content\/uploads\/Screenshot_2-113.jpg?fit=1011%2C572&ssl=1&resize=350%2C200","width":350,"height":200,"srcset":"https:\/\/i0.wp.com\/larevistadigital.com.ar\/blog\/wp-content\/uploads\/Screenshot_2-113.jpg?fit=1011%2C572&ssl=1&resize=350%2C200 1x, https:\/\/i0.wp.com\/larevistadigital.com.ar\/blog\/wp-content\/uploads\/Screenshot_2-113.jpg?fit=1011%2C572&ssl=1&resize=525%2C300 1.5x, https:\/\/i0.wp.com\/larevistadigital.com.ar\/blog\/wp-content\/uploads\/Screenshot_2-113.jpg?fit=1011%2C572&ssl=1&resize=700%2C400 2x"},"classes":[]},{"id":40711,"url":"https:\/\/larevistadigital.com.ar\/blog\/impactante-vuelco-en-la-ruta-un-joven-resulto-herido-y-fue-rescatado-por-doce-bomberos\/","url_meta":{"origin":36220,"position":4},"title":"Impactante vuelco en la ruta: un joven result\u00f3 herido y fue rescatado por doce bomberos","author":"Alejandro Sosa Ruda","date":"1 agosto, 2025","format":false,"excerpt":"Una camioneta volc\u00f3 este viernes a la ma\u00f1ana a la altura del kil\u00f3metro 21 de la Ruta 226, camino a Balcarce. El conductor qued\u00f3 atrapado entre los hierros retorcidos y fue liberado tras casi una hora de trabajo. Fue derivado a un hospital de Mar del Plata. 01 de Agosto\u2026","rel":"","context":"En \u00abPOLICIALES\u00bb","block_context":{"text":"POLICIALES","link":"https:\/\/larevistadigital.com.ar\/blog\/category\/policiales\/"},"img":{"alt_text":"","src":"https:\/\/i0.wp.com\/larevistadigital.com.ar\/blog\/wp-content\/uploads\/Captura-de-pantalla-2025-08-01-164328.jpg?fit=813%2C425&ssl=1&resize=350%2C200","width":350,"height":200,"srcset":"https:\/\/i0.wp.com\/larevistadigital.com.ar\/blog\/wp-content\/uploads\/Captura-de-pantalla-2025-08-01-164328.jpg?fit=813%2C425&ssl=1&resize=350%2C200 1x, https:\/\/i0.wp.com\/larevistadigital.com.ar\/blog\/wp-content\/uploads\/Captura-de-pantalla-2025-08-01-164328.jpg?fit=813%2C425&ssl=1&resize=525%2C300 1.5x, https:\/\/i0.wp.com\/larevistadigital.com.ar\/blog\/wp-content\/uploads\/Captura-de-pantalla-2025-08-01-164328.jpg?fit=813%2C425&ssl=1&resize=700%2C400 2x"},"classes":[]},{"id":20323,"url":"https:\/\/larevistadigital.com.ar\/blog\/la-plata-murio-un-hombre-que-quedo-atrapado-en-un-incendi\/","url_meta":{"origin":36220,"position":5},"title":"LA PLATA: MURI\u00d3 UN HOMBRE QUE QUED\u00d3 ATRAPADO EN UN INCENDIO","author":"Alejandro Sosa Ruda","date":"18 mayo, 2021","format":false,"excerpt":"La v\u00edctima ten\u00eda 73 a\u00f1os y se habr\u00eda quedado dormido con un cigarrillo prendido, que desat\u00f3 las llamas que consumieron su casa. Los vecinos apagaron el fuego. La tragedia sacude a la localidad platense de Arturo Segu\u00ed, donde\u00a0un hombre de 73 a\u00f1os muri\u00f3 al quedar atrapado en un feroz incendio\u00a0que\u2026","rel":"","context":"En \u00abPOLICIALES\u00bb","block_context":{"text":"POLICIALES","link":"https:\/\/larevistadigital.com.ar\/blog\/category\/policiales\/"},"img":{"alt_text":"","src":"https:\/\/i0.wp.com\/larevistadigital.com.ar\/blog\/wp-content\/uploads\/1620734310362.jpg?fit=1200%2C798&ssl=1&resize=350%2C200","width":350,"height":200,"srcset":"https:\/\/i0.wp.com\/larevistadigital.com.ar\/blog\/wp-content\/uploads\/1620734310362.jpg?fit=1200%2C798&ssl=1&resize=350%2C200 1x, https:\/\/i0.wp.com\/larevistadigital.com.ar\/blog\/wp-content\/uploads\/1620734310362.jpg?fit=1200%2C798&ssl=1&resize=525%2C300 1.5x, https:\/\/i0.wp.com\/larevistadigital.com.ar\/blog\/wp-content\/uploads\/1620734310362.jpg?fit=1200%2C798&ssl=1&resize=700%2C400 2x, https:\/\/i0.wp.com\/larevistadigital.com.ar\/blog\/wp-content\/uploads\/1620734310362.jpg?fit=1200%2C798&ssl=1&resize=1050%2C600 3x"},"classes":[]}],"_links":{"self":[{"href":"https:\/\/larevistadigital.com.ar\/blog\/wp-json\/wp\/v2\/posts\/36220","targetHints":{"allow":["GET"]}}],"collection":[{"href":"https:\/\/larevistadigital.com.ar\/blog\/wp-json\/wp\/v2\/posts"}],"about":[{"href":"https:\/\/larevistadigital.com.ar\/blog\/wp-json\/wp\/v2\/types\/post"}],"author":[{"embeddable":true,"href":"https:\/\/larevistadigital.com.ar\/blog\/wp-json\/wp\/v2\/users\/3"}],"replies":[{"embeddable":true,"href":"https:\/\/larevistadigital.com.ar\/blog\/wp-json\/wp\/v2\/comments?post=36220"}],"version-history":[{"count":1,"href":"https:\/\/larevistadigital.com.ar\/blog\/wp-json\/wp\/v2\/posts\/36220\/revisions"}],"predecessor-version":[{"id":36222,"href":"https:\/\/larevistadigital.com.ar\/blog\/wp-json\/wp\/v2\/posts\/36220\/revisions\/36222"}],"wp:featuredmedia":[{"embeddable":true,"href":"https:\/\/larevistadigital.com.ar\/blog\/wp-json\/wp\/v2\/media\/36221"}],"wp:attachment":[{"href":"https:\/\/larevistadigital.com.ar\/blog\/wp-json\/wp\/v2\/media?parent=36220"}],"wp:term":[{"taxonomy":"category","embeddable":true,"href":"https:\/\/larevistadigital.com.ar\/blog\/wp-json\/wp\/v2\/categories?post=36220"},{"taxonomy":"post_tag","embeddable":true,"href":"https:\/\/larevistadigital.com.ar\/blog\/wp-json\/wp\/v2\/tags?post=36220"}],"curies":[{"name":"wp","href":"https:\/\/api.w.org\/{rel}","templated":true}]}}