{"id":36223,"date":"2024-06-05T00:30:09","date_gmt":"2024-06-05T03:30:09","guid":{"rendered":"https:\/\/larevistadigital.com.ar\/blog\/?p=36223"},"modified":"2024-06-05T00:30:09","modified_gmt":"2024-06-05T03:30:09","slug":"la-plata-abuso-de-una-mujer-en-una-parada-y-los-vecinos-casi-lo-linchan","status":"publish","type":"post","link":"https:\/\/larevistadigital.com.ar\/blog\/la-plata-abuso-de-una-mujer-en-una-parada-y-los-vecinos-casi-lo-linchan\/","title":{"rendered":"LA PLATA: ABUS\u00d3 DE UNA MUJER EN UNA PARADA, Y LOS VECINOS CASI LO LINCHAN"},"content":{"rendered":"<h2>El episodio se registr\u00f3 este martes por la tarde mientras la v\u00edctima esperaba el micro en 7 y 46. Testigos intervinieron y entregaron al acusado a la Polic\u00eda.<\/h2>\n<p>5 de Junio de 2024<\/p>\n<p><strong>LA PLATA\u00a0 &#8211;\u00a0 <\/strong>Un joven de 21 a\u00f1os fue detenido este martes por la tarde en pleno centro de <b>La Plata<\/b> acusado de abusar sexualmente de una mujer de 42 a\u00f1os que estaba esperando el micro. Fuentes policiales informaron al portal <strong>0221.com.ar<\/strong> que todo ocurri\u00f3 en inmediaciones de 7 y 46, cuando el implicado sorprendi\u00f3 a la v\u00edctima en una de las paradas.<\/p>\n<article class=\"article-body article-body--second-paragraph\">\n<blockquote>\n<h3>Tras abordarla, comenz\u00f3 a manosearla en sus partes \u00edntimas, por lo que la mujer pidi\u00f3 auxilio a gritos. Inmediatamente, varias personas que se encontraban por la zona se acercaron a socorrerla y empezaron a golpear al implicado.<\/h3>\n<\/blockquote>\n<article class=\"article-body article-body--third-paragraph\">Los testigos lograron reducirlo y dieron aviso a la Polic\u00eda. De esta forma, efectivos del Comando de Patrullas acudieron a la escena y lo aprehendieron para posteriormente trasladarlo a la comisar\u00eda Primera.<\/p>\n<\/article>\n<div>\n<div id=\"Parallax\">\n<div id=\"sas_container_11929469\"><\/div>\n<\/div>\n<\/div>\n<\/article>\n","protected":false},"excerpt":{"rendered":"<div class=\"mh-excerpt\"><p>El episodio se registr\u00f3 este martes por la tarde mientras la v\u00edctima esperaba el micro en 7 y 46. Testigos intervinieron y entregaron al acusado a la Polic\u00eda. 5 de Junio de 2024 LA PLATA\u00a0 <a class=\"mh-excerpt-more\" href=\"https:\/\/larevistadigital.com.ar\/blog\/la-plata-abuso-de-una-mujer-en-una-parada-y-los-vecinos-casi-lo-linchan\/\" title=\"LA PLATA: ABUS\u00d3 DE UNA MUJER EN UNA PARADA, Y LOS VECINOS CASI LO LINCHAN\">[Leer M\u00e1s]<\/a><\/p>\n<\/div>","protected":false},"author":3,"featured_media":36224,"comment_status":"open","ping_status":"open","sticky":false,"template":"","format":"standard","meta":{"_jetpack_memberships_contains_paid_content":false,"footnotes":"","jetpack_publicize_message":"","jetpack_publicize_feature_enabled":true,"jetpack_social_post_already_shared":true,"jetpack_social_options":{"image_generator_settings":{"template":"highway","default_image_id":0,"font":"","enabled":false},"version":2}},"categories":[44,51],"tags":[],"class_list":{"0":"post-36223","1":"post","2":"type-post","3":"status-publish","4":"format-standard","5":"has-post-thumbnail","7":"category-policiales","8":"category-regionales"},"jetpack_publicize_connections":[],"jetpack_featured_media_url":"https:\/\/i0.wp.com\/larevistadigital.com.ar\/blog\/wp-content\/uploads\/Captura-de-pantalla-2024-06-05-002710.png?fit=894%2C443&ssl=1","jetpack_sharing_enabled":true,"jetpack_shortlink":"https:\/\/wp.me\/p8qtrQ-9qf","jetpack-related-posts":[{"id":42338,"url":"https:\/\/larevistadigital.com.ar\/blog\/mar-del-plata-detuvieron-a-un-feriante-acusado-de-violar-a-una-mujer\/","url_meta":{"origin":36223,"position":0},"title":"Mar del Plata: detuvieron a un feriante acusado de violar a una mujer","author":"Alejandro Sosa Ruda","date":"1 noviembre, 2025","format":false,"excerpt":"La v\u00edctima, de 47 a\u00f1os, denunci\u00f3 que fue abusada en dos oportunidades por un hombre con antecedentes penales por delitos sexuales. El acusado fue arrestado y qued\u00f3 a disposici\u00f3n de la Justicia. 01 de Noviembre de 2025 MAR DEL PLATA -\u00a0 \u00a0Una mujer de 47 a\u00f1os fue v\u00edctima de una\u2026","rel":"","context":"En \u00abPOLICIALES\u00bb","block_context":{"text":"POLICIALES","link":"https:\/\/larevistadigital.com.ar\/blog\/category\/policiales\/"},"img":{"alt_text":"","src":"https:\/\/i0.wp.com\/larevistadigital.com.ar\/blog\/wp-content\/uploads\/una-mujer-fue-rescatada-la-policia-la-plata.jpg?fit=1200%2C675&ssl=1&resize=350%2C200","width":350,"height":200,"srcset":"https:\/\/i0.wp.com\/larevistadigital.com.ar\/blog\/wp-content\/uploads\/una-mujer-fue-rescatada-la-policia-la-plata.jpg?fit=1200%2C675&ssl=1&resize=350%2C200 1x, https:\/\/i0.wp.com\/larevistadigital.com.ar\/blog\/wp-content\/uploads\/una-mujer-fue-rescatada-la-policia-la-plata.jpg?fit=1200%2C675&ssl=1&resize=525%2C300 1.5x, https:\/\/i0.wp.com\/larevistadigital.com.ar\/blog\/wp-content\/uploads\/una-mujer-fue-rescatada-la-policia-la-plata.jpg?fit=1200%2C675&ssl=1&resize=700%2C400 2x, https:\/\/i0.wp.com\/larevistadigital.com.ar\/blog\/wp-content\/uploads\/una-mujer-fue-rescatada-la-policia-la-plata.jpg?fit=1200%2C675&ssl=1&resize=1050%2C600 3x"},"classes":[]},{"id":26772,"url":"https:\/\/larevistadigital.com.ar\/blog\/la-plata-accidente-y-milagro-en-plaza-italia\/","url_meta":{"origin":36223,"position":1},"title":"LA PLATA: ACCIDENTE Y MILAGRO EN PLAZA ITALIA","author":"Alejandro Sosa Ruda","date":"20 julio, 2022","format":false,"excerpt":"Tras haber sido embestida por un 273, la v\u00edctima qued\u00f3 tendida en el suelo y fue asistida por personal del SAME. LA PLATA -\u00a0 Un fuerte accidente de tr\u00e1nsito se registr\u00f3 este mi\u00e9rcoles por la tarde en Plaza Italia, cuando una mujer se salv\u00f3 de milagro luego de haber sido\u2026","rel":"","context":"En \u00abPOLICIALES\u00bb","block_context":{"text":"POLICIALES","link":"https:\/\/larevistadigital.com.ar\/blog\/category\/policiales\/"},"img":{"alt_text":"","src":"https:\/\/i0.wp.com\/larevistadigital.com.ar\/blog\/wp-content\/uploads\/1658347129164.jpg?fit=1200%2C594&ssl=1&resize=350%2C200","width":350,"height":200,"srcset":"https:\/\/i0.wp.com\/larevistadigital.com.ar\/blog\/wp-content\/uploads\/1658347129164.jpg?fit=1200%2C594&ssl=1&resize=350%2C200 1x, https:\/\/i0.wp.com\/larevistadigital.com.ar\/blog\/wp-content\/uploads\/1658347129164.jpg?fit=1200%2C594&ssl=1&resize=525%2C300 1.5x, https:\/\/i0.wp.com\/larevistadigital.com.ar\/blog\/wp-content\/uploads\/1658347129164.jpg?fit=1200%2C594&ssl=1&resize=700%2C400 2x, https:\/\/i0.wp.com\/larevistadigital.com.ar\/blog\/wp-content\/uploads\/1658347129164.jpg?fit=1200%2C594&ssl=1&resize=1050%2C600 3x"},"classes":[]},{"id":39677,"url":"https:\/\/larevistadigital.com.ar\/blog\/tragedia-en-el-centro-de-mar-del-plata-una-mujer-murio-al-caer-desde-un-octavo-piso\/","url_meta":{"origin":36223,"position":2},"title":"Tragedia en el centro de Mar del Plata: una mujer muri\u00f3 al caer desde un octavo piso","author":"Alejandro Sosa Ruda","date":"5 mayo, 2025","format":false,"excerpt":"La v\u00edctima ten\u00eda 50 a\u00f1os y cay\u00f3 al vac\u00edo en plena tarde de domingo. La Justicia investiga las circunstancias del hecho, aunque por ahora no se sospecha de participaci\u00f3n de terceros. 05 de Mayo de 2025 MAR DEL PLATA -\u00a0 Un estremecedor episodio sacudi\u00f3 este domingo por la tarde al\u2026","rel":"","context":"En \u00abPOLICIALES\u00bb","block_context":{"text":"POLICIALES","link":"https:\/\/larevistadigital.com.ar\/blog\/category\/policiales\/"},"img":{"alt_text":"","src":"https:\/\/i0.wp.com\/larevistadigital.com.ar\/blog\/wp-content\/uploads\/d548ce1fd9f26de8c635d7cbe3a5a26d1019dbd3.png?fit=1140%2C698&ssl=1&resize=350%2C200","width":350,"height":200,"srcset":"https:\/\/i0.wp.com\/larevistadigital.com.ar\/blog\/wp-content\/uploads\/d548ce1fd9f26de8c635d7cbe3a5a26d1019dbd3.png?fit=1140%2C698&ssl=1&resize=350%2C200 1x, https:\/\/i0.wp.com\/larevistadigital.com.ar\/blog\/wp-content\/uploads\/d548ce1fd9f26de8c635d7cbe3a5a26d1019dbd3.png?fit=1140%2C698&ssl=1&resize=525%2C300 1.5x, https:\/\/i0.wp.com\/larevistadigital.com.ar\/blog\/wp-content\/uploads\/d548ce1fd9f26de8c635d7cbe3a5a26d1019dbd3.png?fit=1140%2C698&ssl=1&resize=700%2C400 2x, https:\/\/i0.wp.com\/larevistadigital.com.ar\/blog\/wp-content\/uploads\/d548ce1fd9f26de8c635d7cbe3a5a26d1019dbd3.png?fit=1140%2C698&ssl=1&resize=1050%2C600 3x"},"classes":[]},{"id":34635,"url":"https:\/\/larevistadigital.com.ar\/blog\/horror-aqui-la-trama-detras-de-lo-que-vivio-la-chica-que-fue-secuestrada-y-violada-durante-diez-dias-en-la-plata\/","url_meta":{"origin":36223,"position":3},"title":"HORROR&#8230; AQU\u00cd LA TRAMA DETRAS DE LO QUE VIVI\u00d3 LA CHICA QUE FUE SECUESTRADA Y VIOLADA DURANTE DIEZ D\u00cdAS EN LA PLATA","author":"Alejandro Sosa Ruda","date":"26 noviembre, 2023","format":false,"excerpt":"El episodio se conoci\u00f3 este s\u00e1bado luego de que la v\u00edctima contara lo ocurrido a las autoridades. La Justicia de La Plata investiga el caso. 26 de Noviembre de 2023 LA PLATA -\u00a0 A medida que pasaron las horas se conocieron m\u00e1s detalles detr\u00e1s de la historia dram\u00e1tica que vivi\u00f3\u2026","rel":"","context":"En \u00abPOLICIALES\u00bb","block_context":{"text":"POLICIALES","link":"https:\/\/larevistadigital.com.ar\/blog\/category\/policiales\/"},"img":{"alt_text":"","src":"https:\/\/i0.wp.com\/larevistadigital.com.ar\/blog\/wp-content\/uploads\/Patrullero-La-Plata-Berisso-Policia.jpg?fit=882%2C492&ssl=1&resize=350%2C200","width":350,"height":200,"srcset":"https:\/\/i0.wp.com\/larevistadigital.com.ar\/blog\/wp-content\/uploads\/Patrullero-La-Plata-Berisso-Policia.jpg?fit=882%2C492&ssl=1&resize=350%2C200 1x, https:\/\/i0.wp.com\/larevistadigital.com.ar\/blog\/wp-content\/uploads\/Patrullero-La-Plata-Berisso-Policia.jpg?fit=882%2C492&ssl=1&resize=525%2C300 1.5x, https:\/\/i0.wp.com\/larevistadigital.com.ar\/blog\/wp-content\/uploads\/Patrullero-La-Plata-Berisso-Policia.jpg?fit=882%2C492&ssl=1&resize=700%2C400 2x"},"classes":[]},{"id":38886,"url":"https:\/\/larevistadigital.com.ar\/blog\/cayo-un-hombre-acusado-de-abusar-de-la-sobrina-de-su-pareja-durante-14-anos\/","url_meta":{"origin":36223,"position":4},"title":"Cay\u00f3 un hombre acusado de abusar de la sobrina de su pareja durante 14 a\u00f1os","author":"Alejandro Sosa Ruda","date":"27 febrero, 2025","format":false,"excerpt":"El sujeto tiene 69 a\u00f1os. Todo sucedi\u00f3 entre 2012 y 2025. MAR DEL PLATA -\u00a0 Un hombre de 69 a\u00f1os fue detenido este jueves por la tarde en el barrio Los Andes de Mar del Plata, acusado de haber abusado sexualmente de la sobrina de su pareja durante m\u00e1s de\u2026","rel":"","context":"En \u00abPOLICIALES\u00bb","block_context":{"text":"POLICIALES","link":"https:\/\/larevistadigital.com.ar\/blog\/category\/policiales\/"},"img":{"alt_text":"","src":"https:\/\/i0.wp.com\/larevistadigital.com.ar\/blog\/wp-content\/uploads\/Captura-de-pantalla-2025-02-27-201230.jpg?fit=773%2C432&ssl=1&resize=350%2C200","width":350,"height":200,"srcset":"https:\/\/i0.wp.com\/larevistadigital.com.ar\/blog\/wp-content\/uploads\/Captura-de-pantalla-2025-02-27-201230.jpg?fit=773%2C432&ssl=1&resize=350%2C200 1x, https:\/\/i0.wp.com\/larevistadigital.com.ar\/blog\/wp-content\/uploads\/Captura-de-pantalla-2025-02-27-201230.jpg?fit=773%2C432&ssl=1&resize=525%2C300 1.5x, https:\/\/i0.wp.com\/larevistadigital.com.ar\/blog\/wp-content\/uploads\/Captura-de-pantalla-2025-02-27-201230.jpg?fit=773%2C432&ssl=1&resize=700%2C400 2x"},"classes":[]},{"id":21792,"url":"https:\/\/larevistadigital.com.ar\/blog\/mar-del-plata-desconocido-agredio-a-golpes-y-patadas-a-una-mujer-en-un-restaurant\/","url_meta":{"origin":36223,"position":5},"title":"MAR DEL PLATA: DESCONOCIDO AGREDI\u00d3 A GOLPES Y PATADAS A UNA MUJER EN UN RESTAURANT","author":"Alejandro Sosa Ruda","date":"30 agosto, 2021","format":false,"excerpt":"Un ins\u00f3lito episodio ocurri\u00f3\u00a0 en la localidad de Bat\u00e1n. La mujer, que qued\u00f3 inconsciente, no conoc\u00eda a su agresor. MAR DEL PLATA - Un violento episodio\u00a0se produjo durante la noche del domingo, cuando un sujeto golpe\u00f3 salvajemente a una mujer que se encontraba en un restaurant junto a su familia\u2026","rel":"","context":"En \u00abPOLICIALES\u00bb","block_context":{"text":"POLICIALES","link":"https:\/\/larevistadigital.com.ar\/blog\/category\/policiales\/"},"img":{"alt_text":"","src":"https:\/\/i0.wp.com\/larevistadigital.com.ar\/blog\/wp-content\/uploads\/AGRESOR.png?fit=1002%2C491&ssl=1&resize=350%2C200","width":350,"height":200,"srcset":"https:\/\/i0.wp.com\/larevistadigital.com.ar\/blog\/wp-content\/uploads\/AGRESOR.png?fit=1002%2C491&ssl=1&resize=350%2C200 1x, https:\/\/i0.wp.com\/larevistadigital.com.ar\/blog\/wp-content\/uploads\/AGRESOR.png?fit=1002%2C491&ssl=1&resize=525%2C300 1.5x, https:\/\/i0.wp.com\/larevistadigital.com.ar\/blog\/wp-content\/uploads\/AGRESOR.png?fit=1002%2C491&ssl=1&resize=700%2C400 2x"},"classes":[]}],"_links":{"self":[{"href":"https:\/\/larevistadigital.com.ar\/blog\/wp-json\/wp\/v2\/posts\/36223","targetHints":{"allow":["GET"]}}],"collection":[{"href":"https:\/\/larevistadigital.com.ar\/blog\/wp-json\/wp\/v2\/posts"}],"about":[{"href":"https:\/\/larevistadigital.com.ar\/blog\/wp-json\/wp\/v2\/types\/post"}],"author":[{"embeddable":true,"href":"https:\/\/larevistadigital.com.ar\/blog\/wp-json\/wp\/v2\/users\/3"}],"replies":[{"embeddable":true,"href":"https:\/\/larevistadigital.com.ar\/blog\/wp-json\/wp\/v2\/comments?post=36223"}],"version-history":[{"count":1,"href":"https:\/\/larevistadigital.com.ar\/blog\/wp-json\/wp\/v2\/posts\/36223\/revisions"}],"predecessor-version":[{"id":36225,"href":"https:\/\/larevistadigital.com.ar\/blog\/wp-json\/wp\/v2\/posts\/36223\/revisions\/36225"}],"wp:featuredmedia":[{"embeddable":true,"href":"https:\/\/larevistadigital.com.ar\/blog\/wp-json\/wp\/v2\/media\/36224"}],"wp:attachment":[{"href":"https:\/\/larevistadigital.com.ar\/blog\/wp-json\/wp\/v2\/media?parent=36223"}],"wp:term":[{"taxonomy":"category","embeddable":true,"href":"https:\/\/larevistadigital.com.ar\/blog\/wp-json\/wp\/v2\/categories?post=36223"},{"taxonomy":"post_tag","embeddable":true,"href":"https:\/\/larevistadigital.com.ar\/blog\/wp-json\/wp\/v2\/tags?post=36223"}],"curies":[{"name":"wp","href":"https:\/\/api.w.org\/{rel}","templated":true}]}}