{"id":36226,"date":"2024-06-05T00:38:12","date_gmt":"2024-06-05T03:38:12","guid":{"rendered":"https:\/\/larevistadigital.com.ar\/blog\/?p=36226"},"modified":"2024-06-05T00:38:12","modified_gmt":"2024-06-05T03:38:12","slug":"kicillof-y-mariel-fernandez-encabezaron-la-reapertura-del-museo-florencio-molina-campos","status":"publish","type":"post","link":"https:\/\/larevistadigital.com.ar\/blog\/kicillof-y-mariel-fernandez-encabezaron-la-reapertura-del-museo-florencio-molina-campos\/","title":{"rendered":"KICILLOF Y MARIEL FERNANDEZ ENCABEZARON LA REAPERTURA DEL MUSEO \u00abFLORENCIO MOLINA CAMPOS\u00bb"},"content":{"rendered":"<h2>Tras haber estado cerrado durante 18 a\u00f1os, exhibir\u00e1 obras y objetos personales del artista bonaerense.<\/h2>\n<p>5 de Junio de 2024<\/p>\n<p><strong>MORENO\u00a0 &#8211;\u00a0<\/strong> El gobernador de la provincia de Buenos Aires, <strong>Axel Kicillof,<\/strong> encabez\u00f3 este martes en Moreno el acto de reapertura del Museo \u201cFlorencio Molina Campos\u201d, junto a la intendenta local, <strong>Mariel Fern\u00e1ndez<\/strong>; la presidenta del Instituto Cultural, <strong>Florencia Saintout;<\/strong> y el ministro de Trabajo, <strong>Walter Correa<\/strong>.<\/p>\n<p><strong>Kicillof<\/strong> destac\u00f3 que <em><strong>\u201cla reapertura de este museo es producto de la inversi\u00f3n y el trabajo permanente que venimos haciendo para recuperar el patrimonio cultural de nuestra provincia\u201d. \u201cEste es un aporte muy importante para poner en valor a un artista central de nuestra historia como fue Molina Campos, un verdadero embajador de la cultura argentina\u201d<\/strong><\/em>, sostuvo.<\/p>\n<p><em><strong>\u201cAqu\u00ed tenemos adem\u00e1s un gran ejemplo para la comunidad, ya que muchos vecinos y organizaciones se movilizaron para cuidar nuestro patrimonio cultural\u201d<\/strong><\/em>, expres\u00f3 el Gobernador e indic\u00f3: <strong><em>\u201cM\u00e1s all\u00e1 de las pol\u00edticas p\u00fablicas que llevamos adelante, hoy tenemos la tranquilidad de que cuando los y las bonaerenses creen que est\u00e1 en riesgo algo que les pertenece, luchan y se movilizan para defenderlo\u201d.\u00a0<\/em><\/strong><\/p>\n<p>Tras haber estado 18 a\u00f1os cerrado, el museo municipal contar\u00e1 con m\u00e1s de mil objetos personales in\u00e9ditos y 132 obras del artista que fueron recuperadas por el Instituto Cultural. Para su puesta en funcionamiento, se realizaron tambi\u00e9n tareas de refacci\u00f3n que incluyeron la impermeabilizaci\u00f3n de cubierta; la reparaci\u00f3n de fisuras en revoques exteriores e interiores; la limpieza y pintura de muros; la colocaci\u00f3n de equipos de aire acondicionado y de un sistema de seguridad; y el reacondicionamiento de la instalaci\u00f3n el\u00e9ctrica, entre otras.<\/p>\n<p>En tanto, la intendenta <strong>Fern\u00e1ndez<\/strong> remarc\u00f3: <em><strong>\u201cJunto a la Provincia y con el acompa\u00f1amiento de la comunidad, realizamos un trabajo de recuperaci\u00f3n de las obras de Molina Campos para que todos nuestros vecinos y vecinas puedan disfrutar de este museo\u201d. \u201cApuntamos a revalorizar lo hecho por uno de los artistas populares m\u00e1s importantes de nuestro pa\u00eds, quien dio centralidad al trabajador rural y los paisajes de la provincia de Buenos Aires\u201d<\/strong><\/em>, agreg\u00f3.<\/p>\n<p>En el marco del proyecto dedicado a poner en valor la obra del dibujante bonaerense Molina Campos, el municipio lleva adelante tambi\u00e9n la restauraci\u00f3n del rancho \u00abLos Estribos\u00bb, escenario en el que se inspir\u00f3 para realizar gran parte de sus t\u00edpicos dibujos costumbristas de la pampa y del pa\u00eds.<\/p>\n<p><em><strong>\u201cEn estos tiempos tan dif\u00edciles, hay que resaltar el trabajo tripartito que hicieron el Estado provincial, el municipal y las familias de Moreno con el objetivo de que este museo vuelva a ser de todos y todas\u201d, sostuvo Saintout y a\u00f1adi\u00f3: \u201cEste es un acto de reparaci\u00f3n, es volver a traer a Florencio Molina Campos a su lugar para poder mostrarlo a todo el mundo\u201d.<\/strong><\/em><\/p>\n<p>Por \u00faltimo, <strong>Kicillof<\/strong> subray\u00f3:<strong><em> \u201cEn estos momentos en los que algunos sectores menosprecian todo lo nacional y resaltan \u00fanicamente lo importado, no hay nada mejor que homenajear a uno de los grandes exponentes de la cultura argentina y bonaerense\u201d.\u00a0\u00a0<\/em><\/strong><\/p>\n<p>Participaron tambi\u00e9n la jefa de Asesores del Gobernador, Cristina \u00c1lvarez Rodr\u00edguez; el ministro de Justicia y Derechos Humanos, Juan Mart\u00edn Mena; el dirigente Leonardo Grosso; el nieto del artista, Gonzalo Gim\u00e9nez Molina; y funcionarios y funcionarias del Instituto Cultural.<\/p>\n","protected":false},"excerpt":{"rendered":"<div class=\"mh-excerpt\"><p>Tras haber estado cerrado durante 18 a\u00f1os, exhibir\u00e1 obras y objetos personales del artista bonaerense. 5 de Junio de 2024 MORENO\u00a0 &#8211;\u00a0 El gobernador de la provincia de Buenos Aires, Axel Kicillof, encabez\u00f3 este martes <a class=\"mh-excerpt-more\" href=\"https:\/\/larevistadigital.com.ar\/blog\/kicillof-y-mariel-fernandez-encabezaron-la-reapertura-del-museo-florencio-molina-campos\/\" title=\"KICILLOF Y MARIEL FERNANDEZ ENCABEZARON LA REAPERTURA DEL MUSEO \u00abFLORENCIO MOLINA CAMPOS\u00bb\">[Leer M\u00e1s]<\/a><\/p>\n<\/div>","protected":false},"author":3,"featured_media":36227,"comment_status":"open","ping_status":"open","sticky":false,"template":"","format":"standard","meta":{"_jetpack_memberships_contains_paid_content":false,"footnotes":"","jetpack_publicize_message":"","jetpack_publicize_feature_enabled":true,"jetpack_social_post_already_shared":true,"jetpack_social_options":{"image_generator_settings":{"template":"highway","default_image_id":0,"font":"","enabled":false},"version":2}},"categories":[24,51],"tags":[],"class_list":{"0":"post-36226","1":"post","2":"type-post","3":"status-publish","4":"format-standard","5":"has-post-thumbnail","7":"category-politica-provincial","8":"category-regionales"},"jetpack_publicize_connections":[],"jetpack_featured_media_url":"https:\/\/i0.wp.com\/larevistadigital.com.ar\/blog\/wp-content\/uploads\/Axel-Kicillof_29.jpg?fit=743%2C530&ssl=1","jetpack_sharing_enabled":true,"jetpack_shortlink":"https:\/\/wp.me\/p8qtrQ-9qi","jetpack-related-posts":[{"id":35756,"url":"https:\/\/larevistadigital.com.ar\/blog\/kiciloff-dijo-que-el-gobierno-nacional-se-ausenta-y-deserta-de-sus-responsabilidades\/","url_meta":{"origin":36226,"position":0},"title":"KICILOFF DIJO QUE \u00abEL GOBIERNO NACIONAL SE AUSENTA Y DESERTA DE SUS RESPONSABILIDADES\u00bb","author":"Alejandro Sosa Ruda","date":"4 abril, 2024","format":false,"excerpt":"As\u00ed lo expres\u00f3 el Gobernador al recorrer este mi\u00e9rcoles los avances de las obras de saneamiento y adecuaci\u00f3n del cauce del R\u00edo Luj\u00e1n, junto a la ministra de H\u00e1bitat y Desarrollo Urbano, Silvina Batakis, y el intendente local, Leonardo Boto. Con la participaci\u00f3n de la presidenta del Instituto Cultural, Florencia\u2026","rel":"","context":"En \u00abPOLITICA PROVINCIAL\u00bb","block_context":{"text":"POLITICA PROVINCIAL","link":"https:\/\/larevistadigital.com.ar\/blog\/category\/politica\/politica-provincial\/"},"img":{"alt_text":"","src":"https:\/\/i0.wp.com\/larevistadigital.com.ar\/blog\/wp-content\/uploads\/433214602_18316426015131105_6090779941350470490_n.jpg?fit=1200%2C800&ssl=1&resize=350%2C200","width":350,"height":200,"srcset":"https:\/\/i0.wp.com\/larevistadigital.com.ar\/blog\/wp-content\/uploads\/433214602_18316426015131105_6090779941350470490_n.jpg?fit=1200%2C800&ssl=1&resize=350%2C200 1x, https:\/\/i0.wp.com\/larevistadigital.com.ar\/blog\/wp-content\/uploads\/433214602_18316426015131105_6090779941350470490_n.jpg?fit=1200%2C800&ssl=1&resize=525%2C300 1.5x, https:\/\/i0.wp.com\/larevistadigital.com.ar\/blog\/wp-content\/uploads\/433214602_18316426015131105_6090779941350470490_n.jpg?fit=1200%2C800&ssl=1&resize=700%2C400 2x, https:\/\/i0.wp.com\/larevistadigital.com.ar\/blog\/wp-content\/uploads\/433214602_18316426015131105_6090779941350470490_n.jpg?fit=1200%2C800&ssl=1&resize=1050%2C600 3x"},"classes":[]},{"id":36809,"url":"https:\/\/larevistadigital.com.ar\/blog\/kicillof-participo-de-la-marcha-de-las-antorchas-en-homenaje-a-evita\/","url_meta":{"origin":36226,"position":1},"title":"KICILLOF PARTICIP\u00d3 DE LA MARCHA DE LAS ANTORCHAS EN HOMENAJE A EVITA","author":"Alejandro Sosa Ruda","date":"28 julio, 2024","format":false,"excerpt":"Con motivo del 72\u00b0 aniversario del fallecimiento de Eva Per\u00f3n, el gobernador de la provincia de Buenos Aires, Axel Kicillof, asisti\u00f3 este viernes en Moreno junto a la intendenta Mariel Fern\u00e1ndez a un acto de homenaje que incluy\u00f3 la tradicional \u201cMarcha de las Antorchas\u201d, que se desarroll\u00f3 desde el Palacio\u2026","rel":"","context":"En \u00abINTERES GENERAL\u00bb","block_context":{"text":"INTERES GENERAL","link":"https:\/\/larevistadigital.com.ar\/blog\/category\/interes-general\/"},"img":{"alt_text":"","src":"https:\/\/i0.wp.com\/larevistadigital.com.ar\/blog\/wp-content\/uploads\/20240727171746_kicillof-marcha-antorchaas-moreno.jpg?fit=880%2C512&ssl=1&resize=350%2C200","width":350,"height":200,"srcset":"https:\/\/i0.wp.com\/larevistadigital.com.ar\/blog\/wp-content\/uploads\/20240727171746_kicillof-marcha-antorchaas-moreno.jpg?fit=880%2C512&ssl=1&resize=350%2C200 1x, https:\/\/i0.wp.com\/larevistadigital.com.ar\/blog\/wp-content\/uploads\/20240727171746_kicillof-marcha-antorchaas-moreno.jpg?fit=880%2C512&ssl=1&resize=525%2C300 1.5x, https:\/\/i0.wp.com\/larevistadigital.com.ar\/blog\/wp-content\/uploads\/20240727171746_kicillof-marcha-antorchaas-moreno.jpg?fit=880%2C512&ssl=1&resize=700%2C400 2x"},"classes":[]},{"id":34023,"url":"https:\/\/larevistadigital.com.ar\/blog\/kicillof-en-esta-eleccion-es-la-derecha-o-son-los-derechos-de-nuestro-pueblo\/","url_meta":{"origin":36226,"position":2},"title":"KICILLOF: \u00abEN ESTA ELECCI\u00d3N ES LA DERECHA O SON LOS DERECHOS DE NUESTRO PUEBLO!","author":"Alejandro Sosa Ruda","date":"15 octubre, 2023","format":false,"excerpt":"\"Hay que llenar las urnas no de votos, si no de derechos que tenemos que conquistar. No es con menos Estado, es con m\u00e1s Estado presente\" enfatiz\u00f3 el gobernador. 15 de Octubre de 2023 El gobernador de la provincia de Buenos Aires y candidato a la reelecci\u00f3n por Uni\u00f3n por\u2026","rel":"","context":"En \u00abPOLITICA\u00bb","block_context":{"text":"POLITICA","link":"https:\/\/larevistadigital.com.ar\/blog\/category\/politica\/"},"img":{"alt_text":"","src":"https:\/\/i0.wp.com\/larevistadigital.com.ar\/blog\/wp-content\/uploads\/141020232319151.jpg?fit=1200%2C675&ssl=1&resize=350%2C200","width":350,"height":200,"srcset":"https:\/\/i0.wp.com\/larevistadigital.com.ar\/blog\/wp-content\/uploads\/141020232319151.jpg?fit=1200%2C675&ssl=1&resize=350%2C200 1x, https:\/\/i0.wp.com\/larevistadigital.com.ar\/blog\/wp-content\/uploads\/141020232319151.jpg?fit=1200%2C675&ssl=1&resize=525%2C300 1.5x, https:\/\/i0.wp.com\/larevistadigital.com.ar\/blog\/wp-content\/uploads\/141020232319151.jpg?fit=1200%2C675&ssl=1&resize=700%2C400 2x, https:\/\/i0.wp.com\/larevistadigital.com.ar\/blog\/wp-content\/uploads\/141020232319151.jpg?fit=1200%2C675&ssl=1&resize=1050%2C600 3x"},"classes":[]},{"id":45334,"url":"https:\/\/larevistadigital.com.ar\/blog\/kicillof-presidente-del-pj-bonaerense-el-peronismo-va-a-terminar-con-este-modelo-de-destruccion\/","url_meta":{"origin":36226,"position":3},"title":"Kicillof presidente del PJ bonaerense: \u201cEl peronismo va a terminar con este modelo de destrucci\u00f3n\u201d","author":"Alejandro Sosa Ruda","date":"25 abril, 2026","format":false,"excerpt":"El gobernador provincial asumi\u00f3 el mando frente al Partido Justicialista bonaerense, en un acto rodeado de dirigentes kicillofistas en la capital de la Provincia de Buenos Aires. 25 de abril de 2026 Axel Kicillof, gobernador de la\u00a0Provincia de Buenos Aires, asumi\u00f3 el mando frente al\u00a0Partido Justicialista bonaerense, en un acto\u2026","rel":"","context":"En \u00abPOLITICA\u00bb","block_context":{"text":"POLITICA","link":"https:\/\/larevistadigital.com.ar\/blog\/category\/politica\/"},"img":{"alt_text":"","src":"https:\/\/i0.wp.com\/larevistadigital.com.ar\/blog\/wp-content\/uploads\/Captura-de-pantalla-2026-04-25-171400.jpg?fit=870%2C375&ssl=1&resize=350%2C200","width":350,"height":200,"srcset":"https:\/\/i0.wp.com\/larevistadigital.com.ar\/blog\/wp-content\/uploads\/Captura-de-pantalla-2026-04-25-171400.jpg?fit=870%2C375&ssl=1&resize=350%2C200 1x, https:\/\/i0.wp.com\/larevistadigital.com.ar\/blog\/wp-content\/uploads\/Captura-de-pantalla-2026-04-25-171400.jpg?fit=870%2C375&ssl=1&resize=525%2C300 1.5x, https:\/\/i0.wp.com\/larevistadigital.com.ar\/blog\/wp-content\/uploads\/Captura-de-pantalla-2026-04-25-171400.jpg?fit=870%2C375&ssl=1&resize=700%2C400 2x"},"classes":[]},{"id":39949,"url":"https:\/\/larevistadigital.com.ar\/blog\/kicillof-y-cuattromo-firmaron-convenios-de-leasing-con-municipios-para-la-compra-de-bienes-de-capital\/","url_meta":{"origin":36226,"position":4},"title":"Kicillof y Cuattromo firmaron convenios de leasing con municipios para la compra de bienes de capital","author":"Alejandro Sosa Ruda","date":"5 junio, 2025","format":false,"excerpt":"Adem\u00e1s, a trav\u00e9s de Provincia Microcr\u00e9ditos se otorg\u00f3 financiamiento a emprendedores y emprendedoras locales. 05 de Junio de 2025 BUENOS AIRES -\u00a0 El gobernador de la provincia de Buenos Aires, Axel Kicillof, encabez\u00f3 este jueves junto al presidente del Banco Provincia, Juan Cuattromo, una reuni\u00f3n con intendentes bonaerenses que suscribieron\u2026","rel":"","context":"En \u00abDESTACADAS\u00bb","block_context":{"text":"DESTACADAS","link":"https:\/\/larevistadigital.com.ar\/blog\/category\/destacadas\/"},"img":{"alt_text":"","src":"https:\/\/i0.wp.com\/larevistadigital.com.ar\/blog\/wp-content\/uploads\/leasing.jpg?fit=743%2C530&ssl=1&resize=350%2C200","width":350,"height":200,"srcset":"https:\/\/i0.wp.com\/larevistadigital.com.ar\/blog\/wp-content\/uploads\/leasing.jpg?fit=743%2C530&ssl=1&resize=350%2C200 1x, https:\/\/i0.wp.com\/larevistadigital.com.ar\/blog\/wp-content\/uploads\/leasing.jpg?fit=743%2C530&ssl=1&resize=525%2C300 1.5x, https:\/\/i0.wp.com\/larevistadigital.com.ar\/blog\/wp-content\/uploads\/leasing.jpg?fit=743%2C530&ssl=1&resize=700%2C400 2x"},"classes":[]},{"id":40191,"url":"https:\/\/larevistadigital.com.ar\/blog\/kicillof-reinauguro-el-cine-teatro-de-la-sociedad-espanola-de-general-las-heras\/","url_meta":{"origin":36226,"position":5},"title":"Kicillof reinaugur\u00f3 el Cine-Teatro de la Sociedad Espa\u00f1ola de General Las Heras","author":"Alejandro Sosa Ruda","date":"26 junio, 2025","format":false,"excerpt":"Tras haber cerrado durante 40 a\u00f1os, su reapertura permitir\u00e1 que funcione como un espacio de actividades sociales y promoci\u00f3n de la cultura. 26 de Junio de 2025 BUENOS AIRES -\u00a0 \u00a0El gobernador de la provincia de Buenos Aires, Axel Kicillof, encabez\u00f3 este mi\u00e9rcoles en General Las Heras el acto de\u2026","rel":"","context":"En \u00abPOLITICA PROVINCIAL\u00bb","block_context":{"text":"POLITICA PROVINCIAL","link":"https:\/\/larevistadigital.com.ar\/blog\/category\/politica\/politica-provincial\/"},"img":{"alt_text":"","src":"https:\/\/i0.wp.com\/larevistadigital.com.ar\/blog\/wp-content\/uploads\/77A08453-scaled.jpg?fit=1200%2C800&ssl=1&resize=350%2C200","width":350,"height":200,"srcset":"https:\/\/i0.wp.com\/larevistadigital.com.ar\/blog\/wp-content\/uploads\/77A08453-scaled.jpg?fit=1200%2C800&ssl=1&resize=350%2C200 1x, https:\/\/i0.wp.com\/larevistadigital.com.ar\/blog\/wp-content\/uploads\/77A08453-scaled.jpg?fit=1200%2C800&ssl=1&resize=525%2C300 1.5x, https:\/\/i0.wp.com\/larevistadigital.com.ar\/blog\/wp-content\/uploads\/77A08453-scaled.jpg?fit=1200%2C800&ssl=1&resize=700%2C400 2x, https:\/\/i0.wp.com\/larevistadigital.com.ar\/blog\/wp-content\/uploads\/77A08453-scaled.jpg?fit=1200%2C800&ssl=1&resize=1050%2C600 3x"},"classes":[]}],"_links":{"self":[{"href":"https:\/\/larevistadigital.com.ar\/blog\/wp-json\/wp\/v2\/posts\/36226","targetHints":{"allow":["GET"]}}],"collection":[{"href":"https:\/\/larevistadigital.com.ar\/blog\/wp-json\/wp\/v2\/posts"}],"about":[{"href":"https:\/\/larevistadigital.com.ar\/blog\/wp-json\/wp\/v2\/types\/post"}],"author":[{"embeddable":true,"href":"https:\/\/larevistadigital.com.ar\/blog\/wp-json\/wp\/v2\/users\/3"}],"replies":[{"embeddable":true,"href":"https:\/\/larevistadigital.com.ar\/blog\/wp-json\/wp\/v2\/comments?post=36226"}],"version-history":[{"count":1,"href":"https:\/\/larevistadigital.com.ar\/blog\/wp-json\/wp\/v2\/posts\/36226\/revisions"}],"predecessor-version":[{"id":36228,"href":"https:\/\/larevistadigital.com.ar\/blog\/wp-json\/wp\/v2\/posts\/36226\/revisions\/36228"}],"wp:featuredmedia":[{"embeddable":true,"href":"https:\/\/larevistadigital.com.ar\/blog\/wp-json\/wp\/v2\/media\/36227"}],"wp:attachment":[{"href":"https:\/\/larevistadigital.com.ar\/blog\/wp-json\/wp\/v2\/media?parent=36226"}],"wp:term":[{"taxonomy":"category","embeddable":true,"href":"https:\/\/larevistadigital.com.ar\/blog\/wp-json\/wp\/v2\/categories?post=36226"},{"taxonomy":"post_tag","embeddable":true,"href":"https:\/\/larevistadigital.com.ar\/blog\/wp-json\/wp\/v2\/tags?post=36226"}],"curies":[{"name":"wp","href":"https:\/\/api.w.org\/{rel}","templated":true}]}}