{"id":36229,"date":"2024-06-05T00:42:56","date_gmt":"2024-06-05T03:42:56","guid":{"rendered":"https:\/\/larevistadigital.com.ar\/blog\/?p=36229"},"modified":"2024-06-05T00:42:56","modified_gmt":"2024-06-05T03:42:56","slug":"kicillof-participo-de-la-asuncion-de-las-nuevas-autoridades-del-colegio-de-abogados","status":"publish","type":"post","link":"https:\/\/larevistadigital.com.ar\/blog\/kicillof-participo-de-la-asuncion-de-las-nuevas-autoridades-del-colegio-de-abogados\/","title":{"rendered":"KICILLOF PARTICIP\u00d3 DE LA ASUNCI\u00d3N DE LAS NUEVAS AUTORIDADES DEL COLEGIO DE ABOGADOS"},"content":{"rendered":"<p>5 DE JUNIO DE 2024<\/p>\n<p><strong>LA PLATA &#8211;<\/strong>\u00a0 El gobernador de la provincia de Buenos Aires, Axel Kicillof, particip\u00f3 este lunes de la ceremonia de asunci\u00f3n de la nueva presidenta del Colegio de la Abogac\u00eda de La Plata, Marina Mongiardino. Estuvieron presentes el intendente de La Plata, Julio Alak; el ministro de Justicia y Derechos Humanos, Juan Mart\u00edn Mena; y su par de Mujeres y Diversidad, Estela D\u00edaz.<\/p>\n<p>En ese marco, Kicillof destac\u00f3 que \u201cdesde el Gobierno de la provincia de Buenos Aires le damos una enorme importancia al rol de los colegios y asociaciones profesionales porque comprendemos que su representaci\u00f3n no es sustituible\u201d. \u201cA cien a\u00f1os de la creaci\u00f3n del Colegio de la Abogac\u00eda de La Plata, tambi\u00e9n celebramos el proceso democr\u00e1tico de elecci\u00f3n de autoridades que permite incluir y defender los intereses de todos sus representados\u201d, agreg\u00f3.<\/p>\n<p>Mongiardino, quien estar\u00e1 a cargo de la instituci\u00f3n durante el per\u00edodo 2024-2028, es la actual secretaria de Justicia de la municipalidad de La Plata y fue directora de Anticorrupci\u00f3n del Ministerio de Justicia y Derechos Humanos de la provincia entre 2020 y 2024.<\/p>\n<p>Durante el evento llevado a cabo en el Sal\u00f3n Auditorio del Colegio de la Abogac\u00eda tomaron juramento los miembros entrantes y se hizo entrega de certificados a los abogados salientes.<\/p>\n<p>Participaron el presidente de la Suprema Corte de Justicia de la Provincia de Buenos Aires, Daniel Soria y la ministra Hilda Kogan; el procurador general Julio Conte Grand; el Fiscal de Estado, Hern\u00e1n G\u00f3mez; el titular de la Defensor\u00eda del Pueblo Bonaerense, Guido Lorenzino; el presidente de la Universidad Nacional de La Plata, Mart\u00edn L\u00f3pez Armengol; los intendentes de Berisso, Fabi\u00e1n Cagliardi; de Ensenada, Mario Secco; de Ca\u00f1uelas, Marisa Fassi; de Brandsen, Fernando Raitelli; de Lobos, Jorge Etcheverry; de General Paz, Juan Manuel \u00c1lvarez; y de Monte, Jos\u00e9 Castro; legisladores provinciales, funcionarios y funcionarias locales.<\/p>\n","protected":false},"excerpt":{"rendered":"<div class=\"mh-excerpt\"><p>5 DE JUNIO DE 2024 LA PLATA &#8211;\u00a0 El gobernador de la provincia de Buenos Aires, Axel Kicillof, particip\u00f3 este lunes de la ceremonia de asunci\u00f3n de la nueva presidenta del Colegio de la Abogac\u00eda <a class=\"mh-excerpt-more\" href=\"https:\/\/larevistadigital.com.ar\/blog\/kicillof-participo-de-la-asuncion-de-las-nuevas-autoridades-del-colegio-de-abogados\/\" title=\"KICILLOF PARTICIP\u00d3 DE LA ASUNCI\u00d3N DE LAS NUEVAS AUTORIDADES DEL COLEGIO DE ABOGADOS\">[Leer M\u00e1s]<\/a><\/p>\n<\/div>","protected":false},"author":3,"featured_media":36230,"comment_status":"open","ping_status":"open","sticky":false,"template":"","format":"standard","meta":{"_jetpack_memberships_contains_paid_content":false,"footnotes":"","jetpack_publicize_message":"","jetpack_publicize_feature_enabled":true,"jetpack_social_post_already_shared":true,"jetpack_social_options":{"image_generator_settings":{"template":"highway","default_image_id":0,"font":"","enabled":false},"version":2}},"categories":[24,51],"tags":[],"class_list":{"0":"post-36229","1":"post","2":"type-post","3":"status-publish","4":"format-standard","5":"has-post-thumbnail","7":"category-politica-provincial","8":"category-regionales"},"jetpack_publicize_connections":[],"jetpack_featured_media_url":"https:\/\/i0.wp.com\/larevistadigital.com.ar\/blog\/wp-content\/uploads\/Captura-de-pantalla-2024-06-05-004142.png?fit=746%2C437&ssl=1","jetpack_sharing_enabled":true,"jetpack_shortlink":"https:\/\/wp.me\/p8qtrQ-9ql","jetpack-related-posts":[{"id":40166,"url":"https:\/\/larevistadigital.com.ar\/blog\/kicillof-desembarca-en-mar-del-plata-para-cerrar-un-nuevo-encuentro-del-programa-puentes\/","url_meta":{"origin":36229,"position":0},"title":"Kicillof desembarca en Mar del Plata para cerrar un nuevo encuentro del Programa Puentes","author":"Alejandro Sosa Ruda","date":"24 junio, 2025","format":false,"excerpt":"El gobernador bonaerense participar\u00e1 del evento educativo este viernes 27, en el Gran Hotel Provincial. La jornada reunir\u00e1 a referentes pol\u00edticos, universitarios y del sector productivo. 24 de Junio de 2025 BUENOS AIRES -\u00a0 \u00a0Este viernes 27 de junio, el gobernador Axel Kicillof visitar\u00e1 Mar del Plata para encabezar el\u2026","rel":"","context":"En \u00abPOLITICA PROVINCIAL\u00bb","block_context":{"text":"POLITICA PROVINCIAL","link":"https:\/\/larevistadigital.com.ar\/blog\/category\/politica\/politica-provincial\/"},"img":{"alt_text":"","src":"https:\/\/i0.wp.com\/larevistadigital.com.ar\/blog\/wp-content\/uploads\/Captura-de-pantalla-2025-06-24-122038.jpg?fit=651%2C510&ssl=1&resize=350%2C200","width":350,"height":200,"srcset":"https:\/\/i0.wp.com\/larevistadigital.com.ar\/blog\/wp-content\/uploads\/Captura-de-pantalla-2025-06-24-122038.jpg?fit=651%2C510&ssl=1&resize=350%2C200 1x, https:\/\/i0.wp.com\/larevistadigital.com.ar\/blog\/wp-content\/uploads\/Captura-de-pantalla-2025-06-24-122038.jpg?fit=651%2C510&ssl=1&resize=525%2C300 1.5x"},"classes":[]},{"id":39356,"url":"https:\/\/larevistadigital.com.ar\/blog\/kicillof-puso-en-funcionamiento-nuevos-patrulleros-en-la-plata\/","url_meta":{"origin":36229,"position":1},"title":"Kicillof puso en funcionamiento nuevos patrulleros en La Plata","author":"Alejandro Sosa Ruda","date":"9 abril, 2025","format":false,"excerpt":"Los m\u00f3viles est\u00e1n\u00a0equipados con GPS para su monitoreo en tiempo real y fortalecer\u00e1n el Comando de Patrullas en el distrito. 09 de Abril de 2025 BUENOS AIRES -\u00a0 El gobernador de la provincia de Buenos Aires, Axel Kicillof, encabez\u00f3 este martes la puesta en funcionamiento de 10 patrulleros y 40\u2026","rel":"","context":"En \u00abINTERES GENERAL\u00bb","block_context":{"text":"INTERES GENERAL","link":"https:\/\/larevistadigital.com.ar\/blog\/category\/interes-general\/"},"img":{"alt_text":"","src":"https:\/\/i0.wp.com\/larevistadigital.com.ar\/blog\/wp-content\/uploads\/DAE4941.jpg?fit=743%2C530&ssl=1&resize=350%2C200","width":350,"height":200,"srcset":"https:\/\/i0.wp.com\/larevistadigital.com.ar\/blog\/wp-content\/uploads\/DAE4941.jpg?fit=743%2C530&ssl=1&resize=350%2C200 1x, https:\/\/i0.wp.com\/larevistadigital.com.ar\/blog\/wp-content\/uploads\/DAE4941.jpg?fit=743%2C530&ssl=1&resize=525%2C300 1.5x, https:\/\/i0.wp.com\/larevistadigital.com.ar\/blog\/wp-content\/uploads\/DAE4941.jpg?fit=743%2C530&ssl=1&resize=700%2C400 2x"},"classes":[]},{"id":44981,"url":"https:\/\/larevistadigital.com.ar\/blog\/kicillof-participo-de-una-charla-con-estudiantes-sobre-las-politicas-economicas-de-la-dictadura-militar\/","url_meta":{"origin":36229,"position":2},"title":"Kicillof particip\u00f3 de una charla con estudiantes sobre las pol\u00edticas econ\u00f3micas de la dictadura militar","author":"Alejandro Sosa Ruda","date":"7 abril, 2026","format":false,"excerpt":"El gobernador de la provincia de Buenos Aires, Axel Kicillof, particip\u00f3 este martes de una charla abierta con alumnos y alumnas de 5\u00ba y 6\u00ba a\u00f1o del Colegio Nacional de La Plata sobre las pol\u00edticas econ\u00f3micas aplicadas durante la \u00faltima dictadura c\u00edvico-militar. 07 de abril de 2026 En el marco\u2026","rel":"","context":"En \u00abINTERES GENERAL\u00bb","block_context":{"text":"INTERES GENERAL","link":"https:\/\/larevistadigital.com.ar\/blog\/category\/interes-general\/"},"img":{"alt_text":"","src":"https:\/\/i0.wp.com\/larevistadigital.com.ar\/blog\/wp-content\/uploads\/AR12264-1.jpg-scaled.jpeg?fit=1200%2C800&ssl=1&resize=350%2C200","width":350,"height":200,"srcset":"https:\/\/i0.wp.com\/larevistadigital.com.ar\/blog\/wp-content\/uploads\/AR12264-1.jpg-scaled.jpeg?fit=1200%2C800&ssl=1&resize=350%2C200 1x, https:\/\/i0.wp.com\/larevistadigital.com.ar\/blog\/wp-content\/uploads\/AR12264-1.jpg-scaled.jpeg?fit=1200%2C800&ssl=1&resize=525%2C300 1.5x, https:\/\/i0.wp.com\/larevistadigital.com.ar\/blog\/wp-content\/uploads\/AR12264-1.jpg-scaled.jpeg?fit=1200%2C800&ssl=1&resize=700%2C400 2x, https:\/\/i0.wp.com\/larevistadigital.com.ar\/blog\/wp-content\/uploads\/AR12264-1.jpg-scaled.jpeg?fit=1200%2C800&ssl=1&resize=1050%2C600 3x"},"classes":[]},{"id":34654,"url":"https:\/\/larevistadigital.com.ar\/blog\/axel-kicillof-se-reunio-con-intendentes-bonaerenses-y-les-llevo-tranquilidad\/","url_meta":{"origin":36229,"position":3},"title":"AXEL KICILLOF SE REUNI\u00d3 CON INTENDENTES BONAERENSES Y LES LLEV\u00d3 TRANQUILIDAD","author":"Alejandro Sosa Ruda","date":"27 noviembre, 2023","format":false,"excerpt":"Los intendentes peronistas desembarcaron en La Plata con la intenci\u00f3n de dialogar en busca de respuestas para los tiempos que se avecinan a ra\u00edz del plan de ajuste que propone La Libertad Avanza. 27 de Noviembre de 2023 BUENOS AIRES -\u00a0 Este lunes, el gobernador de la provincia de Buenos\u2026","rel":"","context":"En \u00abDESTACADAS\u00bb","block_context":{"text":"DESTACADAS","link":"https:\/\/larevistadigital.com.ar\/blog\/category\/destacadas\/"},"img":{"alt_text":"","src":"https:\/\/i0.wp.com\/larevistadigital.com.ar\/blog\/wp-content\/uploads\/20231127173251_kicillof.jpg?fit=880%2C512&ssl=1&resize=350%2C200","width":350,"height":200,"srcset":"https:\/\/i0.wp.com\/larevistadigital.com.ar\/blog\/wp-content\/uploads\/20231127173251_kicillof.jpg?fit=880%2C512&ssl=1&resize=350%2C200 1x, https:\/\/i0.wp.com\/larevistadigital.com.ar\/blog\/wp-content\/uploads\/20231127173251_kicillof.jpg?fit=880%2C512&ssl=1&resize=525%2C300 1.5x, https:\/\/i0.wp.com\/larevistadigital.com.ar\/blog\/wp-content\/uploads\/20231127173251_kicillof.jpg?fit=880%2C512&ssl=1&resize=700%2C400 2x"},"classes":[]},{"id":33840,"url":"https:\/\/larevistadigital.com.ar\/blog\/kicillof-encabeza-a-las-16-un-acto-en-el-estadio-atenas-de-la-plata\/","url_meta":{"origin":36229,"position":4},"title":"KICILLOF ENCABEZA A LAS 16 UN ACTO EN EL ESTADIO ATENAS DE LA PLATA","author":"Alejandro Sosa Ruda","date":"5 octubre, 2023","format":false,"excerpt":"El encuentro es organizado por el ministro de Salud bonaerense, Nicol\u00e1s Kreplak, de cara a las pr\u00f3ximos elecciones. Axel Kicillof ser\u00e1 el orador principal. 05 de Octubre de 2023 LA PLATA -\u00a0 El gobernador de la Provincia de Buenos Aires, Axel Kicillof, encabezar\u00e1 el acto \"Salud por la Patria\", que\u2026","rel":"","context":"En \u00abDESTACADAS\u00bb","block_context":{"text":"DESTACADAS","link":"https:\/\/larevistadigital.com.ar\/blog\/category\/destacadas\/"},"img":{"alt_text":"","src":"https:\/\/i0.wp.com\/larevistadigital.com.ar\/blog\/wp-content\/uploads\/Captura-de-pantalla-2023-10-05-123952.png?fit=884%2C524&ssl=1&resize=350%2C200","width":350,"height":200,"srcset":"https:\/\/i0.wp.com\/larevistadigital.com.ar\/blog\/wp-content\/uploads\/Captura-de-pantalla-2023-10-05-123952.png?fit=884%2C524&ssl=1&resize=350%2C200 1x, https:\/\/i0.wp.com\/larevistadigital.com.ar\/blog\/wp-content\/uploads\/Captura-de-pantalla-2023-10-05-123952.png?fit=884%2C524&ssl=1&resize=525%2C300 1.5x, https:\/\/i0.wp.com\/larevistadigital.com.ar\/blog\/wp-content\/uploads\/Captura-de-pantalla-2023-10-05-123952.png?fit=884%2C524&ssl=1&resize=700%2C400 2x"},"classes":[]},{"id":31043,"url":"https:\/\/larevistadigital.com.ar\/blog\/kicillof-aseguro-que-lo-que-le-hace-falta-a-mar-del-plata-es-que-la-gobiernen-como-corresponde\/","url_meta":{"origin":36229,"position":5},"title":"KICILLOF ASEGUR\u00d3 QUE \u00abLO QUE LE HACE FALTA A MAR DEL PLATA, ES QUE LA GOBIERNEN COMO CORRESPONDE\u00bb","author":"Alejandro Sosa Ruda","date":"14 abril, 2023","format":false,"excerpt":"El gobernador de la Provincia de Buenos Aires, Axel Kicillof, cuestion\u00f3 la gesti\u00f3n del intendente de Mar del Plata, Guillermo Montenegro, afirmando que a la ciudad \"le falta que la gobiernen como corresponde\". Kicillof respald\u00f3 la candidatura de Fernanda Raverta, quien lo acompa\u00f1\u00f3 en el cierre del Congreso Provincial de\u2026","rel":"","context":"En \u00abPOLITICA PROVINCIAL\u00bb","block_context":{"text":"POLITICA PROVINCIAL","link":"https:\/\/larevistadigital.com.ar\/blog\/category\/politica\/politica-provincial\/"},"img":{"alt_text":"","src":"https:\/\/i0.wp.com\/larevistadigital.com.ar\/blog\/wp-content\/uploads\/Captura-de-pantalla-2023-04-14-191119.png?fit=798%2C471&ssl=1&resize=350%2C200","width":350,"height":200,"srcset":"https:\/\/i0.wp.com\/larevistadigital.com.ar\/blog\/wp-content\/uploads\/Captura-de-pantalla-2023-04-14-191119.png?fit=798%2C471&ssl=1&resize=350%2C200 1x, https:\/\/i0.wp.com\/larevistadigital.com.ar\/blog\/wp-content\/uploads\/Captura-de-pantalla-2023-04-14-191119.png?fit=798%2C471&ssl=1&resize=525%2C300 1.5x, https:\/\/i0.wp.com\/larevistadigital.com.ar\/blog\/wp-content\/uploads\/Captura-de-pantalla-2023-04-14-191119.png?fit=798%2C471&ssl=1&resize=700%2C400 2x"},"classes":[]}],"_links":{"self":[{"href":"https:\/\/larevistadigital.com.ar\/blog\/wp-json\/wp\/v2\/posts\/36229","targetHints":{"allow":["GET"]}}],"collection":[{"href":"https:\/\/larevistadigital.com.ar\/blog\/wp-json\/wp\/v2\/posts"}],"about":[{"href":"https:\/\/larevistadigital.com.ar\/blog\/wp-json\/wp\/v2\/types\/post"}],"author":[{"embeddable":true,"href":"https:\/\/larevistadigital.com.ar\/blog\/wp-json\/wp\/v2\/users\/3"}],"replies":[{"embeddable":true,"href":"https:\/\/larevistadigital.com.ar\/blog\/wp-json\/wp\/v2\/comments?post=36229"}],"version-history":[{"count":1,"href":"https:\/\/larevistadigital.com.ar\/blog\/wp-json\/wp\/v2\/posts\/36229\/revisions"}],"predecessor-version":[{"id":36231,"href":"https:\/\/larevistadigital.com.ar\/blog\/wp-json\/wp\/v2\/posts\/36229\/revisions\/36231"}],"wp:featuredmedia":[{"embeddable":true,"href":"https:\/\/larevistadigital.com.ar\/blog\/wp-json\/wp\/v2\/media\/36230"}],"wp:attachment":[{"href":"https:\/\/larevistadigital.com.ar\/blog\/wp-json\/wp\/v2\/media?parent=36229"}],"wp:term":[{"taxonomy":"category","embeddable":true,"href":"https:\/\/larevistadigital.com.ar\/blog\/wp-json\/wp\/v2\/categories?post=36229"},{"taxonomy":"post_tag","embeddable":true,"href":"https:\/\/larevistadigital.com.ar\/blog\/wp-json\/wp\/v2\/tags?post=36229"}],"curies":[{"name":"wp","href":"https:\/\/api.w.org\/{rel}","templated":true}]}}