{"id":36236,"date":"2024-06-05T23:05:08","date_gmt":"2024-06-06T02:05:08","guid":{"rendered":"https:\/\/larevistadigital.com.ar\/blog\/?p=36236"},"modified":"2024-06-05T23:05:08","modified_gmt":"2024-06-06T02:05:08","slug":"chascomus-la-ddi-realizo-un-allanamiento","status":"publish","type":"post","link":"https:\/\/larevistadigital.com.ar\/blog\/chascomus-la-ddi-realizo-un-allanamiento\/","title":{"rendered":"CHASCOM\u00daS: LA DDI REALIZ\u00d3 UN ALLANAMIENTO"},"content":{"rendered":"<h2>Gracias a las c\u00e1maras de Monitoreo, y el trabajo investigativo se logr\u00f3 identificar al ladr\u00f3n y recuperar el objeto robado.<\/h2>\n<p>5 de Junio de 2024<\/p>\n<p><strong>CHASCOM\u00daS\u00a0 &#8211;\u00a0<\/strong> La DDI de Chascomus, juntamente con personal de E.P.C. Chascom\u00fas y GAD Chascom\u00fas, hicieron efectiva una orden de allanamientos solicitada por la UFID nro. 10 a cargo del <strong>Dr. Jonathan Roberts <\/strong>y dispuesta por el Juzgado de Garantias nro. 5 a cargo del Dr. <strong>Cristian Gasqued<\/strong>, en un domicilio de la localidad .<\/p>\n<blockquote>\n<h3>En dicho lugar se procedi\u00f3 al secuestro de una bicicleta tipo playera rodado 26 color verde agua con canasto negro y una campera tipo corderoy color negra propiedad del imputado que hab\u00eda sido utilizado durante el hecho.<\/h3>\n<\/blockquote>\n<p><span style=\"color: #ff0000\"><strong>EL ROBO EN CUESTI\u00d3N&#8230;<\/strong><\/span><\/p>\n<p>El hecho que di\u00f3 origen a la \u00f3rden de allanamiento, fue en fecha 27 de mayo del corriente a\u00f1o, en horas de la ma\u00f1ana, cuando la denunciante concurri\u00f3 al Hospital Municipal de esta localidad, dejando su rodado en un bicicletero del lugar, y al salir constato el faltante del mismo.<\/p>\n<blockquote>\n<h3><span style=\"color: #ff0000\">Luego de la visualizaci\u00f3n de las c\u00e1maras de seguridad aportadas por el Centro de Monitoreo de Chascom\u00fas, se consigui\u00f3 visualizar al autor del hecho al momento que llega al nosocomio caminando, realiza unas consultas y luego cuando se retira, sustrae la bicicleta del lugar donde estaba y emprende la fuga.\u00a0<\/span><\/h3>\n<\/blockquote>\n<p>Gracias al importante trabajo de Monitoreo, se logra la identificaci\u00f3n del sujeto, como asi tambi\u00e9n su domicilio, lugar del cual se solicita el mencionado allanamiento. Respecto a la diligencia, la Fiscalia de intervenci\u00f3n dispuso su correcta identificaci\u00f3n y que se lo notifique de la formaci\u00f3n de causa por el delito que se le imputa, siendo este <strong>HURTO<\/strong>.-<\/p>\n","protected":false},"excerpt":{"rendered":"<div class=\"mh-excerpt\"><p>Gracias a las c\u00e1maras de Monitoreo, y el trabajo investigativo se logr\u00f3 identificar al ladr\u00f3n y recuperar el objeto robado. 5 de Junio de 2024 CHASCOM\u00daS\u00a0 &#8211;\u00a0 La DDI de Chascomus, juntamente con personal de <a class=\"mh-excerpt-more\" href=\"https:\/\/larevistadigital.com.ar\/blog\/chascomus-la-ddi-realizo-un-allanamiento\/\" title=\"CHASCOM\u00daS: LA DDI REALIZ\u00d3 UN ALLANAMIENTO\">[Leer M\u00e1s]<\/a><\/p>\n<\/div>","protected":false},"author":3,"featured_media":1596,"comment_status":"open","ping_status":"open","sticky":false,"template":"","format":"standard","meta":{"_jetpack_memberships_contains_paid_content":false,"footnotes":"","jetpack_publicize_message":"","jetpack_publicize_feature_enabled":true,"jetpack_social_post_already_shared":true,"jetpack_social_options":{"image_generator_settings":{"template":"highway","default_image_id":0,"font":"","enabled":false},"version":2}},"categories":[41,44,1],"tags":[],"class_list":{"0":"post-36236","1":"post","2":"type-post","3":"status-publish","4":"format-standard","5":"has-post-thumbnail","7":"category-destacadas","8":"category-policiales","9":"category-sin-categoria"},"jetpack_publicize_connections":[],"jetpack_featured_media_url":"https:\/\/i0.wp.com\/larevistadigital.com.ar\/blog\/wp-content\/uploads\/2017\/03\/policia-nino-mata.jpg?fit=745%2C574&ssl=1","jetpack_sharing_enabled":true,"jetpack_shortlink":"https:\/\/wp.me\/p8qtrQ-9qs","jetpack-related-posts":[{"id":28778,"url":"https:\/\/larevistadigital.com.ar\/blog\/chascomus-incautan-cocaina-en-un-allanamiento\/","url_meta":{"origin":36236,"position":0},"title":"CHASCOM\u00daS: INCAUTAN COCA\u00cdNA EN UN ALLANAMIENTO.","author":"Alejandro Sosa Ruda","date":"4 noviembre, 2022","format":false,"excerpt":"La cantidad secuestrada no fue suficiente para detener a la persona, seg\u00fan dispuso el Juez Gasquet. 4 de noviembre de 2022 CHASCOM\u00daS -\u00a0\u00a0Durante el d\u00eda de ayer y en horas de la tarde, se efectiviz\u00f3 un importante allanamiento para con una vivienda ubicada en la calle Saturnino Justo de la\u2026","rel":"","context":"En \u00abINTERES GENERAL\u00bb","block_context":{"text":"INTERES GENERAL","link":"https:\/\/larevistadigital.com.ar\/blog\/category\/interes-general\/"},"img":{"alt_text":"","src":"https:\/\/i0.wp.com\/larevistadigital.com.ar\/blog\/wp-content\/uploads\/WhatsApp-Image-2022-11-03-at-21.16.28-e1667570805685.jpeg?fit=821%2C1200&ssl=1&resize=350%2C200","width":350,"height":200,"srcset":"https:\/\/i0.wp.com\/larevistadigital.com.ar\/blog\/wp-content\/uploads\/WhatsApp-Image-2022-11-03-at-21.16.28-e1667570805685.jpeg?fit=821%2C1200&ssl=1&resize=350%2C200 1x, https:\/\/i0.wp.com\/larevistadigital.com.ar\/blog\/wp-content\/uploads\/WhatsApp-Image-2022-11-03-at-21.16.28-e1667570805685.jpeg?fit=821%2C1200&ssl=1&resize=525%2C300 1.5x, https:\/\/i0.wp.com\/larevistadigital.com.ar\/blog\/wp-content\/uploads\/WhatsApp-Image-2022-11-03-at-21.16.28-e1667570805685.jpeg?fit=821%2C1200&ssl=1&resize=700%2C400 2x"},"classes":[]},{"id":13997,"url":"https:\/\/larevistadigital.com.ar\/blog\/detienen-hombre-por-robo-a-iglesia\/","url_meta":{"origin":36236,"position":1},"title":"CHASCOM\u00daS: DETIENEN HOMBRE POR ROBO A IGLESIA","author":"Alejandro Sosa Ruda","date":"6 enero, 2020","format":false,"excerpt":"Se inform\u00f3 en la comisar\u00eda local, que una persona mayor de edad fue detenida ayer, tras haber protagonizado el s\u00e1bado el robo de una serie de electrodom\u00e9sticos de una iglesia ubicada en calle Grito de Dolores 631. El protagonista del hecho, qued\u00f3 detenido luego de que la justicia librara la\u2026","rel":"","context":"En \u00abINTERES GENERAL\u00bb","block_context":{"text":"INTERES GENERAL","link":"https:\/\/larevistadigital.com.ar\/blog\/category\/interes-general\/"},"img":{"alt_text":"","src":"https:\/\/i0.wp.com\/larevistadigital.com.ar\/blog\/wp-content\/uploads\/encarcelado.jpg?fit=890%2C532&ssl=1&resize=350%2C200","width":350,"height":200,"srcset":"https:\/\/i0.wp.com\/larevistadigital.com.ar\/blog\/wp-content\/uploads\/encarcelado.jpg?fit=890%2C532&ssl=1&resize=350%2C200 1x, https:\/\/i0.wp.com\/larevistadigital.com.ar\/blog\/wp-content\/uploads\/encarcelado.jpg?fit=890%2C532&ssl=1&resize=525%2C300 1.5x, https:\/\/i0.wp.com\/larevistadigital.com.ar\/blog\/wp-content\/uploads\/encarcelado.jpg?fit=890%2C532&ssl=1&resize=700%2C400 2x"},"classes":[]},{"id":32820,"url":"https:\/\/larevistadigital.com.ar\/blog\/chascomus-aprehenden-a-una-mujer-por-comercializacion-de-estupefacientes-y-a-un-hombre-con-pedido-de-captura\/","url_meta":{"origin":36236,"position":2},"title":"CHASCOM\u00daS: APREHENDEN A UNA MUJER POR COMERCIALIZACI\u00d3N DE ESTUPEFACIENTES, Y A UN HOMBRE CON PEDIDO DE CAPTURA","author":"Alejandro Sosa Ruda","date":"10 agosto, 2023","format":false,"excerpt":"Todo comienza con sospechas de la delegaci\u00f3n de Drogas il\u00edcitas y se confirma luego de investigaciones que derivaron en un allanamiento con resultado positivo. 10 de agosto CHASCOM\u00daS -\u00a0 Drogas il\u00edcitas de Chascom\u00fas, tom\u00f3 conocimiento que una persona del sexo femenino se estar\u00eda dedicando a la comercializaci\u00f3n de sustancias estupefacientes\u2026","rel":"","context":"En \u00abDESTACADAS\u00bb","block_context":{"text":"DESTACADAS","link":"https:\/\/larevistadigital.com.ar\/blog\/category\/destacadas\/"},"img":{"alt_text":"","src":"https:\/\/i0.wp.com\/larevistadigital.com.ar\/blog\/wp-content\/uploads\/WhatsApp-Image-2023-08-10-at-03.36.32.jpeg?fit=1200%2C1144&ssl=1&resize=350%2C200","width":350,"height":200,"srcset":"https:\/\/i0.wp.com\/larevistadigital.com.ar\/blog\/wp-content\/uploads\/WhatsApp-Image-2023-08-10-at-03.36.32.jpeg?fit=1200%2C1144&ssl=1&resize=350%2C200 1x, https:\/\/i0.wp.com\/larevistadigital.com.ar\/blog\/wp-content\/uploads\/WhatsApp-Image-2023-08-10-at-03.36.32.jpeg?fit=1200%2C1144&ssl=1&resize=525%2C300 1.5x, https:\/\/i0.wp.com\/larevistadigital.com.ar\/blog\/wp-content\/uploads\/WhatsApp-Image-2023-08-10-at-03.36.32.jpeg?fit=1200%2C1144&ssl=1&resize=700%2C400 2x, https:\/\/i0.wp.com\/larevistadigital.com.ar\/blog\/wp-content\/uploads\/WhatsApp-Image-2023-08-10-at-03.36.32.jpeg?fit=1200%2C1144&ssl=1&resize=1050%2C600 3x"},"classes":[]},{"id":26601,"url":"https:\/\/larevistadigital.com.ar\/blog\/aprehenden-en-chascomus-a-sujetos-que-robaron-en-dolores\/","url_meta":{"origin":36236,"position":3},"title":"APREHENDEN EN CHASCOM\u00daS A SUJETOS QUE ROBARON EN DOLORES","author":"Alejandro Sosa Ruda","date":"15 julio, 2022","format":false,"excerpt":"Lograron detenerlos en el km.121 de la ruta 2, hab\u00edan robado en Dolores haci\u00e9ndose pasar por polic\u00edas. CHASCOM\u00daS -\u00a0\u00a0Todo se inicia con un robo que dos masculinos llevaron a cabo en la ciudad de Dolores, y que fue denunciado por una se\u00f1ora que se encontraba con sus hijos de 28\u2026","rel":"","context":"En \u00abINTERES GENERAL\u00bb","block_context":{"text":"INTERES GENERAL","link":"https:\/\/larevistadigital.com.ar\/blog\/category\/interes-general\/"},"img":{"alt_text":"","src":"https:\/\/i0.wp.com\/larevistadigital.com.ar\/blog\/wp-content\/uploads\/WhatsApp-Image-2022-07-14-at-8.39.25-PM-1.jpeg?fit=1200%2C900&ssl=1&resize=350%2C200","width":350,"height":200,"srcset":"https:\/\/i0.wp.com\/larevistadigital.com.ar\/blog\/wp-content\/uploads\/WhatsApp-Image-2022-07-14-at-8.39.25-PM-1.jpeg?fit=1200%2C900&ssl=1&resize=350%2C200 1x, https:\/\/i0.wp.com\/larevistadigital.com.ar\/blog\/wp-content\/uploads\/WhatsApp-Image-2022-07-14-at-8.39.25-PM-1.jpeg?fit=1200%2C900&ssl=1&resize=525%2C300 1.5x, https:\/\/i0.wp.com\/larevistadigital.com.ar\/blog\/wp-content\/uploads\/WhatsApp-Image-2022-07-14-at-8.39.25-PM-1.jpeg?fit=1200%2C900&ssl=1&resize=700%2C400 2x, https:\/\/i0.wp.com\/larevistadigital.com.ar\/blog\/wp-content\/uploads\/WhatsApp-Image-2022-07-14-at-8.39.25-PM-1.jpeg?fit=1200%2C900&ssl=1&resize=1050%2C600 3x"},"classes":[]},{"id":8631,"url":"https:\/\/larevistadigital.com.ar\/blog\/chascomus-la-policia-comunal-resuelve-un-hecho-de-robo-a-comercio-del-18-02\/","url_meta":{"origin":36236,"position":4},"title":"CHASCOM\u00daS: LA POLIC\u00cdA COMUNAL RESUELVE UN HECHO DE ROBO A COMERCIO DEL 18\/02","author":"Alejandro Sosa Ruda","date":"21 febrero, 2019","format":false,"excerpt":"En relaci\u00f3n a hecho de Robo Agravado (por el uso de arma de fuego) acaecido en horas de la tarde del 18.02.19 en un comercio del barrio Esmeralda, del que fuera v\u00edctima Stella Maris Lezcano\u00a0y como resultado de la investigaci\u00f3n llevada a cabo por personal de la Estaci\u00f3n de Polic\u00eda\u2026","rel":"","context":"En \u00abPOLICIALES\u00bb","block_context":{"text":"POLICIALES","link":"https:\/\/larevistadigital.com.ar\/blog\/category\/policiales\/"},"img":{"alt_text":"","src":"https:\/\/i0.wp.com\/larevistadigital.com.ar\/blog\/wp-content\/uploads\/2019\/02\/WhatsApp-Image-2019-02-20-at-23.59.11.jpeg?fit=1200%2C900&ssl=1&resize=350%2C200","width":350,"height":200,"srcset":"https:\/\/i0.wp.com\/larevistadigital.com.ar\/blog\/wp-content\/uploads\/2019\/02\/WhatsApp-Image-2019-02-20-at-23.59.11.jpeg?fit=1200%2C900&ssl=1&resize=350%2C200 1x, https:\/\/i0.wp.com\/larevistadigital.com.ar\/blog\/wp-content\/uploads\/2019\/02\/WhatsApp-Image-2019-02-20-at-23.59.11.jpeg?fit=1200%2C900&ssl=1&resize=525%2C300 1.5x, https:\/\/i0.wp.com\/larevistadigital.com.ar\/blog\/wp-content\/uploads\/2019\/02\/WhatsApp-Image-2019-02-20-at-23.59.11.jpeg?fit=1200%2C900&ssl=1&resize=700%2C400 2x, https:\/\/i0.wp.com\/larevistadigital.com.ar\/blog\/wp-content\/uploads\/2019\/02\/WhatsApp-Image-2019-02-20-at-23.59.11.jpeg?fit=1200%2C900&ssl=1&resize=1050%2C600 3x"},"classes":[]},{"id":39142,"url":"https:\/\/larevistadigital.com.ar\/blog\/cae-la-ultima-profuga-del-asalto-a-una-inmobiliaria-en-chascomus\/","url_meta":{"origin":36236,"position":5},"title":"Cae la \u00faltima pr\u00f3fuga del asalto a una inmobiliaria en Chascom\u00fas","author":"Alejandro Sosa Ruda","date":"26 marzo, 2025","format":false,"excerpt":"Tras semanas de investigaci\u00f3n, una mujer fue capturada en la zona rural de Estaci\u00f3n Camet 26 de Marzo de 2025 CHASCOM\u00daS -\u00a0 \u00a0El d\u00eda s\u00e1bado, personal de la SUBDDI CHASCOM\u00daS, procedi\u00f3 a la detenci\u00f3n de la \u00faltima persona que se halla sindicada como participe en el Robo acontecido el d\u00eda\u2026","rel":"","context":"En \u00abDESTACADAS\u00bb","block_context":{"text":"DESTACADAS","link":"https:\/\/larevistadigital.com.ar\/blog\/category\/destacadas\/"},"img":{"alt_text":"","src":"https:\/\/i0.wp.com\/larevistadigital.com.ar\/blog\/wp-content\/uploads\/WhatsApp-Image-2025-03-25-at-23.14.28.jpeg?fit=1011%2C1200&ssl=1&resize=350%2C200","width":350,"height":200,"srcset":"https:\/\/i0.wp.com\/larevistadigital.com.ar\/blog\/wp-content\/uploads\/WhatsApp-Image-2025-03-25-at-23.14.28.jpeg?fit=1011%2C1200&ssl=1&resize=350%2C200 1x, https:\/\/i0.wp.com\/larevistadigital.com.ar\/blog\/wp-content\/uploads\/WhatsApp-Image-2025-03-25-at-23.14.28.jpeg?fit=1011%2C1200&ssl=1&resize=525%2C300 1.5x, https:\/\/i0.wp.com\/larevistadigital.com.ar\/blog\/wp-content\/uploads\/WhatsApp-Image-2025-03-25-at-23.14.28.jpeg?fit=1011%2C1200&ssl=1&resize=700%2C400 2x"},"classes":[]}],"_links":{"self":[{"href":"https:\/\/larevistadigital.com.ar\/blog\/wp-json\/wp\/v2\/posts\/36236","targetHints":{"allow":["GET"]}}],"collection":[{"href":"https:\/\/larevistadigital.com.ar\/blog\/wp-json\/wp\/v2\/posts"}],"about":[{"href":"https:\/\/larevistadigital.com.ar\/blog\/wp-json\/wp\/v2\/types\/post"}],"author":[{"embeddable":true,"href":"https:\/\/larevistadigital.com.ar\/blog\/wp-json\/wp\/v2\/users\/3"}],"replies":[{"embeddable":true,"href":"https:\/\/larevistadigital.com.ar\/blog\/wp-json\/wp\/v2\/comments?post=36236"}],"version-history":[{"count":2,"href":"https:\/\/larevistadigital.com.ar\/blog\/wp-json\/wp\/v2\/posts\/36236\/revisions"}],"predecessor-version":[{"id":36238,"href":"https:\/\/larevistadigital.com.ar\/blog\/wp-json\/wp\/v2\/posts\/36236\/revisions\/36238"}],"wp:featuredmedia":[{"embeddable":true,"href":"https:\/\/larevistadigital.com.ar\/blog\/wp-json\/wp\/v2\/media\/1596"}],"wp:attachment":[{"href":"https:\/\/larevistadigital.com.ar\/blog\/wp-json\/wp\/v2\/media?parent=36236"}],"wp:term":[{"taxonomy":"category","embeddable":true,"href":"https:\/\/larevistadigital.com.ar\/blog\/wp-json\/wp\/v2\/categories?post=36236"},{"taxonomy":"post_tag","embeddable":true,"href":"https:\/\/larevistadigital.com.ar\/blog\/wp-json\/wp\/v2\/tags?post=36236"}],"curies":[{"name":"wp","href":"https:\/\/api.w.org\/{rel}","templated":true}]}}