{"id":36239,"date":"2024-06-05T23:18:18","date_gmt":"2024-06-06T02:18:18","guid":{"rendered":"https:\/\/larevistadigital.com.ar\/blog\/?p=36239"},"modified":"2024-06-05T23:18:18","modified_gmt":"2024-06-06T02:18:18","slug":"la-municipalidad-trabaja-en-la-recuperacion-de-camaras-de-seguridad-danadas-para-su-reutilizacion","status":"publish","type":"post","link":"https:\/\/larevistadigital.com.ar\/blog\/la-municipalidad-trabaja-en-la-recuperacion-de-camaras-de-seguridad-danadas-para-su-reutilizacion\/","title":{"rendered":"LA MUNICIPALIDAD TRABAJA EN LA RECUPERACI\u00d3N DE C\u00c1MARAS DE SEGURIDAD DA\u00d1ADAS PARA SU REUTILIZACI\u00d3N"},"content":{"rendered":"<h2 class=\"notaIntro\">Este proyecto se realiza desde la Secretar\u00eda de Seguridad Ciudadana y el \u00e1rea de Modernizaci\u00f3n, en colaboraci\u00f3n con alumnos de la Escuela de Educaci\u00f3n T\u00e9cnica N\u00ba 1 que realizan pr\u00e1cticas profesionalizantes en el taller de modernizaci\u00f3n.<\/h2>\n<p>5 de Junio de 2024<\/p>\n<p class=\"notaTexto\"><strong>CHASCOM\u00daS &#8211;<\/strong>\u00a0 La tarea consiste en la recuperaci\u00f3n de c\u00e1maras vandalizadas y domos da\u00f1ados que son revisados y reparados para su reutilizaci\u00f3n.<\/p>\n<p class=\"notaTexto\">Esta iniciativa tiene como finalidad el aprovechamiento responsable de los recursos disponibles en beneficio de la seguridad de toda la comunidad.<br \/>\nEl proceso consiste en la revisi\u00f3n y reparaci\u00f3n de equipos que, debido al desgaste o a actos vand\u00e1licos, dejaron de funcionar. Estos dispositivos, una vez restaurados, se integran nuevamente al sistema de vigilancia del Centro de Monitoreo o son reubicados en otras dependencias, contribuyendo as\u00ed a fortalecer la seguridad en la comunidad.<\/p>\n<p class=\"notaTexto\">El Centro de Monitoreo, que actualmente cuenta con 185 c\u00e1maras distribuidas tanto en la zona urbana como en el sector rural.<\/p>\n<p class=\"notaTexto\">Esta labor de recuperaci\u00f3n no solo permite extender la vida \u00fatil de las c\u00e1maras, sino que tambi\u00e9n reduce los costos que implica la adquisici\u00f3n de nuevo equipamiento.<\/p>\n","protected":false},"excerpt":{"rendered":"<div class=\"mh-excerpt\"><p>Este proyecto se realiza desde la Secretar\u00eda de Seguridad Ciudadana y el \u00e1rea de Modernizaci\u00f3n, en colaboraci\u00f3n con alumnos de la Escuela de Educaci\u00f3n T\u00e9cnica N\u00ba 1 que realizan pr\u00e1cticas profesionalizantes en el taller de <a class=\"mh-excerpt-more\" href=\"https:\/\/larevistadigital.com.ar\/blog\/la-municipalidad-trabaja-en-la-recuperacion-de-camaras-de-seguridad-danadas-para-su-reutilizacion\/\" title=\"LA MUNICIPALIDAD TRABAJA EN LA RECUPERACI\u00d3N DE C\u00c1MARAS DE SEGURIDAD DA\u00d1ADAS PARA SU REUTILIZACI\u00d3N\">[Leer M\u00e1s]<\/a><\/p>\n<\/div>","protected":false},"author":3,"featured_media":36240,"comment_status":"open","ping_status":"open","sticky":false,"template":"","format":"standard","meta":{"_jetpack_memberships_contains_paid_content":false,"footnotes":"","jetpack_publicize_message":"","jetpack_publicize_feature_enabled":true,"jetpack_social_post_already_shared":true,"jetpack_social_options":{"image_generator_settings":{"template":"highway","default_image_id":0,"font":"","enabled":false},"version":2}},"categories":[1],"tags":[],"class_list":{"0":"post-36239","1":"post","2":"type-post","3":"status-publish","4":"format-standard","5":"has-post-thumbnail","7":"category-sin-categoria"},"jetpack_publicize_connections":[],"jetpack_featured_media_url":"https:\/\/i0.wp.com\/larevistadigital.com.ar\/blog\/wp-content\/uploads\/2024_06_06_01_03_00_1979507.jpg?fit=600%2C400&ssl=1","jetpack_sharing_enabled":true,"jetpack_shortlink":"https:\/\/wp.me\/p8qtrQ-9qv","jetpack-related-posts":[{"id":37231,"url":"https:\/\/larevistadigital.com.ar\/blog\/chascomus-mantenimiento-constante-de-las-camaras-de-seguridad\/","url_meta":{"origin":36239,"position":0},"title":"Chascom\u00fas: Mantenimiento constante de las c\u00e1maras de seguridad","author":"Alejandro Sosa Ruda","date":"13 septiembre, 2024","format":false,"excerpt":"Personal municipal lleva adelante tareas de mantenimiento para asegurar el correcto funcionamiento de las c\u00e1maras que cubren tanto el \u00e1rea urbana como la rural. 13 de Septiembre de 2024 CHASCOM\u00daS -\u00a0 La Municipalidad de Chascom\u00fas realiza un trabajo diario de mantenimiento en las c\u00e1maras de seguridad instaladas en distintos puntos\u2026","rel":"","context":"En \u00abCHASCOM\u00daS\u00bb","block_context":{"text":"CHASCOM\u00daS","link":"https:\/\/larevistadigital.com.ar\/blog\/category\/chascomus\/"},"img":{"alt_text":"","src":"https:\/\/i0.wp.com\/larevistadigital.com.ar\/blog\/wp-content\/uploads\/66e47c74e1850.png?fit=668%2C445&ssl=1&resize=350%2C200","width":350,"height":200,"srcset":"https:\/\/i0.wp.com\/larevistadigital.com.ar\/blog\/wp-content\/uploads\/66e47c74e1850.png?fit=668%2C445&ssl=1&resize=350%2C200 1x, https:\/\/i0.wp.com\/larevistadigital.com.ar\/blog\/wp-content\/uploads\/66e47c74e1850.png?fit=668%2C445&ssl=1&resize=525%2C300 1.5x"},"classes":[]},{"id":5280,"url":"https:\/\/larevistadigital.com.ar\/blog\/municipalidad-instalacion-de-camaras-de-seguridad\/","url_meta":{"origin":36239,"position":1},"title":"Municipalidad: instalaci\u00f3n de c\u00e1maras de seguridad","author":"admin","date":"29 marzo, 2018","format":false,"excerpt":"Durante la semana pasada, personal especializado estuvo instalando c\u00e1maras de seguridad con el apoyo de la Direcci\u00f3n de Medio Ambiente Municipal que realiza el despeje de ramas, facilitando la labor. En esta oportunidad, se colocaron en calle 26 (circunvalaci\u00f3n), pr\u00f3ximo a calle 17 (Av. 25 de Mayo), donde se encuentra\u2026","rel":"","context":"En \u00abPILA\u00bb","block_context":{"text":"PILA","link":"https:\/\/larevistadigital.com.ar\/blog\/category\/pila\/"},"img":{"alt_text":"","src":"https:\/\/i0.wp.com\/larevistadigital.com.ar\/blog\/wp-content\/uploads\/2018\/03\/pila_26demarzode2108_elfuerte-1.jpg?fit=737%2C415&ssl=1&resize=350%2C200","width":350,"height":200,"srcset":"https:\/\/i0.wp.com\/larevistadigital.com.ar\/blog\/wp-content\/uploads\/2018\/03\/pila_26demarzode2108_elfuerte-1.jpg?fit=737%2C415&ssl=1&resize=350%2C200 1x, https:\/\/i0.wp.com\/larevistadigital.com.ar\/blog\/wp-content\/uploads\/2018\/03\/pila_26demarzode2108_elfuerte-1.jpg?fit=737%2C415&ssl=1&resize=525%2C300 1.5x, https:\/\/i0.wp.com\/larevistadigital.com.ar\/blog\/wp-content\/uploads\/2018\/03\/pila_26demarzode2108_elfuerte-1.jpg?fit=737%2C415&ssl=1&resize=700%2C400 2x"},"classes":[]},{"id":8547,"url":"https:\/\/larevistadigital.com.ar\/blog\/dolores-video-roban-billetera-en-comercio-y-queda-filmado-por-las-camaras-de-seguridad\/","url_meta":{"origin":36239,"position":2},"title":"DOLORES: (VIDEO) ROBAN BILLETERA EN COMERCIO Y QUEDA FILMADO POR LAS C\u00c1MARAS DE SEGURIDAD","author":"Alejandro Sosa Ruda","date":"18 febrero, 2019","format":false,"excerpt":"Una vecina\u00a0 se olvid\u00f3 la billetera en una caja cerrada de un Supermercado c\u00e9ntrico. Fue all\u00ed que otra mujer se aprovech\u00f3 del descuido y en cuesti\u00f3n de segundos se la llev\u00f3. El hecho qued\u00f3 registrado por las c\u00e1maras de seguridad del Supermercado D\u00eda.","rel":"","context":"En \u00abDOLORES\u00bb","block_context":{"text":"DOLORES","link":"https:\/\/larevistadigital.com.ar\/blog\/category\/dolores\/"},"img":{"alt_text":"","src":"https:\/\/i0.wp.com\/larevistadigital.com.ar\/blog\/wp-content\/uploads\/2019\/02\/Sin-t%C3%ADtulo-1-660x330.jpg?fit=660%2C330&ssl=1&resize=350%2C200","width":350,"height":200,"srcset":"https:\/\/i0.wp.com\/larevistadigital.com.ar\/blog\/wp-content\/uploads\/2019\/02\/Sin-t%C3%ADtulo-1-660x330.jpg?fit=660%2C330&ssl=1&resize=350%2C200 1x, https:\/\/i0.wp.com\/larevistadigital.com.ar\/blog\/wp-content\/uploads\/2019\/02\/Sin-t%C3%ADtulo-1-660x330.jpg?fit=660%2C330&ssl=1&resize=525%2C300 1.5x"},"classes":[]},{"id":43561,"url":"https:\/\/larevistadigital.com.ar\/blog\/comunicado-de-prensa-la-remsal-apoya-la-modernizacion-laboral\/","url_meta":{"origin":36239,"position":3},"title":"Comunicado de prensa: La REMSAL apoya la modernizaci\u00f3n laboral","author":"Alejandro Sosa Ruda","date":"22 enero, 2026","format":false,"excerpt":"La regi\u00f3n empresaria del Salado pide mayores posibilidades para las Pymes. 22 de enero de 2026 Un nutrido grupo de dirigentes representantes de C\u00e1maras de la Regi\u00f3n Empresaria del Salado se reunieron en el Senado con los equipos t\u00e9cnicos de Patricia Bullrich. Transmitieron su apoyo a todos los puntos incluidos\u2026","rel":"","context":"En \u00abDESTACADAS\u00bb","block_context":{"text":"DESTACADAS","link":"https:\/\/larevistadigital.com.ar\/blog\/category\/destacadas\/"},"img":{"alt_text":"","src":"https:\/\/i0.wp.com\/larevistadigital.com.ar\/blog\/wp-content\/uploads\/WhatsApp-Image-2026-01-22-at-9.29.18-PM.jpeg?fit=920%2C383&ssl=1&resize=350%2C200","width":350,"height":200,"srcset":"https:\/\/i0.wp.com\/larevistadigital.com.ar\/blog\/wp-content\/uploads\/WhatsApp-Image-2026-01-22-at-9.29.18-PM.jpeg?fit=920%2C383&ssl=1&resize=350%2C200 1x, https:\/\/i0.wp.com\/larevistadigital.com.ar\/blog\/wp-content\/uploads\/WhatsApp-Image-2026-01-22-at-9.29.18-PM.jpeg?fit=920%2C383&ssl=1&resize=525%2C300 1.5x, https:\/\/i0.wp.com\/larevistadigital.com.ar\/blog\/wp-content\/uploads\/WhatsApp-Image-2026-01-22-at-9.29.18-PM.jpeg?fit=920%2C383&ssl=1&resize=700%2C400 2x"},"classes":[]},{"id":3657,"url":"https:\/\/larevistadigital.com.ar\/blog\/chascomus-se-incorporaron-dos-nuevas-camaras-seguridad\/","url_meta":{"origin":36239,"position":4},"title":"CHASCOM\u00daS: SE INCORPORARON DOS NUEVAS C\u00c1MARAS DE SEGURIDAD","author":"Alejandro Sosa Ruda","date":"31 octubre, 2017","format":false,"excerpt":"Dos nuevas c\u00e1maras fijas desde el Centro de Monitoreo Municipal comenzaron a funcionar desde este s\u00e1bado. Estas \u00faltimas incorporaciones contemplan la cobertura del ingreso y egreso correspondiente al acceso a la ciudad por la zona del barrio La Liberata. Se trata de las c\u00e1maras N\u00ba 112 y 113, estas se\u2026","rel":"","context":"En \u00abCHASCOM\u00daS\u00bb","block_context":{"text":"CHASCOM\u00daS","link":"https:\/\/larevistadigital.com.ar\/blog\/category\/chascomus\/"},"img":{"alt_text":"","src":"https:\/\/i0.wp.com\/larevistadigital.com.ar\/blog\/wp-content\/uploads\/2017\/10\/22853214_1671475906206621_2068473438404028405_n.jpg?fit=742%2C513&ssl=1&resize=350%2C200","width":350,"height":200,"srcset":"https:\/\/i0.wp.com\/larevistadigital.com.ar\/blog\/wp-content\/uploads\/2017\/10\/22853214_1671475906206621_2068473438404028405_n.jpg?fit=742%2C513&ssl=1&resize=350%2C200 1x, https:\/\/i0.wp.com\/larevistadigital.com.ar\/blog\/wp-content\/uploads\/2017\/10\/22853214_1671475906206621_2068473438404028405_n.jpg?fit=742%2C513&ssl=1&resize=525%2C300 1.5x, https:\/\/i0.wp.com\/larevistadigital.com.ar\/blog\/wp-content\/uploads\/2017\/10\/22853214_1671475906206621_2068473438404028405_n.jpg?fit=742%2C513&ssl=1&resize=700%2C400 2x"},"classes":[]},{"id":428,"url":"https:\/\/larevistadigital.com.ar\/blog\/se-incorporaran-35-nuevas-camaras-seguridad\/","url_meta":{"origin":36239,"position":5},"title":"Se incorporar\u00e1n 35 nuevas c\u00e1maras de seguridad","author":"editor","date":"28 febrero, 2017","format":false,"excerpt":"Se inform\u00f3 desde la Comuna que en el despacho del Intendente Municipal, se realiz\u00f3 la apertura de sobres de la licitaci\u00f3n privada que permitir\u00e1 realizar la tercera etapa de la ampliaci\u00f3n del sistema de monitoreo. La misma contempla una adquisici\u00f3n de 35 nuevas c\u00e1maras de seguridad, diferenciadas en 15 fijas\u2026","rel":"","context":"En \u00abCHASCOM\u00daS\u00bb","block_context":{"text":"CHASCOM\u00daS","link":"https:\/\/larevistadigital.com.ar\/blog\/category\/chascomus\/"},"img":{"alt_text":"","src":"https:\/\/i0.wp.com\/larevistadigital.com.ar\/blog\/wp-content\/uploads\/2017\/02\/camaras_20defebrerode2017_elfuerte.jpg?fit=868%2C574&ssl=1&resize=350%2C200","width":350,"height":200,"srcset":"https:\/\/i0.wp.com\/larevistadigital.com.ar\/blog\/wp-content\/uploads\/2017\/02\/camaras_20defebrerode2017_elfuerte.jpg?fit=868%2C574&ssl=1&resize=350%2C200 1x, https:\/\/i0.wp.com\/larevistadigital.com.ar\/blog\/wp-content\/uploads\/2017\/02\/camaras_20defebrerode2017_elfuerte.jpg?fit=868%2C574&ssl=1&resize=525%2C300 1.5x, https:\/\/i0.wp.com\/larevistadigital.com.ar\/blog\/wp-content\/uploads\/2017\/02\/camaras_20defebrerode2017_elfuerte.jpg?fit=868%2C574&ssl=1&resize=700%2C400 2x"},"classes":[]}],"_links":{"self":[{"href":"https:\/\/larevistadigital.com.ar\/blog\/wp-json\/wp\/v2\/posts\/36239","targetHints":{"allow":["GET"]}}],"collection":[{"href":"https:\/\/larevistadigital.com.ar\/blog\/wp-json\/wp\/v2\/posts"}],"about":[{"href":"https:\/\/larevistadigital.com.ar\/blog\/wp-json\/wp\/v2\/types\/post"}],"author":[{"embeddable":true,"href":"https:\/\/larevistadigital.com.ar\/blog\/wp-json\/wp\/v2\/users\/3"}],"replies":[{"embeddable":true,"href":"https:\/\/larevistadigital.com.ar\/blog\/wp-json\/wp\/v2\/comments?post=36239"}],"version-history":[{"count":1,"href":"https:\/\/larevistadigital.com.ar\/blog\/wp-json\/wp\/v2\/posts\/36239\/revisions"}],"predecessor-version":[{"id":36241,"href":"https:\/\/larevistadigital.com.ar\/blog\/wp-json\/wp\/v2\/posts\/36239\/revisions\/36241"}],"wp:featuredmedia":[{"embeddable":true,"href":"https:\/\/larevistadigital.com.ar\/blog\/wp-json\/wp\/v2\/media\/36240"}],"wp:attachment":[{"href":"https:\/\/larevistadigital.com.ar\/blog\/wp-json\/wp\/v2\/media?parent=36239"}],"wp:term":[{"taxonomy":"category","embeddable":true,"href":"https:\/\/larevistadigital.com.ar\/blog\/wp-json\/wp\/v2\/categories?post=36239"},{"taxonomy":"post_tag","embeddable":true,"href":"https:\/\/larevistadigital.com.ar\/blog\/wp-json\/wp\/v2\/tags?post=36239"}],"curies":[{"name":"wp","href":"https:\/\/api.w.org\/{rel}","templated":true}]}}