{"id":36242,"date":"2024-06-05T23:22:58","date_gmt":"2024-06-06T02:22:58","guid":{"rendered":"https:\/\/larevistadigital.com.ar\/blog\/?p=36242"},"modified":"2024-06-05T23:22:58","modified_gmt":"2024-06-06T02:22:58","slug":"charla-informativa-sobre-nuevas-carreras-en-el-centro-universitario-de-chascomus","status":"publish","type":"post","link":"https:\/\/larevistadigital.com.ar\/blog\/charla-informativa-sobre-nuevas-carreras-en-el-centro-universitario-de-chascomus\/","title":{"rendered":"CHARLA INFORMATIVA SOBRE NUEVAS CARRERAS EN EL CENTRO UNIVERSITARIO DE CHASCOM\u00daS"},"content":{"rendered":"<h2 class=\"notaIntro\">El pr\u00f3ximo lunes se brindar\u00e1n detalles sobre las nuevas opciones educativas que ofrecer\u00e1 el Centro Universitario de Chascom\u00fas, pr\u00f3ximo a su inauguraci\u00f3n.<\/h2>\n<p>5 DE JUNIO DE 2024<\/p>\n<p class=\"notaTexto\"><strong>CHASCOM\u00daS &#8211;\u00a0<\/strong> A trav\u00e9s de un convenio entre la Municipalidad de Chascom\u00fas, la Municipalidad de General Paz, el gobierno de la provincia de Buenos Aires y la Universidad Nacional de Quilmes, se incorporar\u00e1n dos nuevas propuestas educativas: la Tecnicatura Universitaria en Producci\u00f3n Digital y la Tecnicatura Universitaria en Gesti\u00f3n de Peque\u00f1as y Medianas Empresas.<\/p>\n<p class=\"notaTexto\">La charla, programada para el pr\u00f3ximo lunes 10 de junio a las 17 horas, se llevar\u00e1 a cabo en el CIC del barrio 30 de Mayo, y all\u00ed se detallar\u00e1 el contenido de ambas carreras, sus requisitos de admisi\u00f3n y sus perspectivas laborales.<br \/>\nLa presentaci\u00f3n estar\u00e1 a cargo de Ignacio del Pizzo, director de la Tecnicatura en Producci\u00f3n Digital; B\u00e1rbara Bilbao, coordinadora del Ciclo Introductorio de la Escuela de Artes; Ezequiel Cannizzaro, director de la Tecnicatura en Gesti\u00f3n PYME, y Santiago Errecalde, coordinador del Ciclo Introductorio del Departamento de Econom\u00eda.<\/p>\n<p class=\"notaTexto\">Estas carreras comenzar\u00e1n a dictarse en el segundo cuatrimestre de este a\u00f1o y se ofrecer\u00e1n de manera conjunta en Chascom\u00fas y General Paz.<\/p>\n","protected":false},"excerpt":{"rendered":"<div class=\"mh-excerpt\"><p>El pr\u00f3ximo lunes se brindar\u00e1n detalles sobre las nuevas opciones educativas que ofrecer\u00e1 el Centro Universitario de Chascom\u00fas, pr\u00f3ximo a su inauguraci\u00f3n. 5 DE JUNIO DE 2024 CHASCOM\u00daS &#8211;\u00a0 A trav\u00e9s de un convenio entre <a class=\"mh-excerpt-more\" href=\"https:\/\/larevistadigital.com.ar\/blog\/charla-informativa-sobre-nuevas-carreras-en-el-centro-universitario-de-chascomus\/\" title=\"CHARLA INFORMATIVA SOBRE NUEVAS CARRERAS EN EL CENTRO UNIVERSITARIO DE CHASCOM\u00daS\">[Leer M\u00e1s]<\/a><\/p>\n<\/div>","protected":false},"author":3,"featured_media":36240,"comment_status":"open","ping_status":"open","sticky":false,"template":"","format":"standard","meta":{"_jetpack_memberships_contains_paid_content":false,"footnotes":"","jetpack_publicize_message":"","jetpack_publicize_feature_enabled":true,"jetpack_social_post_already_shared":true,"jetpack_social_options":{"image_generator_settings":{"template":"highway","default_image_id":0,"font":"","enabled":false},"version":2}},"categories":[6],"tags":[],"class_list":{"0":"post-36242","1":"post","2":"type-post","3":"status-publish","4":"format-standard","5":"has-post-thumbnail","7":"category-chascomus"},"jetpack_publicize_connections":[],"jetpack_featured_media_url":"https:\/\/i0.wp.com\/larevistadigital.com.ar\/blog\/wp-content\/uploads\/2024_06_06_01_03_00_1979507.jpg?fit=600%2C400&ssl=1","jetpack_sharing_enabled":true,"jetpack_shortlink":"https:\/\/wp.me\/p8qtrQ-9qy","jetpack-related-posts":[{"id":36306,"url":"https:\/\/larevistadigital.com.ar\/blog\/despertaron-gran-interes-las-nuevas-carreras-en-el-centro-universitario-de-chascomus\/","url_meta":{"origin":36242,"position":0},"title":"DESPERTARON GRAN INTER\u00c9S LAS NUEVAS CARRERAS EN EL CENTRO UNIVERSITARIO DE CHASCOM\u00daS","author":"Alejandro Sosa Ruda","date":"13 junio, 2024","format":false,"excerpt":"La inscripci\u00f3n para las Tecnicaturas en Producci\u00f3n Digital y en Gesti\u00f3n de Peque\u00f1as y Medianas Empresas permanecer\u00e1 abierta hasta el 21 de junio. 13 de junio de 2024 CHASCOM\u00daS -\u00a0 Representantes acad\u00e9micos y autoridades municipales brindaron una charla informativa sobre las nuevas opciones educativas que se implementar\u00e1n en el Centro\u2026","rel":"","context":"En \u00abINTERES GENERAL\u00bb","block_context":{"text":"INTERES GENERAL","link":"https:\/\/larevistadigital.com.ar\/blog\/category\/interes-general\/"},"img":{"alt_text":"","src":"https:\/\/i0.wp.com\/larevistadigital.com.ar\/blog\/wp-content\/uploads\/2024_06_12_01_35_49_1134899.jpg?fit=600%2C400&ssl=1&resize=350%2C200","width":350,"height":200,"srcset":"https:\/\/i0.wp.com\/larevistadigital.com.ar\/blog\/wp-content\/uploads\/2024_06_12_01_35_49_1134899.jpg?fit=600%2C400&ssl=1&resize=350%2C200 1x, https:\/\/i0.wp.com\/larevistadigital.com.ar\/blog\/wp-content\/uploads\/2024_06_12_01_35_49_1134899.jpg?fit=600%2C400&ssl=1&resize=525%2C300 1.5x"},"classes":[]},{"id":44319,"url":"https:\/\/larevistadigital.com.ar\/blog\/chascomus-ofrece-diversas-opciones-de-estudios-superiores-gratuitos\/","url_meta":{"origin":36242,"position":1},"title":"Chascom\u00fas ofrece diversas opciones de estudios superiores gratuitos","author":"Alejandro Sosa Ruda","date":"5 marzo, 2026","format":false,"excerpt":"Instituciones p\u00fablicas brindan carreras t\u00e9cnicas, docentes, art\u00edsticas y universitarias para continuar la formaci\u00f3n sin necesidad de trasladarse a otra ciudad. 05 De Marzo de 2026 CHASCOM\u00daS -\u00a0 \u00a0Quienes finalizan sus estudios secundarios en Chascom\u00fas cuentan con una amplia oferta para la educaci\u00f3n universitaria y superior en la propia ciudad. Diversas\u2026","rel":"","context":"En \u00abCHASCOM\u00daS\u00bb","block_context":{"text":"CHASCOM\u00daS","link":"https:\/\/larevistadigital.com.ar\/blog\/category\/chascomus\/"},"img":{"alt_text":"","src":"https:\/\/i0.wp.com\/larevistadigital.com.ar\/blog\/wp-content\/uploads\/69a8790201c35.png?fit=668%2C445&ssl=1&resize=350%2C200","width":350,"height":200,"srcset":"https:\/\/i0.wp.com\/larevistadigital.com.ar\/blog\/wp-content\/uploads\/69a8790201c35.png?fit=668%2C445&ssl=1&resize=350%2C200 1x, https:\/\/i0.wp.com\/larevistadigital.com.ar\/blog\/wp-content\/uploads\/69a8790201c35.png?fit=668%2C445&ssl=1&resize=525%2C300 1.5x"},"classes":[]},{"id":38860,"url":"https:\/\/larevistadigital.com.ar\/blog\/cuch-una-oportunidad-para-los-chascomunenses\/","url_meta":{"origin":36242,"position":2},"title":"CUCh: una oportunidad para los chascomunenses","author":"Alejandro Sosa Ruda","date":"27 febrero, 2025","format":false,"excerpt":"EL Centro Universitario Chascom\u00fas brinda la posibilidad de continuar estudiando sin necesidad de migrar 27 De Febrero de 2025 CHASCOM\u00daS -\u00a0 Las pol\u00edticas p\u00fablicas en educaci\u00f3n son una de las principales herramientas con la que cuentan los Estados para igualar en derechos y en oportunidades de progreso. En este sentido,\u2026","rel":"","context":"En \u00abCHASCOM\u00daS\u00bb","block_context":{"text":"CHASCOM\u00daS","link":"https:\/\/larevistadigital.com.ar\/blog\/category\/chascomus\/"},"img":{"alt_text":"","src":"https:\/\/i0.wp.com\/larevistadigital.com.ar\/blog\/wp-content\/uploads\/67bcb0e86a85e.png?fit=668%2C445&ssl=1&resize=350%2C200","width":350,"height":200,"srcset":"https:\/\/i0.wp.com\/larevistadigital.com.ar\/blog\/wp-content\/uploads\/67bcb0e86a85e.png?fit=668%2C445&ssl=1&resize=350%2C200 1x, https:\/\/i0.wp.com\/larevistadigital.com.ar\/blog\/wp-content\/uploads\/67bcb0e86a85e.png?fit=668%2C445&ssl=1&resize=525%2C300 1.5x"},"classes":[]},{"id":38826,"url":"https:\/\/larevistadigital.com.ar\/blog\/chascomus-oferta-educativa-universitaria\/","url_meta":{"origin":36242,"position":3},"title":"Chascom\u00fas: Oferta educativa universitaria","author":"Alejandro Sosa Ruda","date":"24 febrero, 2025","format":false,"excerpt":"Se ampl\u00edan las posibilidades de continuar estudiando sin necesidad de migrar 24 de Febrero de 2025 CHASCOM\u00daS -\u00a0 \u00a0A partir de la inauguraci\u00f3n del Centro Universitario local, se ampli\u00f3 la oferta acad\u00e9mica terciaria y universitaria en nuestra ciudad. Esta pol\u00edtica de la Municipalidad de Chascom\u00fas, tiene como fin igualar las\u2026","rel":"","context":"En \u00abINTERES GENERAL\u00bb","block_context":{"text":"INTERES GENERAL","link":"https:\/\/larevistadigital.com.ar\/blog\/category\/interes-general\/"},"img":{"alt_text":"","src":"https:\/\/i0.wp.com\/larevistadigital.com.ar\/blog\/wp-content\/uploads\/67bcb0e86a85e.png?fit=668%2C445&ssl=1&resize=350%2C200","width":350,"height":200,"srcset":"https:\/\/i0.wp.com\/larevistadigital.com.ar\/blog\/wp-content\/uploads\/67bcb0e86a85e.png?fit=668%2C445&ssl=1&resize=350%2C200 1x, https:\/\/i0.wp.com\/larevistadigital.com.ar\/blog\/wp-content\/uploads\/67bcb0e86a85e.png?fit=668%2C445&ssl=1&resize=525%2C300 1.5x"},"classes":[]},{"id":37651,"url":"https:\/\/larevistadigital.com.ar\/blog\/nuevas-carreras-universitarias-en-el-centro-universitario-de-chascomus\/","url_meta":{"origin":36242,"position":4},"title":"Nuevas carreras universitarias en el Centro Universitario de Chascom\u00fas","author":"Alejandro Sosa Ruda","date":"30 octubre, 2024","format":false,"excerpt":"Las mismas tienen como destinatarios a docentes de escuelas t\u00e9cnicas de la Provincia de Buenos Aires. 30 de octubre de 2024 CHASCOM\u00daS -\u00a0 En el d\u00eda de ayer se present\u00f3 y dio inicio a la Diplomatura en Agrobiotecnolog\u00eda que se ofrece con instancias de presencialidad en el Instituto Tecnol\u00f3gico Chascom\u00fas\u2026","rel":"","context":"En \u00abINTERES GENERAL\u00bb","block_context":{"text":"INTERES GENERAL","link":"https:\/\/larevistadigital.com.ar\/blog\/category\/interes-general\/"},"img":{"alt_text":"","src":"https:\/\/i0.wp.com\/larevistadigital.com.ar\/blog\/wp-content\/uploads\/6722736e2b6c3.png?fit=668%2C445&ssl=1&resize=350%2C200","width":350,"height":200,"srcset":"https:\/\/i0.wp.com\/larevistadigital.com.ar\/blog\/wp-content\/uploads\/6722736e2b6c3.png?fit=668%2C445&ssl=1&resize=350%2C200 1x, https:\/\/i0.wp.com\/larevistadigital.com.ar\/blog\/wp-content\/uploads\/6722736e2b6c3.png?fit=668%2C445&ssl=1&resize=525%2C300 1.5x"},"classes":[]},{"id":17344,"url":"https:\/\/larevistadigital.com.ar\/blog\/que-carreras-universitarias-y-terciarias-pueden-cursarse-en-dolores-la-costa-y-pinamar-en-2021\/","url_meta":{"origin":36242,"position":5},"title":"QUE CARRERAS UNIVERSITARIAS Y TERCIARIAS PUEDEN CURSARSE EN DOLORES, LA COSTA Y PINAMAR EN 2021","author":"Alejandro Sosa Ruda","date":"30 octubre, 2020","format":false,"excerpt":"En todos los casos se ofrecen opciones con amplia salida laboral. Reproducimos una interesante rese\u00f1a escrita por Milagros Nimer para el portal entrel\u00edneas.info El Partido de La Costa, Dolores y Pinamar\u00a0se consolidan cada vez m\u00e1s como\u00a0polos educativos regionales.\u00a0En los tres casos ofrecen\u00a0opciones universitarias y terciarias,\u00a0aranceladas y gratuitas con carreras vinculadas\u2026","rel":"","context":"En \u00abREGIONALES\u00bb","block_context":{"text":"REGIONALES","link":"https:\/\/larevistadigital.com.ar\/blog\/category\/regionales\/"},"img":{"alt_text":"","src":"https:\/\/i0.wp.com\/larevistadigital.com.ar\/blog\/wp-content\/uploads\/577bb4b599259.jpg?fit=1140%2C760&ssl=1&resize=350%2C200","width":350,"height":200,"srcset":"https:\/\/i0.wp.com\/larevistadigital.com.ar\/blog\/wp-content\/uploads\/577bb4b599259.jpg?fit=1140%2C760&ssl=1&resize=350%2C200 1x, https:\/\/i0.wp.com\/larevistadigital.com.ar\/blog\/wp-content\/uploads\/577bb4b599259.jpg?fit=1140%2C760&ssl=1&resize=525%2C300 1.5x, https:\/\/i0.wp.com\/larevistadigital.com.ar\/blog\/wp-content\/uploads\/577bb4b599259.jpg?fit=1140%2C760&ssl=1&resize=700%2C400 2x, https:\/\/i0.wp.com\/larevistadigital.com.ar\/blog\/wp-content\/uploads\/577bb4b599259.jpg?fit=1140%2C760&ssl=1&resize=1050%2C600 3x"},"classes":[]}],"_links":{"self":[{"href":"https:\/\/larevistadigital.com.ar\/blog\/wp-json\/wp\/v2\/posts\/36242","targetHints":{"allow":["GET"]}}],"collection":[{"href":"https:\/\/larevistadigital.com.ar\/blog\/wp-json\/wp\/v2\/posts"}],"about":[{"href":"https:\/\/larevistadigital.com.ar\/blog\/wp-json\/wp\/v2\/types\/post"}],"author":[{"embeddable":true,"href":"https:\/\/larevistadigital.com.ar\/blog\/wp-json\/wp\/v2\/users\/3"}],"replies":[{"embeddable":true,"href":"https:\/\/larevistadigital.com.ar\/blog\/wp-json\/wp\/v2\/comments?post=36242"}],"version-history":[{"count":1,"href":"https:\/\/larevistadigital.com.ar\/blog\/wp-json\/wp\/v2\/posts\/36242\/revisions"}],"predecessor-version":[{"id":36243,"href":"https:\/\/larevistadigital.com.ar\/blog\/wp-json\/wp\/v2\/posts\/36242\/revisions\/36243"}],"wp:featuredmedia":[{"embeddable":true,"href":"https:\/\/larevistadigital.com.ar\/blog\/wp-json\/wp\/v2\/media\/36240"}],"wp:attachment":[{"href":"https:\/\/larevistadigital.com.ar\/blog\/wp-json\/wp\/v2\/media?parent=36242"}],"wp:term":[{"taxonomy":"category","embeddable":true,"href":"https:\/\/larevistadigital.com.ar\/blog\/wp-json\/wp\/v2\/categories?post=36242"},{"taxonomy":"post_tag","embeddable":true,"href":"https:\/\/larevistadigital.com.ar\/blog\/wp-json\/wp\/v2\/tags?post=36242"}],"curies":[{"name":"wp","href":"https:\/\/api.w.org\/{rel}","templated":true}]}}