{"id":36244,"date":"2024-06-05T23:34:34","date_gmt":"2024-06-06T02:34:34","guid":{"rendered":"https:\/\/larevistadigital.com.ar\/blog\/?p=36244"},"modified":"2024-06-05T23:34:34","modified_gmt":"2024-06-06T02:34:34","slug":"de-terror-con-la-quita-de-los-subsidios-la-luz-y-el-gas-aumentarian-mas-de-un-150","status":"publish","type":"post","link":"https:\/\/larevistadigital.com.ar\/blog\/de-terror-con-la-quita-de-los-subsidios-la-luz-y-el-gas-aumentarian-mas-de-un-150\/","title":{"rendered":"DE TERROR: CON LA QUITA DE LOS SUBSIDIOS LA LUZ Y EL GAS AUMENTAR\u00cdAN M\u00c1S DE UN 150%"},"content":{"rendered":"<h2 class=\"fparrafo ctext fz18 lh25\">El Gobierno de Javier Milei oficializ\u00f3 este mi\u00e9rcoles los detalles de la quita de subsidios a las tarifas de energ\u00eda que comenzar\u00e1 a regir en junio como parte de la transici\u00f3n hacia un nuevo esquema de asistencia. Todos los usuarios, pero sobre todo los residenciales de ingresos medios y bajos, pagar\u00e1n m\u00e1s caro por la luz y el gas que utilicen, pero tambi\u00e9n tendr\u00e1n nuevos topes de consumo subsidiado m\u00e1s bajos.<\/h2>\n<p>5 de Junio de 2024<\/p>\n<p>El Gobierno de <strong>Javier Milei<\/strong> anunci\u00f3 oficialmente este martes los detalles de la eliminaci\u00f3n de subsidios a las tarifas de energ\u00eda, que entrar\u00e1 en vigencia en este mes de junio, como parte de un nuevo esquema de asistencia.<\/p>\n<blockquote>\n<h3>Esto significa que los usuarios, especialmente los residenciales de ingresos medios y bajos, es decir, la clase media, ver\u00e1n aumentos significativos en sus facturas de luz y gas, junto con nuevos l\u00edmites de consumo subsidiado m\u00e1s bajos.<\/h3>\n<\/blockquote>\n<p>Seg\u00fan estimaciones preliminares que reportan economistas, se espera que los usuarios residenciales enfrenten aumentos que podr\u00edan superar el 155% en las tarifas de electricidad. En cuanto al gas, se esperan incrementos m\u00e1s moderados, de hasta un 30% en comparaci\u00f3n con las facturas anteriores.<\/p>\n<p>Es importante tener en cuenta que, debido a la segmentaci\u00f3n actual de los subsidios, existen tres categor\u00edas de hogares: ingresos altos (N1), ingresos bajos (N2) e ingresos medios (N3). Los hogares N2 y N3 solo cubren una peque\u00f1a parte de los costos de la energ\u00eda consumida, que incluye no solo el costo de la energ\u00eda en s\u00ed, sino tambi\u00e9n el transporte, la distribuci\u00f3n y los impuestos.<\/p>\n<blockquote>\n<h3>Seg\u00fan la Resoluci\u00f3n 92\/2024 de la Secretar\u00eda de Energ\u00eda, el Precio Estacional de la Energ\u00eda (PEST) para el per\u00edodo mayo-octubre se estableci\u00f3 en $71.411 por megavatio hora (MWh).<\/h3>\n<\/blockquote>\n<p>En tanto los hogares N1, as\u00ed como los comercios e industrias, pagar\u00e1n $57.214 por MWh. Para los hogares N2 tendr\u00e1n un descuento del 71,9% y los N3 del 55,9% sobre este precio en sus facturas. Estos dos \u00faltimos segmentos anteriormente pagaban solo el 4% y el 3%, respectivamente, del valor vigente hasta abril.\u00a0<b>(InfoGEI)Ac<\/b><\/p>\n","protected":false},"excerpt":{"rendered":"<div class=\"mh-excerpt\"><p>El Gobierno de Javier Milei oficializ\u00f3 este mi\u00e9rcoles los detalles de la quita de subsidios a las tarifas de energ\u00eda que comenzar\u00e1 a regir en junio como parte de la transici\u00f3n hacia un nuevo esquema <a class=\"mh-excerpt-more\" href=\"https:\/\/larevistadigital.com.ar\/blog\/de-terror-con-la-quita-de-los-subsidios-la-luz-y-el-gas-aumentarian-mas-de-un-150\/\" title=\"DE TERROR: CON LA QUITA DE LOS SUBSIDIOS LA LUZ Y EL GAS AUMENTAR\u00cdAN M\u00c1S DE UN 150%\">[Leer M\u00e1s]<\/a><\/p>\n<\/div>","protected":false},"author":3,"featured_media":36245,"comment_status":"open","ping_status":"open","sticky":false,"template":"","format":"standard","meta":{"_jetpack_memberships_contains_paid_content":false,"footnotes":"","jetpack_publicize_message":"","jetpack_publicize_feature_enabled":true,"jetpack_social_post_already_shared":true,"jetpack_social_options":{"image_generator_settings":{"template":"highway","default_image_id":0,"font":"","enabled":false},"version":2}},"categories":[50],"tags":[],"class_list":{"0":"post-36244","1":"post","2":"type-post","3":"status-publish","4":"format-standard","5":"has-post-thumbnail","7":"category-interes-general"},"jetpack_publicize_connections":[],"jetpack_featured_media_url":"https:\/\/i0.wp.com\/larevistadigital.com.ar\/blog\/wp-content\/uploads\/20240605175338_subsidios-tarifas-gas-luz.jpg?fit=880%2C512&ssl=1","jetpack_sharing_enabled":true,"jetpack_shortlink":"https:\/\/wp.me\/p8qtrQ-9qA","jetpack-related-posts":[{"id":36309,"url":"https:\/\/larevistadigital.com.ar\/blog\/quita-de-subsidios-a-los-servicios-publicos\/","url_meta":{"origin":36244,"position":0},"title":"QUITA DE SUBSIDIOS A LOS SERVICIOS P\u00daBLICOS","author":"Alejandro Sosa Ruda","date":"13 junio, 2024","format":false,"excerpt":"En sesenta d\u00edas vence el plazo para la inscripci\u00f3n en el registro de segmentaci\u00f3n energ\u00e9tica. 13 de Junio de 2024 CHASCOM\u00daS -\u00a0 Desde la oficina de OMIC informan que la Secretar\u00eda de Energ\u00eda de la Naci\u00f3n modific\u00f3 el Sistema de Subsidios a la energ\u00eda y el valor de consumo. Deber\u00e1n\u2026","rel":"","context":"En \u00abINTERES GENERAL\u00bb","block_context":{"text":"INTERES GENERAL","link":"https:\/\/larevistadigital.com.ar\/blog\/category\/interes-general\/"},"img":{"alt_text":"","src":"https:\/\/i0.wp.com\/larevistadigital.com.ar\/blog\/wp-content\/uploads\/2024_06_12_01_38_22_5964752.jpg?fit=600%2C400&ssl=1&resize=350%2C200","width":350,"height":200,"srcset":"https:\/\/i0.wp.com\/larevistadigital.com.ar\/blog\/wp-content\/uploads\/2024_06_12_01_38_22_5964752.jpg?fit=600%2C400&ssl=1&resize=350%2C200 1x, https:\/\/i0.wp.com\/larevistadigital.com.ar\/blog\/wp-content\/uploads\/2024_06_12_01_38_22_5964752.jpg?fit=600%2C400&ssl=1&resize=525%2C300 1.5x"},"classes":[]},{"id":43504,"url":"https:\/\/larevistadigital.com.ar\/blog\/luz-y-gas-mas-caros-el-gobierno-ajusto-los-subsidios\/","url_meta":{"origin":36244,"position":1},"title":"Luz y gas m\u00e1s caros: el Gobierno ajust\u00f3 los subsidios","author":"Alejandro Sosa Ruda","date":"20 enero, 2026","format":false,"excerpt":"El Gobierno redefini\u00f3 nuevas reglas para los subsidios energ\u00e9ticos: hogares y pymes enfrentar\u00e1n tarifas m\u00e1s altas si no cumplen los criterios oficiales. 20 de enero de 2026 El Gobierno nacional avanz\u00f3 con la implementaci\u00f3n del Registro de Subsidios Energ\u00e9ticos Focalizados (ReSEF), el nuevo sistema que reemplaza la segmentaci\u00f3n tarifaria previa\u2026","rel":"","context":"En \u00abINTERES GENERAL\u00bb","block_context":{"text":"INTERES GENERAL","link":"https:\/\/larevistadigital.com.ar\/blog\/category\/interes-general\/"},"img":{"alt_text":"","src":"https:\/\/i0.wp.com\/larevistadigital.com.ar\/blog\/wp-content\/uploads\/Captura-de-pantalla-2026-01-20-194844.jpg?fit=782%2C452&ssl=1&resize=350%2C200","width":350,"height":200,"srcset":"https:\/\/i0.wp.com\/larevistadigital.com.ar\/blog\/wp-content\/uploads\/Captura-de-pantalla-2026-01-20-194844.jpg?fit=782%2C452&ssl=1&resize=350%2C200 1x, https:\/\/i0.wp.com\/larevistadigital.com.ar\/blog\/wp-content\/uploads\/Captura-de-pantalla-2026-01-20-194844.jpg?fit=782%2C452&ssl=1&resize=525%2C300 1.5x, https:\/\/i0.wp.com\/larevistadigital.com.ar\/blog\/wp-content\/uploads\/Captura-de-pantalla-2026-01-20-194844.jpg?fit=782%2C452&ssl=1&resize=700%2C400 2x"},"classes":[]},{"id":26032,"url":"https:\/\/larevistadigital.com.ar\/blog\/te-informamos-como-sera-el-tramite-obligatorio-para-mantener-el-subsidio-en-la-luz-y-el-gas\/","url_meta":{"origin":36244,"position":2},"title":"TE INFORMAMOS C\u00d3MO SER\u00c1 EL TR\u00c1MITE OBLIGATORIO PARA MANTENER EL SUBSIDIO EN LA LUZ Y EL GAS","author":"Alejandro Sosa Ruda","date":"22 junio, 2022","format":false,"excerpt":"El gobierno nacional busca habilitar esta semana el Registro de Acceso a los Subsidios a la Energ\u00eda (RASE). La inscripci\u00f3n no excluir\u00e1 a quienes reciben prestaciones sociales ni a jubilados y pensionados. El gobierno nacional busca habilitar esta semana el\u00a0Registro de Acceso a los Subsidios a la Energ\u00eda (RASE), en\u2026","rel":"","context":"En \u00abINTERES GENERAL\u00bb","block_context":{"text":"INTERES GENERAL","link":"https:\/\/larevistadigital.com.ar\/blog\/category\/interes-general\/"},"img":{"alt_text":"","src":"https:\/\/i0.wp.com\/larevistadigital.com.ar\/blog\/wp-content\/uploads\/d801ce80351230eb46b161a56db3ac181d821e7e.jpg?fit=1140%2C641&ssl=1&resize=350%2C200","width":350,"height":200,"srcset":"https:\/\/i0.wp.com\/larevistadigital.com.ar\/blog\/wp-content\/uploads\/d801ce80351230eb46b161a56db3ac181d821e7e.jpg?fit=1140%2C641&ssl=1&resize=350%2C200 1x, https:\/\/i0.wp.com\/larevistadigital.com.ar\/blog\/wp-content\/uploads\/d801ce80351230eb46b161a56db3ac181d821e7e.jpg?fit=1140%2C641&ssl=1&resize=525%2C300 1.5x, https:\/\/i0.wp.com\/larevistadigital.com.ar\/blog\/wp-content\/uploads\/d801ce80351230eb46b161a56db3ac181d821e7e.jpg?fit=1140%2C641&ssl=1&resize=700%2C400 2x, https:\/\/i0.wp.com\/larevistadigital.com.ar\/blog\/wp-content\/uploads\/d801ce80351230eb46b161a56db3ac181d821e7e.jpg?fit=1140%2C641&ssl=1&resize=1050%2C600 3x"},"classes":[]},{"id":26914,"url":"https:\/\/larevistadigital.com.ar\/blog\/desde-hoy-rigen-los-nuevos-cuadros-tarifarios-para-luz-y-gas-natural\/","url_meta":{"origin":36244,"position":3},"title":"DESDE HOY RIGEN LOS NUEVOS CUADROS TARIFARIOS PARA LUZ Y GAS NATURAL","author":"Alejandro Sosa Ruda","date":"1 agosto, 2022","format":false,"excerpt":"Los nuevos cuadros tarifarios para los servicios de distribuci\u00f3n de energ\u00eda el\u00e9ctrica y gas natural comenzar\u00e1n a regir a partir de este lunes. Los incrementos solamente ser\u00e1n aplicados a los usuarios del nivel 1, de mayores ingresos, y a aquellos que no hayan completado el formulario de inscripci\u00f3n al Registro\u2026","rel":"","context":"En \u00abECONOMIA\u00bb","block_context":{"text":"ECONOMIA","link":"https:\/\/larevistadigital.com.ar\/blog\/category\/economia\/"},"img":{"alt_text":"","src":"https:\/\/i0.wp.com\/larevistadigital.com.ar\/blog\/wp-content\/uploads\/20220731171719_subsidios-tarifas-gas-luz.jpg?fit=880%2C512&ssl=1&resize=350%2C200","width":350,"height":200,"srcset":"https:\/\/i0.wp.com\/larevistadigital.com.ar\/blog\/wp-content\/uploads\/20220731171719_subsidios-tarifas-gas-luz.jpg?fit=880%2C512&ssl=1&resize=350%2C200 1x, https:\/\/i0.wp.com\/larevistadigital.com.ar\/blog\/wp-content\/uploads\/20220731171719_subsidios-tarifas-gas-luz.jpg?fit=880%2C512&ssl=1&resize=525%2C300 1.5x, https:\/\/i0.wp.com\/larevistadigital.com.ar\/blog\/wp-content\/uploads\/20220731171719_subsidios-tarifas-gas-luz.jpg?fit=880%2C512&ssl=1&resize=700%2C400 2x"},"classes":[]},{"id":26918,"url":"https:\/\/larevistadigital.com.ar\/blog\/extienden-el-plazo-de-inscripcion-a-los-subsidios-de-la-luz-y-el-gas\/","url_meta":{"origin":36244,"position":4},"title":"EXTIENDEN EL PLAZO DE INSCRIPCI\u00d3N A LOS SUBSIDIOS DE LA LUZ Y EL GAS","author":"Alejandro Sosa Ruda","date":"1 agosto, 2022","format":false,"excerpt":"El formulario de inscripci\u00f3n va a permanecer abierto para todas aquellas personas que a\u00fan no se hayan inscripto, independientemente del n\u00famero de DNI. La Secretar\u00eda de Energ\u00eda extendi\u00f3 a partir de\u00a0este lunes el plazo del proceso de inscripci\u00f3n para acceder a los\u00a0subsidios a la energ\u00eda el\u00e9ctrica y al gas natural\u00a0que\u2026","rel":"","context":"En \u00abINTERES GENERAL\u00bb","block_context":{"text":"INTERES GENERAL","link":"https:\/\/larevistadigital.com.ar\/blog\/category\/interes-general\/"},"img":{"alt_text":"","src":"https:\/\/i0.wp.com\/larevistadigital.com.ar\/blog\/wp-content\/uploads\/Captura-de-pantalla-2022-08-01-095035.png?fit=811%2C455&ssl=1&resize=350%2C200","width":350,"height":200,"srcset":"https:\/\/i0.wp.com\/larevistadigital.com.ar\/blog\/wp-content\/uploads\/Captura-de-pantalla-2022-08-01-095035.png?fit=811%2C455&ssl=1&resize=350%2C200 1x, https:\/\/i0.wp.com\/larevistadigital.com.ar\/blog\/wp-content\/uploads\/Captura-de-pantalla-2022-08-01-095035.png?fit=811%2C455&ssl=1&resize=525%2C300 1.5x, https:\/\/i0.wp.com\/larevistadigital.com.ar\/blog\/wp-content\/uploads\/Captura-de-pantalla-2022-08-01-095035.png?fit=811%2C455&ssl=1&resize=700%2C400 2x"},"classes":[]},{"id":26336,"url":"https:\/\/larevistadigital.com.ar\/blog\/el-chascomunense-santiago-lopez-osornio-renuncio-al-cargo-que-ejercia-en-el-equipo-de-guzman-en-el-gobierno-nacional\/","url_meta":{"origin":36244,"position":5},"title":"EL CHASCOMUNENSE SANTIAGO L\u00d3PEZ OSORNIO RENUNCI\u00d3 AL CARGO QUE EJERC\u00cdA EN EL EQUIPO DE GUZM\u00c1N EN EL GOBIERNO NACIONAL","author":"Alejandro Sosa Ruda","date":"5 julio, 2022","format":false,"excerpt":"Era el subsecretario de Planeamiento Estrat\u00e9gico de la secretar\u00eda de Energ\u00eda. Es la persona que dise\u00f1\u00f3 el esquema y el formulario del Registro de Acceso a los Subsidios a la Energ\u00eda (RASE) que no se implement\u00f3 hasta el momento. Luego de la renuncia de Mart\u00edn Guzm\u00e1n al Ministerio de Econom\u00eda\u2026","rel":"","context":"En \u00abECONOMIA\u00bb","block_context":{"text":"ECONOMIA","link":"https:\/\/larevistadigital.com.ar\/blog\/category\/economia\/"},"img":{"alt_text":"","src":"https:\/\/i0.wp.com\/larevistadigital.com.ar\/blog\/wp-content\/uploads\/LOPEZ-OSORNIO.png?fit=702%2C393&ssl=1&resize=350%2C200","width":350,"height":200,"srcset":"https:\/\/i0.wp.com\/larevistadigital.com.ar\/blog\/wp-content\/uploads\/LOPEZ-OSORNIO.png?fit=702%2C393&ssl=1&resize=350%2C200 1x, https:\/\/i0.wp.com\/larevistadigital.com.ar\/blog\/wp-content\/uploads\/LOPEZ-OSORNIO.png?fit=702%2C393&ssl=1&resize=525%2C300 1.5x, https:\/\/i0.wp.com\/larevistadigital.com.ar\/blog\/wp-content\/uploads\/LOPEZ-OSORNIO.png?fit=702%2C393&ssl=1&resize=700%2C400 2x"},"classes":[]}],"_links":{"self":[{"href":"https:\/\/larevistadigital.com.ar\/blog\/wp-json\/wp\/v2\/posts\/36244","targetHints":{"allow":["GET"]}}],"collection":[{"href":"https:\/\/larevistadigital.com.ar\/blog\/wp-json\/wp\/v2\/posts"}],"about":[{"href":"https:\/\/larevistadigital.com.ar\/blog\/wp-json\/wp\/v2\/types\/post"}],"author":[{"embeddable":true,"href":"https:\/\/larevistadigital.com.ar\/blog\/wp-json\/wp\/v2\/users\/3"}],"replies":[{"embeddable":true,"href":"https:\/\/larevistadigital.com.ar\/blog\/wp-json\/wp\/v2\/comments?post=36244"}],"version-history":[{"count":1,"href":"https:\/\/larevistadigital.com.ar\/blog\/wp-json\/wp\/v2\/posts\/36244\/revisions"}],"predecessor-version":[{"id":36246,"href":"https:\/\/larevistadigital.com.ar\/blog\/wp-json\/wp\/v2\/posts\/36244\/revisions\/36246"}],"wp:featuredmedia":[{"embeddable":true,"href":"https:\/\/larevistadigital.com.ar\/blog\/wp-json\/wp\/v2\/media\/36245"}],"wp:attachment":[{"href":"https:\/\/larevistadigital.com.ar\/blog\/wp-json\/wp\/v2\/media?parent=36244"}],"wp:term":[{"taxonomy":"category","embeddable":true,"href":"https:\/\/larevistadigital.com.ar\/blog\/wp-json\/wp\/v2\/categories?post=36244"},{"taxonomy":"post_tag","embeddable":true,"href":"https:\/\/larevistadigital.com.ar\/blog\/wp-json\/wp\/v2\/tags?post=36244"}],"curies":[{"name":"wp","href":"https:\/\/api.w.org\/{rel}","templated":true}]}}