{"id":36247,"date":"2024-06-05T23:40:45","date_gmt":"2024-06-06T02:40:45","guid":{"rendered":"https:\/\/larevistadigital.com.ar\/blog\/?p=36247"},"modified":"2024-06-05T23:40:45","modified_gmt":"2024-06-06T02:40:45","slug":"protestas-en-tandil-por-la-urbanizavcion-de-las-sierras","status":"publish","type":"post","link":"https:\/\/larevistadigital.com.ar\/blog\/protestas-en-tandil-por-la-urbanizavcion-de-las-sierras\/","title":{"rendered":"PROTESTAS EN TANDIL POR LA URBANIZAVCI\u00d3N DE LAS SIERRAS"},"content":{"rendered":"<h2 class=\"fparrafo ctext fz18 lh25\">La especulaci\u00f3n inmobiliaria, tolerada por la acci\u00f3n o inacci\u00f3n de las autoridades, no s\u00f3lo urbaniza las Sierras, lo cual debe evitarse por razones ambientales, urban\u00edsticas y normativas.<\/h2>\n<p>5 de junio de 2024<\/p>\n<p><strong>TANDIL &#8211;\u00a0 <\/strong>La especulaci\u00f3n inmobiliaria, facilitada por la inacci\u00f3n o consentimiento de las autoridades, no solo lleva a la urbanizaci\u00f3n de las Sierras, lo cual debe evitarse por razones ambientales, urban\u00edsticas y normativas, sino que tambi\u00e9n promueve un marketing enga\u00f1oso, se\u00f1alan desde la \u201cAsamblea ciudadana en defensa de las Sierras de Tandil\u201d.<\/p>\n<blockquote>\n<h3>En una nota publicada en La Voz de Tandil, voceros de la Asamblea agregan que una verdadera pr\u00e1ctica ecol\u00f3gica, implica urbanizar en \u00e1reas adecuadas, donde ya existen o se planifica la provisi\u00f3n de servicios b\u00e1sicos como saneamiento y agua potable, y donde el impacto ambiental es menor.<\/h3>\n<\/blockquote>\n<p>Asimismo, la asamblea vecinal tandilense se\u00f1ala que es importante reconocer que el \u00abpaisaje\u00bb, \u00abel ambiente\u00bb y \u00abla ecolog\u00eda\u00bb no son recursos a disposici\u00f3n de unos pocos, y promoverlos como caracter\u00edsticas de una propiedad mientras se destruyen, es hip\u00f3crita. Incluir medidas como la separaci\u00f3n de residuos en origen en el marketing no convierte a una urbanizaci\u00f3n en las Sierras en ecol\u00f3gica; estas medidas deber\u00edan aplicarse en todas las \u00e1reas urbanas.<\/p>\n<blockquote>\n<h3>Urbanizar las Sierras no significa calidad ambiental, sino m\u00e1s bien destrucci\u00f3n y degradaci\u00f3n de su entorno, as\u00ed como del resto del partido. Implica la p\u00e9rdida de paisajes, h\u00e1bitats naturales, biodiversidad, manantiales y \u00e1reas de recarga del acu\u00edfero que abastece a Tandil, y aumenta el riesgo de contaminaci\u00f3n con efluentes cloacales, lo que puede provocar inundaciones en otras partes de la ciudad.<\/h3>\n<\/blockquote>\n<p>La construcci\u00f3n en las Sierras genera una serie de problemas graves, y aquellos que deciden establecerse en la \u00abtranquilidad serrana\u00bb son los mismos que luego demandan servicios como caminos, transporte p\u00fablico y seguridad, lo que aumenta los costos para el erario p\u00fablico. Al final, queda menos naturaleza, servicios m\u00e1s costosos para todos y mayor riesgo de inundaciones.<\/p>\n<blockquote>\n<h3>La ONG sostiene que \u201cconstruir sobre las Sierras no es un avance ni mejora la calidad ambiental, sino que la destruye. Es un robo a las generaciones futuras.<\/h3>\n<\/blockquote>\n<p>Por \u00faltimo, en el D\u00eda Internacional del Medio Ambiente el 5 de junio. la Asamblea ciudadana en defensa de las Sierras de Tandil pregunta: \u00bfD\u00f3nde est\u00e1n las autoridades y qu\u00e9 est\u00e1n haciendo al respecto? \u00bfC\u00f3mo pueden hablar de calidad ambiental si no protegen las Sierras y el agua?\u00a0<b>(InfoGEI)Ac<\/b><\/p>\n","protected":false},"excerpt":{"rendered":"<div class=\"mh-excerpt\"><p>La especulaci\u00f3n inmobiliaria, tolerada por la acci\u00f3n o inacci\u00f3n de las autoridades, no s\u00f3lo urbaniza las Sierras, lo cual debe evitarse por razones ambientales, urban\u00edsticas y normativas. 5 de junio de 2024 TANDIL &#8211;\u00a0 La <a class=\"mh-excerpt-more\" href=\"https:\/\/larevistadigital.com.ar\/blog\/protestas-en-tandil-por-la-urbanizavcion-de-las-sierras\/\" title=\"PROTESTAS EN TANDIL POR LA URBANIZAVCI\u00d3N DE LAS SIERRAS\">[Leer M\u00e1s]<\/a><\/p>\n<\/div>","protected":false},"author":3,"featured_media":36248,"comment_status":"open","ping_status":"open","sticky":false,"template":"","format":"standard","meta":{"_jetpack_memberships_contains_paid_content":false,"footnotes":"","jetpack_publicize_message":"","jetpack_publicize_feature_enabled":true,"jetpack_social_post_already_shared":true,"jetpack_social_options":{"image_generator_settings":{"template":"highway","default_image_id":0,"font":"","enabled":false},"version":2}},"categories":[51],"tags":[],"class_list":{"0":"post-36247","1":"post","2":"type-post","3":"status-publish","4":"format-standard","5":"has-post-thumbnail","7":"category-regionales"},"jetpack_publicize_connections":[],"jetpack_featured_media_url":"https:\/\/i0.wp.com\/larevistadigital.com.ar\/blog\/wp-content\/uploads\/20240605154243_tandil-construccion-sierras.jpg?fit=880%2C512&ssl=1","jetpack_sharing_enabled":true,"jetpack_shortlink":"https:\/\/wp.me\/p8qtrQ-9qD","jetpack-related-posts":[{"id":28124,"url":"https:\/\/larevistadigital.com.ar\/blog\/tandil-repudio-del-municipio-a-actos-de-vandalismo\/","url_meta":{"origin":36247,"position":0},"title":"TANDIL: REPUDIO DEL MUNICIPIO A ACTOS DE VANDALISMO","author":"Alejandro Sosa Ruda","date":"28 septiembre, 2022","format":false,"excerpt":"El Municipio de Tandil confirm\u00f3 que en las \u00faltimas horas desconocidos destruyeron varios carteles con indicaciones de tr\u00e1nsito en el acceso a Cerro Leones. Las autoridades comunales repudiaron los hechos y solicitaron a los vecinos alertar a la polic\u00eda ante cualquier movimiento sospechoso. 28 de septiembre de 2022 TANDIL -\u00a0\u2026","rel":"","context":"En \u00abREGIONALES\u00bb","block_context":{"text":"REGIONALES","link":"https:\/\/larevistadigital.com.ar\/blog\/category\/regionales\/"},"img":{"alt_text":"","src":"https:\/\/i0.wp.com\/larevistadigital.com.ar\/blog\/wp-content\/uploads\/1664313930.jpeg?fit=848%2C477&ssl=1&resize=350%2C200","width":350,"height":200,"srcset":"https:\/\/i0.wp.com\/larevistadigital.com.ar\/blog\/wp-content\/uploads\/1664313930.jpeg?fit=848%2C477&ssl=1&resize=350%2C200 1x, https:\/\/i0.wp.com\/larevistadigital.com.ar\/blog\/wp-content\/uploads\/1664313930.jpeg?fit=848%2C477&ssl=1&resize=525%2C300 1.5x, https:\/\/i0.wp.com\/larevistadigital.com.ar\/blog\/wp-content\/uploads\/1664313930.jpeg?fit=848%2C477&ssl=1&resize=700%2C400 2x"},"classes":[]},{"id":30743,"url":"https:\/\/larevistadigital.com.ar\/blog\/tandil-en-tres-meses-hallaron-cinco-murcielagos-con-rabia\/","url_meta":{"origin":36247,"position":1},"title":"TANDIL: EN TRES MESES HALLARON CINCO MURCI\u00c9LAGOS CON RABIA","author":"Alejandro Sosa Ruda","date":"28 marzo, 2023","format":false,"excerpt":"Autoridades del \u00e1rea de salud p\u00fablica debieron activar nuevamente un protocolo de vacunaci\u00f3n de urgencia. La rabia es una enfermedad que no tiene tratamiento. 28 de marzo de 2023 TANDIL -\u00a0 En Tandil, desde diciembre hasta este mes de marzo, se han hallado cinco murci\u00e9lagos con rabia, lo que ha\u2026","rel":"","context":"En \u00abREGIONALES\u00bb","block_context":{"text":"REGIONALES","link":"https:\/\/larevistadigital.com.ar\/blog\/category\/regionales\/"},"img":{"alt_text":"","src":"https:\/\/i0.wp.com\/larevistadigital.com.ar\/blog\/wp-content\/uploads\/20230327171923_2328-600x450-1.jpg?fit=880%2C512&ssl=1&resize=350%2C200","width":350,"height":200,"srcset":"https:\/\/i0.wp.com\/larevistadigital.com.ar\/blog\/wp-content\/uploads\/20230327171923_2328-600x450-1.jpg?fit=880%2C512&ssl=1&resize=350%2C200 1x, https:\/\/i0.wp.com\/larevistadigital.com.ar\/blog\/wp-content\/uploads\/20230327171923_2328-600x450-1.jpg?fit=880%2C512&ssl=1&resize=525%2C300 1.5x, https:\/\/i0.wp.com\/larevistadigital.com.ar\/blog\/wp-content\/uploads\/20230327171923_2328-600x450-1.jpg?fit=880%2C512&ssl=1&resize=700%2C400 2x"},"classes":[]},{"id":37708,"url":"https:\/\/larevistadigital.com.ar\/blog\/tandil-importante-reunion-de-autoridades-de-anses\/","url_meta":{"origin":36247,"position":2},"title":"Tandil: Importante reuni\u00f3n de autoridades de Anses","author":"Alejandro Sosa Ruda","date":"3 noviembre, 2024","format":false,"excerpt":"Se trat\u00f3 de un encuentro donde se trataron ideas, y estrategias para mejorar la eficiencia en la gesti\u00f3n y atenci\u00f3n a los ciudadanos. 3 de Noviembre de 2024 El d\u00eda viernes pasado se realiz\u00f3 una reuni\u00f3n de autoridades de Anses, en la ciudad de Tandil, donde estuvieron presentes el Director\u2026","rel":"","context":"En \u00abINTERES GENERAL\u00bb","block_context":{"text":"INTERES GENERAL","link":"https:\/\/larevistadigital.com.ar\/blog\/category\/interes-general\/"},"img":{"alt_text":"","src":"https:\/\/i0.wp.com\/larevistadigital.com.ar\/blog\/wp-content\/uploads\/WhatsApp-Image-2024-11-03-at-21.24.26.jpeg?fit=903%2C1200&ssl=1&resize=350%2C200","width":350,"height":200,"srcset":"https:\/\/i0.wp.com\/larevistadigital.com.ar\/blog\/wp-content\/uploads\/WhatsApp-Image-2024-11-03-at-21.24.26.jpeg?fit=903%2C1200&ssl=1&resize=350%2C200 1x, https:\/\/i0.wp.com\/larevistadigital.com.ar\/blog\/wp-content\/uploads\/WhatsApp-Image-2024-11-03-at-21.24.26.jpeg?fit=903%2C1200&ssl=1&resize=525%2C300 1.5x, https:\/\/i0.wp.com\/larevistadigital.com.ar\/blog\/wp-content\/uploads\/WhatsApp-Image-2024-11-03-at-21.24.26.jpeg?fit=903%2C1200&ssl=1&resize=700%2C400 2x"},"classes":[]},{"id":35304,"url":"https:\/\/larevistadigital.com.ar\/blog\/tandil-segun-los-profesionales-de-cicop-la-salud-publica-esta-al-borde-del-colapso\/","url_meta":{"origin":36247,"position":3},"title":"TANDIL: SEG\u00daN LOS PROFESIONALES DE CICOP, LA SALUD P\u00daBLICA EST\u00c1 AL BORDE DEL COLAPSO","author":"Alejandro Sosa Ruda","date":"22 febrero, 2024","format":false,"excerpt":"La reciente renuncia de los tres \u00fanicos onc\u00f3logos del Hospital Santamarina de Tandil puso al descubierto los bajos salarios, la precarizaci\u00f3n laboral y el destrato que padecen los profesionales de la salud del distrito. El gremio que nuclea a los profesionales de la salud p\u00fablica (CICOP) manifest\u00f3 su preocupaci\u00f3n por\u2026","rel":"","context":"En \u00abREGIONALES\u00bb","block_context":{"text":"REGIONALES","link":"https:\/\/larevistadigital.com.ar\/blog\/category\/regionales\/"},"img":{"alt_text":"","src":"https:\/\/i0.wp.com\/larevistadigital.com.ar\/blog\/wp-content\/uploads\/hospital-santamarina-tandil.jpg?fit=700%2C392&ssl=1&resize=350%2C200","width":350,"height":200,"srcset":"https:\/\/i0.wp.com\/larevistadigital.com.ar\/blog\/wp-content\/uploads\/hospital-santamarina-tandil.jpg?fit=700%2C392&ssl=1&resize=350%2C200 1x, https:\/\/i0.wp.com\/larevistadigital.com.ar\/blog\/wp-content\/uploads\/hospital-santamarina-tandil.jpg?fit=700%2C392&ssl=1&resize=525%2C300 1.5x, https:\/\/i0.wp.com\/larevistadigital.com.ar\/blog\/wp-content\/uploads\/hospital-santamarina-tandil.jpg?fit=700%2C392&ssl=1&resize=700%2C400 2x"},"classes":[]},{"id":22657,"url":"https:\/\/larevistadigital.com.ar\/blog\/tandil-el-oficialismo-consiguio-un-amplio-apoyo\/","url_meta":{"origin":36247,"position":4},"title":"TANDIL: EL OFICIALISMO CONSIGUI\u00d3 UN \u00c1MPLIO APOYO","author":"Alejandro Sosa Ruda","date":"15 noviembre, 2021","format":false,"excerpt":"Juntos obtuvo siete de las diez bancas en juego. \"Hemos transformado la ciudad, que es codiciada y envidiada por todos\", asegur\u00f3 el intendente Miguel Lunghi. Frente de Todos, con el 25%, mantuvo la misma cantidad de concejales. TANDIL -\u00a0 Juntos logr\u00f3 un contundente triunfo en Tandil, donde obtuvo casi la\u2026","rel":"","context":"En \u00abREGIONALES\u00bb","block_context":{"text":"REGIONALES","link":"https:\/\/larevistadigital.com.ar\/blog\/category\/regionales\/"},"img":{"alt_text":"","src":"https:\/\/i0.wp.com\/larevistadigital.com.ar\/blog\/wp-content\/uploads\/TANDIL.jpg?fit=1008%2C631&ssl=1&resize=350%2C200","width":350,"height":200,"srcset":"https:\/\/i0.wp.com\/larevistadigital.com.ar\/blog\/wp-content\/uploads\/TANDIL.jpg?fit=1008%2C631&ssl=1&resize=350%2C200 1x, https:\/\/i0.wp.com\/larevistadigital.com.ar\/blog\/wp-content\/uploads\/TANDIL.jpg?fit=1008%2C631&ssl=1&resize=525%2C300 1.5x, https:\/\/i0.wp.com\/larevistadigital.com.ar\/blog\/wp-content\/uploads\/TANDIL.jpg?fit=1008%2C631&ssl=1&resize=700%2C400 2x"},"classes":[]},{"id":29035,"url":"https:\/\/larevistadigital.com.ar\/blog\/tandil-llega-el-sistema-sube-a-la-ciudad\/","url_meta":{"origin":36247,"position":5},"title":"TANDIL: LLEGA EL SISTEMA \u00abSUBE\u00bb A LA CIUDAD.","author":"Alejandro Sosa Ruda","date":"24 noviembre, 2022","format":false,"excerpt":"El ministro de Transporte, Alexis Guerrera, recibi\u00f3 al intendente de Tandil, Miguel \u00c1ngel Lunghi, y sellaron un convenio a partir del cual se genera una mesa de trabajo para avanzar en el proceso de implementaci\u00f3n del sistema SUBE en la ciudad. Actualmente, SUBE funciona en 46 localidades de todo el\u2026","rel":"","context":"En \u00abREGIONALES\u00bb","block_context":{"text":"REGIONALES","link":"https:\/\/larevistadigital.com.ar\/blog\/category\/regionales\/"},"img":{"alt_text":"","src":"https:\/\/i0.wp.com\/larevistadigital.com.ar\/blog\/wp-content\/uploads\/20221124193335_el-sistema-sube-tambien-llegara-a-la-ciudad-de-tandil.jpg?fit=880%2C512&ssl=1&resize=350%2C200","width":350,"height":200,"srcset":"https:\/\/i0.wp.com\/larevistadigital.com.ar\/blog\/wp-content\/uploads\/20221124193335_el-sistema-sube-tambien-llegara-a-la-ciudad-de-tandil.jpg?fit=880%2C512&ssl=1&resize=350%2C200 1x, https:\/\/i0.wp.com\/larevistadigital.com.ar\/blog\/wp-content\/uploads\/20221124193335_el-sistema-sube-tambien-llegara-a-la-ciudad-de-tandil.jpg?fit=880%2C512&ssl=1&resize=525%2C300 1.5x, https:\/\/i0.wp.com\/larevistadigital.com.ar\/blog\/wp-content\/uploads\/20221124193335_el-sistema-sube-tambien-llegara-a-la-ciudad-de-tandil.jpg?fit=880%2C512&ssl=1&resize=700%2C400 2x"},"classes":[]}],"_links":{"self":[{"href":"https:\/\/larevistadigital.com.ar\/blog\/wp-json\/wp\/v2\/posts\/36247","targetHints":{"allow":["GET"]}}],"collection":[{"href":"https:\/\/larevistadigital.com.ar\/blog\/wp-json\/wp\/v2\/posts"}],"about":[{"href":"https:\/\/larevistadigital.com.ar\/blog\/wp-json\/wp\/v2\/types\/post"}],"author":[{"embeddable":true,"href":"https:\/\/larevistadigital.com.ar\/blog\/wp-json\/wp\/v2\/users\/3"}],"replies":[{"embeddable":true,"href":"https:\/\/larevistadigital.com.ar\/blog\/wp-json\/wp\/v2\/comments?post=36247"}],"version-history":[{"count":1,"href":"https:\/\/larevistadigital.com.ar\/blog\/wp-json\/wp\/v2\/posts\/36247\/revisions"}],"predecessor-version":[{"id":36249,"href":"https:\/\/larevistadigital.com.ar\/blog\/wp-json\/wp\/v2\/posts\/36247\/revisions\/36249"}],"wp:featuredmedia":[{"embeddable":true,"href":"https:\/\/larevistadigital.com.ar\/blog\/wp-json\/wp\/v2\/media\/36248"}],"wp:attachment":[{"href":"https:\/\/larevistadigital.com.ar\/blog\/wp-json\/wp\/v2\/media?parent=36247"}],"wp:term":[{"taxonomy":"category","embeddable":true,"href":"https:\/\/larevistadigital.com.ar\/blog\/wp-json\/wp\/v2\/categories?post=36247"},{"taxonomy":"post_tag","embeddable":true,"href":"https:\/\/larevistadigital.com.ar\/blog\/wp-json\/wp\/v2\/tags?post=36247"}],"curies":[{"name":"wp","href":"https:\/\/api.w.org\/{rel}","templated":true}]}}