{"id":36251,"date":"2024-06-05T23:59:41","date_gmt":"2024-06-06T02:59:41","guid":{"rendered":"https:\/\/larevistadigital.com.ar\/blog\/?p=36251"},"modified":"2024-06-05T23:59:41","modified_gmt":"2024-06-06T02:59:41","slug":"ruta-2-atropello-y-mato-a-un-ciclista-de-29-anos-y-luego-se-dio-a-la-fuga","status":"publish","type":"post","link":"https:\/\/larevistadigital.com.ar\/blog\/ruta-2-atropello-y-mato-a-un-ciclista-de-29-anos-y-luego-se-dio-a-la-fuga\/","title":{"rendered":"RUTA 2: ATROPELL\u00d3 Y MAT\u00d3 A UN CICLISTA DE 29 A\u00d1OS, Y LUEGO SE DI\u00d3 A LA FUGA."},"content":{"rendered":"<h2>El homicida, huy\u00f3 del lugar, sin detenerse a ver el estado del ciclista. Unas horas despu\u00e9s se entreg\u00f3.<\/h2>\n<p>5 de Junio de 2024<\/p>\n<p><strong>MAR DEL PLATA &#8211;\u00a0<\/strong> Un tr\u00e1gico suceso ocurri\u00f3 el domingo pasado cuando un ciclista de 29 a\u00f1os falleci\u00f3 tras ser atropellado en el km. 391 de la ruta 2, \u00a0por una camioneta que huy\u00f3 del lugar y su conductor se mantuvo pr\u00f3fugo unas 12 horas, hasta que se entreg\u00f3 en el\u00a0<strong>Destacamento Vial de Camet<\/strong>.<\/p>\n<p>La v\u00edctima del hecho, llamado Alexander Alonso, hab\u00eda salido el domingo cerca de las 7 AM a andar en bicicleta por la ruta 2 cuando una Volkswagen Amarok lo atropell\u00f3 y lo mat\u00f3. \u201c<strong>Lo atropell\u00f3 y lo dej\u00f3 tirado como un perro. No le import\u00f3 nada, ni siquiera volvi\u00f3 a auxiliarlo\u201d<\/strong>, dijo la t\u00eda de la v\u00edctima,\u00a0<strong>M\u00f3nica Alonso<\/strong>, al diario La Capital.<\/p>\n<p>Tras estar m\u00e1s de 12 horas pr\u00f3fugo, el conductor de la VW Amarok se present\u00f3, acompa\u00f1ado de una abogada, en el Destacamento Vial de Camet y qued\u00f3 detenido. Seg\u00fan trascendi\u00f3, el hombre, de 40 a\u00f1os,\u00a0<strong>ten\u00eda el carnet de conducir vencido y manejaba desde la localidad de San Cayetano<\/strong>.<\/p>\n<blockquote>\n<h3>El lunes pasado, el fiscal <strong>Rodolfo Moure\u00a0<\/strong>le tom\u00f3 declaraci\u00f3n al imputado por\u00a0<strong>\u201chomicidio culposo agravado<\/strong>\u201d y solicit\u00f3 a la Justicia de Garant\u00edas que quedara detenido mientras avanzaba con la investigaci\u00f3n. Entre los argumentos del fiscal destacan que como el hombre huy\u00f3 luego de haber atropellado a la v\u00edctima, existir\u00eda un riesgo procesal evidente al dejarlo en libertad.<\/h3>\n<\/blockquote>\n<p>Por su parte, la defensa del imputado plante\u00f3 la excarcelaci\u00f3n, por lo que el juez de Garant\u00edas\u00a0<strong>Sa\u00fal Errandonea\u00a0<\/strong>deber\u00e1 resolver si seguir\u00e1 detenido o no.\u00a0<strong>Maximiliano Orsini<\/strong>, abogado de la familia de la v\u00edctima, explic\u00f3 que se opondr\u00e1n rotundamente a que el hombre recupere la libertad y que acompa\u00f1an el pedido del fiscal para que contin\u00fae detenido.<\/p>\n<p>\u201c<strong>Pedimos justicia por mi sobrino, no vamos a permitir que le den la libertad<\/strong>\u201d, expres\u00f3 la t\u00eda del joven, a quien describi\u00f3 como \u201c<strong>un chico deportista, que surfeaba, andaba en bicicleta y que estudiaba para ser polic\u00eda\u201d<\/strong>.<strong> M\u00f3nica\u00a0Alonso<\/strong> agreg\u00f3 que \u201cm<strong>i sobrino era un chico sano, no ten\u00eda hijas porque \u00e9l quer\u00eda tener su carrera definida y una casa. Ten\u00eda una mentalidad muy sana y este hombre le arrebat\u00f3 la vida<\/strong>\u201d.<\/p>\n<div class=\"google-auto-placed ap_container\"><ins class=\"adsbygoogle adsbygoogle-noablate\" data-ad-format=\"auto\" data-ad-client=\"ca-pub-6937631305090445\" data-adsbygoogle-status=\"done\" data-ad-status=\"unfilled\"><\/p>\n<div id=\"aswift_3_host\"><\/div>\n<p><\/ins><\/div>\n<p>&nbsp;<\/p>\n","protected":false},"excerpt":{"rendered":"<div class=\"mh-excerpt\"><p>El homicida, huy\u00f3 del lugar, sin detenerse a ver el estado del ciclista. Unas horas despu\u00e9s se entreg\u00f3. 5 de Junio de 2024 MAR DEL PLATA &#8211;\u00a0 Un tr\u00e1gico suceso ocurri\u00f3 el domingo pasado cuando <a class=\"mh-excerpt-more\" href=\"https:\/\/larevistadigital.com.ar\/blog\/ruta-2-atropello-y-mato-a-un-ciclista-de-29-anos-y-luego-se-dio-a-la-fuga\/\" title=\"RUTA 2: ATROPELL\u00d3 Y MAT\u00d3 A UN CICLISTA DE 29 A\u00d1OS, Y LUEGO SE DI\u00d3 A LA FUGA.\">[Leer M\u00e1s]<\/a><\/p>\n<\/div>","protected":false},"author":3,"featured_media":36252,"comment_status":"open","ping_status":"open","sticky":false,"template":"","format":"standard","meta":{"_jetpack_memberships_contains_paid_content":false,"footnotes":"","jetpack_publicize_message":"","jetpack_publicize_feature_enabled":true,"jetpack_social_post_already_shared":true,"jetpack_social_options":{"image_generator_settings":{"template":"highway","default_image_id":0,"font":"","enabled":false},"version":2}},"categories":[44,51],"tags":[],"class_list":{"0":"post-36251","1":"post","2":"type-post","3":"status-publish","4":"format-standard","5":"has-post-thumbnail","7":"category-policiales","8":"category-regionales"},"jetpack_publicize_connections":[],"jetpack_featured_media_url":"https:\/\/i0.wp.com\/larevistadigital.com.ar\/blog\/wp-content\/uploads\/c235cf81f4ac0ac7886187e5318e188cc8b9da58.jpg?fit=1140%2C859&ssl=1","jetpack_sharing_enabled":true,"jetpack_shortlink":"https:\/\/wp.me\/p8qtrQ-9qH","jetpack-related-posts":[{"id":33183,"url":"https:\/\/larevistadigital.com.ar\/blog\/atropello-y-mato-a-un-ciclista-en-la-ruta-se-hizo-pasar-por-testigo-y-quedo-detenido\/","url_meta":{"origin":36251,"position":0},"title":"ATROPELL\u00d3 Y MAT\u00d3 A UN CICLISTA EN LA RUTA. SE HIZO PASAR POR TESTIGO Y QUED\u00d3 DETENIDO.","author":"Alejandro Sosa Ruda","date":"1 septiembre, 2023","format":false,"excerpt":"El conductor implicado, identificado como Jos\u00e9 Larregui (69), se hizo pasar primero por testigo del hecho e indic\u00f3 que hab\u00eda visto a un auto gris que transitaba direcci\u00f3n que se hab\u00eda dado a la fuga. 1\u00b0 de septiembre de 2023 BUENOS AIRES -\u00a0 \u00a0Un ciclista pig\u00fcense y trabajador de medios\u2026","rel":"","context":"En \u00abINTERES GENERAL\u00bb","block_context":{"text":"INTERES GENERAL","link":"https:\/\/larevistadigital.com.ar\/blog\/category\/interes-general\/"},"img":{"alt_text":"","src":"https:\/\/i0.wp.com\/larevistadigital.com.ar\/blog\/wp-content\/uploads\/20230830185336_ciclsita.jpg?fit=880%2C512&ssl=1&resize=350%2C200","width":350,"height":200,"srcset":"https:\/\/i0.wp.com\/larevistadigital.com.ar\/blog\/wp-content\/uploads\/20230830185336_ciclsita.jpg?fit=880%2C512&ssl=1&resize=350%2C200 1x, https:\/\/i0.wp.com\/larevistadigital.com.ar\/blog\/wp-content\/uploads\/20230830185336_ciclsita.jpg?fit=880%2C512&ssl=1&resize=525%2C300 1.5x, https:\/\/i0.wp.com\/larevistadigital.com.ar\/blog\/wp-content\/uploads\/20230830185336_ciclsita.jpg?fit=880%2C512&ssl=1&resize=700%2C400 2x"},"classes":[]},{"id":29835,"url":"https:\/\/larevistadigital.com.ar\/blog\/la-plata-se-entrego-un-hombre-que-atropello-a-un-ciclista-y-se-habia-dado-a-la-fuga\/","url_meta":{"origin":36251,"position":1},"title":"LA PLATA: SE ENTREG\u00d3 UN HOMBRE QUE ATROPELL\u00d3 A UN CICLISTA Y SE HAB\u00cdA DADO A LA FUGA","author":"Alejandro Sosa Ruda","date":"19 enero, 2023","format":false,"excerpt":"El conductor embisti\u00f3 a un hombre de 55 a\u00f1os, que muri\u00f3 el hospital de Romero; y escap\u00f3 del lugar, pero ahora se present\u00f3 en la comisar\u00eda junto a su auto. 19 de enero de 2023 El joven de 31 a\u00f1os acusado de embestir a gran velocidad y causarle las heridas\u2026","rel":"","context":"En \u00abPOLICIALES\u00bb","block_context":{"text":"POLICIALES","link":"https:\/\/larevistadigital.com.ar\/blog\/category\/policiales\/"},"img":{"alt_text":"","src":"https:\/\/i0.wp.com\/larevistadigital.com.ar\/blog\/wp-content\/uploads\/1674132769592.jpeg?fit=1200%2C594&ssl=1&resize=350%2C200","width":350,"height":200,"srcset":"https:\/\/i0.wp.com\/larevistadigital.com.ar\/blog\/wp-content\/uploads\/1674132769592.jpeg?fit=1200%2C594&ssl=1&resize=350%2C200 1x, https:\/\/i0.wp.com\/larevistadigital.com.ar\/blog\/wp-content\/uploads\/1674132769592.jpeg?fit=1200%2C594&ssl=1&resize=525%2C300 1.5x, https:\/\/i0.wp.com\/larevistadigital.com.ar\/blog\/wp-content\/uploads\/1674132769592.jpeg?fit=1200%2C594&ssl=1&resize=700%2C400 2x, https:\/\/i0.wp.com\/larevistadigital.com.ar\/blog\/wp-content\/uploads\/1674132769592.jpeg?fit=1200%2C594&ssl=1&resize=1050%2C600 3x"},"classes":[]},{"id":29011,"url":"https:\/\/larevistadigital.com.ar\/blog\/mar-del-plata-atropello-un-ciclista-lo-llevo-al-hospital-y-huyo-pero-volvio-a-chocar-y-fue-detenido\/","url_meta":{"origin":36251,"position":2},"title":"MAR DEL PLATA: ATROPELL\u00d3 UN CICLISTA, LO LLEV\u00d3 AL HOSPITAL Y HUY\u00d3, PERO VOLVI\u00d3 A CHOCAR Y FUE DETENIDO","author":"Alejandro Sosa Ruda","date":"23 noviembre, 2022","format":false,"excerpt":"Tiene 40 a\u00f1os y qued\u00f3 imputado por el delito de \"lesiones culposas agravadas\". El test de alcoholemia que le realizaron dio resultado negativo. 23 de noviembre de 2022 MAR DEL PLATA -\u00a0 Un hombre de 40 a\u00f1os fue detenido este martes a la tarde luego de que atropellara a un\u2026","rel":"","context":"En \u00abPOLICIALES\u00bb","block_context":{"text":"POLICIALES","link":"https:\/\/larevistadigital.com.ar\/blog\/category\/policiales\/"},"img":{"alt_text":"","src":"https:\/\/i0.wp.com\/larevistadigital.com.ar\/blog\/wp-content\/uploads\/attropello-ciclista.jpg?fit=809%2C465&ssl=1&resize=350%2C200","width":350,"height":200,"srcset":"https:\/\/i0.wp.com\/larevistadigital.com.ar\/blog\/wp-content\/uploads\/attropello-ciclista.jpg?fit=809%2C465&ssl=1&resize=350%2C200 1x, https:\/\/i0.wp.com\/larevistadigital.com.ar\/blog\/wp-content\/uploads\/attropello-ciclista.jpg?fit=809%2C465&ssl=1&resize=525%2C300 1.5x, https:\/\/i0.wp.com\/larevistadigital.com.ar\/blog\/wp-content\/uploads\/attropello-ciclista.jpg?fit=809%2C465&ssl=1&resize=700%2C400 2x"},"classes":[]},{"id":24700,"url":"https:\/\/larevistadigital.com.ar\/blog\/muere-ciclista-en-la-ruta-36-luego-de-haber-sido-atropellado-por-una-camioneta\/","url_meta":{"origin":36251,"position":3},"title":"MUERE CICLISTA EN LA RUTA 36 LUEGO DE HABER SIDO ATROPELLADO POR UNA CAMIONETA","author":"Alejandro Sosa Ruda","date":"20 marzo, 2022","format":false,"excerpt":"El ciclista no habr\u00eda resistido las heridas que le provoc\u00f3 el accidente con la camioneta. LA PLATA -\u00a0 Los siniestros viales no dejan de llevarse vidas y otro caso m\u00e1s que se registra en La Plata conmociona a toda la ciudad y pone el foco en este tipo de accidentes\u2026","rel":"","context":"En \u00abPOLICIALES\u00bb","block_context":{"text":"POLICIALES","link":"https:\/\/larevistadigital.com.ar\/blog\/category\/policiales\/"},"img":{"alt_text":"","src":"https:\/\/i0.wp.com\/larevistadigital.com.ar\/blog\/wp-content\/uploads\/1647782170059.jpeg?fit=1200%2C594&ssl=1&resize=350%2C200","width":350,"height":200,"srcset":"https:\/\/i0.wp.com\/larevistadigital.com.ar\/blog\/wp-content\/uploads\/1647782170059.jpeg?fit=1200%2C594&ssl=1&resize=350%2C200 1x, https:\/\/i0.wp.com\/larevistadigital.com.ar\/blog\/wp-content\/uploads\/1647782170059.jpeg?fit=1200%2C594&ssl=1&resize=525%2C300 1.5x, https:\/\/i0.wp.com\/larevistadigital.com.ar\/blog\/wp-content\/uploads\/1647782170059.jpeg?fit=1200%2C594&ssl=1&resize=700%2C400 2x, https:\/\/i0.wp.com\/larevistadigital.com.ar\/blog\/wp-content\/uploads\/1647782170059.jpeg?fit=1200%2C594&ssl=1&resize=1050%2C600 3x"},"classes":[]},{"id":22891,"url":"https:\/\/larevistadigital.com.ar\/blog\/tandil-desplazan-a-funcionario-que-atropello-mato-a-un-joven-y-se-fugo\/","url_meta":{"origin":36251,"position":4},"title":"TANDIL: DESPLAZAN A FUNCIONARIO QUE ATROPELL\u00d3, MAT\u00d3 A UN JOVEN Y SE FUGO","author":"Alejandro Sosa Ruda","date":"8 diciembre, 2021","format":false,"excerpt":"Se trata del hasta ahora director de Espacios Verdes P\u00fablicos, Luciano Jaureguiber. La v\u00edctima ten\u00eda 19 a\u00f1os. TANDIL -\u00a0 La municipalidad de Tandil inform\u00f3 que fue desplazado de su cargo el director de Espacios Verdes P\u00fablicos, Luciano Jaureguiber, luego de que se conociera que\u00a0se dio a la fuga tras atropellar\u2026","rel":"","context":"En \u00abINTERES GENERAL\u00bb","block_context":{"text":"INTERES GENERAL","link":"https:\/\/larevistadigital.com.ar\/blog\/category\/interes-general\/"},"img":{"alt_text":"","src":"https:\/\/i0.wp.com\/larevistadigital.com.ar\/blog\/wp-content\/uploads\/9d331ecdf10d7ed76b389b577e482c09dba48d55.jpeg?fit=1140%2C641&ssl=1&resize=350%2C200","width":350,"height":200,"srcset":"https:\/\/i0.wp.com\/larevistadigital.com.ar\/blog\/wp-content\/uploads\/9d331ecdf10d7ed76b389b577e482c09dba48d55.jpeg?fit=1140%2C641&ssl=1&resize=350%2C200 1x, https:\/\/i0.wp.com\/larevistadigital.com.ar\/blog\/wp-content\/uploads\/9d331ecdf10d7ed76b389b577e482c09dba48d55.jpeg?fit=1140%2C641&ssl=1&resize=525%2C300 1.5x, https:\/\/i0.wp.com\/larevistadigital.com.ar\/blog\/wp-content\/uploads\/9d331ecdf10d7ed76b389b577e482c09dba48d55.jpeg?fit=1140%2C641&ssl=1&resize=700%2C400 2x, https:\/\/i0.wp.com\/larevistadigital.com.ar\/blog\/wp-content\/uploads\/9d331ecdf10d7ed76b389b577e482c09dba48d55.jpeg?fit=1140%2C641&ssl=1&resize=1050%2C600 3x"},"classes":[]},{"id":32029,"url":"https:\/\/larevistadigital.com.ar\/blog\/ruta-11-un-auto-atropello-y-mato-a-una-mujer-y-su-hijita-de-7-anos\/","url_meta":{"origin":36251,"position":5},"title":"RUTA 11: UN AUTO ATROPELL\u00d3 Y MAT\u00d3 A UNA MUJER Y SU HIJITA DE 7 A\u00d1OS","author":"Alejandro Sosa Ruda","date":"16 junio, 2023","format":false,"excerpt":"El suceso ocurri\u00f3 alrededor de las 7:30 de la ma\u00f1ana de ayer en el cruce de la ruta 11 y la calle 690, cuando un hombre de 44 a\u00f1os que conduc\u00eda un Toyota Corolla impact\u00f3 contra la mujer y la menor, arrebat\u00e1ndoles la vida en el acto. 16 de junio\u2026","rel":"","context":"En \u00abPOLICIALES\u00bb","block_context":{"text":"POLICIALES","link":"https:\/\/larevistadigital.com.ar\/blog\/category\/policiales\/"},"img":{"alt_text":"","src":"https:\/\/i0.wp.com\/larevistadigital.com.ar\/blog\/wp-content\/uploads\/20230615174043_cho.jpg?fit=880%2C512&ssl=1&resize=350%2C200","width":350,"height":200,"srcset":"https:\/\/i0.wp.com\/larevistadigital.com.ar\/blog\/wp-content\/uploads\/20230615174043_cho.jpg?fit=880%2C512&ssl=1&resize=350%2C200 1x, https:\/\/i0.wp.com\/larevistadigital.com.ar\/blog\/wp-content\/uploads\/20230615174043_cho.jpg?fit=880%2C512&ssl=1&resize=525%2C300 1.5x, https:\/\/i0.wp.com\/larevistadigital.com.ar\/blog\/wp-content\/uploads\/20230615174043_cho.jpg?fit=880%2C512&ssl=1&resize=700%2C400 2x"},"classes":[]}],"_links":{"self":[{"href":"https:\/\/larevistadigital.com.ar\/blog\/wp-json\/wp\/v2\/posts\/36251","targetHints":{"allow":["GET"]}}],"collection":[{"href":"https:\/\/larevistadigital.com.ar\/blog\/wp-json\/wp\/v2\/posts"}],"about":[{"href":"https:\/\/larevistadigital.com.ar\/blog\/wp-json\/wp\/v2\/types\/post"}],"author":[{"embeddable":true,"href":"https:\/\/larevistadigital.com.ar\/blog\/wp-json\/wp\/v2\/users\/3"}],"replies":[{"embeddable":true,"href":"https:\/\/larevistadigital.com.ar\/blog\/wp-json\/wp\/v2\/comments?post=36251"}],"version-history":[{"count":1,"href":"https:\/\/larevistadigital.com.ar\/blog\/wp-json\/wp\/v2\/posts\/36251\/revisions"}],"predecessor-version":[{"id":36253,"href":"https:\/\/larevistadigital.com.ar\/blog\/wp-json\/wp\/v2\/posts\/36251\/revisions\/36253"}],"wp:featuredmedia":[{"embeddable":true,"href":"https:\/\/larevistadigital.com.ar\/blog\/wp-json\/wp\/v2\/media\/36252"}],"wp:attachment":[{"href":"https:\/\/larevistadigital.com.ar\/blog\/wp-json\/wp\/v2\/media?parent=36251"}],"wp:term":[{"taxonomy":"category","embeddable":true,"href":"https:\/\/larevistadigital.com.ar\/blog\/wp-json\/wp\/v2\/categories?post=36251"},{"taxonomy":"post_tag","embeddable":true,"href":"https:\/\/larevistadigital.com.ar\/blog\/wp-json\/wp\/v2\/tags?post=36251"}],"curies":[{"name":"wp","href":"https:\/\/api.w.org\/{rel}","templated":true}]}}