{"id":36255,"date":"2024-06-07T09:08:42","date_gmt":"2024-06-07T12:08:42","guid":{"rendered":"https:\/\/larevistadigital.com.ar\/blog\/?p=36255"},"modified":"2024-06-07T09:08:42","modified_gmt":"2024-06-07T12:08:42","slug":"firma-de-191-escrituras-para-los-chascomunenses","status":"publish","type":"post","link":"https:\/\/larevistadigital.com.ar\/blog\/firma-de-191-escrituras-para-los-chascomunenses\/","title":{"rendered":"FIRMA DE 191 ESCRITURAS PARA LOS CHASCOMUNENSES"},"content":{"rendered":"<h2 class=\"notaIntro\"><em>La actividad, que se desarroll\u00f3 en el Teatro Municipal Brazzola, fue encabezada por el intendente Javier Gast\u00f3n y por el escribano adscripto de la Escriban\u00eda General de Gobierno, Gustavo Miglio.<\/em><\/h2>\n<p>7 de Junio de 2024<\/p>\n<p class=\"notaTexto\"><strong>CHASCOM\u00daS &#8211;\u00a0<\/strong> En esta oportunidad, se firmaron escrituras tramitadas en el marco de la Ley 10.830, de la Ley 24.320 de prescripci\u00f3n adquisitiva y del Instituto de la Vivienda, de diferentes barrios de la localidad en conjunto con el tr\u00e1mite de protecci\u00f3n a la vivienda.<\/p>\n<blockquote>\n<h3 class=\"notaTexto\">El intendente Javier Gast\u00f3n agradeci\u00f3 y felicit\u00f3 a los vecinos que firmaron sus escrituras y destac\u00f3 que<\/h3>\n<\/blockquote>\n<p class=\"notaTexto\"><strong><em>\u201cEsto es consecuencia de un trabajo en conjunto de la municipalidad y la provincia pero, fundamentalmente con cada una de ustedes, de las familias que hoy dan este inmenso paso para regularizar el tan ansiado sue\u00f1o de la casa propia. Los felicito y los invito a que sigamos haciendo de Chascom\u00fas nuestro mejor lugar en el mundo y el lugar para concretar los sue\u00f1os nuestros, de nuestros hijos y nuestros nietos\u201d<\/em><\/strong>, expres\u00f3.<\/p>\n<blockquote>\n<h3 class=\"notaTexto\">Por su parte, el escribano <strong>Miglio<\/strong> agradeci\u00f3 a la municipalidad por la colaboraci\u00f3n para regularizar viviendas en el distrito.<\/h3>\n<\/blockquote>\n<p class=\"notaTexto\">En la jornada, se firm\u00f3 el t\u00edtulo de propiedad de la sede de la Orquesta-Escuela de Chascom\u00fas, momento que fue acompa\u00f1ado por integrantes de la agrupaci\u00f3n con m\u00fasica en vivo.<\/p>\n<p class=\"notaTexto\">Desde hace varios a\u00f1os la Municipalidad ofrece el servicio de escrituraci\u00f3n gratuita, a cargo de la Direcci\u00f3n Pol\u00edticas del H\u00e1bitat, y que permiti\u00f3 la tramitaci\u00f3n de este importante n\u00famero de escrituras.<\/p>\n","protected":false},"excerpt":{"rendered":"<div class=\"mh-excerpt\"><p>La actividad, que se desarroll\u00f3 en el Teatro Municipal Brazzola, fue encabezada por el intendente Javier Gast\u00f3n y por el escribano adscripto de la Escriban\u00eda General de Gobierno, Gustavo Miglio. 7 de Junio de 2024 <a class=\"mh-excerpt-more\" href=\"https:\/\/larevistadigital.com.ar\/blog\/firma-de-191-escrituras-para-los-chascomunenses\/\" title=\"FIRMA DE 191 ESCRITURAS PARA LOS CHASCOMUNENSES\">[Leer M\u00e1s]<\/a><\/p>\n<\/div>","protected":false},"author":3,"featured_media":36256,"comment_status":"open","ping_status":"open","sticky":false,"template":"","format":"standard","meta":{"_jetpack_memberships_contains_paid_content":false,"footnotes":"","jetpack_publicize_message":"","jetpack_publicize_feature_enabled":true,"jetpack_social_post_already_shared":true,"jetpack_social_options":{"image_generator_settings":{"template":"highway","default_image_id":0,"font":"","enabled":false},"version":2}},"categories":[6],"tags":[],"class_list":{"0":"post-36255","1":"post","2":"type-post","3":"status-publish","4":"format-standard","5":"has-post-thumbnail","7":"category-chascomus"},"jetpack_publicize_connections":[],"jetpack_featured_media_url":"https:\/\/i0.wp.com\/larevistadigital.com.ar\/blog\/wp-content\/uploads\/2024_06_07_01_11_36_1165398.jpg?fit=600%2C401&ssl=1","jetpack_sharing_enabled":true,"jetpack_shortlink":"https:\/\/wp.me\/p8qtrQ-9qL","jetpack-related-posts":[{"id":38732,"url":"https:\/\/larevistadigital.com.ar\/blog\/javier-gaston-desde-2015-llevamos-entregadas-mas-de-2-300-escrituras\/","url_meta":{"origin":36255,"position":0},"title":"Javier Gast\u00f3n: \u201cDesde 2015, llevamos entregadas m\u00e1s de 2.300 escrituras\u201d","author":"Alejandro Sosa Ruda","date":"19 febrero, 2025","format":false,"excerpt":"En un acto encabezado por el intendente Javier Gast\u00f3n, se firmaron las documentos de propiedad del Palacio Municipal, el cementerio y viviendas de m\u00e1s 50 familias. 19 de Febrero de 2025 CHASCOM\u00daS\u00a0 -\u00a0 \u00a0Este martes, frente al Palacio Municipal de Chascom\u00fas, se llev\u00f3 a cabo un acto de firma de\u2026","rel":"","context":"En \u00abCHASCOM\u00daS\u00bb","block_context":{"text":"CHASCOM\u00daS","link":"https:\/\/larevistadigital.com.ar\/blog\/category\/chascomus\/"},"img":{"alt_text":"","src":"https:\/\/i0.wp.com\/larevistadigital.com.ar\/blog\/wp-content\/uploads\/67b4bd68555eb.png?fit=668%2C445&ssl=1&resize=350%2C200","width":350,"height":200,"srcset":"https:\/\/i0.wp.com\/larevistadigital.com.ar\/blog\/wp-content\/uploads\/67b4bd68555eb.png?fit=668%2C445&ssl=1&resize=350%2C200 1x, https:\/\/i0.wp.com\/larevistadigital.com.ar\/blog\/wp-content\/uploads\/67b4bd68555eb.png?fit=668%2C445&ssl=1&resize=525%2C300 1.5x"},"classes":[]},{"id":42369,"url":"https:\/\/larevistadigital.com.ar\/blog\/chascomus-135-vecinos-firmaron-escrituras-para-acceder-a-su-titulo-de-propiedad-y-cumplir-el-sueno-de-la-casa-propia\/","url_meta":{"origin":36255,"position":1},"title":"Chascom\u00fas: 135 vecinos firmaron escrituras para acceder a su t\u00edtulo de propiedad y cumplir el sue\u00f1o de la \u201ccasa propia\u201d","author":"Alejandro Sosa Ruda","date":"5 noviembre, 2025","format":false,"excerpt":"Quienes deseen realizar este tr\u00e1mite pueden acercarse al \u00e1rea de H\u00e1bitat de la Municipalidad de Chascom\u00fas. 05 de Noviembre de 2025 CHASCOM\u00daS -\u00a0 \u00a0Este martes, en el Teatro Municipal Brazzola, se llev\u00f3 a cabo un acto de firma de escrituras organizado por la Escriban\u00eda General de Gobierno de la Provincia\u2026","rel":"","context":"En \u00abCHASCOM\u00daS\u00bb","block_context":{"text":"CHASCOM\u00daS","link":"https:\/\/larevistadigital.com.ar\/blog\/category\/chascomus\/"},"img":{"alt_text":"","src":"https:\/\/i0.wp.com\/larevistadigital.com.ar\/blog\/wp-content\/uploads\/690a3af07d3a3.png?fit=668%2C445&ssl=1&resize=350%2C200","width":350,"height":200,"srcset":"https:\/\/i0.wp.com\/larevistadigital.com.ar\/blog\/wp-content\/uploads\/690a3af07d3a3.png?fit=668%2C445&ssl=1&resize=350%2C200 1x, https:\/\/i0.wp.com\/larevistadigital.com.ar\/blog\/wp-content\/uploads\/690a3af07d3a3.png?fit=668%2C445&ssl=1&resize=525%2C300 1.5x"},"classes":[]},{"id":33480,"url":"https:\/\/larevistadigital.com.ar\/blog\/el-gobierno-de-la-provincia-de-bs-as-entrego-escrituras-de-viviendas-familiares-en-el-club-deportivo\/","url_meta":{"origin":36255,"position":2},"title":"EL GOBIERNO DE LA PROVINCIA DE BS. AS. ENTREG\u00d3 ESCRITURAS DE VIVIENDAS FAMILIARES EN EL CLUB DEPORTIVO","author":"Alejandro Sosa Ruda","date":"15 septiembre, 2023","format":false,"excerpt":"De esta manera, el gobierno provincial cumpli\u00f3 con el sue\u00f1o de muchas familias chascomunenses: El lote o la casa propia. 15 de Septiembre de 2023 CHASCOM\u00daS -\u00a0 \u00a0Ayer no fue un d\u00eda m\u00e1s para muchas familias de la ciudad de Chascom\u00fas, ya que pudieron acceder al sue\u00f1o tan anhelado por\u2026","rel":"","context":"En \u00abINTERES GENERAL\u00bb","block_context":{"text":"INTERES GENERAL","link":"https:\/\/larevistadigital.com.ar\/blog\/category\/interes-general\/"},"img":{"alt_text":"","src":"https:\/\/i0.wp.com\/larevistadigital.com.ar\/blog\/wp-content\/uploads\/FIRMA-ESCRITURAS.jpg?fit=800%2C611&ssl=1&resize=350%2C200","width":350,"height":200,"srcset":"https:\/\/i0.wp.com\/larevistadigital.com.ar\/blog\/wp-content\/uploads\/FIRMA-ESCRITURAS.jpg?fit=800%2C611&ssl=1&resize=350%2C200 1x, https:\/\/i0.wp.com\/larevistadigital.com.ar\/blog\/wp-content\/uploads\/FIRMA-ESCRITURAS.jpg?fit=800%2C611&ssl=1&resize=525%2C300 1.5x, https:\/\/i0.wp.com\/larevistadigital.com.ar\/blog\/wp-content\/uploads\/FIRMA-ESCRITURAS.jpg?fit=800%2C611&ssl=1&resize=700%2C400 2x"},"classes":[]},{"id":38755,"url":"https:\/\/larevistadigital.com.ar\/blog\/axel-kicillof-visito-chascomus-y-entrego-escrituras-para-mas-de-300-familias\/","url_meta":{"origin":36255,"position":3},"title":"Axel Kicillof visit\u00f3 Chascom\u00fas y entreg\u00f3 escrituras para m\u00e1s de 300 familias","author":"Alejandro Sosa Ruda","date":"19 febrero, 2025","format":false,"excerpt":"El gobernador bonaerense encabez\u00f3 una jornada con diversas actividades, entre ellas, la entrega de 528 escrituras de viviendas, la apertura de la nueva Casa de la Provincia y el acompa\u00f1amiento a j\u00f3venes m\u00fasicos en el Festival de Orquestas. La jornada comenz\u00f3 con la entrega de escrituras de viviendas en la\u2026","rel":"","context":"En \u00abDESTACADAS\u00bb","block_context":{"text":"DESTACADAS","link":"https:\/\/larevistadigital.com.ar\/blog\/category\/destacadas\/"},"img":{"alt_text":"","src":"https:\/\/i0.wp.com\/larevistadigital.com.ar\/blog\/wp-content\/uploads\/67b68d493072e.png?fit=668%2C445&ssl=1&resize=350%2C200","width":350,"height":200,"srcset":"https:\/\/i0.wp.com\/larevistadigital.com.ar\/blog\/wp-content\/uploads\/67b68d493072e.png?fit=668%2C445&ssl=1&resize=350%2C200 1x, https:\/\/i0.wp.com\/larevistadigital.com.ar\/blog\/wp-content\/uploads\/67b68d493072e.png?fit=668%2C445&ssl=1&resize=525%2C300 1.5x"},"classes":[]},{"id":7913,"url":"https:\/\/larevistadigital.com.ar\/blog\/chascomus-el-intendente-gaston-mantuvo-un-encuentro-con-la-nueva-comision-directiva-de-pesca-y-nautica\/","url_meta":{"origin":36255,"position":4},"title":"CHASCOM\u00daS: EL INTENDENTE GAST\u00d3N MANTUVO UN ENCUENTRO CON LA NUEVA COMISI\u00d3N DIRECTIVA DE PESCA Y N\u00c1UTICA","author":"Alejandro Sosa Ruda","date":"23 enero, 2019","format":false,"excerpt":"El \u00faltimo fin de semana, Javier Gast\u00f3n se acerc\u00f3 a las instalaciones de la Asociaci\u00f3n Pesca y N\u00e1utica para mantener una reuni\u00f3n con los miembros de la nueva comisi\u00f3n directiva, donde abordaron, entre otras cosas, sobre la participaci\u00f3n de la instituci\u00f3n en el Carnaval Infantil. All\u00ed, acompa\u00f1ado por la directora\u2026","rel":"","context":"En \u00abCHASCOM\u00daS\u00bb","block_context":{"text":"CHASCOM\u00daS","link":"https:\/\/larevistadigital.com.ar\/blog\/category\/chascomus\/"},"img":{"alt_text":"","src":"https:\/\/i0.wp.com\/larevistadigital.com.ar\/blog\/wp-content\/uploads\/2019\/01\/50648344_2252827864738086_2068394269080551424_n.jpg?fit=887%2C579&ssl=1&resize=350%2C200","width":350,"height":200,"srcset":"https:\/\/i0.wp.com\/larevistadigital.com.ar\/blog\/wp-content\/uploads\/2019\/01\/50648344_2252827864738086_2068394269080551424_n.jpg?fit=887%2C579&ssl=1&resize=350%2C200 1x, https:\/\/i0.wp.com\/larevistadigital.com.ar\/blog\/wp-content\/uploads\/2019\/01\/50648344_2252827864738086_2068394269080551424_n.jpg?fit=887%2C579&ssl=1&resize=525%2C300 1.5x, https:\/\/i0.wp.com\/larevistadigital.com.ar\/blog\/wp-content\/uploads\/2019\/01\/50648344_2252827864738086_2068394269080551424_n.jpg?fit=887%2C579&ssl=1&resize=700%2C400 2x"},"classes":[]},{"id":43072,"url":"https:\/\/larevistadigital.com.ar\/blog\/chascomus-el-intendente-javier-gaston-despidio-el-ano-junto-a-los-trabajadores-municipales\/","url_meta":{"origin":36255,"position":5},"title":"Chascom\u00fas: El Intendente Javier Gast\u00f3n despidi\u00f3 el a\u00f1o junto a los trabajadores municipales","author":"Alejandro Sosa Ruda","date":"30 diciembre, 2025","format":false,"excerpt":"Como es tradicional, se reconoci\u00f3 a los trabajadores que accedieron a los beneficios de la jubilaci\u00f3n y a quienes durante este a\u00f1o cumplieron 25 a\u00f1os de servicio. 30 de diciembre de 2025 CHASCOM\u00daS -\u00a0 \u00a0Los trabajadores y trabajadoras municipales junto al Intendente Javier Gast\u00f3n, acompa\u00f1ado por los secretarios de su\u2026","rel":"","context":"En \u00abCHASCOM\u00daS\u00bb","block_context":{"text":"CHASCOM\u00daS","link":"https:\/\/larevistadigital.com.ar\/blog\/category\/chascomus\/"},"img":{"alt_text":"","src":"https:\/\/i0.wp.com\/larevistadigital.com.ar\/blog\/wp-content\/uploads\/69542a79e2fbf.png?fit=668%2C445&ssl=1&resize=350%2C200","width":350,"height":200,"srcset":"https:\/\/i0.wp.com\/larevistadigital.com.ar\/blog\/wp-content\/uploads\/69542a79e2fbf.png?fit=668%2C445&ssl=1&resize=350%2C200 1x, https:\/\/i0.wp.com\/larevistadigital.com.ar\/blog\/wp-content\/uploads\/69542a79e2fbf.png?fit=668%2C445&ssl=1&resize=525%2C300 1.5x"},"classes":[]}],"_links":{"self":[{"href":"https:\/\/larevistadigital.com.ar\/blog\/wp-json\/wp\/v2\/posts\/36255","targetHints":{"allow":["GET"]}}],"collection":[{"href":"https:\/\/larevistadigital.com.ar\/blog\/wp-json\/wp\/v2\/posts"}],"about":[{"href":"https:\/\/larevistadigital.com.ar\/blog\/wp-json\/wp\/v2\/types\/post"}],"author":[{"embeddable":true,"href":"https:\/\/larevistadigital.com.ar\/blog\/wp-json\/wp\/v2\/users\/3"}],"replies":[{"embeddable":true,"href":"https:\/\/larevistadigital.com.ar\/blog\/wp-json\/wp\/v2\/comments?post=36255"}],"version-history":[{"count":1,"href":"https:\/\/larevistadigital.com.ar\/blog\/wp-json\/wp\/v2\/posts\/36255\/revisions"}],"predecessor-version":[{"id":36257,"href":"https:\/\/larevistadigital.com.ar\/blog\/wp-json\/wp\/v2\/posts\/36255\/revisions\/36257"}],"wp:featuredmedia":[{"embeddable":true,"href":"https:\/\/larevistadigital.com.ar\/blog\/wp-json\/wp\/v2\/media\/36256"}],"wp:attachment":[{"href":"https:\/\/larevistadigital.com.ar\/blog\/wp-json\/wp\/v2\/media?parent=36255"}],"wp:term":[{"taxonomy":"category","embeddable":true,"href":"https:\/\/larevistadigital.com.ar\/blog\/wp-json\/wp\/v2\/categories?post=36255"},{"taxonomy":"post_tag","embeddable":true,"href":"https:\/\/larevistadigital.com.ar\/blog\/wp-json\/wp\/v2\/tags?post=36255"}],"curies":[{"name":"wp","href":"https:\/\/api.w.org\/{rel}","templated":true}]}}