{"id":36258,"date":"2024-06-07T09:17:38","date_gmt":"2024-06-07T12:17:38","guid":{"rendered":"https:\/\/larevistadigital.com.ar\/blog\/?p=36258"},"modified":"2024-06-07T09:21:35","modified_gmt":"2024-06-07T12:21:35","slug":"respaldo-de-la-municipalidad-de-chascomus-para-proyectos-de-investigacion-del-intech","status":"publish","type":"post","link":"https:\/\/larevistadigital.com.ar\/blog\/respaldo-de-la-municipalidad-de-chascomus-para-proyectos-de-investigacion-del-intech\/","title":{"rendered":"RESPALDO DE LA MUNICIPALIDAD DE CHASCOM\u00daS PARA PROYECTOS DE INVESTIGACI\u00d3N DEL INTECH"},"content":{"rendered":"<h2 class=\"notaIntro\">El acompa\u00f1amiento busca contribuir al importante trabajo cient\u00edfico realizado por la instituci\u00f3n con sede en Chascom\u00fas, as\u00ed como promover el desarrollo de actividades que generen producci\u00f3n, empleo, mejoras en la salud p\u00fablica y aportes al ambiente, entre otros beneficios.<\/h2>\n<p>7 de Junio de 2024<\/p>\n<p class=\"notaTexto\"><strong>CHASCOM\u00daS &#8211;<\/strong>\u00a0 El intendente <strong>Javier Gast\u00f3n<\/strong> firm\u00f3 el aval institucional de la Municipalidad para proyectos de investigaci\u00f3n liderados por el Instituto Nacional de Investigaci\u00f3n Tecnol\u00f3gica de Chascom\u00fas (INTECH).<\/p>\n<p class=\"notaTexto\">Entre las investigaciones respaldadas se encuentran la evaluaci\u00f3n de la producci\u00f3n combinada de trucha y pejerrey en la provincia de Buenos Aires, a cargo de Juan Ignacio Fernandino, y el estudio sobre la vulnerabilidad de la poblaci\u00f3n de pejerrey al cambio clim\u00e1tico en la laguna, liderado por Leandro Miranda.<\/p>\n<blockquote>\n<h3 class=\"notaTexto\">Adem\u00e1s, se suma una investigaci\u00f3n sobre el desarrollo de protocolos estandarizados para el cultivo y producci\u00f3n de cannabis medicinal en la Cuenca del Salado, dirigida por Marina Clemente.<\/h3>\n<\/blockquote>\n<p class=\"notaTexto\">La r\u00fabrica se llev\u00f3 a cabo en el despacho comunal, con la presencia del director del INTECH, Gustavo Somoza; los responsables de dos de las investigaciones presentadas y el secretario de Recursos Humanos y Modernizaci\u00f3n del Estado, Jos\u00e9 Yezza Ross.<\/p>\n<p class=\"notaTexto\">Los cient\u00edficos del INTECH est\u00e1n llevando a cabo diferentes investigaciones de gran importancia para la regi\u00f3n. Sin embargo, enfrentan desaf\u00edos debido a la situaci\u00f3n econ\u00f3mica actual que pueden afectar la continuidad de sus trabajos.<br \/>\n<em><strong>\u201cQueremos expresar nuestro acompa\u00f1amiento al INTECH, una instituci\u00f3n que realiza un trabajo tan valioso para el desarrollo de nuestra comunidad, por eso esperamos que estos avales permitan que puedan continuar con sus investigaciones y seguir aportando al progreso de Chascom\u00fas y la regi\u00f3n\u201d<\/strong><\/em>, manifest\u00f3 Javier Gast\u00f3n.<\/p>\n","protected":false},"excerpt":{"rendered":"<div class=\"mh-excerpt\"><p>El acompa\u00f1amiento busca contribuir al importante trabajo cient\u00edfico realizado por la instituci\u00f3n con sede en Chascom\u00fas, as\u00ed como promover el desarrollo de actividades que generen producci\u00f3n, empleo, mejoras en la salud p\u00fablica y aportes al <a class=\"mh-excerpt-more\" href=\"https:\/\/larevistadigital.com.ar\/blog\/respaldo-de-la-municipalidad-de-chascomus-para-proyectos-de-investigacion-del-intech\/\" title=\"RESPALDO DE LA MUNICIPALIDAD DE CHASCOM\u00daS PARA PROYECTOS DE INVESTIGACI\u00d3N DEL INTECH\">[Leer M\u00e1s]<\/a><\/p>\n<\/div>","protected":false},"author":3,"featured_media":36259,"comment_status":"open","ping_status":"open","sticky":false,"template":"","format":"standard","meta":{"_jetpack_memberships_contains_paid_content":false,"footnotes":"","jetpack_publicize_message":"","jetpack_publicize_feature_enabled":true,"jetpack_social_post_already_shared":true,"jetpack_social_options":{"image_generator_settings":{"template":"highway","default_image_id":0,"font":"","enabled":false},"version":2}},"categories":[50,1],"tags":[],"class_list":{"0":"post-36258","1":"post","2":"type-post","3":"status-publish","4":"format-standard","5":"has-post-thumbnail","7":"category-interes-general","8":"category-sin-categoria"},"jetpack_publicize_connections":[],"jetpack_featured_media_url":"https:\/\/i0.wp.com\/larevistadigital.com.ar\/blog\/wp-content\/uploads\/2024_06_07_01_33_14_894326.jpg?fit=600%2C400&ssl=1","jetpack_sharing_enabled":true,"jetpack_shortlink":"https:\/\/wp.me\/p8qtrQ-9qO","jetpack-related-posts":[{"id":44316,"url":"https:\/\/larevistadigital.com.ar\/blog\/chascomus-controles-de-pesca-para-preservar-el-pejerrey-en-la-laguna\/","url_meta":{"origin":36258,"position":0},"title":"Chascom\u00fas: Controles de pesca para preservar el pejerrey en la laguna","author":"Alejandro Sosa Ruda","date":"5 marzo, 2026","format":false,"excerpt":"La Municipalidad realiz\u00f3 operativos para verificar el cumplimiento de las medidas reglamentarias y prevenir la pesca furtiva. 05 de Marzo de 2026 CHASCOM\u00daS -\u00a0 \u00a0La Secretar\u00eda de Seguridad Ciudadana municipal lleva adelante controles de pesca con el objetivo de preservar la especie y la poblaci\u00f3n de pejerrey en la laguna.\u2026","rel":"","context":"En \u00abCHASCOM\u00daS\u00bb","block_context":{"text":"CHASCOM\u00daS","link":"https:\/\/larevistadigital.com.ar\/blog\/category\/chascomus\/"},"img":{"alt_text":"","src":"https:\/\/i0.wp.com\/larevistadigital.com.ar\/blog\/wp-content\/uploads\/69a86a064d510.png?fit=668%2C445&ssl=1&resize=350%2C200","width":350,"height":200,"srcset":"https:\/\/i0.wp.com\/larevistadigital.com.ar\/blog\/wp-content\/uploads\/69a86a064d510.png?fit=668%2C445&ssl=1&resize=350%2C200 1x, https:\/\/i0.wp.com\/larevistadigital.com.ar\/blog\/wp-content\/uploads\/69a86a064d510.png?fit=668%2C445&ssl=1&resize=525%2C300 1.5x"},"classes":[]},{"id":3179,"url":"https:\/\/larevistadigital.com.ar\/blog\/chascomus-sergio-bergman-y-alex-campbell-recorrieron-junto-a-ramiro-ferrante-el-intech\/","url_meta":{"origin":36258,"position":1},"title":"CHASCOMUS: SERGIO BERGMAN Y ALEX CAMPBELL RECORRIERON JUNTO A RAMIRO FERRANTE EL INTECH","author":"Alejandro Sosa Ruda","date":"25 agosto, 2017","format":false,"excerpt":"El ministro de Ambiente y Desarrollo Sustentable de la naci\u00f3n, Sergio Bergman, y el subsecretario de Gobierno y Asuntos Municipales, Alex Campbell; visitaron hoy la ciudad de chascom\u00fas. Acompa\u00f1ados por Ramiro Ferrante, candidato a concejal por Cambiemos en Chascom\u00fas, recorrieron el INTECH donde observaron el trabajo que se realiza en\u2026","rel":"","context":"En \u00abCHASCOM\u00daS\u00bb","block_context":{"text":"CHASCOM\u00daS","link":"https:\/\/larevistadigital.com.ar\/blog\/category\/chascomus\/"},"img":{"alt_text":"","src":"https:\/\/i0.wp.com\/larevistadigital.com.ar\/blog\/wp-content\/uploads\/2017\/08\/Foto-1-Bergman-Campbell-y-Ferrante.jpg?fit=1200%2C900&ssl=1&resize=350%2C200","width":350,"height":200,"srcset":"https:\/\/i0.wp.com\/larevistadigital.com.ar\/blog\/wp-content\/uploads\/2017\/08\/Foto-1-Bergman-Campbell-y-Ferrante.jpg?fit=1200%2C900&ssl=1&resize=350%2C200 1x, https:\/\/i0.wp.com\/larevistadigital.com.ar\/blog\/wp-content\/uploads\/2017\/08\/Foto-1-Bergman-Campbell-y-Ferrante.jpg?fit=1200%2C900&ssl=1&resize=525%2C300 1.5x, https:\/\/i0.wp.com\/larevistadigital.com.ar\/blog\/wp-content\/uploads\/2017\/08\/Foto-1-Bergman-Campbell-y-Ferrante.jpg?fit=1200%2C900&ssl=1&resize=700%2C400 2x, https:\/\/i0.wp.com\/larevistadigital.com.ar\/blog\/wp-content\/uploads\/2017\/08\/Foto-1-Bergman-Campbell-y-Ferrante.jpg?fit=1200%2C900&ssl=1&resize=1050%2C600 3x"},"classes":[]},{"id":41013,"url":"https:\/\/larevistadigital.com.ar\/blog\/educacion-publica-mas-de-80-estudiantes-finalizaron-diplomaturas-dictadas-en-el-intech\/","url_meta":{"origin":36258,"position":2},"title":"Educaci\u00f3n P\u00fablica: M\u00e1s de 80 estudiantes finalizaron diplomaturas dictadas en el INTECH","author":"Alejandro Sosa Ruda","date":"20 agosto, 2025","format":false,"excerpt":"El intendente Javier Gast\u00f3n y el subsecretario de Educaci\u00f3n provincial, Pablo Urquiza, encabezaron la entrega de certificados. 20 de agosto de 2025 CHASCOM\u00daS\u00a0 -\u00a0 \u00a0En un acto realizado en el Centro Universitario Chascom\u00fas, m\u00e1s de 80 estudiantes recibieron sus diplomas tras completar la Diplomatura en Recursos Acu\u00e1ticos y la Diplomatura\u2026","rel":"","context":"En \u00abCHASCOM\u00daS\u00bb","block_context":{"text":"CHASCOM\u00daS","link":"https:\/\/larevistadigital.com.ar\/blog\/category\/chascomus\/"},"img":{"alt_text":"","src":"https:\/\/i0.wp.com\/larevistadigital.com.ar\/blog\/wp-content\/uploads\/68a5fa03143ce.png?fit=668%2C445&ssl=1&resize=350%2C200","width":350,"height":200,"srcset":"https:\/\/i0.wp.com\/larevistadigital.com.ar\/blog\/wp-content\/uploads\/68a5fa03143ce.png?fit=668%2C445&ssl=1&resize=350%2C200 1x, https:\/\/i0.wp.com\/larevistadigital.com.ar\/blog\/wp-content\/uploads\/68a5fa03143ce.png?fit=668%2C445&ssl=1&resize=525%2C300 1.5x"},"classes":[]},{"id":42786,"url":"https:\/\/larevistadigital.com.ar\/blog\/chascomus-cuna-del-pejerrey-como-trabaja-piscicultura-para-abastecer-a-la-provincia-y-al-mundo\/","url_meta":{"origin":36258,"position":3},"title":"Chascom\u00fas, cuna del pejerrey: c\u00f3mo trabaja Piscicultura para abastecer a la Provincia y al mundo","author":"Alejandro Sosa Ruda","date":"6 diciembre, 2025","format":false,"excerpt":"Alfredo \u201cCacho\u201d Astessuain explic\u00f3 en Ataque de Radio el detr\u00e1s de escena de la cr\u00eda de pejerreyes y el rol estrat\u00e9gico del centro local. 06de Diciembre de 2025 CHASCOM\u00daS -\u00a0 \u00a0En una entrevista en\u00a0 Ataque de Radio-Home office-, desde el vivo de Facebook de la Revista Digital,\u00a0 Alfredo \u201cCacho\u201d Astessuain,\u2026","rel":"","context":"En \u00abATAQUE DE RADIO\u00bb","block_context":{"text":"ATAQUE DE RADIO","link":"https:\/\/larevistadigital.com.ar\/blog\/category\/ataque-de-radio\/"},"img":{"alt_text":"","src":"https:\/\/i0.wp.com\/larevistadigital.com.ar\/blog\/wp-content\/uploads\/Captura-de-pantalla-2025-12-06-183756.jpg?fit=664%2C377&ssl=1&resize=350%2C200","width":350,"height":200,"srcset":"https:\/\/i0.wp.com\/larevistadigital.com.ar\/blog\/wp-content\/uploads\/Captura-de-pantalla-2025-12-06-183756.jpg?fit=664%2C377&ssl=1&resize=350%2C200 1x, https:\/\/i0.wp.com\/larevistadigital.com.ar\/blog\/wp-content\/uploads\/Captura-de-pantalla-2025-12-06-183756.jpg?fit=664%2C377&ssl=1&resize=525%2C300 1.5x"},"classes":[]},{"id":41169,"url":"https:\/\/larevistadigital.com.ar\/blog\/comienza-la-veda-de-pesca-del-pejerrey\/","url_meta":{"origin":36258,"position":4},"title":"Comienza la veda de pesca del pejerrey","author":"Alejandro Sosa Ruda","date":"30 agosto, 2025","format":false,"excerpt":"La medida busca proteger el desarrollo reproductivo de la especie y se aplica en todos los espejos de agua interiores bonaerenses, incluida la laguna de Chascom\u00fas. 30 de agosto de 2025 CHASCOM\u00daS -\u00a0 El Ministerio de Agroindustria de la provincia inform\u00f3 que desde el 1\u00b0 de septiembre estar\u00e1 vigente la\u2026","rel":"","context":"En \u00abCHASCOM\u00daS\u00bb","block_context":{"text":"CHASCOM\u00daS","link":"https:\/\/larevistadigital.com.ar\/blog\/category\/chascomus\/"},"img":{"alt_text":"","src":"https:\/\/i0.wp.com\/larevistadigital.com.ar\/blog\/wp-content\/uploads\/68b1db773a390.png?fit=668%2C445&ssl=1&resize=350%2C200","width":350,"height":200,"srcset":"https:\/\/i0.wp.com\/larevistadigital.com.ar\/blog\/wp-content\/uploads\/68b1db773a390.png?fit=668%2C445&ssl=1&resize=350%2C200 1x, https:\/\/i0.wp.com\/larevistadigital.com.ar\/blog\/wp-content\/uploads\/68b1db773a390.png?fit=668%2C445&ssl=1&resize=525%2C300 1.5x"},"classes":[]},{"id":38983,"url":"https:\/\/larevistadigital.com.ar\/blog\/convenio-entre-la-universidad-nacional-de-mar-del-plata-y-la-municipalidad-de-chascomus\/","url_meta":{"origin":36258,"position":5},"title":"Convenio entre la Universidad Nacional de Mar del Plata y la Municipalidad de Chascom\u00fas","author":"Alejandro Sosa Ruda","date":"13 marzo, 2025","format":false,"excerpt":"El acuerdo busca promover actividades acad\u00e9micas y de investigaci\u00f3n en el marco del programa Chascom\u00fas Km 0 de la Democracia. 14 de Marzo de 2025 CHASCOM\u00daS -\u00a0 El intendente Javier Gast\u00f3n y el rector de la Universidad Nacional de Mar del Plata, Alfredo Lazzeretti, firmaron un convenio de cooperaci\u00f3n entre\u2026","rel":"","context":"En \u00abCHASCOM\u00daS\u00bb","block_context":{"text":"CHASCOM\u00daS","link":"https:\/\/larevistadigital.com.ar\/blog\/category\/chascomus\/"},"img":{"alt_text":"","src":"https:\/\/i0.wp.com\/larevistadigital.com.ar\/blog\/wp-content\/uploads\/67d4637c2359e.png?fit=668%2C445&ssl=1&resize=350%2C200","width":350,"height":200,"srcset":"https:\/\/i0.wp.com\/larevistadigital.com.ar\/blog\/wp-content\/uploads\/67d4637c2359e.png?fit=668%2C445&ssl=1&resize=350%2C200 1x, https:\/\/i0.wp.com\/larevistadigital.com.ar\/blog\/wp-content\/uploads\/67d4637c2359e.png?fit=668%2C445&ssl=1&resize=525%2C300 1.5x"},"classes":[]}],"_links":{"self":[{"href":"https:\/\/larevistadigital.com.ar\/blog\/wp-json\/wp\/v2\/posts\/36258","targetHints":{"allow":["GET"]}}],"collection":[{"href":"https:\/\/larevistadigital.com.ar\/blog\/wp-json\/wp\/v2\/posts"}],"about":[{"href":"https:\/\/larevistadigital.com.ar\/blog\/wp-json\/wp\/v2\/types\/post"}],"author":[{"embeddable":true,"href":"https:\/\/larevistadigital.com.ar\/blog\/wp-json\/wp\/v2\/users\/3"}],"replies":[{"embeddable":true,"href":"https:\/\/larevistadigital.com.ar\/blog\/wp-json\/wp\/v2\/comments?post=36258"}],"version-history":[{"count":1,"href":"https:\/\/larevistadigital.com.ar\/blog\/wp-json\/wp\/v2\/posts\/36258\/revisions"}],"predecessor-version":[{"id":36260,"href":"https:\/\/larevistadigital.com.ar\/blog\/wp-json\/wp\/v2\/posts\/36258\/revisions\/36260"}],"wp:featuredmedia":[{"embeddable":true,"href":"https:\/\/larevistadigital.com.ar\/blog\/wp-json\/wp\/v2\/media\/36259"}],"wp:attachment":[{"href":"https:\/\/larevistadigital.com.ar\/blog\/wp-json\/wp\/v2\/media?parent=36258"}],"wp:term":[{"taxonomy":"category","embeddable":true,"href":"https:\/\/larevistadigital.com.ar\/blog\/wp-json\/wp\/v2\/categories?post=36258"},{"taxonomy":"post_tag","embeddable":true,"href":"https:\/\/larevistadigital.com.ar\/blog\/wp-json\/wp\/v2\/tags?post=36258"}],"curies":[{"name":"wp","href":"https:\/\/api.w.org\/{rel}","templated":true}]}}