{"id":36266,"date":"2024-06-08T13:30:47","date_gmt":"2024-06-08T16:30:47","guid":{"rendered":"https:\/\/larevistadigital.com.ar\/blog\/?p=36266"},"modified":"2024-06-08T13:30:47","modified_gmt":"2024-06-08T16:30:47","slug":"reunion-del-foro-municipal-de-seguridad-para-analizar-diversos-aspectos-de-la-situacion-actual","status":"publish","type":"post","link":"https:\/\/larevistadigital.com.ar\/blog\/reunion-del-foro-municipal-de-seguridad-para-analizar-diversos-aspectos-de-la-situacion-actual\/","title":{"rendered":"REUNI\u00d3N DEL FORO MUNICIPAL DE SEGURIDAD PARA ANALIZAR DIVERSOS ASPECTOS DE LA SITUACI\u00d3N ACTUAL"},"content":{"rendered":"<h2 class=\"notaIntro\"><em>En un encuentro llevado a cabo el pasado jueves por la tarde en el recinto del Concejo Deliberante, el Foro Municipal de Seguridad se reuni\u00f3 para analizar diversos temas relacionados con la seguridad ciudadana.<\/em><\/h2>\n<p>8 de Junio de 2024<\/p>\n<p class=\"notaTexto\"><strong>CHASCOM\u00daS &#8211;<\/strong> La reuni\u00f3n estuvo encabezado por la secretaria de Seguridad Ciudadana, <strong>Mariela Moscarella<\/strong>, y participaron representantes de diversos sectores.<\/p>\n<p class=\"notaTexto\">En este \u00e1mbito, se abordaron m\u00faltiples puntos de inter\u00e9s, destacando la importancia del trabajo de los funcionarios y el respeto por la institucionalidad en el \u00e1mbito de la seguridad. En primer lugar se abordaron temas vinculados a la seguridad rural. Desde la Asociaci\u00f3n Rural, el Comando de Patrulla Rural (CPR) y el foro de productores compartieron la agenda y discutieron planes futuros, incluyendo la ubicaci\u00f3n de nuevas c\u00e1maras de vigilancia y evaluaciones de patrullaje.<\/p>\n<p class=\"notaTexto\">Posteriormente, se unieron a la reuni\u00f3n representantes de la DDI, Narcocriminalidad y la Estaci\u00f3n de Polic\u00eda Comunal quienes informaron sobre el trabajo realizado en sus respectivas \u00e1reas y abordaron diversas situaciones.<br \/>\nPor su parte, la secretaria <strong>Moscarella<\/strong> comparti\u00f3 informaci\u00f3n detallada sobre la importante inversi\u00f3n en combustible que realiz\u00f3 la Municipalidad en comparaci\u00f3n con el a\u00f1o anterior, as\u00ed como el trabajo realizado desde el Centro de Monitoreo. Adem\u00e1s, se presentaron estad\u00edsticas del \u00e1rea de planificaci\u00f3n estrat\u00e9gica sobre la evoluci\u00f3n del delito en el mes de mayo, haciendo \u00e9nfasis en los delitos contra la propiedad, como robos y hurtos.<\/p>\n<p class=\"notaTexto\">La preocupaci\u00f3n por el aumento del delito y su relaci\u00f3n con la crisis econ\u00f3mica y sus consecuencias sociales estuvo presente a lo largo de todo el encuentro. La secretaria de Desarrollo Social y Educaci\u00f3n, Yanina Gazzaniga, brind\u00f3 detalles sobre el incremento de personas con problemas alimentarios y destac\u00f3 el protocolo para brindar asistencia a quienes se encuentren en situaci\u00f3n de vulnerabilidad.<\/p>\n<p class=\"notaTexto\">Asimismo, se discuti\u00f3 sobre el narcomenudeo, los operativos en curso y la importancia de denunciar estas actividades il\u00edcitas. Se hizo hincapi\u00e9 en la necesidad de mantener canales de di\u00e1logo con la justicia y en la responsabilidad de los funcionarios p\u00fablicos en el tratamiento de los temas de seguridad.<\/p>\n<p class=\"notaTexto\">En resumen, la reuni\u00f3n del Foro Municipal de Seguridad proporcion\u00f3 un espacio vital para el an\u00e1lisis y la acci\u00f3n coordinada en temas cr\u00edticos que afectan a la comunidad, reafirmando el compromiso de las autoridades locales con la seguridad y el bienestar de todos los ciudadanos.<\/p>\n","protected":false},"excerpt":{"rendered":"<div class=\"mh-excerpt\"><p>En un encuentro llevado a cabo el pasado jueves por la tarde en el recinto del Concejo Deliberante, el Foro Municipal de Seguridad se reuni\u00f3 para analizar diversos temas relacionados con la seguridad ciudadana. 8 <a class=\"mh-excerpt-more\" href=\"https:\/\/larevistadigital.com.ar\/blog\/reunion-del-foro-municipal-de-seguridad-para-analizar-diversos-aspectos-de-la-situacion-actual\/\" title=\"REUNI\u00d3N DEL FORO MUNICIPAL DE SEGURIDAD PARA ANALIZAR DIVERSOS ASPECTOS DE LA SITUACI\u00d3N ACTUAL\">[Leer M\u00e1s]<\/a><\/p>\n<\/div>","protected":false},"author":3,"featured_media":36267,"comment_status":"open","ping_status":"open","sticky":false,"template":"","format":"standard","meta":{"_jetpack_memberships_contains_paid_content":false,"footnotes":"","jetpack_publicize_message":"","jetpack_publicize_feature_enabled":true,"jetpack_social_post_already_shared":true,"jetpack_social_options":{"image_generator_settings":{"template":"highway","default_image_id":0,"font":"","enabled":false},"version":2}},"categories":[6,23],"tags":[],"class_list":{"0":"post-36266","1":"post","2":"type-post","3":"status-publish","4":"format-standard","5":"has-post-thumbnail","7":"category-chascomus","8":"category-politica-local"},"jetpack_publicize_connections":[],"jetpack_featured_media_url":"https:\/\/i0.wp.com\/larevistadigital.com.ar\/blog\/wp-content\/uploads\/2024_06_08_05_26_39_1196676.jpg?fit=600%2C400&ssl=1","jetpack_sharing_enabled":true,"jetpack_shortlink":"https:\/\/wp.me\/p8qtrQ-9qW","jetpack-related-posts":[{"id":36207,"url":"https:\/\/larevistadigital.com.ar\/blog\/la-secretaria-de-seguridad-recibio-a-representantes-de-sectores-rurales\/","url_meta":{"origin":36266,"position":0},"title":"LA SECRETARIA DE SEGURIDAD RECIBI\u00d3 A REPRESENTANTES DE SECTORES RURALES","author":"Alejandro Sosa Ruda","date":"4 junio, 2024","format":false,"excerpt":"La secretaria de Seguridad Ciudadana municipal, Mariela Moscarella, recibi\u00f3 a representantes del Foro de Seguridad Rural y de la Asociaci\u00f3n Rural de Chascom\u00fas con quienes dialog\u00f3 sobre la actualidad del sector. 04 de Junio de 2024 CHASCOM\u00daS -\u00a0 En esta reuni\u00f3n, que se llev\u00f3 a cabo en la Secretar\u00eda de\u2026","rel":"","context":"En \u00abDESTACADAS\u00bb","block_context":{"text":"DESTACADAS","link":"https:\/\/larevistadigital.com.ar\/blog\/category\/destacadas\/"},"img":{"alt_text":"","src":"https:\/\/i0.wp.com\/larevistadigital.com.ar\/blog\/wp-content\/uploads\/2024_06_05_00_47_30_302136.jpg?fit=600%2C338&ssl=1&resize=350%2C200","width":350,"height":200,"srcset":"https:\/\/i0.wp.com\/larevistadigital.com.ar\/blog\/wp-content\/uploads\/2024_06_05_00_47_30_302136.jpg?fit=600%2C338&ssl=1&resize=350%2C200 1x, https:\/\/i0.wp.com\/larevistadigital.com.ar\/blog\/wp-content\/uploads\/2024_06_05_00_47_30_302136.jpg?fit=600%2C338&ssl=1&resize=525%2C300 1.5x"},"classes":[]},{"id":24981,"url":"https:\/\/larevistadigital.com.ar\/blog\/chascomus-firme-avance-con-el-plan-integral-de-seguridad\/","url_meta":{"origin":36266,"position":1},"title":"CHASCOM\u00daS: FIRME AVANCE CON EL PLAN INTEGRAL DE SEGURIDAD","author":"Alejandro Sosa Ruda","date":"6 abril, 2022","format":false,"excerpt":"Con una firme decisi\u00f3n pol\u00edtica de Mariela Moscarella, se avanza con el \"Plan Integral de Seguridad\" para Chascom\u00fas. CHASCOM\u00daS - \u00a0Esta ma\u00f1ana, se llev\u00f3 a cabo una reuni\u00f3n de trabajo entre la Secretar\u00eda de Seguridad Ciudadana y la Direcci\u00f3n de Planificaci\u00f3n Estrat\u00e9gica del Ministerio de Seguridad de la Provincia de\u2026","rel":"","context":"En \u00abDESTACADAS\u00bb","block_context":{"text":"DESTACADAS","link":"https:\/\/larevistadigital.com.ar\/blog\/category\/destacadas\/"},"img":{"alt_text":"","src":"https:\/\/i0.wp.com\/larevistadigital.com.ar\/blog\/wp-content\/uploads\/Captura-de-pantalla-2022-04-06-202233.jpg?fit=746%2C560&ssl=1&resize=350%2C200","width":350,"height":200,"srcset":"https:\/\/i0.wp.com\/larevistadigital.com.ar\/blog\/wp-content\/uploads\/Captura-de-pantalla-2022-04-06-202233.jpg?fit=746%2C560&ssl=1&resize=350%2C200 1x, https:\/\/i0.wp.com\/larevistadigital.com.ar\/blog\/wp-content\/uploads\/Captura-de-pantalla-2022-04-06-202233.jpg?fit=746%2C560&ssl=1&resize=525%2C300 1.5x, https:\/\/i0.wp.com\/larevistadigital.com.ar\/blog\/wp-content\/uploads\/Captura-de-pantalla-2022-04-06-202233.jpg?fit=746%2C560&ssl=1&resize=700%2C400 2x"},"classes":[]},{"id":37288,"url":"https:\/\/larevistadigital.com.ar\/blog\/chascomus-importante-reconocimiento-del-foro-de-seguridad-rural-a-la-patrulla-municipal-de-seguridad-rural-y-su-jefe-marcelo-opicci\/","url_meta":{"origin":36266,"position":2},"title":"CHASCOM\u00daS: Importante reconocimiento del Foro de Seguridad Rural a la Patrulla Municipal de Seguridad Rural, y su jefe Marcelo Opicci","author":"Alejandro Sosa Ruda","date":"22 septiembre, 2024","format":false,"excerpt":"As\u00ed lo hicieron y lo manifest\u00f3 el Presidente del Foro, Manuel Anchorena, quien destac\u00f3 el trabajo y el compromiso de Marcelo Castillo Opici. 22 de Septiembre de 2024 CHASCOM\u00daS -\u00a0 \u00a0Durante una entrevista brindada al programa radial y de Streeming, \"Ataque de Radio\"\u00a0que conduce Alejandro \"El Tano\" Sosa, el Presidente\u2026","rel":"","context":"En \u00abDESTACADAS\u00bb","block_context":{"text":"DESTACADAS","link":"https:\/\/larevistadigital.com.ar\/blog\/category\/destacadas\/"},"img":{"alt_text":"","src":"https:\/\/i0.wp.com\/larevistadigital.com.ar\/blog\/wp-content\/uploads\/Con-los-miembros-del-Foro-Seguridad-Rural.jpg?fit=828%2C472&ssl=1&resize=350%2C200","width":350,"height":200,"srcset":"https:\/\/i0.wp.com\/larevistadigital.com.ar\/blog\/wp-content\/uploads\/Con-los-miembros-del-Foro-Seguridad-Rural.jpg?fit=828%2C472&ssl=1&resize=350%2C200 1x, https:\/\/i0.wp.com\/larevistadigital.com.ar\/blog\/wp-content\/uploads\/Con-los-miembros-del-Foro-Seguridad-Rural.jpg?fit=828%2C472&ssl=1&resize=525%2C300 1.5x, https:\/\/i0.wp.com\/larevistadigital.com.ar\/blog\/wp-content\/uploads\/Con-los-miembros-del-Foro-Seguridad-Rural.jpg?fit=828%2C472&ssl=1&resize=700%2C400 2x"},"classes":[]},{"id":38770,"url":"https:\/\/larevistadigital.com.ar\/blog\/reunion-para-reforzar-la-prevencion-del-delito-en-la-zona-rural\/","url_meta":{"origin":36266,"position":3},"title":"Reuni\u00f3n para reforzar la prevenci\u00f3n del delito en la zona rural","author":"Alejandro Sosa Ruda","date":"23 febrero, 2025","format":false,"excerpt":"En el encuentro se acordaron operativos coordinados y mayor articulaci\u00f3n con el Poder Judicial en el marco del Plan Integral de Seguridad 2025. 23 de Febrero de 2025 CHASCOM\u00daS -\u00a0 En el encuentro se acordaron operativos coordinados y mayor articulaci\u00f3n con el Poder Judicial en el marco del Plan Integral\u2026","rel":"","context":"En \u00abCHASCOM\u00daS\u00bb","block_context":{"text":"CHASCOM\u00daS","link":"https:\/\/larevistadigital.com.ar\/blog\/category\/chascomus\/"},"img":{"alt_text":"","src":"https:\/\/i0.wp.com\/larevistadigital.com.ar\/blog\/wp-content\/uploads\/67b8b46c7c6b0.png?fit=668%2C445&ssl=1&resize=350%2C200","width":350,"height":200,"srcset":"https:\/\/i0.wp.com\/larevistadigital.com.ar\/blog\/wp-content\/uploads\/67b8b46c7c6b0.png?fit=668%2C445&ssl=1&resize=350%2C200 1x, https:\/\/i0.wp.com\/larevistadigital.com.ar\/blog\/wp-content\/uploads\/67b8b46c7c6b0.png?fit=668%2C445&ssl=1&resize=525%2C300 1.5x"},"classes":[]},{"id":25128,"url":"https:\/\/larevistadigital.com.ar\/blog\/la-sec-de-seguridad-presento-en-el-foro-municipal-de-seguridad-un-punteo-del-plan-integral-de-seguridad-local\/","url_meta":{"origin":36266,"position":4},"title":"LA SEC. DE SEGURIDAD PRESENT\u00d3 EN EL FORO MUNICIPAL DE SEGURIDAD UN \u00abPUNTEO\u00bb DEL PLAN INTEGRAL DE SEGURIDAD LOCAL","author":"Alejandro Sosa Ruda","date":"18 abril, 2022","format":false,"excerpt":"Una iniciativa desde la Secretar\u00eda de Seguridad que abre la posibilidad que la oposici\u00f3n pueda aportar ideas e iniciativas en el Plan Integral de Seguridad de Chascom\u00fas CHASCOM\u00daS -\u00a0 Tomamos conocimiento a trav\u00e9s de fuentes del Foro que hace dos reuniones atr\u00e1s desde la Secretar\u00eda de Seguridad Ciudadana se present\u00f3\u2026","rel":"","context":"En \u00abINTERES GENERAL\u00bb","block_context":{"text":"INTERES GENERAL","link":"https:\/\/larevistadigital.com.ar\/blog\/category\/interes-general\/"},"img":{"alt_text":"","src":"https:\/\/i0.wp.com\/larevistadigital.com.ar\/blog\/wp-content\/uploads\/1620734311775.jpg?fit=1200%2C777&ssl=1&resize=350%2C200","width":350,"height":200,"srcset":"https:\/\/i0.wp.com\/larevistadigital.com.ar\/blog\/wp-content\/uploads\/1620734311775.jpg?fit=1200%2C777&ssl=1&resize=350%2C200 1x, https:\/\/i0.wp.com\/larevistadigital.com.ar\/blog\/wp-content\/uploads\/1620734311775.jpg?fit=1200%2C777&ssl=1&resize=525%2C300 1.5x, https:\/\/i0.wp.com\/larevistadigital.com.ar\/blog\/wp-content\/uploads\/1620734311775.jpg?fit=1200%2C777&ssl=1&resize=700%2C400 2x, https:\/\/i0.wp.com\/larevistadigital.com.ar\/blog\/wp-content\/uploads\/1620734311775.jpg?fit=1200%2C777&ssl=1&resize=1050%2C600 3x"},"classes":[]},{"id":36922,"url":"https:\/\/larevistadigital.com.ar\/blog\/chascomus-se-fortalecen-las-estrategias-de-prevencion-en-el-sector-rural\/","url_meta":{"origin":36266,"position":5},"title":"CHASCOM\u00daS: SE FORTALECEN LAS ESTRAT\u00c9GIAS DE PREVENCI\u00d3N EN EL SECTOR RURAL","author":"Alejandro Sosa Ruda","date":"11 agosto, 2024","format":false,"excerpt":"La secretaria municipal de Seguridad Ciudadana, Mariela Moscarella, mantuvo una reuni\u00f3n con representantes del Comando de Patrulla Rural de Chascom\u00fas (CPR), con la finalidad de fortalecer las estrategias de prevenci\u00f3n en las zonas rurales. 11 de Agosto de 2024 CHASCOM\u00daS\u00a0 -\u00a0\u00a0 Tomaron parte de la reuni\u00f3n el director Operativo Sur,\u2026","rel":"","context":"En \u00abINTERES GENERAL\u00bb","block_context":{"text":"INTERES GENERAL","link":"https:\/\/larevistadigital.com.ar\/blog\/category\/interes-general\/"},"img":{"alt_text":"","src":"https:\/\/i0.wp.com\/larevistadigital.com.ar\/blog\/wp-content\/uploads\/66b4fa4b2032c.png?fit=668%2C445&ssl=1&resize=350%2C200","width":350,"height":200,"srcset":"https:\/\/i0.wp.com\/larevistadigital.com.ar\/blog\/wp-content\/uploads\/66b4fa4b2032c.png?fit=668%2C445&ssl=1&resize=350%2C200 1x, https:\/\/i0.wp.com\/larevistadigital.com.ar\/blog\/wp-content\/uploads\/66b4fa4b2032c.png?fit=668%2C445&ssl=1&resize=525%2C300 1.5x"},"classes":[]}],"_links":{"self":[{"href":"https:\/\/larevistadigital.com.ar\/blog\/wp-json\/wp\/v2\/posts\/36266","targetHints":{"allow":["GET"]}}],"collection":[{"href":"https:\/\/larevistadigital.com.ar\/blog\/wp-json\/wp\/v2\/posts"}],"about":[{"href":"https:\/\/larevistadigital.com.ar\/blog\/wp-json\/wp\/v2\/types\/post"}],"author":[{"embeddable":true,"href":"https:\/\/larevistadigital.com.ar\/blog\/wp-json\/wp\/v2\/users\/3"}],"replies":[{"embeddable":true,"href":"https:\/\/larevistadigital.com.ar\/blog\/wp-json\/wp\/v2\/comments?post=36266"}],"version-history":[{"count":1,"href":"https:\/\/larevistadigital.com.ar\/blog\/wp-json\/wp\/v2\/posts\/36266\/revisions"}],"predecessor-version":[{"id":36268,"href":"https:\/\/larevistadigital.com.ar\/blog\/wp-json\/wp\/v2\/posts\/36266\/revisions\/36268"}],"wp:featuredmedia":[{"embeddable":true,"href":"https:\/\/larevistadigital.com.ar\/blog\/wp-json\/wp\/v2\/media\/36267"}],"wp:attachment":[{"href":"https:\/\/larevistadigital.com.ar\/blog\/wp-json\/wp\/v2\/media?parent=36266"}],"wp:term":[{"taxonomy":"category","embeddable":true,"href":"https:\/\/larevistadigital.com.ar\/blog\/wp-json\/wp\/v2\/categories?post=36266"},{"taxonomy":"post_tag","embeddable":true,"href":"https:\/\/larevistadigital.com.ar\/blog\/wp-json\/wp\/v2\/tags?post=36266"}],"curies":[{"name":"wp","href":"https:\/\/api.w.org\/{rel}","templated":true}]}}