{"id":36269,"date":"2024-06-08T13:37:02","date_gmt":"2024-06-08T16:37:02","guid":{"rendered":"https:\/\/larevistadigital.com.ar\/blog\/?p=36269"},"modified":"2024-06-08T13:37:02","modified_gmt":"2024-06-08T16:37:02","slug":"funcionaros-se-reunieron-con-prestadores-turisticos-para-analizar-el-aumento-de-las-tarifas-de-servicios","status":"publish","type":"post","link":"https:\/\/larevistadigital.com.ar\/blog\/funcionaros-se-reunieron-con-prestadores-turisticos-para-analizar-el-aumento-de-las-tarifas-de-servicios\/","title":{"rendered":"FUNCIONAROS SE REUNIERON CON PRESTADORES TUR\u00cdSTICOS PARA ANALIZAR EL AUMENTO DE LAS TARIFAS DE SERVICIOS"},"content":{"rendered":"<div class=\"col-xs-12 col-md-6\">\n<h2 class=\"notaIntro\">El secretario de Desarrollo Tur\u00edstico, Productivo y Cultural, Pablo N\u00e1poli, recibi\u00f3 a propietarios de emprendimientos tur\u00edsticos con quienes analiz\u00f3 la actual situaci\u00f3n del sector, afectado por los fuertes aumentos de las tarifas de energ\u00eda.<\/h2>\n<p>8 de Junio de 2024<\/p>\n<p class=\"notaTexto\"><strong>CHASCOM\u00daS &#8211;<\/strong>\u00a0 Los prestadores presentes destacaron la preocupaci\u00f3n compartida por la p\u00e9rdida de competitividad que resulta de estos aumentos, lo que dificulta la capacidad de ofrecer productos tur\u00edsticos a precios atractivos para los clientes.<\/p>\n<blockquote>\n<h3 class=\"notaTexto\">Adem\u00e1s, se hizo hincapi\u00e9 en la importancia de concientizar sobre la necesidad de mantener los locales tur\u00edsticos habilitados, resaltando los beneficios en t\u00e9rminos de seguridad que esto conlleva.<\/h3>\n<\/blockquote>\n<p class=\"notaTexto\"><strong>N\u00e1poli<\/strong> estuvo acompa\u00f1ado por la subsecretaria de Desarrollo Tur\u00edstico y Productivo, <strong>Jimena Arano<\/strong>, y la directora de Turismo, <strong>Soledad Marconi<\/strong>.<br \/>\nPor otra parte, se analiz\u00f3 la posibilidad de llevar a cabo articulaciones y acciones colaborativas con el objetivo de aumentar la visibilidad de la gran diversidad de propuestas que tiene la ciudad.<\/p>\n<p>&nbsp;<\/p>\n<\/div>\n<div class=\"col-xs-12 col-md-6\">\n<div id=\"myCarousel\" class=\"carousel slide\" data-ride=\"carousel\">\n<div class=\"carousel-inner\">\n<div class=\"item active\"><\/div>\n<\/div>\n<\/div>\n<\/div>\n","protected":false},"excerpt":{"rendered":"<div class=\"mh-excerpt\"><p>El secretario de Desarrollo Tur\u00edstico, Productivo y Cultural, Pablo N\u00e1poli, recibi\u00f3 a propietarios de emprendimientos tur\u00edsticos con quienes analiz\u00f3 la actual situaci\u00f3n del sector, afectado por los fuertes aumentos de las tarifas de energ\u00eda. 8 <a class=\"mh-excerpt-more\" href=\"https:\/\/larevistadigital.com.ar\/blog\/funcionaros-se-reunieron-con-prestadores-turisticos-para-analizar-el-aumento-de-las-tarifas-de-servicios\/\" title=\"FUNCIONAROS SE REUNIERON CON PRESTADORES TUR\u00cdSTICOS PARA ANALIZAR EL AUMENTO DE LAS TARIFAS DE SERVICIOS\">[Leer M\u00e1s]<\/a><\/p>\n<\/div>","protected":false},"author":3,"featured_media":36270,"comment_status":"open","ping_status":"open","sticky":false,"template":"","format":"standard","meta":{"_jetpack_memberships_contains_paid_content":false,"footnotes":"","jetpack_publicize_message":"","jetpack_publicize_feature_enabled":true,"jetpack_social_post_already_shared":true,"jetpack_social_options":{"image_generator_settings":{"template":"highway","default_image_id":0,"font":"","enabled":false},"version":2}},"categories":[50],"tags":[],"class_list":{"0":"post-36269","1":"post","2":"type-post","3":"status-publish","4":"format-standard","5":"has-post-thumbnail","7":"category-interes-general"},"jetpack_publicize_connections":[],"jetpack_featured_media_url":"https:\/\/i0.wp.com\/larevistadigital.com.ar\/blog\/wp-content\/uploads\/2024_06_08_05_24_44_9910754.jpg?fit=600%2C401&ssl=1","jetpack_sharing_enabled":true,"jetpack_shortlink":"https:\/\/wp.me\/p8qtrQ-9qZ","jetpack-related-posts":[{"id":37891,"url":"https:\/\/larevistadigital.com.ar\/blog\/prestadores-turisticos-y-comerciantes-recibieron-informacion-sobre-financiamiento-y-desarrollo-productivo\/","url_meta":{"origin":36269,"position":0},"title":"Prestadores tur\u00edsticos y comerciantes recibieron informaci\u00f3n sobre financiamiento y desarrollo productivo","author":"Alejandro Sosa Ruda","date":"15 noviembre, 2024","format":false,"excerpt":"En un desayuno de trabajo realizado en la sede de la UTHGRA, prestadores tur\u00edsticos y comerciantes locales fueron asesorados sobre nuevas l\u00edneas de financiamiento y productos para el fortalecimiento de la econom\u00eda local. 15 de Noviembre de 2024 CHASCOM\u00daS -\u00a0 La reuni\u00f3n fue impulsada conjuntamente por la Municipalidad de Chascom\u00fas,\u2026","rel":"","context":"En \u00abCHASCOM\u00daS\u00bb","block_context":{"text":"CHASCOM\u00daS","link":"https:\/\/larevistadigital.com.ar\/blog\/category\/chascomus\/"},"img":{"alt_text":"","src":"https:\/\/i0.wp.com\/larevistadigital.com.ar\/blog\/wp-content\/uploads\/6736306b38824.png?fit=668%2C445&ssl=1&resize=350%2C200","width":350,"height":200,"srcset":"https:\/\/i0.wp.com\/larevistadigital.com.ar\/blog\/wp-content\/uploads\/6736306b38824.png?fit=668%2C445&ssl=1&resize=350%2C200 1x, https:\/\/i0.wp.com\/larevistadigital.com.ar\/blog\/wp-content\/uploads\/6736306b38824.png?fit=668%2C445&ssl=1&resize=525%2C300 1.5x"},"classes":[]},{"id":5949,"url":"https:\/\/larevistadigital.com.ar\/blog\/los-prestadores-turisticos-pidieron-normativas-y-cambios-que-permitan-el-desarrollo-del-sector-en-beneficio-de-la-comunidad\/","url_meta":{"origin":36269,"position":1},"title":"Los prestadores tur\u00edsticos pidieron normativas y cambios que permitan el desarrollo del sector en beneficio de la comunidad","author":"admin","date":"15 julio, 2018","format":false,"excerpt":"En la reuni\u00f3n con Casalins Tal como adelantamos en la v\u00edspera, d\u00edas atr\u00e1s se realizo una reuni\u00f3n entre prestadores tur\u00edsticos, miembros de la C\u00e1mara de Comercio, y el Presidente del Concejo Deliberante, Osvaldo Casalins. La misma fue convocada a partir de la presentaci\u00f3n de diferentes notas por parte de los\u2026","rel":"","context":"En \u00abCHASCOM\u00daS\u00bb","block_context":{"text":"CHASCOM\u00daS","link":"https:\/\/larevistadigital.com.ar\/blog\/category\/chascomus\/"},"img":{"alt_text":"","src":"https:\/\/i0.wp.com\/larevistadigital.com.ar\/blog\/wp-content\/uploads\/2018\/07\/casalins_15dejuliode2108_elfuerte.jpg?fit=737%2C415&ssl=1&resize=350%2C200","width":350,"height":200,"srcset":"https:\/\/i0.wp.com\/larevistadigital.com.ar\/blog\/wp-content\/uploads\/2018\/07\/casalins_15dejuliode2108_elfuerte.jpg?fit=737%2C415&ssl=1&resize=350%2C200 1x, https:\/\/i0.wp.com\/larevistadigital.com.ar\/blog\/wp-content\/uploads\/2018\/07\/casalins_15dejuliode2108_elfuerte.jpg?fit=737%2C415&ssl=1&resize=525%2C300 1.5x, https:\/\/i0.wp.com\/larevistadigital.com.ar\/blog\/wp-content\/uploads\/2018\/07\/casalins_15dejuliode2108_elfuerte.jpg?fit=737%2C415&ssl=1&resize=700%2C400 2x"},"classes":[]},{"id":43100,"url":"https:\/\/larevistadigital.com.ar\/blog\/chascomus-brindis-con-prestadores-turisticos-y-presentacion-de-nuevas-autoridades\/","url_meta":{"origin":36269,"position":2},"title":"Chascom\u00fas: Brindis con prestadores tur\u00edsticos y presentaci\u00f3n de nuevas autoridades","author":"Alejandro Sosa Ruda","date":"2 enero, 2026","format":false,"excerpt":"En el encuentro se evalu\u00f3 el panorama de cara al inicio de la temporada de verano y el comienzo del nuevo a\u00f1o. 02 de enero de 2026 CHASCOM\u00daS -\u00a0 \u00a0El intendente Javier Gast\u00f3n recibi\u00f3 a prestadores tur\u00edsticos en su despacho para compartir un brindis de cierre del a\u00f1o 2025. \u201cEs\u2026","rel":"","context":"En \u00abCHASCOM\u00daS\u00bb","block_context":{"text":"CHASCOM\u00daS","link":"https:\/\/larevistadigital.com.ar\/blog\/category\/chascomus\/"},"img":{"alt_text":"","src":"https:\/\/i0.wp.com\/larevistadigital.com.ar\/blog\/wp-content\/uploads\/695801f846290.png?fit=668%2C445&ssl=1&resize=350%2C200","width":350,"height":200,"srcset":"https:\/\/i0.wp.com\/larevistadigital.com.ar\/blog\/wp-content\/uploads\/695801f846290.png?fit=668%2C445&ssl=1&resize=350%2C200 1x, https:\/\/i0.wp.com\/larevistadigital.com.ar\/blog\/wp-content\/uploads\/695801f846290.png?fit=668%2C445&ssl=1&resize=525%2C300 1.5x"},"classes":[]},{"id":40504,"url":"https:\/\/larevistadigital.com.ar\/blog\/chascomus-funcionarios-municipales-se-reunieron-con-prestadores-turisticos-y-representantes-de-edea\/","url_meta":{"origin":36269,"position":3},"title":"Chascom\u00fas: Funcionarios municipales se reunieron con prestadores tur\u00edsticos y representantes de EDEA","author":"Alejandro Sosa Ruda","date":"18 julio, 2025","format":false,"excerpt":"En el encuentro se evalu\u00f3 la situaci\u00f3n del servicio el\u00e9ctrico en las zonas tur\u00edsticas. 18 De Julio de 2025 CHASCOM\u00daS\u00a0 -\u00a0 \u00a0Del encuentro participaron la subsecretaria de Desarrollo Tur\u00edstico y Productivo, Jimena Arano; el gerente regional de EDEA, Carlos Mansilla; el jefe de distribuci\u00f3n de la empresa, Fabi\u00e1n Cano, y\u2026","rel":"","context":"En \u00abCHASCOM\u00daS\u00bb","block_context":{"text":"CHASCOM\u00daS","link":"https:\/\/larevistadigital.com.ar\/blog\/category\/chascomus\/"},"img":{"alt_text":"","src":"https:\/\/i0.wp.com\/larevistadigital.com.ar\/blog\/wp-content\/uploads\/687929fb52351.png?fit=668%2C445&ssl=1&resize=350%2C200","width":350,"height":200,"srcset":"https:\/\/i0.wp.com\/larevistadigital.com.ar\/blog\/wp-content\/uploads\/687929fb52351.png?fit=668%2C445&ssl=1&resize=350%2C200 1x, https:\/\/i0.wp.com\/larevistadigital.com.ar\/blog\/wp-content\/uploads\/687929fb52351.png?fit=668%2C445&ssl=1&resize=525%2C300 1.5x"},"classes":[]},{"id":36463,"url":"https:\/\/larevistadigital.com.ar\/blog\/turismo-teatral-una-nueva-apuesta-de-la-ciudad\/","url_meta":{"origin":36269,"position":4},"title":"TURISMO TEATRAL: UNA NUEVA APUESTA DE LA CIUDAD","author":"Alejandro Sosa Ruda","date":"28 junio, 2024","format":false,"excerpt":"Con una propuesta de primer nivel se busca romper con la estacionalidad y atraer a turistas especialmente interesados en el arte 28 de Junio de 2024 CHASCOM\u00daS-\u00a0 Desde la Secretar\u00eda de Desarrollo Tur\u00edstico, Productivo y Cultural de la municipalidad se convoc\u00f3 a una reuni\u00f3n de la que participaron el grupo\u2026","rel":"","context":"En \u00abINTERES GENERAL\u00bb","block_context":{"text":"INTERES GENERAL","link":"https:\/\/larevistadigital.com.ar\/blog\/category\/interes-general\/"},"img":{"alt_text":"","src":"","width":0,"height":0},"classes":[]},{"id":1315,"url":"https:\/\/larevistadigital.com.ar\/blog\/reunion-de-prestadores-turisticos\/","url_meta":{"origin":36269,"position":5},"title":"Reuni\u00f3n de prestadores tur\u00edsticos","author":"editor","date":"18 marzo, 2017","format":false,"excerpt":"La Municipalidad dio cuenta de una reuni\u00f3n del secretario de planificaci\u00f3n y turismo Leandro Otondo, con los prestadores del sector en nuestra ciudad.\u2008El encuentro tuvo lugar en las instalaciones del Museo Pampeano. De la reuni\u00f3n se inform\u00f3 participaron prestadores gastron\u00f3micos, hoteleros y representantes de las instituciones del ACE (Agrupaci\u00f3n de\u2026","rel":"","context":"En \u00abCHASCOM\u00daS\u00bb","block_context":{"text":"CHASCOM\u00daS","link":"https:\/\/larevistadigital.com.ar\/blog\/category\/chascomus\/"},"img":{"alt_text":"","src":"https:\/\/i0.wp.com\/larevistadigital.com.ar\/blog\/wp-content\/uploads\/2017\/03\/presturistico_elfuerte_190317.jpg?fit=875%2C492&ssl=1&resize=350%2C200","width":350,"height":200,"srcset":"https:\/\/i0.wp.com\/larevistadigital.com.ar\/blog\/wp-content\/uploads\/2017\/03\/presturistico_elfuerte_190317.jpg?fit=875%2C492&ssl=1&resize=350%2C200 1x, https:\/\/i0.wp.com\/larevistadigital.com.ar\/blog\/wp-content\/uploads\/2017\/03\/presturistico_elfuerte_190317.jpg?fit=875%2C492&ssl=1&resize=525%2C300 1.5x, https:\/\/i0.wp.com\/larevistadigital.com.ar\/blog\/wp-content\/uploads\/2017\/03\/presturistico_elfuerte_190317.jpg?fit=875%2C492&ssl=1&resize=700%2C400 2x"},"classes":[]}],"_links":{"self":[{"href":"https:\/\/larevistadigital.com.ar\/blog\/wp-json\/wp\/v2\/posts\/36269","targetHints":{"allow":["GET"]}}],"collection":[{"href":"https:\/\/larevistadigital.com.ar\/blog\/wp-json\/wp\/v2\/posts"}],"about":[{"href":"https:\/\/larevistadigital.com.ar\/blog\/wp-json\/wp\/v2\/types\/post"}],"author":[{"embeddable":true,"href":"https:\/\/larevistadigital.com.ar\/blog\/wp-json\/wp\/v2\/users\/3"}],"replies":[{"embeddable":true,"href":"https:\/\/larevistadigital.com.ar\/blog\/wp-json\/wp\/v2\/comments?post=36269"}],"version-history":[{"count":1,"href":"https:\/\/larevistadigital.com.ar\/blog\/wp-json\/wp\/v2\/posts\/36269\/revisions"}],"predecessor-version":[{"id":36271,"href":"https:\/\/larevistadigital.com.ar\/blog\/wp-json\/wp\/v2\/posts\/36269\/revisions\/36271"}],"wp:featuredmedia":[{"embeddable":true,"href":"https:\/\/larevistadigital.com.ar\/blog\/wp-json\/wp\/v2\/media\/36270"}],"wp:attachment":[{"href":"https:\/\/larevistadigital.com.ar\/blog\/wp-json\/wp\/v2\/media?parent=36269"}],"wp:term":[{"taxonomy":"category","embeddable":true,"href":"https:\/\/larevistadigital.com.ar\/blog\/wp-json\/wp\/v2\/categories?post=36269"},{"taxonomy":"post_tag","embeddable":true,"href":"https:\/\/larevistadigital.com.ar\/blog\/wp-json\/wp\/v2\/tags?post=36269"}],"curies":[{"name":"wp","href":"https:\/\/api.w.org\/{rel}","templated":true}]}}