{"id":36276,"date":"2024-06-10T21:34:24","date_gmt":"2024-06-11T00:34:24","guid":{"rendered":"https:\/\/larevistadigital.com.ar\/blog\/?p=36276"},"modified":"2024-06-10T21:34:24","modified_gmt":"2024-06-11T00:34:24","slug":"tiro-torneo-federal-de-miras-abiertas","status":"publish","type":"post","link":"https:\/\/larevistadigital.com.ar\/blog\/tiro-torneo-federal-de-miras-abiertas\/","title":{"rendered":"TIRO: TORNEO FEDERAL DE MIRAS ABIERTAS"},"content":{"rendered":"<h3>Inform\u00f3 el Tiro Federal:<\/h3>\n<p>Una delegaci\u00f3n del Tiro Federal Argentino local viaj\u00f3 a Jun\u00edn, donde se disput\u00f3 la cuarta fecha del Torneo Nacional de Miras Abiertas que organiza la Federaci\u00f3n Argentina de Tiro. Adem\u00e1s los tiradores participaron en simult\u00e1neo del torneo social organizado por el pol\u00edgono anfitri\u00f3n.<br \/>\nEn ambos casos hubo chascomunenses en el podio.<\/p>\n<h3><span style=\"color: #ff0000\">Resultados:<\/span><\/h3>\n<p><strong><span style=\"color: #ff0000\">CARABINA.22 50M TENDIDO<\/span><\/strong><br \/>\nCategor\u00eda A<br \/>\n2do puesto <strong>Marcelo ZACCHEO<\/strong> 293 Pts<\/p>\n<p>Categor\u00eda B<br \/>\n1er puesto <strong>Mat\u00edas Ruiz<\/strong> 282 Pts<\/p>\n<p>Categor\u00eda Mini<br \/>\n3er puesto <strong>Morena Unkrodt<\/strong> 285 Pts<\/p>\n<p><strong><span style=\"color: #ff0000\">CARABINA 3 POSICIONES<\/span><\/strong><br \/>\nCategor\u00eda A<br \/>\n3er puesto <strong>Marcelo Zaccheo<\/strong> 276 PTS<\/p>\n<p><strong><span style=\"color: #ff0000\">RIFLE DE AIRE DE QUEBRAR<\/span><\/strong><br \/>\nCategor\u00eda A<br \/>\n5to puesto <strong>Marcelo Zaccheo<\/strong> 287 PTS<br \/>\nCategor\u00eda B<br \/>\n2do puesto <strong>Juan Manuel Busca<\/strong> 284 PTS<br \/>\n5to puesto <strong>Mat\u00edas Ruiz<\/strong> 281 PTS<br \/>\n7mo puesto <strong>Carlos Unkrodt<\/strong> 280 PTS<\/p>\n<p>Categor\u00eda Mini<br \/>\n2do Morena Unkrodt 294 PTS<br \/>\n3er Pilar Busca 291 PTS<\/p>\n<p><strong>Resultados del TORNEO SOCIAL DE @tiro_federal_de_junin<\/strong><\/p>\n<p><strong><span style=\"color: #ff0000\">CARABINA.22 50 M TENDIDO<\/span><\/strong><br \/>\nCategor\u00eda A<br \/>\n2do puesto Marcelo Zaccheo 293 pts<\/p>\n<p>Categor\u00eda B<br \/>\n1er puesto Mat\u00edas Ruiz 282 pts<br \/>\n3er puesto Juan Busca 276 pts<\/p>\n<p>Categor\u00eda Mini<br \/>\n3er puesto Morena Unkrodt 285 PTS<\/p>\n<p><strong><span style=\"color: #ff0000\">RIFLE DE AIRE DE QUEBRAR<\/span><\/strong><br \/>\nCategor\u00eda A<br \/>\n6to puesto Marcelo Zaccheo 287 pts<\/p>\n<p>Categor\u00eda B<br \/>\n1er puesto Busca Juan 284 pts<br \/>\n3er puesto Mat\u00edas Ruiz 281 pts<br \/>\n5to puesto Carlos Unkrodt 280 pts<\/p>\n<p>Categor\u00eda Mini<br \/>\n2do puesto Morena Unkrodt 293 pts<br \/>\n3er puesto Pilar Busca 291 pts<\/p>\n<p><span style=\"color: #ff0000\"><strong>La pr\u00f3xima fecha ser\u00e1 en septiembre aqu\u00ed en Chascom\u00fas.<\/strong><\/span><\/p>\n","protected":false},"excerpt":{"rendered":"<div class=\"mh-excerpt\"><p>Inform\u00f3 el Tiro Federal: Una delegaci\u00f3n del Tiro Federal Argentino local viaj\u00f3 a Jun\u00edn, donde se disput\u00f3 la cuarta fecha del Torneo Nacional de Miras Abiertas que organiza la Federaci\u00f3n Argentina de Tiro. Adem\u00e1s los <a class=\"mh-excerpt-more\" href=\"https:\/\/larevistadigital.com.ar\/blog\/tiro-torneo-federal-de-miras-abiertas\/\" title=\"TIRO: TORNEO FEDERAL DE MIRAS ABIERTAS\">[Leer M\u00e1s]<\/a><\/p>\n<\/div>","protected":false},"author":3,"featured_media":36277,"comment_status":"open","ping_status":"open","sticky":false,"template":"","format":"standard","meta":{"_jetpack_memberships_contains_paid_content":false,"footnotes":"","jetpack_publicize_message":"","jetpack_publicize_feature_enabled":true,"jetpack_social_post_already_shared":true,"jetpack_social_options":{"image_generator_settings":{"template":"highway","default_image_id":0,"font":"","enabled":false},"version":2}},"categories":[50],"tags":[],"class_list":{"0":"post-36276","1":"post","2":"type-post","3":"status-publish","4":"format-standard","5":"has-post-thumbnail","7":"category-interes-general"},"jetpack_publicize_connections":[],"jetpack_featured_media_url":"https:\/\/i0.wp.com\/larevistadigital.com.ar\/blog\/wp-content\/uploads\/WhatsApp-Image-2024-06-10-at-17.34.32.jpeg?fit=1326%2C1600&ssl=1","jetpack_sharing_enabled":true,"jetpack_shortlink":"https:\/\/wp.me\/p8qtrQ-9r6","jetpack-related-posts":[{"id":36092,"url":"https:\/\/larevistadigital.com.ar\/blog\/tiro-federal-campeonato-nacional-de-miras-abiertas-en-chascomus\/","url_meta":{"origin":36276,"position":0},"title":"TIRO FEDERAL: CAMPEONATO NACIONAL DE MIRAS ABIERTAS EN CHASCOM\u00daS","author":"Alejandro Sosa Ruda","date":"21 mayo, 2024","format":false,"excerpt":"M\u00e1s de cien deportistas participaron de la tercera fecha del torneo que organiza la Federaci\u00f3n Argentina de Tiro 21 de Mayo de 2024 CHASCOM\u00daS -\u00a0 Durante el fin de semana el pol\u00edgono local recibi\u00f3 a representantes de sus pares de Olavarr\u00eda, La Plata, Tandil, Jun\u00edn y Quilmes, en el marco\u2026","rel":"","context":"En \u00abINTERES GENERAL\u00bb","block_context":{"text":"INTERES GENERAL","link":"https:\/\/larevistadigital.com.ar\/blog\/category\/interes-general\/"},"img":{"alt_text":"","src":"https:\/\/i0.wp.com\/larevistadigital.com.ar\/blog\/wp-content\/uploads\/fa6d456c-e60d-4598-9b76-7b7790126069.jpg?fit=1200%2C794&ssl=1&resize=350%2C200","width":350,"height":200,"srcset":"https:\/\/i0.wp.com\/larevistadigital.com.ar\/blog\/wp-content\/uploads\/fa6d456c-e60d-4598-9b76-7b7790126069.jpg?fit=1200%2C794&ssl=1&resize=350%2C200 1x, https:\/\/i0.wp.com\/larevistadigital.com.ar\/blog\/wp-content\/uploads\/fa6d456c-e60d-4598-9b76-7b7790126069.jpg?fit=1200%2C794&ssl=1&resize=525%2C300 1.5x, https:\/\/i0.wp.com\/larevistadigital.com.ar\/blog\/wp-content\/uploads\/fa6d456c-e60d-4598-9b76-7b7790126069.jpg?fit=1200%2C794&ssl=1&resize=700%2C400 2x, https:\/\/i0.wp.com\/larevistadigital.com.ar\/blog\/wp-content\/uploads\/fa6d456c-e60d-4598-9b76-7b7790126069.jpg?fit=1200%2C794&ssl=1&resize=1050%2C600 3x"},"classes":[]},{"id":36704,"url":"https:\/\/larevistadigital.com.ar\/blog\/el-poligono-local-fue-sede-de-los-juegos-bonaerenses\/","url_meta":{"origin":36276,"position":1},"title":"EL POL\u00cdGONO LOCAL FUE SEDE DE LOS JUEGOS BONAERENSES","author":"Alejandro Sosa Ruda","date":"17 julio, 2024","format":false,"excerpt":"Tiradores de La Plata, Berisso y Chascom\u00fas disputaron la Etapa Regional. 16 de Julio de 2024 CHASCOM\u00daS -\u00a0 El pasado domingo tiradores de La Plata, Berisso y Chascom\u00fas disputaron la Etapa Regional de Tiro Deportivo correspondiente a los Juegos Bonaerenses. Si bien s\u00f3lo el ganador de cada categor\u00eda avanza a\u2026","rel":"","context":"En \u00abCHASCOM\u00daS\u00bb","block_context":{"text":"CHASCOM\u00daS","link":"https:\/\/larevistadigital.com.ar\/blog\/category\/chascomus\/"},"img":{"alt_text":"","src":"https:\/\/i0.wp.com\/larevistadigital.com.ar\/blog\/wp-content\/uploads\/WhatsApp-Image-2024-07-16-at-08.45.11.jpeg?fit=1200%2C794&ssl=1&resize=350%2C200","width":350,"height":200,"srcset":"https:\/\/i0.wp.com\/larevistadigital.com.ar\/blog\/wp-content\/uploads\/WhatsApp-Image-2024-07-16-at-08.45.11.jpeg?fit=1200%2C794&ssl=1&resize=350%2C200 1x, https:\/\/i0.wp.com\/larevistadigital.com.ar\/blog\/wp-content\/uploads\/WhatsApp-Image-2024-07-16-at-08.45.11.jpeg?fit=1200%2C794&ssl=1&resize=525%2C300 1.5x, https:\/\/i0.wp.com\/larevistadigital.com.ar\/blog\/wp-content\/uploads\/WhatsApp-Image-2024-07-16-at-08.45.11.jpeg?fit=1200%2C794&ssl=1&resize=700%2C400 2x, https:\/\/i0.wp.com\/larevistadigital.com.ar\/blog\/wp-content\/uploads\/WhatsApp-Image-2024-07-16-at-08.45.11.jpeg?fit=1200%2C794&ssl=1&resize=1050%2C600 3x"},"classes":[]},{"id":42779,"url":"https:\/\/larevistadigital.com.ar\/blog\/chascomus-joven-chascomunense-bicampeona-nacional-de-tiro\/","url_meta":{"origin":36276,"position":2},"title":"Chascom\u00fas: Joven chascomunense bicampeona nacional de Tiro","author":"Alejandro Sosa Ruda","date":"5 diciembre, 2025","format":false,"excerpt":"El intendente Javier Gast\u00f3n recibi\u00f3 a Morena Unkrodt tras su consagraci\u00f3n en el Torneo de Miras Abiertas. 05 de Diciembre de 2025 CHASCOM\u00daS -\u00a0 \u00a0 La deportista chascomunense Morena Unkrodt fue recibida en el despacho comunal por el intendente Javier Gast\u00f3n, luego de haber obtenido dos t\u00edtulos nacionales en el\u2026","rel":"","context":"En \u00abCHASCOM\u00daS\u00bb","block_context":{"text":"CHASCOM\u00daS","link":"https:\/\/larevistadigital.com.ar\/blog\/category\/chascomus\/"},"img":{"alt_text":"","src":"https:\/\/i0.wp.com\/larevistadigital.com.ar\/blog\/wp-content\/uploads\/69331606d0d55.png?fit=668%2C445&ssl=1&resize=350%2C200","width":350,"height":200,"srcset":"https:\/\/i0.wp.com\/larevistadigital.com.ar\/blog\/wp-content\/uploads\/69331606d0d55.png?fit=668%2C445&ssl=1&resize=350%2C200 1x, https:\/\/i0.wp.com\/larevistadigital.com.ar\/blog\/wp-content\/uploads\/69331606d0d55.png?fit=668%2C445&ssl=1&resize=525%2C300 1.5x"},"classes":[]},{"id":37205,"url":"https:\/\/larevistadigital.com.ar\/blog\/javier-gaston-recibio-a-la-escuela-de-tiro\/","url_meta":{"origin":36276,"position":3},"title":"Javier Gast\u00f3n recibi\u00f3 a la Escuela de Tiro","author":"Alejandro Sosa Ruda","date":"11 septiembre, 2024","format":false,"excerpt":"Tras los logros obtenidos en el \u00faltimo Campeonato Nacional Juvenil los chicos del pol\u00edgono local compartieron su experiencia con el Intendente 11 de Septiemnre de 2024 Ayer por la tarde el intendente Javier Gast\u00f3n recibi\u00f3 a los integrantes de la Escuela del Tiro Federal Argentino Chascom\u00fas. En un emotivo encuentro\u2026","rel":"","context":"En \u00abINTERES GENERAL\u00bb","block_context":{"text":"INTERES GENERAL","link":"https:\/\/larevistadigital.com.ar\/blog\/category\/interes-general\/"},"img":{"alt_text":"","src":"https:\/\/i0.wp.com\/larevistadigital.com.ar\/blog\/wp-content\/uploads\/66e1d0d575bce.png?fit=668%2C445&ssl=1&resize=350%2C200","width":350,"height":200,"srcset":"https:\/\/i0.wp.com\/larevistadigital.com.ar\/blog\/wp-content\/uploads\/66e1d0d575bce.png?fit=668%2C445&ssl=1&resize=350%2C200 1x, https:\/\/i0.wp.com\/larevistadigital.com.ar\/blog\/wp-content\/uploads\/66e1d0d575bce.png?fit=668%2C445&ssl=1&resize=525%2C300 1.5x"},"classes":[]},{"id":10989,"url":"https:\/\/larevistadigital.com.ar\/blog\/chascomus-el-proximo-12-de-julio-se-realizara-un-torneo-de-truco-en-tiro-federal\/","url_meta":{"origin":36276,"position":4},"title":"CHASCOM\u00daS: EL PR\u00d3XIMO 12 DE JULIO SE REALIZAR\u00c1 UN TORNEO DE TRUCO EN TIRO FEDERAL","author":"Alejandro Sosa Ruda","date":"2 julio, 2019","format":false,"excerpt":"El viernes 12 de julio El pr\u00f3ximo viernes 12 de julio se realizar\u00e1 un nuevo torneo de truco en la sede del club Tiro Federal.\u2008El mismo est\u00e1 anunciado para las nueve de la noche.\u2008El costo de inscripci\u00f3n ser\u00e1 de cuatrocientos pesos por pareja; el ochenta por ciento de lo que\u2026","rel":"","context":"En \u00abCHASCOM\u00daS\u00bb","block_context":{"text":"CHASCOM\u00daS","link":"https:\/\/larevistadigital.com.ar\/blog\/category\/chascomus\/"},"img":{"alt_text":"","src":"https:\/\/i0.wp.com\/larevistadigital.com.ar\/blog\/wp-content\/uploads\/torneo-de-truco.jpg?fit=648%2C432&ssl=1&resize=350%2C200","width":350,"height":200,"srcset":"https:\/\/i0.wp.com\/larevistadigital.com.ar\/blog\/wp-content\/uploads\/torneo-de-truco.jpg?fit=648%2C432&ssl=1&resize=350%2C200 1x, https:\/\/i0.wp.com\/larevistadigital.com.ar\/blog\/wp-content\/uploads\/torneo-de-truco.jpg?fit=648%2C432&ssl=1&resize=525%2C300 1.5x"},"classes":[]},{"id":10891,"url":"https:\/\/larevistadigital.com.ar\/blog\/el-maestro-de-taekwondo-pedro-andrade-y-sus-discipulos-lograron-varias-medallas-en-cordoba\/","url_meta":{"origin":36276,"position":5},"title":"EL MAESTRO DE TAEKWONDO PEDRO ANDRADE Y SUS DISCIPULOS LOGRARON VARIAS MEDALLAS EN C\u00d3RDOBA","author":"Alejandro Sosa Ruda","date":"28 junio, 2019","format":false,"excerpt":"Alumnos de la Academia de Taekwondo Chascom\u00fas, a cargo del profesor Pedro Andrade obtuvieron 11 medallas en el torneo que se llev\u00f3 a cabo el pasado domingo en la ciudad de C\u00f3rdoba. Los alumnos del profesor Pedro Andrade compitieron en el torneo de taekwondo \u201cLa Docta\u201d donde demostraron el buen\u2026","rel":"","context":"En \u00abCHASCOM\u00daS\u00bb","block_context":{"text":"CHASCOM\u00daS","link":"https:\/\/larevistadigital.com.ar\/blog\/category\/chascomus\/"},"img":{"alt_text":"","src":"https:\/\/i0.wp.com\/larevistadigital.com.ar\/blog\/wp-content\/uploads\/andrade_24dejuniode2019_elfuerte.jpg?fit=737%2C415&ssl=1&resize=350%2C200","width":350,"height":200,"srcset":"https:\/\/i0.wp.com\/larevistadigital.com.ar\/blog\/wp-content\/uploads\/andrade_24dejuniode2019_elfuerte.jpg?fit=737%2C415&ssl=1&resize=350%2C200 1x, https:\/\/i0.wp.com\/larevistadigital.com.ar\/blog\/wp-content\/uploads\/andrade_24dejuniode2019_elfuerte.jpg?fit=737%2C415&ssl=1&resize=525%2C300 1.5x, https:\/\/i0.wp.com\/larevistadigital.com.ar\/blog\/wp-content\/uploads\/andrade_24dejuniode2019_elfuerte.jpg?fit=737%2C415&ssl=1&resize=700%2C400 2x"},"classes":[]}],"_links":{"self":[{"href":"https:\/\/larevistadigital.com.ar\/blog\/wp-json\/wp\/v2\/posts\/36276","targetHints":{"allow":["GET"]}}],"collection":[{"href":"https:\/\/larevistadigital.com.ar\/blog\/wp-json\/wp\/v2\/posts"}],"about":[{"href":"https:\/\/larevistadigital.com.ar\/blog\/wp-json\/wp\/v2\/types\/post"}],"author":[{"embeddable":true,"href":"https:\/\/larevistadigital.com.ar\/blog\/wp-json\/wp\/v2\/users\/3"}],"replies":[{"embeddable":true,"href":"https:\/\/larevistadigital.com.ar\/blog\/wp-json\/wp\/v2\/comments?post=36276"}],"version-history":[{"count":1,"href":"https:\/\/larevistadigital.com.ar\/blog\/wp-json\/wp\/v2\/posts\/36276\/revisions"}],"predecessor-version":[{"id":36278,"href":"https:\/\/larevistadigital.com.ar\/blog\/wp-json\/wp\/v2\/posts\/36276\/revisions\/36278"}],"wp:featuredmedia":[{"embeddable":true,"href":"https:\/\/larevistadigital.com.ar\/blog\/wp-json\/wp\/v2\/media\/36277"}],"wp:attachment":[{"href":"https:\/\/larevistadigital.com.ar\/blog\/wp-json\/wp\/v2\/media?parent=36276"}],"wp:term":[{"taxonomy":"category","embeddable":true,"href":"https:\/\/larevistadigital.com.ar\/blog\/wp-json\/wp\/v2\/categories?post=36276"},{"taxonomy":"post_tag","embeddable":true,"href":"https:\/\/larevistadigital.com.ar\/blog\/wp-json\/wp\/v2\/tags?post=36276"}],"curies":[{"name":"wp","href":"https:\/\/api.w.org\/{rel}","templated":true}]}}