{"id":36286,"date":"2024-06-12T18:36:03","date_gmt":"2024-06-12T21:36:03","guid":{"rendered":"https:\/\/larevistadigital.com.ar\/blog\/?p=36286"},"modified":"2024-06-12T18:36:03","modified_gmt":"2024-06-12T21:36:03","slug":"sufrimiento-de-un-periodista-al-que-le-quemaron-el-auto-no-quiero-este-pais-para-mis-hijos","status":"publish","type":"post","link":"https:\/\/larevistadigital.com.ar\/blog\/sufrimiento-de-un-periodista-al-que-le-quemaron-el-auto-no-quiero-este-pais-para-mis-hijos\/","title":{"rendered":"SUFRIMIENTO DE UN PERIOD\u00cdSTA AL QUE LE QUEMARON EL AUTO: \u00abNO QUIERO ESTE PA\u00cdS PARA MIS HIJOS\u00bb"},"content":{"rendered":"<h2>Mientras se discut\u00eda la Ley Bases en el recinto, las inmediaciones del Congreso eran un caos: violencia policial y el relato de un hombre al cual los manifestantes le incendiaron el veh\u00edculo.<\/h2>\n<p>12 de Junio de 2024<\/p>\n<p><strong>BUENOS AIRES-\u00a0 <\/strong>Con la violencia como protagonista, fueron reprimidos cientos de manifestantes\u00a0que se hicieron presentes en las inmediaciones del<strong>\u00a0Congreso de la Naci\u00f3n<\/strong>, con el fin de repudiar la\u00a0<strong>Ley Bases<\/strong>, que tiene su discusi\u00f3n en el\u00a0<strong>Senado<\/strong>\u00a0durante esta jornada.<\/p>\n<p>En medio de la violencia, y consecuente represi\u00f3n, un grupo de manifestantes incendi\u00f3 un auto en respuesta al accionar policial.<\/p>\n<p>El veh\u00edculo era propiedad de un periodista, que mostr\u00f3 su angustia ante la c\u00e1mara de distintos medios: <em><strong>\u00abEstoy muy angustiado porque tengo dos hijos, uno de 11 a\u00f1os y uno de 9, y yo no quiero un pa\u00eds como este, no quiero. Hoy me toc\u00f3 a m\u00ed, a m\u00ed y al m\u00f3vil, pero el m\u00f3vil se va a recuperar, porque la empresa lo va a recuperar&#8230; pero no puede haber gente tan mala\u00bb<\/strong><\/em>, se\u00f1al\u00f3, visiblemente angustiado.<\/p>\n<p><em><strong>\u00abVos pod\u00e9s pensar de una forma, yo de otra, hay que hablar, dialogar, pero no de esta forma\u00bb<\/strong><\/em>, reflexion\u00f3 entre l\u00e1grimas. Y agreg\u00f3: <strong><em>\u00abEsto hace mucho mal,\u00a0yo no quiero este pa\u00eds para mis hijos ni para los hijos de los argentinos, yo quiero un pa\u00eds en paz\u00bb.<\/em><\/strong><\/p>\n<p><em><strong><span id=\"saysCMSEmphasiswpprmkl61qm\" class=\"saysCMSEmphasis\">\u00abQue cada cual piense lo que piense pero con respeto, pero no como estos tipos, que estando yo ah\u00ed, que me saquen, que me den vuelta el m\u00f3vil, que me lo quemen. Desde el a\u00f1o &#8217;92 que estoy en Buenos Aires, desde los 22 que estoy en la calle, que he cubierto de todo, nunca me pas\u00f3 esto\u00bb<\/span><\/strong><\/em>, relat\u00f3 con dolor.<\/p>\n<p>En medio de su dif\u00edcil situaci\u00f3n, repiti\u00f3: <em><strong>\u00abMe pas\u00f3 a m\u00ed, le podr\u00eda haber pasado a cualquiera, ojal\u00e1 que no pase m\u00e1s. Es angustiante, es mucha angustia lo que tengo\u00bb<\/strong><\/em>, cerr\u00f3.<\/p>\n","protected":false},"excerpt":{"rendered":"<div class=\"mh-excerpt\"><p>Mientras se discut\u00eda la Ley Bases en el recinto, las inmediaciones del Congreso eran un caos: violencia policial y el relato de un hombre al cual los manifestantes le incendiaron el veh\u00edculo. 12 de Junio <a class=\"mh-excerpt-more\" href=\"https:\/\/larevistadigital.com.ar\/blog\/sufrimiento-de-un-periodista-al-que-le-quemaron-el-auto-no-quiero-este-pais-para-mis-hijos\/\" title=\"SUFRIMIENTO DE UN PERIOD\u00cdSTA AL QUE LE QUEMARON EL AUTO: \u00abNO QUIERO ESTE PA\u00cdS PARA MIS HIJOS\u00bb\">[Leer M\u00e1s]<\/a><\/p>\n<\/div>","protected":false},"author":3,"featured_media":36287,"comment_status":"open","ping_status":"open","sticky":false,"template":"","format":"standard","meta":{"_jetpack_memberships_contains_paid_content":false,"footnotes":"","jetpack_publicize_message":"","jetpack_publicize_feature_enabled":true,"jetpack_social_post_already_shared":true,"jetpack_social_options":{"image_generator_settings":{"template":"highway","default_image_id":0,"font":"","enabled":false},"version":2}},"categories":[50,44],"tags":[],"class_list":{"0":"post-36286","1":"post","2":"type-post","3":"status-publish","4":"format-standard","5":"has-post-thumbnail","7":"category-interes-general","8":"category-policiales"},"jetpack_publicize_connections":[],"jetpack_featured_media_url":"https:\/\/i0.wp.com\/larevistadigital.com.ar\/blog\/wp-content\/uploads\/Periodista-CADENA-3.png?fit=603%2C422&ssl=1","jetpack_sharing_enabled":true,"jetpack_shortlink":"https:\/\/wp.me\/p8qtrQ-9rg","jetpack-related-posts":[{"id":36293,"url":"https:\/\/larevistadigital.com.ar\/blog\/serios-incidentes-y-brutal-represion-en-las-cercanias-del-congreso-represion-y-al-menos-18-detenidos\/","url_meta":{"origin":36286,"position":0},"title":"SERIOS INCIDENTES Y BRUTAL REPRESI\u00d3N EN LAS CERCAN\u00cdAS DEL CONGRESO, REPRESI\u00d3N Y AL MENOS 18 DETENIDOS","author":"Alejandro Sosa Ruda","date":"13 junio, 2024","format":false,"excerpt":"Son datos brindados por el Ministerio de Seguridad, aunque continuaban los incidentes. Hubo una brutal represi\u00f3n. 12 de Junio de 2024 Manifestantes de izquierda y movimientos sociales, y efectivos de fuerzas federales protagonizaron este mi\u00e9rcoles momentos de tensi\u00f3n frente al Congreso, en momentos en que se trataba en el Senado\u2026","rel":"","context":"En \u00abINTERES GENERAL\u00bb","block_context":{"text":"INTERES GENERAL","link":"https:\/\/larevistadigital.com.ar\/blog\/category\/interes-general\/"},"img":{"alt_text":"","src":"https:\/\/i0.wp.com\/larevistadigital.com.ar\/blog\/wp-content\/uploads\/Captura-de-pantalla-2024-06-13-000558.png?fit=635%2C420&ssl=1&resize=350%2C200","width":350,"height":200,"srcset":"https:\/\/i0.wp.com\/larevistadigital.com.ar\/blog\/wp-content\/uploads\/Captura-de-pantalla-2024-06-13-000558.png?fit=635%2C420&ssl=1&resize=350%2C200 1x, https:\/\/i0.wp.com\/larevistadigital.com.ar\/blog\/wp-content\/uploads\/Captura-de-pantalla-2024-06-13-000558.png?fit=635%2C420&ssl=1&resize=525%2C300 1.5x"},"classes":[]},{"id":36290,"url":"https:\/\/larevistadigital.com.ar\/blog\/con-el-desempate-de-villarroel-se-aprobo-la-ley-bases\/","url_meta":{"origin":36286,"position":1},"title":"CON EL DESEMPATE DE VILLARROEL SE APROB\u00d3 LA LEY BASES","author":"Alejandro Sosa Ruda","date":"12 junio, 2024","format":false,"excerpt":"La votaci\u00f3n termin\u00f3 empatada en 36 y se desempat\u00f3 con el voto de la vicepresidenta. 12 de junio de 2024 El Senado aprob\u00f3 la ley de Bases en general con\u00a037 votos positivos contra 36 negativos,\u00a0tras el desempate propinado por vicepresidenta de la Naci\u00f3n y titular del cuerpo,\u00a0Victoria Villarruel, en medio\u2026","rel":"","context":"En \u00abDESTACADAS\u00bb","block_context":{"text":"DESTACADAS","link":"https:\/\/larevistadigital.com.ar\/blog\/category\/destacadas\/"},"img":{"alt_text":"","src":"https:\/\/i0.wp.com\/larevistadigital.com.ar\/blog\/wp-content\/uploads\/imagen_570.jpg?fit=1200%2C680&ssl=1&resize=350%2C200","width":350,"height":200,"srcset":"https:\/\/i0.wp.com\/larevistadigital.com.ar\/blog\/wp-content\/uploads\/imagen_570.jpg?fit=1200%2C680&ssl=1&resize=350%2C200 1x, https:\/\/i0.wp.com\/larevistadigital.com.ar\/blog\/wp-content\/uploads\/imagen_570.jpg?fit=1200%2C680&ssl=1&resize=525%2C300 1.5x, https:\/\/i0.wp.com\/larevistadigital.com.ar\/blog\/wp-content\/uploads\/imagen_570.jpg?fit=1200%2C680&ssl=1&resize=700%2C400 2x, https:\/\/i0.wp.com\/larevistadigital.com.ar\/blog\/wp-content\/uploads\/imagen_570.jpg?fit=1200%2C680&ssl=1&resize=1050%2C600 3x"},"classes":[]},{"id":27521,"url":"https:\/\/larevistadigital.com.ar\/blog\/llegan-al-centro-porteno-los-manifestantes-que-marchan-en-repudio-al-ataque-a-cristina\/","url_meta":{"origin":36286,"position":2},"title":"LLEGAN AL CENTRO PORTE\u00d1O LOS MANIFESTANTES QUE MARCHAN EN REPUDIO AL ATAQUE A CRISTINA","author":"Alejandro Sosa Ruda","date":"2 septiembre, 2022","format":false,"excerpt":"Organizaciones pol\u00edticas, sociales, universitarias y de derechos humanos convocan hacia Plaza de Mayo para repudiar el atentado sufrido por la vicepresidenta Cristina Kirchner Progresivamente, miles de personas y manifestantes comenzaron a concentrarse desde esta ma\u00f1ana en las inmediaciones de la avenida 9 de Julio, y en los alrededores a la\u2026","rel":"","context":"En \u00abDESTACADAS\u00bb","block_context":{"text":"DESTACADAS","link":"https:\/\/larevistadigital.com.ar\/blog\/category\/destacadas\/"},"img":{"alt_text":"","src":"https:\/\/i0.wp.com\/larevistadigital.com.ar\/blog\/wp-content\/uploads\/1662131522-1.jpeg?fit=848%2C477&ssl=1&resize=350%2C200","width":350,"height":200,"srcset":"https:\/\/i0.wp.com\/larevistadigital.com.ar\/blog\/wp-content\/uploads\/1662131522-1.jpeg?fit=848%2C477&ssl=1&resize=350%2C200 1x, https:\/\/i0.wp.com\/larevistadigital.com.ar\/blog\/wp-content\/uploads\/1662131522-1.jpeg?fit=848%2C477&ssl=1&resize=525%2C300 1.5x, https:\/\/i0.wp.com\/larevistadigital.com.ar\/blog\/wp-content\/uploads\/1662131522-1.jpeg?fit=848%2C477&ssl=1&resize=700%2C400 2x"},"classes":[]},{"id":41393,"url":"https:\/\/larevistadigital.com.ar\/blog\/violencia-juvenil-en-dolores-una-adolescente-detenida-por-incendiar-el-auto-de-su-ex-novio\/","url_meta":{"origin":36286,"position":3},"title":"Violencia juvenil en Dolores: una adolescente detenida por incendiar el auto de su ex novio","author":"Alejandro Sosa Ruda","date":"10 septiembre, 2025","format":false,"excerpt":"Una chica de 16 a\u00f1os fue acusada de prender fuego el auto de su ex pareja en medio de un conflicto sentimental. El veh\u00edculo sufri\u00f3 graves da\u00f1os y la joven qued\u00f3 detenida tras un operativo policial. 10 de septiembre de 2025 DOLORES\u00a0 -\u00a0 \u00a0Un grave episodio de violencia juvenil sacudi\u00f3\u2026","rel":"","context":"En \u00abDOLORES\u00bb","block_context":{"text":"DOLORES","link":"https:\/\/larevistadigital.com.ar\/blog\/category\/dolores\/"},"img":{"alt_text":"","src":"https:\/\/i0.wp.com\/larevistadigital.com.ar\/blog\/wp-content\/uploads\/POLICIA-4.jpg?fit=880%2C512&ssl=1&resize=350%2C200","width":350,"height":200,"srcset":"https:\/\/i0.wp.com\/larevistadigital.com.ar\/blog\/wp-content\/uploads\/POLICIA-4.jpg?fit=880%2C512&ssl=1&resize=350%2C200 1x, https:\/\/i0.wp.com\/larevistadigital.com.ar\/blog\/wp-content\/uploads\/POLICIA-4.jpg?fit=880%2C512&ssl=1&resize=525%2C300 1.5x, https:\/\/i0.wp.com\/larevistadigital.com.ar\/blog\/wp-content\/uploads\/POLICIA-4.jpg?fit=880%2C512&ssl=1&resize=700%2C400 2x"},"classes":[]},{"id":12739,"url":"https:\/\/larevistadigital.com.ar\/blog\/mar-del-plata-auto-se-estrella-brutalmente-contra-columna-hay-tres-heridos\/","url_meta":{"origin":36286,"position":4},"title":"MAR DEL PLATA: AUTO SE ESTRELLA BRUTALMENTE CONTRA COLUMNA: HAY TRES HERIDOS","author":"Alejandro Sosa Ruda","date":"21 octubre, 2019","format":false,"excerpt":"Ocurri\u00f3 esta ma\u00f1ana en Champagnat y Beruti. En el veh\u00edculo iban tres j\u00f3venes de 19, 20 y 21 a\u00f1os, que debieron ser hospitalizados. En el interior del auto encontraron vino en tetrabrik. Un espectacular siniestro vial ocurri\u00f3 esta ma\u00f1ana en inmediaciones a la\u00a0avenida Champagnat a la altura de Beruti, cuando\u2026","rel":"","context":"En \u00abPOLICIALES\u00bb","block_context":{"text":"POLICIALES","link":"https:\/\/larevistadigital.com.ar\/blog\/category\/policiales\/"},"img":{"alt_text":"","src":"https:\/\/i0.wp.com\/larevistadigital.com.ar\/blog\/wp-content\/uploads\/1571662503161.jpg?fit=654%2C368&ssl=1&resize=350%2C200","width":350,"height":200,"srcset":"https:\/\/i0.wp.com\/larevistadigital.com.ar\/blog\/wp-content\/uploads\/1571662503161.jpg?fit=654%2C368&ssl=1&resize=350%2C200 1x, https:\/\/i0.wp.com\/larevistadigital.com.ar\/blog\/wp-content\/uploads\/1571662503161.jpg?fit=654%2C368&ssl=1&resize=525%2C300 1.5x"},"classes":[]},{"id":6327,"url":"https:\/\/larevistadigital.com.ar\/blog\/imagenes-y-videos-de-los-incidentes-registrados-en-la-plata\/","url_meta":{"origin":36286,"position":5},"title":"IM\u00c1GENES Y VIDEOS DE LOS INCIDENTES REGISTRADOS EN LA PLATA","author":"Alejandro Sosa Ruda","date":"22 agosto, 2018","format":false,"excerpt":"La movilizaci\u00f3n realizada por los trabajadores del Astillero R\u00edo Santiago desde Ensenada hasta la ciudad de La Plata no termin\u00f3 de la mejor manera: los reclamos en defensa de la estabilidad laboral y por mayores inversiones que la garanticen terminaron empa\u00f1ados por el feroz enfrentamiento que tuvieron con la Polic\u00eda\u2026","rel":"","context":"En \u00abPOLICIALES\u00bb","block_context":{"text":"POLICIALES","link":"https:\/\/larevistadigital.com.ar\/blog\/category\/policiales\/"},"img":{"alt_text":"","src":"https:\/\/i0.wp.com\/larevistadigital.com.ar\/blog\/wp-content\/uploads\/2018\/08\/Incidentes-en-La-Plata-con-trabajadores-del-astillero-Rio-Santiago-3.jpg?fit=1200%2C675&ssl=1&resize=350%2C200","width":350,"height":200,"srcset":"https:\/\/i0.wp.com\/larevistadigital.com.ar\/blog\/wp-content\/uploads\/2018\/08\/Incidentes-en-La-Plata-con-trabajadores-del-astillero-Rio-Santiago-3.jpg?fit=1200%2C675&ssl=1&resize=350%2C200 1x, https:\/\/i0.wp.com\/larevistadigital.com.ar\/blog\/wp-content\/uploads\/2018\/08\/Incidentes-en-La-Plata-con-trabajadores-del-astillero-Rio-Santiago-3.jpg?fit=1200%2C675&ssl=1&resize=525%2C300 1.5x, https:\/\/i0.wp.com\/larevistadigital.com.ar\/blog\/wp-content\/uploads\/2018\/08\/Incidentes-en-La-Plata-con-trabajadores-del-astillero-Rio-Santiago-3.jpg?fit=1200%2C675&ssl=1&resize=700%2C400 2x, https:\/\/i0.wp.com\/larevistadigital.com.ar\/blog\/wp-content\/uploads\/2018\/08\/Incidentes-en-La-Plata-con-trabajadores-del-astillero-Rio-Santiago-3.jpg?fit=1200%2C675&ssl=1&resize=1050%2C600 3x"},"classes":[]}],"_links":{"self":[{"href":"https:\/\/larevistadigital.com.ar\/blog\/wp-json\/wp\/v2\/posts\/36286","targetHints":{"allow":["GET"]}}],"collection":[{"href":"https:\/\/larevistadigital.com.ar\/blog\/wp-json\/wp\/v2\/posts"}],"about":[{"href":"https:\/\/larevistadigital.com.ar\/blog\/wp-json\/wp\/v2\/types\/post"}],"author":[{"embeddable":true,"href":"https:\/\/larevistadigital.com.ar\/blog\/wp-json\/wp\/v2\/users\/3"}],"replies":[{"embeddable":true,"href":"https:\/\/larevistadigital.com.ar\/blog\/wp-json\/wp\/v2\/comments?post=36286"}],"version-history":[{"count":1,"href":"https:\/\/larevistadigital.com.ar\/blog\/wp-json\/wp\/v2\/posts\/36286\/revisions"}],"predecessor-version":[{"id":36288,"href":"https:\/\/larevistadigital.com.ar\/blog\/wp-json\/wp\/v2\/posts\/36286\/revisions\/36288"}],"wp:featuredmedia":[{"embeddable":true,"href":"https:\/\/larevistadigital.com.ar\/blog\/wp-json\/wp\/v2\/media\/36287"}],"wp:attachment":[{"href":"https:\/\/larevistadigital.com.ar\/blog\/wp-json\/wp\/v2\/media?parent=36286"}],"wp:term":[{"taxonomy":"category","embeddable":true,"href":"https:\/\/larevistadigital.com.ar\/blog\/wp-json\/wp\/v2\/categories?post=36286"},{"taxonomy":"post_tag","embeddable":true,"href":"https:\/\/larevistadigital.com.ar\/blog\/wp-json\/wp\/v2\/tags?post=36286"}],"curies":[{"name":"wp","href":"https:\/\/api.w.org\/{rel}","templated":true}]}}