{"id":36290,"date":"2024-06-12T23:42:56","date_gmt":"2024-06-13T02:42:56","guid":{"rendered":"https:\/\/larevistadigital.com.ar\/blog\/?p=36290"},"modified":"2024-06-12T23:42:56","modified_gmt":"2024-06-13T02:42:56","slug":"con-el-desempate-de-villarroel-se-aprobo-la-ley-bases","status":"publish","type":"post","link":"https:\/\/larevistadigital.com.ar\/blog\/con-el-desempate-de-villarroel-se-aprobo-la-ley-bases\/","title":{"rendered":"CON EL DESEMPATE DE VILLARROEL SE APROB\u00d3 LA LEY BASES"},"content":{"rendered":"<h2>La votaci\u00f3n termin\u00f3 empatada en 36 y se desempat\u00f3 con el voto de la vicepresidenta.<\/h2>\n<p>12 de junio de 2024<\/p>\n<p>El Senado aprob\u00f3 la ley de Bases en general con<strong>\u00a037 votos positivos contra 36 negativos,<\/strong>\u00a0tras el desempate propinado por vicepresidenta de la Naci\u00f3n y titular del cuerpo,<strong>\u00a0Victoria Villarruel<\/strong>, en medio de un clima de tensi\u00f3n en el recinto, y violencia fuera del mismo. En el hemiciclo senatorial, el nerviosismo se reflejaba por el ajustado \u201cporoteo\u201d con el que oficialismo encaraba la votaci\u00f3n en general.<\/p>\n<p>En tanto, fuera del Congreso de la Naci\u00f3n el eje de tensi\u00f3n se dio por los serios incidentes entre las fuerzas de seguridad federales y manifestantes de izquierda y sindicatos afines al kirchnerismo.<\/p>\n<p><strong>NOTICIA EN DESARROLLO<\/strong><\/p>\n","protected":false},"excerpt":{"rendered":"<div class=\"mh-excerpt\"><p>La votaci\u00f3n termin\u00f3 empatada en 36 y se desempat\u00f3 con el voto de la vicepresidenta. 12 de junio de 2024 El Senado aprob\u00f3 la ley de Bases en general con\u00a037 votos positivos contra 36 negativos,\u00a0tras <a class=\"mh-excerpt-more\" href=\"https:\/\/larevistadigital.com.ar\/blog\/con-el-desempate-de-villarroel-se-aprobo-la-ley-bases\/\" title=\"CON EL DESEMPATE DE VILLARROEL SE APROB\u00d3 LA LEY BASES\">[Leer M\u00e1s]<\/a><\/p>\n<\/div>","protected":false},"author":3,"featured_media":36291,"comment_status":"open","ping_status":"open","sticky":false,"template":"","format":"standard","meta":{"_jetpack_memberships_contains_paid_content":false,"footnotes":"","jetpack_publicize_message":"","jetpack_publicize_feature_enabled":true,"jetpack_social_post_already_shared":true,"jetpack_social_options":{"image_generator_settings":{"template":"highway","default_image_id":0,"font":"","enabled":false},"version":2}},"categories":[41],"tags":[],"class_list":{"0":"post-36290","1":"post","2":"type-post","3":"status-publish","4":"format-standard","5":"has-post-thumbnail","7":"category-destacadas"},"jetpack_publicize_connections":[],"jetpack_featured_media_url":"https:\/\/i0.wp.com\/larevistadigital.com.ar\/blog\/wp-content\/uploads\/imagen_570.jpg?fit=1200%2C680&ssl=1","jetpack_sharing_enabled":true,"jetpack_shortlink":"https:\/\/wp.me\/p8qtrQ-9rk","jetpack-related-posts":[{"id":38679,"url":"https:\/\/larevistadigital.com.ar\/blog\/hubo-dictamen-en-el-senado-para-la-suspension-de-las-paso\/","url_meta":{"origin":36290,"position":0},"title":"Hubo dictamen en el Senado para la suspensi\u00f3n de las PASO","author":"Alejandro Sosa Ruda","date":"13 febrero, 2025","format":false,"excerpt":"El oficialismo libertario logr\u00f3 avanzar en la suspensi\u00f3n de las PASO. Los senadores kirchneristas no tomaron posici\u00f3n y la votaci\u00f3n promete ser ajustada. 13 de Febrero de 2025 El oficialismo libertario dio un paso clave en el Senado al lograr el dictamen de mayor\u00eda para la suspensi\u00f3n de las\u00a0Elecciones Primarias,\u2026","rel":"","context":"En \u00abDESTACADAS\u00bb","block_context":{"text":"DESTACADAS","link":"https:\/\/larevistadigital.com.ar\/blog\/category\/destacadas\/"},"img":{"alt_text":"","src":"https:\/\/i0.wp.com\/larevistadigital.com.ar\/blog\/wp-content\/uploads\/Captura-de-pantalla-2025-02-13-074554.jpg?fit=891%2C502&ssl=1&resize=350%2C200","width":350,"height":200,"srcset":"https:\/\/i0.wp.com\/larevistadigital.com.ar\/blog\/wp-content\/uploads\/Captura-de-pantalla-2025-02-13-074554.jpg?fit=891%2C502&ssl=1&resize=350%2C200 1x, https:\/\/i0.wp.com\/larevistadigital.com.ar\/blog\/wp-content\/uploads\/Captura-de-pantalla-2025-02-13-074554.jpg?fit=891%2C502&ssl=1&resize=525%2C300 1.5x, https:\/\/i0.wp.com\/larevistadigital.com.ar\/blog\/wp-content\/uploads\/Captura-de-pantalla-2025-02-13-074554.jpg?fit=891%2C502&ssl=1&resize=700%2C400 2x"},"classes":[]},{"id":5769,"url":"https:\/\/larevistadigital.com.ar\/blog\/fue-aprobada-en-diputados-la-ley-del-aborto-legal\/","url_meta":{"origin":36290,"position":1},"title":"FUE APROBADA EN DIPUTADOS LA LEY DEL ABORTO LEGAL","author":"Alejandro Sosa Ruda","date":"14 junio, 2018","format":false,"excerpt":"Finalmente fue aprobada en general por los Diputados Nacionales la Ley que aprueba el aborto legal, con lo que consigue de esta manera media sanci\u00f3n. El resultado fue de 131 votos por la afirmativa y 123 por la negativa, quedando de esta manera aprobado en la c\u00e1mara mencionada. Luego de\u2026","rel":"","context":"En \u00abDESTACADAS\u00bb","block_context":{"text":"DESTACADAS","link":"https:\/\/larevistadigital.com.ar\/blog\/category\/destacadas\/"},"img":{"alt_text":"","src":"https:\/\/i0.wp.com\/larevistadigital.com.ar\/blog\/wp-content\/uploads\/2018\/06\/pa%C3%B1uelazo.jpg?fit=930%2C525&ssl=1&resize=350%2C200","width":350,"height":200,"srcset":"https:\/\/i0.wp.com\/larevistadigital.com.ar\/blog\/wp-content\/uploads\/2018\/06\/pa%C3%B1uelazo.jpg?fit=930%2C525&ssl=1&resize=350%2C200 1x, https:\/\/i0.wp.com\/larevistadigital.com.ar\/blog\/wp-content\/uploads\/2018\/06\/pa%C3%B1uelazo.jpg?fit=930%2C525&ssl=1&resize=525%2C300 1.5x, https:\/\/i0.wp.com\/larevistadigital.com.ar\/blog\/wp-content\/uploads\/2018\/06\/pa%C3%B1uelazo.jpg?fit=930%2C525&ssl=1&resize=700%2C400 2x"},"classes":[]},{"id":34746,"url":"https:\/\/larevistadigital.com.ar\/blog\/furia-radical-contra-villarroel-traman-sacarle-las-secretarias-del-senado\/","url_meta":{"origin":36290,"position":2},"title":"FURIA RADICAL CONTRA VILLARROEL: TRAMAN SACARLE LAS SECRETAR\u00cdAS DEL SENADO","author":"Alejandro Sosa Ruda","date":"4 diciembre, 2023","format":false,"excerpt":"El radicalismo cree que la vicepresidenta electa es la \"m\u00e1s antirradical\" del movimiento de Milei. No descartan un acuerdo t\u00e1cito con el peronismo para quedarse con las secretar\u00edas administrativa y parlamentaria. 4 de Diciembre de 2023 La molestia entre los senadores radicales persiste debido a que la vicepresidenta electa, Victoria\u2026","rel":"","context":"En \u00abINTERES GENERAL\u00bb","block_context":{"text":"INTERES GENERAL","link":"https:\/\/larevistadigital.com.ar\/blog\/category\/interes-general\/"},"img":{"alt_text":"","src":"https:\/\/i0.wp.com\/larevistadigital.com.ar\/blog\/wp-content\/uploads\/Captura-de-pantalla-2023-12-04-174922.png?fit=962%2C543&ssl=1&resize=350%2C200","width":350,"height":200,"srcset":"https:\/\/i0.wp.com\/larevistadigital.com.ar\/blog\/wp-content\/uploads\/Captura-de-pantalla-2023-12-04-174922.png?fit=962%2C543&ssl=1&resize=350%2C200 1x, https:\/\/i0.wp.com\/larevistadigital.com.ar\/blog\/wp-content\/uploads\/Captura-de-pantalla-2023-12-04-174922.png?fit=962%2C543&ssl=1&resize=525%2C300 1.5x, https:\/\/i0.wp.com\/larevistadigital.com.ar\/blog\/wp-content\/uploads\/Captura-de-pantalla-2023-12-04-174922.png?fit=962%2C543&ssl=1&resize=700%2C400 2x"},"classes":[]},{"id":16559,"url":"https:\/\/larevistadigital.com.ar\/blog\/nota-de-opinion-atropello-a-la-justicia-en-busca-de-impunidad\/","url_meta":{"origin":36290,"position":3},"title":"NOTA DE OPINI\u00d3N: ATROPELLO A LA JUSTICIA EN BUSCA DE IMPUNIDAD","author":"Alejandro Sosa Ruda","date":"27 septiembre, 2020","format":false,"excerpt":"El Ateneo Arturo Illia hizo p\u00fablica una nota de opini\u00f3n, que a continuaci\u00f3n reproducimos: En una sesi\u00f3n del Senado con irregularidades el oficialismo en soledad aprob\u00f3 remover de sus cargos a los Camaristas, y al Juez que intervienen en causas de corrupci\u00f3n, significa que el procedimiento por el Consejo de\u2026","rel":"","context":"En \u00abINTERES GENERAL\u00bb","block_context":{"text":"INTERES GENERAL","link":"https:\/\/larevistadigital.com.ar\/blog\/category\/interes-general\/"},"img":{"alt_text":"","src":"https:\/\/i0.wp.com\/larevistadigital.com.ar\/blog\/wp-content\/uploads\/justicia-no-ciega1.jpg?fit=650%2C369&ssl=1&resize=350%2C200","width":350,"height":200,"srcset":"https:\/\/i0.wp.com\/larevistadigital.com.ar\/blog\/wp-content\/uploads\/justicia-no-ciega1.jpg?fit=650%2C369&ssl=1&resize=350%2C200 1x, https:\/\/i0.wp.com\/larevistadigital.com.ar\/blog\/wp-content\/uploads\/justicia-no-ciega1.jpg?fit=650%2C369&ssl=1&resize=525%2C300 1.5x"},"classes":[]},{"id":36299,"url":"https:\/\/larevistadigital.com.ar\/blog\/mar-del-plata-amplio-rechazo-a-la-ley-bases-no-tienen-nada-bueno-para-los-trabajadores\/","url_meta":{"origin":36290,"position":4},"title":"MAR DEL PLATA: AMPLIO RECHAZO A LA LEY BASES: \u00abNO TIENEN NADA BUENO PARA LOS TRABAJADORES\u00bb","author":"Alejandro Sosa Ruda","date":"13 junio, 2024","format":false,"excerpt":"Encabezados por las centrales obreras y distintos gremios, una multitud\u00a0se concentr\u00f3 en el Palacio Municipal para manifestarse en contra del proyecto que se trata en la C\u00e1mara de Senadores. 13 de Junio de 2024 MAR DEL PLATA -\u00a0 Miles de marplatenses se concentraron\u00a0durante la tarde de este mi\u00e9rcoles en inmediaciones\u2026","rel":"","context":"En \u00abREGIONALES\u00bb","block_context":{"text":"REGIONALES","link":"https:\/\/larevistadigital.com.ar\/blog\/category\/regionales\/"},"img":{"alt_text":"","src":"https:\/\/i0.wp.com\/larevistadigital.com.ar\/blog\/wp-content\/uploads\/Captura-de-pantalla-2024-06-13-001757.png?fit=806%2C484&ssl=1&resize=350%2C200","width":350,"height":200,"srcset":"https:\/\/i0.wp.com\/larevistadigital.com.ar\/blog\/wp-content\/uploads\/Captura-de-pantalla-2024-06-13-001757.png?fit=806%2C484&ssl=1&resize=350%2C200 1x, https:\/\/i0.wp.com\/larevistadigital.com.ar\/blog\/wp-content\/uploads\/Captura-de-pantalla-2024-06-13-001757.png?fit=806%2C484&ssl=1&resize=525%2C300 1.5x, https:\/\/i0.wp.com\/larevistadigital.com.ar\/blog\/wp-content\/uploads\/Captura-de-pantalla-2024-06-13-001757.png?fit=806%2C484&ssl=1&resize=700%2C400 2x"},"classes":[]},{"id":26432,"url":"https:\/\/larevistadigital.com.ar\/blog\/diputados-de-nacion-se-aprobaron-leyes-de-salud-desarrollo-produccion-y-generacion-de-empleos\/","url_meta":{"origin":36290,"position":5},"title":"DIPUTADOS DE NACI\u00d3N: SE APROBARON LEYES DE SALUD, DESARROLLO, PRODUCCI\u00d3N Y GENERACI\u00d3N DE EMPLEOS","author":"Alejandro Sosa Ruda","date":"7 julio, 2022","format":false,"excerpt":"En la extensa sesi\u00f3n que tuvo lugar este martes en la c\u00e1mara de diputados de la Naci\u00f3n, se aprobaron diversas normas vinculadas a la salud, el desarrollo, la producci\u00f3n y la generaci\u00f3n de empleos. El legislador abund\u00f3 que en la asamblea \u201ctambi\u00e9n dimos un debate necesario sobre distintas iniciativas que\u2026","rel":"","context":"En \u00abINTERES GENERAL\u00bb","block_context":{"text":"INTERES GENERAL","link":"https:\/\/larevistadigital.com.ar\/blog\/category\/interes-general\/"},"img":{"alt_text":"","src":"https:\/\/i0.wp.com\/larevistadigital.com.ar\/blog\/wp-content\/uploads\/20220706141849_julio-pereyra.jpg?fit=880%2C512&ssl=1&resize=350%2C200","width":350,"height":200,"srcset":"https:\/\/i0.wp.com\/larevistadigital.com.ar\/blog\/wp-content\/uploads\/20220706141849_julio-pereyra.jpg?fit=880%2C512&ssl=1&resize=350%2C200 1x, https:\/\/i0.wp.com\/larevistadigital.com.ar\/blog\/wp-content\/uploads\/20220706141849_julio-pereyra.jpg?fit=880%2C512&ssl=1&resize=525%2C300 1.5x, https:\/\/i0.wp.com\/larevistadigital.com.ar\/blog\/wp-content\/uploads\/20220706141849_julio-pereyra.jpg?fit=880%2C512&ssl=1&resize=700%2C400 2x"},"classes":[]}],"_links":{"self":[{"href":"https:\/\/larevistadigital.com.ar\/blog\/wp-json\/wp\/v2\/posts\/36290","targetHints":{"allow":["GET"]}}],"collection":[{"href":"https:\/\/larevistadigital.com.ar\/blog\/wp-json\/wp\/v2\/posts"}],"about":[{"href":"https:\/\/larevistadigital.com.ar\/blog\/wp-json\/wp\/v2\/types\/post"}],"author":[{"embeddable":true,"href":"https:\/\/larevistadigital.com.ar\/blog\/wp-json\/wp\/v2\/users\/3"}],"replies":[{"embeddable":true,"href":"https:\/\/larevistadigital.com.ar\/blog\/wp-json\/wp\/v2\/comments?post=36290"}],"version-history":[{"count":1,"href":"https:\/\/larevistadigital.com.ar\/blog\/wp-json\/wp\/v2\/posts\/36290\/revisions"}],"predecessor-version":[{"id":36292,"href":"https:\/\/larevistadigital.com.ar\/blog\/wp-json\/wp\/v2\/posts\/36290\/revisions\/36292"}],"wp:featuredmedia":[{"embeddable":true,"href":"https:\/\/larevistadigital.com.ar\/blog\/wp-json\/wp\/v2\/media\/36291"}],"wp:attachment":[{"href":"https:\/\/larevistadigital.com.ar\/blog\/wp-json\/wp\/v2\/media?parent=36290"}],"wp:term":[{"taxonomy":"category","embeddable":true,"href":"https:\/\/larevistadigital.com.ar\/blog\/wp-json\/wp\/v2\/categories?post=36290"},{"taxonomy":"post_tag","embeddable":true,"href":"https:\/\/larevistadigital.com.ar\/blog\/wp-json\/wp\/v2\/tags?post=36290"}],"curies":[{"name":"wp","href":"https:\/\/api.w.org\/{rel}","templated":true}]}}