{"id":36293,"date":"2024-06-13T00:08:59","date_gmt":"2024-06-13T03:08:59","guid":{"rendered":"https:\/\/larevistadigital.com.ar\/blog\/?p=36293"},"modified":"2024-06-13T00:08:59","modified_gmt":"2024-06-13T03:08:59","slug":"serios-incidentes-y-brutal-represion-en-las-cercanias-del-congreso-represion-y-al-menos-18-detenidos","status":"publish","type":"post","link":"https:\/\/larevistadigital.com.ar\/blog\/serios-incidentes-y-brutal-represion-en-las-cercanias-del-congreso-represion-y-al-menos-18-detenidos\/","title":{"rendered":"SERIOS INCIDENTES Y BRUTAL REPRESI\u00d3N EN LAS CERCAN\u00cdAS DEL CONGRESO, REPRESI\u00d3N Y AL MENOS 18 DETENIDOS"},"content":{"rendered":"<h2>Son datos brindados por el Ministerio de Seguridad, aunque continuaban los incidentes. Hubo una brutal represi\u00f3n.<\/h2>\n<p>12 de Junio de 2024<\/p>\n<p>Manifestantes de izquierda y movimientos sociales, y efectivos de fuerzas federales protagonizaron este mi\u00e9rcoles momentos de tensi\u00f3n frente al Congreso, en momentos en que se trataba en el Senado el proyecto de<strong>\u00a0la Ley de Bases<\/strong>, mientras que arrojaron gases lacrim\u00f3genos que afectaron, entre otros, a cinco diputados kirchneristas, quienes debieron ser asistidos por servicios de emergencia.<\/p>\n<blockquote>\n<h3>En ese marco, una de las im\u00e1genes del d\u00eda fue cuando los manifestantes dieron vuelta un auto del m\u00f3vil de Cadena 3 y posteriormente lo prendieron fuego en las inmediaciones del Congreso.<\/h3>\n<\/blockquote>\n<p><strong>Al menos 18 personas<\/strong>, entre ellas 16 hombres y dos mujeres, fueron detenidas por haber estado implicadas en los incidentes en las inmediaciones del Congreso, en el marco de las protestas contra la Ley de Bases que se trataba en el Senado.<\/p>\n<blockquote>\n<h3>As\u00ed lo inform\u00f3 la Polic\u00eda de la Ciudad, aunque probablemente la cifra siguiera en aumento porque los incidentes a\u00fan no hab\u00edan cesado a \u00faltima hora de la tarde.<\/h3>\n<\/blockquote>\n<p><strong><em>\u201cEntre los detenidos hay un hombre de 41 a\u00f1os que ten\u00eda en su poder una granada que est\u00e1 siendo analizada por el personal especializado. Tambi\u00e9n fue aprehendida una mujer por ser la<\/em> responsable de incendiar las bicicletas del Gobierno de la Ciudad. Adem\u00e1s gracias al trabajo con las c\u00e1maras de seguridad fue apresada una mujer de 36 a\u00f1os que estaba prendiendo fuego dos bicicletas de la Ciudad en Ceballos e Hip\u00f3lito Yrigoyen\u201d<\/strong>, se detall\u00f3.<\/p>\n<p>Los\u00a0<b>graves incidentes<\/b>\u00a0comenzaron a producirse alrededor de las 15 horas, y se extendieron hasta la noche. En ese sentido, agentes de Gendarmer\u00eda, Prefectura y Polic\u00eda Federal avanzaron contra los manifestantes repartiendo palos y balas de goma. Tambi\u00e9n avanzaron lanzando\u00a0gases lacrim\u00f3genos y l\u00edquido con el cami\u00f3n hidrante.<\/p>\n<p>Adem\u00e1s, hubo episodios de vandalismo, entre los que se pudo observar autos incendiados y rotura de bancos y veredas.<\/p>\n<p>&nbsp;<\/p>\n","protected":false},"excerpt":{"rendered":"<div class=\"mh-excerpt\"><p>Son datos brindados por el Ministerio de Seguridad, aunque continuaban los incidentes. Hubo una brutal represi\u00f3n. 12 de Junio de 2024 Manifestantes de izquierda y movimientos sociales, y efectivos de fuerzas federales protagonizaron este mi\u00e9rcoles <a class=\"mh-excerpt-more\" href=\"https:\/\/larevistadigital.com.ar\/blog\/serios-incidentes-y-brutal-represion-en-las-cercanias-del-congreso-represion-y-al-menos-18-detenidos\/\" title=\"SERIOS INCIDENTES Y BRUTAL REPRESI\u00d3N EN LAS CERCAN\u00cdAS DEL CONGRESO, REPRESI\u00d3N Y AL MENOS 18 DETENIDOS\">[Leer M\u00e1s]<\/a><\/p>\n<\/div>","protected":false},"author":3,"featured_media":36295,"comment_status":"open","ping_status":"open","sticky":false,"template":"","format":"standard","meta":{"_jetpack_memberships_contains_paid_content":false,"footnotes":"","jetpack_publicize_message":"","jetpack_publicize_feature_enabled":true,"jetpack_social_post_already_shared":true,"jetpack_social_options":{"image_generator_settings":{"template":"highway","default_image_id":0,"font":"","enabled":false},"version":2}},"categories":[50],"tags":[],"class_list":{"0":"post-36293","1":"post","2":"type-post","3":"status-publish","4":"format-standard","5":"has-post-thumbnail","7":"category-interes-general"},"jetpack_publicize_connections":[],"jetpack_featured_media_url":"https:\/\/i0.wp.com\/larevistadigital.com.ar\/blog\/wp-content\/uploads\/Captura-de-pantalla-2024-06-13-000558.png?fit=635%2C420&ssl=1","jetpack_sharing_enabled":true,"jetpack_shortlink":"https:\/\/wp.me\/p8qtrQ-9rn","jetpack-related-posts":[{"id":1866,"url":"https:\/\/larevistadigital.com.ar\/blog\/incidentes-en-ruta-197\/","url_meta":{"origin":36293,"position":0},"title":"INCIDENTES EN RUTA 197","author":"Alejandro Sosa Ruda","date":"6 abril, 2017","format":false,"excerpt":"Gendarmes y manifestantes de agrupaciones de izquierda se enfrentaban a partir de aproximadamente las nueve y media de la\u00a0 ma\u00f1ana en el piquete en \u00a0autopista Panamericana, en el partido bonaerense de Tigre, adonde fueron detenidas algunas de las personas que participaban del corte. Los incidentes comenzaron cuando grupos de izquierda\u2026","rel":"","context":"En \u00abDESTACADAS\u00bb","block_context":{"text":"DESTACADAS","link":"https:\/\/larevistadigital.com.ar\/blog\/category\/destacadas\/"},"img":{"alt_text":"","src":"https:\/\/i0.wp.com\/larevistadigital.com.ar\/blog\/wp-content\/uploads\/2017\/04\/0010645143.jpg?fit=770%2C418&ssl=1&resize=350%2C200","width":350,"height":200,"srcset":"https:\/\/i0.wp.com\/larevistadigital.com.ar\/blog\/wp-content\/uploads\/2017\/04\/0010645143.jpg?fit=770%2C418&ssl=1&resize=350%2C200 1x, https:\/\/i0.wp.com\/larevistadigital.com.ar\/blog\/wp-content\/uploads\/2017\/04\/0010645143.jpg?fit=770%2C418&ssl=1&resize=525%2C300 1.5x, https:\/\/i0.wp.com\/larevistadigital.com.ar\/blog\/wp-content\/uploads\/2017\/04\/0010645143.jpg?fit=770%2C418&ssl=1&resize=700%2C400 2x"},"classes":[]},{"id":36286,"url":"https:\/\/larevistadigital.com.ar\/blog\/sufrimiento-de-un-periodista-al-que-le-quemaron-el-auto-no-quiero-este-pais-para-mis-hijos\/","url_meta":{"origin":36293,"position":1},"title":"SUFRIMIENTO DE UN PERIOD\u00cdSTA AL QUE LE QUEMARON EL AUTO: \u00abNO QUIERO ESTE PA\u00cdS PARA MIS HIJOS\u00bb","author":"Alejandro Sosa Ruda","date":"12 junio, 2024","format":false,"excerpt":"Mientras se discut\u00eda la Ley Bases en el recinto, las inmediaciones del Congreso eran un caos: violencia policial y el relato de un hombre al cual los manifestantes le incendiaron el veh\u00edculo. 12 de Junio de 2024 BUENOS AIRES-\u00a0 Con la violencia como protagonista, fueron reprimidos cientos de manifestantes\u00a0que se\u2026","rel":"","context":"En \u00abINTERES GENERAL\u00bb","block_context":{"text":"INTERES GENERAL","link":"https:\/\/larevistadigital.com.ar\/blog\/category\/interes-general\/"},"img":{"alt_text":"","src":"https:\/\/i0.wp.com\/larevistadigital.com.ar\/blog\/wp-content\/uploads\/Periodista-CADENA-3.png?fit=603%2C422&ssl=1&resize=350%2C200","width":350,"height":200,"srcset":"https:\/\/i0.wp.com\/larevistadigital.com.ar\/blog\/wp-content\/uploads\/Periodista-CADENA-3.png?fit=603%2C422&ssl=1&resize=350%2C200 1x, https:\/\/i0.wp.com\/larevistadigital.com.ar\/blog\/wp-content\/uploads\/Periodista-CADENA-3.png?fit=603%2C422&ssl=1&resize=525%2C300 1.5x"},"classes":[]},{"id":6327,"url":"https:\/\/larevistadigital.com.ar\/blog\/imagenes-y-videos-de-los-incidentes-registrados-en-la-plata\/","url_meta":{"origin":36293,"position":2},"title":"IM\u00c1GENES Y VIDEOS DE LOS INCIDENTES REGISTRADOS EN LA PLATA","author":"Alejandro Sosa Ruda","date":"22 agosto, 2018","format":false,"excerpt":"La movilizaci\u00f3n realizada por los trabajadores del Astillero R\u00edo Santiago desde Ensenada hasta la ciudad de La Plata no termin\u00f3 de la mejor manera: los reclamos en defensa de la estabilidad laboral y por mayores inversiones que la garanticen terminaron empa\u00f1ados por el feroz enfrentamiento que tuvieron con la Polic\u00eda\u2026","rel":"","context":"En \u00abPOLICIALES\u00bb","block_context":{"text":"POLICIALES","link":"https:\/\/larevistadigital.com.ar\/blog\/category\/policiales\/"},"img":{"alt_text":"","src":"https:\/\/i0.wp.com\/larevistadigital.com.ar\/blog\/wp-content\/uploads\/2018\/08\/Incidentes-en-La-Plata-con-trabajadores-del-astillero-Rio-Santiago-3.jpg?fit=1200%2C675&ssl=1&resize=350%2C200","width":350,"height":200,"srcset":"https:\/\/i0.wp.com\/larevistadigital.com.ar\/blog\/wp-content\/uploads\/2018\/08\/Incidentes-en-La-Plata-con-trabajadores-del-astillero-Rio-Santiago-3.jpg?fit=1200%2C675&ssl=1&resize=350%2C200 1x, https:\/\/i0.wp.com\/larevistadigital.com.ar\/blog\/wp-content\/uploads\/2018\/08\/Incidentes-en-La-Plata-con-trabajadores-del-astillero-Rio-Santiago-3.jpg?fit=1200%2C675&ssl=1&resize=525%2C300 1.5x, https:\/\/i0.wp.com\/larevistadigital.com.ar\/blog\/wp-content\/uploads\/2018\/08\/Incidentes-en-La-Plata-con-trabajadores-del-astillero-Rio-Santiago-3.jpg?fit=1200%2C675&ssl=1&resize=700%2C400 2x, https:\/\/i0.wp.com\/larevistadigital.com.ar\/blog\/wp-content\/uploads\/2018\/08\/Incidentes-en-La-Plata-con-trabajadores-del-astillero-Rio-Santiago-3.jpg?fit=1200%2C675&ssl=1&resize=1050%2C600 3x"},"classes":[]},{"id":36290,"url":"https:\/\/larevistadigital.com.ar\/blog\/con-el-desempate-de-villarroel-se-aprobo-la-ley-bases\/","url_meta":{"origin":36293,"position":3},"title":"CON EL DESEMPATE DE VILLARROEL SE APROB\u00d3 LA LEY BASES","author":"Alejandro Sosa Ruda","date":"12 junio, 2024","format":false,"excerpt":"La votaci\u00f3n termin\u00f3 empatada en 36 y se desempat\u00f3 con el voto de la vicepresidenta. 12 de junio de 2024 El Senado aprob\u00f3 la ley de Bases en general con\u00a037 votos positivos contra 36 negativos,\u00a0tras el desempate propinado por vicepresidenta de la Naci\u00f3n y titular del cuerpo,\u00a0Victoria Villarruel, en medio\u2026","rel":"","context":"En \u00abDESTACADAS\u00bb","block_context":{"text":"DESTACADAS","link":"https:\/\/larevistadigital.com.ar\/blog\/category\/destacadas\/"},"img":{"alt_text":"","src":"https:\/\/i0.wp.com\/larevistadigital.com.ar\/blog\/wp-content\/uploads\/imagen_570.jpg?fit=1200%2C680&ssl=1&resize=350%2C200","width":350,"height":200,"srcset":"https:\/\/i0.wp.com\/larevistadigital.com.ar\/blog\/wp-content\/uploads\/imagen_570.jpg?fit=1200%2C680&ssl=1&resize=350%2C200 1x, https:\/\/i0.wp.com\/larevistadigital.com.ar\/blog\/wp-content\/uploads\/imagen_570.jpg?fit=1200%2C680&ssl=1&resize=525%2C300 1.5x, https:\/\/i0.wp.com\/larevistadigital.com.ar\/blog\/wp-content\/uploads\/imagen_570.jpg?fit=1200%2C680&ssl=1&resize=700%2C400 2x, https:\/\/i0.wp.com\/larevistadigital.com.ar\/blog\/wp-content\/uploads\/imagen_570.jpg?fit=1200%2C680&ssl=1&resize=1050%2C600 3x"},"classes":[]},{"id":26796,"url":"https:\/\/larevistadigital.com.ar\/blog\/graves-incidentes-en-la-sede-de-independiente-se-suspendio-el-partido-de-manana\/","url_meta":{"origin":36293,"position":4},"title":"GRAVES INCIDENTES EN LA SEDE DE INDEPENDIENTE: SE SUSPENDI\u00d3 EL PARTIDO DE MA\u00d1ANA","author":"Alejandro Sosa Ruda","date":"22 julio, 2022","format":false,"excerpt":"La Aprevide no puede garantizar la seguridad para el choque contra Atl\u00e9tico Tucum\u00e1n. Graves incidentes se produjeron este viernes, con lanzamiento de balas de goma y gases lacrim\u00f3genos de parte de las autoridades policiales, hacia un n\u00facleo de manifestantes, en la puerta de la sede del club Independiente, en la\u2026","rel":"","context":"En \u00abINTERES GENERAL\u00bb","block_context":{"text":"INTERES GENERAL","link":"https:\/\/larevistadigital.com.ar\/blog\/category\/interes-general\/"},"img":{"alt_text":"","src":"https:\/\/i0.wp.com\/larevistadigital.com.ar\/blog\/wp-content\/uploads\/Captura-de-pantalla-2022-07-22-202647.png?fit=679%2C384&ssl=1&resize=350%2C200","width":350,"height":200,"srcset":"https:\/\/i0.wp.com\/larevistadigital.com.ar\/blog\/wp-content\/uploads\/Captura-de-pantalla-2022-07-22-202647.png?fit=679%2C384&ssl=1&resize=350%2C200 1x, https:\/\/i0.wp.com\/larevistadigital.com.ar\/blog\/wp-content\/uploads\/Captura-de-pantalla-2022-07-22-202647.png?fit=679%2C384&ssl=1&resize=525%2C300 1.5x"},"classes":[]},{"id":27297,"url":"https:\/\/larevistadigital.com.ar\/blog\/caso-daiana-abregu-laprida-dividida-por-la-muerte-en-la-comisaria\/","url_meta":{"origin":36293,"position":5},"title":"CASO DAIANA ABREG\u00da: LAPRIDA DIVIDIDA POR LA MUERTE EN LA COMISAR\u00cdA","author":"Alejandro Sosa Ruda","date":"25 agosto, 2022","format":false,"excerpt":"Hubo marchas y contramarchas. Represi\u00f3n y festejos. Todo en torno al caso de una joven que muri\u00f3 mientras se encontraba detenida. LAPRIDA -\u00a0 En la jornada del martes, la ciudad de Laprida se vio dividida ante las \u00faltimas novedades en el caso Daiana Abreg\u00fa, la joven que falleci\u00f3 en la\u2026","rel":"","context":"En \u00abPOLICIALES\u00bb","block_context":{"text":"POLICIALES","link":"https:\/\/larevistadigital.com.ar\/blog\/category\/policiales\/"},"img":{"alt_text":"","src":"https:\/\/i0.wp.com\/larevistadigital.com.ar\/blog\/wp-content\/uploads\/20220824160802_justicia-por-daiana-980x653-1.jpg?fit=880%2C512&ssl=1&resize=350%2C200","width":350,"height":200,"srcset":"https:\/\/i0.wp.com\/larevistadigital.com.ar\/blog\/wp-content\/uploads\/20220824160802_justicia-por-daiana-980x653-1.jpg?fit=880%2C512&ssl=1&resize=350%2C200 1x, https:\/\/i0.wp.com\/larevistadigital.com.ar\/blog\/wp-content\/uploads\/20220824160802_justicia-por-daiana-980x653-1.jpg?fit=880%2C512&ssl=1&resize=525%2C300 1.5x, https:\/\/i0.wp.com\/larevistadigital.com.ar\/blog\/wp-content\/uploads\/20220824160802_justicia-por-daiana-980x653-1.jpg?fit=880%2C512&ssl=1&resize=700%2C400 2x"},"classes":[]}],"_links":{"self":[{"href":"https:\/\/larevistadigital.com.ar\/blog\/wp-json\/wp\/v2\/posts\/36293","targetHints":{"allow":["GET"]}}],"collection":[{"href":"https:\/\/larevistadigital.com.ar\/blog\/wp-json\/wp\/v2\/posts"}],"about":[{"href":"https:\/\/larevistadigital.com.ar\/blog\/wp-json\/wp\/v2\/types\/post"}],"author":[{"embeddable":true,"href":"https:\/\/larevistadigital.com.ar\/blog\/wp-json\/wp\/v2\/users\/3"}],"replies":[{"embeddable":true,"href":"https:\/\/larevistadigital.com.ar\/blog\/wp-json\/wp\/v2\/comments?post=36293"}],"version-history":[{"count":1,"href":"https:\/\/larevistadigital.com.ar\/blog\/wp-json\/wp\/v2\/posts\/36293\/revisions"}],"predecessor-version":[{"id":36296,"href":"https:\/\/larevistadigital.com.ar\/blog\/wp-json\/wp\/v2\/posts\/36293\/revisions\/36296"}],"wp:featuredmedia":[{"embeddable":true,"href":"https:\/\/larevistadigital.com.ar\/blog\/wp-json\/wp\/v2\/media\/36295"}],"wp:attachment":[{"href":"https:\/\/larevistadigital.com.ar\/blog\/wp-json\/wp\/v2\/media?parent=36293"}],"wp:term":[{"taxonomy":"category","embeddable":true,"href":"https:\/\/larevistadigital.com.ar\/blog\/wp-json\/wp\/v2\/categories?post=36293"},{"taxonomy":"post_tag","embeddable":true,"href":"https:\/\/larevistadigital.com.ar\/blog\/wp-json\/wp\/v2\/tags?post=36293"}],"curies":[{"name":"wp","href":"https:\/\/api.w.org\/{rel}","templated":true}]}}