{"id":36299,"date":"2024-06-13T00:19:04","date_gmt":"2024-06-13T03:19:04","guid":{"rendered":"https:\/\/larevistadigital.com.ar\/blog\/?p=36299"},"modified":"2024-06-13T00:19:04","modified_gmt":"2024-06-13T03:19:04","slug":"mar-del-plata-amplio-rechazo-a-la-ley-bases-no-tienen-nada-bueno-para-los-trabajadores","status":"publish","type":"post","link":"https:\/\/larevistadigital.com.ar\/blog\/mar-del-plata-amplio-rechazo-a-la-ley-bases-no-tienen-nada-bueno-para-los-trabajadores\/","title":{"rendered":"MAR DEL PLATA: AMPLIO RECHAZO A LA LEY BASES: \u00abNO TIENEN NADA BUENO PARA LOS TRABAJADORES\u00bb"},"content":{"rendered":"<h2 class=\"intro\">Encabezados por las centrales obreras y distintos gremios, una multitud\u00a0se concentr\u00f3 en el Palacio Municipal para manifestarse en contra del proyecto que se trata en la C\u00e1mara de Senadores.<\/h2>\n<p>13 de Junio de 2024<\/p>\n<p><strong>MAR DEL PLATA &#8211;\u00a0 <\/strong><span class=\"text_bold\">Miles de marplatenses se concentraron<\/span>\u00a0durante la tarde de este mi\u00e9rcoles en inmediaciones al Palacio Municipal y el Monumento a San Mart\u00edn<span class=\"text_bold\"> para manifestarse de forma pac\u00edfica en contra de la Ley Bases que es tratada en la C\u00e1mara de Senadores de la Naci\u00f3n.<\/span><\/p>\n<blockquote>\n<h3><span class=\"text_bold\">Diferentes organizaciones sociales, agrupaciones pol\u00edticas, sindicatos, ONGs y vecinos de Mar del Plata,<\/span>\u00a0se reunieron alrededor de las 17 en\u00a0<span class=\"text_bold\">avenida Luro e Hip\u00f3lito Yrigoyen.<\/span><\/h3>\n<\/blockquote>\n<p>La protesta hab\u00eda sido convocada especialmente por distintos gremios y distintos l\u00edderes sindicales dijeron presente. El titular de la Confederaci\u00f3n General del Trabajo (CGT),<strong>\u00a0<span class=\"text_bold\">Jos\u00e9 Luis Rocha<\/span><\/strong>, destac\u00f3 el marco de p\u00fablico de la movilizaci\u00f3n y rechaz\u00f3 los incidentes que se generaron en inmediaciones del Congreso de la Naci\u00f3n.<\/p>\n<p><em><strong>\u00abEn Capital Federal lamentablemente se estaba realizando la concentraci\u00f3n de forma pac\u00edfica y la ministra de Seguridad, Patricia Bullrich, ha tomado la determinaci\u00f3n de que la gente democr\u00e1ticamente no se pueda manifestar y han corrido a los trabajadores.\u00a0<span class=\"text_bold\">Han hecho un procedimiento para que los trabajadores y los sindicatos no lleguen a la plaza\u00bb<\/span><\/strong><\/em>, denunci\u00f3 <strong>Rocha<\/strong>.<\/p>\n<p>El m\u00e1ximo dirigente sindical de la ciudad, quien tambi\u00e9n se desempe\u00f1a como secretario general de la Uni\u00f3n Obrera Metal\u00fargica (UOM), denunci\u00f3 que, si se aprueba la Ley Bases, <strong><em>\u00abla industria en general desaparece\u00bb.<\/em><\/strong><span class=\"text_bold\"><strong><em>\u00a0\u00abEsta ley\u00a0es destructiva. En ninguno de sus art\u00edculos\u00a0tiene nada bueno y nada a favor de los trabajadores, de los jubilados y de los que menos tienen\u00bb<\/em><\/strong>,<\/span>\u00a0apunt\u00f3.<\/p>\n<blockquote>\n<h3><strong>Del mismo modo,\u00a0<span class=\"text_bold\">Graciela \u201cGachi\u201d Ramundo<\/span>, secretaria General de la CTA-T Mar y Sierras, reivindic\u00f3 la \u00abmuy buena convocatoria\u00bb en la ciudad y lament\u00f3 el accionar represivo de las fuerzas de seguridad en la Ciudad Aut\u00f3noma de Buenos Aires. \u00abEs lamentable\u00bb, sintetiz\u00f3.<\/strong><\/h3>\n<\/blockquote>\n<p>La dirigente confi\u00f3 que aprobar el proyecto oficialista <strong><em>\u00abes vender nuestra soberan\u00eda\u00bb. \u00abNos va a venir muy mal a los marplatenses, muy mal a las trabajadoras y trabajadores por la reforma laboral, a los jubilados, a la educaci\u00f3n p\u00fablica. Realmente no le encontramos un solo motivo para votarla\u00bb<\/em><\/strong>, asegur\u00f3.<\/p>\n","protected":false},"excerpt":{"rendered":"<div class=\"mh-excerpt\"><p>Encabezados por las centrales obreras y distintos gremios, una multitud\u00a0se concentr\u00f3 en el Palacio Municipal para manifestarse en contra del proyecto que se trata en la C\u00e1mara de Senadores. 13 de Junio de 2024 MAR <a class=\"mh-excerpt-more\" href=\"https:\/\/larevistadigital.com.ar\/blog\/mar-del-plata-amplio-rechazo-a-la-ley-bases-no-tienen-nada-bueno-para-los-trabajadores\/\" title=\"MAR DEL PLATA: AMPLIO RECHAZO A LA LEY BASES: \u00abNO TIENEN NADA BUENO PARA LOS TRABAJADORES\u00bb\">[Leer M\u00e1s]<\/a><\/p>\n<\/div>","protected":false},"author":3,"featured_media":36301,"comment_status":"open","ping_status":"open","sticky":false,"template":"","format":"standard","meta":{"_jetpack_memberships_contains_paid_content":false,"footnotes":"","jetpack_publicize_message":"","jetpack_publicize_feature_enabled":true,"jetpack_social_post_already_shared":true,"jetpack_social_options":{"image_generator_settings":{"template":"highway","default_image_id":0,"font":"","enabled":false},"version":2}},"categories":[51],"tags":[],"class_list":{"0":"post-36299","1":"post","2":"type-post","3":"status-publish","4":"format-standard","5":"has-post-thumbnail","7":"category-regionales"},"jetpack_publicize_connections":[],"jetpack_featured_media_url":"https:\/\/i0.wp.com\/larevistadigital.com.ar\/blog\/wp-content\/uploads\/Captura-de-pantalla-2024-06-13-001757.png?fit=806%2C484&ssl=1","jetpack_sharing_enabled":true,"jetpack_shortlink":"https:\/\/wp.me\/p8qtrQ-9rt","jetpack-related-posts":[{"id":29446,"url":"https:\/\/larevistadigital.com.ar\/blog\/mar-del-plata-la-justicia-condeno-al-municipio\/","url_meta":{"origin":36299,"position":0},"title":"MAR DEL PLATA: LA JUSTICIA CONDEN\u00d3 AL MUNICIPIO","author":"Alejandro Sosa Ruda","date":"13 diciembre, 2022","format":false,"excerpt":"Es por pr\u00e1cticas antisindicales contra los trabajadores de la salud de CICOP. 13 de diciembre de 2022 MAR DEL PLATA -\u00a0 La Asociaci\u00f3n Sindical de Profesionales de la Salud de la Provincia de Buenos Aires (CICOP) celebr\u00f3 hoy el fallo del Tribunal del Trabajo Nro. 2 de Mar del Plata\u2026","rel":"","context":"En \u00abGREMIALES\u00bb","block_context":{"text":"GREMIALES","link":"https:\/\/larevistadigital.com.ar\/blog\/category\/gremiales\/"},"img":{"alt_text":"","src":"https:\/\/i0.wp.com\/larevistadigital.com.ar\/blog\/wp-content\/uploads\/cicop-e1664475102144.jpg?fit=1199%2C677&ssl=1&resize=350%2C200","width":350,"height":200,"srcset":"https:\/\/i0.wp.com\/larevistadigital.com.ar\/blog\/wp-content\/uploads\/cicop-e1664475102144.jpg?fit=1199%2C677&ssl=1&resize=350%2C200 1x, https:\/\/i0.wp.com\/larevistadigital.com.ar\/blog\/wp-content\/uploads\/cicop-e1664475102144.jpg?fit=1199%2C677&ssl=1&resize=525%2C300 1.5x, https:\/\/i0.wp.com\/larevistadigital.com.ar\/blog\/wp-content\/uploads\/cicop-e1664475102144.jpg?fit=1199%2C677&ssl=1&resize=700%2C400 2x, https:\/\/i0.wp.com\/larevistadigital.com.ar\/blog\/wp-content\/uploads\/cicop-e1664475102144.jpg?fit=1199%2C677&ssl=1&resize=1050%2C600 3x"},"classes":[]},{"id":19058,"url":"https:\/\/larevistadigital.com.ar\/blog\/el-municipio-de-mar-del-plata-pone-en-marcha-la-brigada-antipicadas-aqui-como-denunciar\/","url_meta":{"origin":36299,"position":1},"title":"EL MUNICIPIO DE MAR DEL PLATA PONE EN MARCHA LA \u00abBRIGADA ANTIPICADAS\u00bb. AQU\u00cd COMO DENUNCIAR","author":"Alejandro Sosa Ruda","date":"26 febrero, 2021","format":false,"excerpt":"Desde hoy, los agentes estar\u00e1n apostados en distintos puntos de la ciudad. Desde el COM se monitorear\u00e1n m\u00e1s de mil c\u00e1maras de seguridad de la v\u00eda p\u00fablica. Dispusieron un n\u00famero de WhatsApp para denunciar. A partir de este viernes la Municipalidad de General Pueyrredon pondr\u00e1 en marcha la\u00a0brigada antipicadas\u00a0en las\u2026","rel":"","context":"En \u00abREGIONALES\u00bb","block_context":{"text":"REGIONALES","link":"https:\/\/larevistadigital.com.ar\/blog\/category\/regionales\/"},"img":{"alt_text":"","src":"https:\/\/i0.wp.com\/larevistadigital.com.ar\/blog\/wp-content\/uploads\/operativo-transito-6-agosto-17.jpg?fit=1200%2C703&ssl=1&resize=350%2C200","width":350,"height":200,"srcset":"https:\/\/i0.wp.com\/larevistadigital.com.ar\/blog\/wp-content\/uploads\/operativo-transito-6-agosto-17.jpg?fit=1200%2C703&ssl=1&resize=350%2C200 1x, https:\/\/i0.wp.com\/larevistadigital.com.ar\/blog\/wp-content\/uploads\/operativo-transito-6-agosto-17.jpg?fit=1200%2C703&ssl=1&resize=525%2C300 1.5x, https:\/\/i0.wp.com\/larevistadigital.com.ar\/blog\/wp-content\/uploads\/operativo-transito-6-agosto-17.jpg?fit=1200%2C703&ssl=1&resize=700%2C400 2x, https:\/\/i0.wp.com\/larevistadigital.com.ar\/blog\/wp-content\/uploads\/operativo-transito-6-agosto-17.jpg?fit=1200%2C703&ssl=1&resize=1050%2C600 3x"},"classes":[]},{"id":18878,"url":"https:\/\/larevistadigital.com.ar\/blog\/mar-del-plata-autos-bajo-el-agua-arboles-caidos-y-demas-consecuencias-del-temporal\/","url_meta":{"origin":36299,"position":2},"title":"MAR DEL PLATA: AUTOS BAJO EL AGUA, ARBOLES CA\u00cdDOS, Y DEM\u00c1S CONSECUENCIAS DEL TEMPORAL","author":"Alejandro Sosa Ruda","date":"16 febrero, 2021","format":false,"excerpt":"El temporal de lluvia que azota este martes a Mar del Plata afecta a distintos barrios. MAR DEL PLATA - El \u00faltimo d\u00eda del feriado de Carnaval es el m\u00e1s lluvioso: desde la madrugada, el agua no dio tregua. Y se espera que las lluvias fuertes persistan durante toda la\u2026","rel":"","context":"En \u00abREGIONALES\u00bb","block_context":{"text":"REGIONALES","link":"https:\/\/larevistadigital.com.ar\/blog\/category\/regionales\/"},"img":{"alt_text":"","src":"https:\/\/i0.wp.com\/larevistadigital.com.ar\/blog\/wp-content\/uploads\/Captura-11.png?fit=1012%2C565&ssl=1&resize=350%2C200","width":350,"height":200,"srcset":"https:\/\/i0.wp.com\/larevistadigital.com.ar\/blog\/wp-content\/uploads\/Captura-11.png?fit=1012%2C565&ssl=1&resize=350%2C200 1x, https:\/\/i0.wp.com\/larevistadigital.com.ar\/blog\/wp-content\/uploads\/Captura-11.png?fit=1012%2C565&ssl=1&resize=525%2C300 1.5x, https:\/\/i0.wp.com\/larevistadigital.com.ar\/blog\/wp-content\/uploads\/Captura-11.png?fit=1012%2C565&ssl=1&resize=700%2C400 2x"},"classes":[]},{"id":20925,"url":"https:\/\/larevistadigital.com.ar\/blog\/mar-dle-plata-al-menos-30-escuelas-suspendieron-las-clases-por-cuenta-propia-debido-al-fuerte-temporal\/","url_meta":{"origin":36299,"position":3},"title":"MAR DLE PLATA: AL MENOS 30 ESCUELAS SUSPENDIERON LAS CLASES POR CUENTA PROPIA DEBIDO AL FUERTE TEMPORAL","author":"Alejandro Sosa Ruda","date":"28 junio, 2021","format":false,"excerpt":"Lo confirmaron desde el Consejo Escolar y cuestionaron que el Municipio no decidiera suspender las clases en forma preventiva. En algunas escuelas se volaron techos e ingres\u00f3 agua o est\u00e1n sin luz. Varios establecimientos postergaron para este martes la vuelta a la presencialidad \"para cuidar a sus comunidades\". MAR DEL\u2026","rel":"","context":"En \u00abREGIONALES\u00bb","block_context":{"text":"REGIONALES","link":"https:\/\/larevistadigital.com.ar\/blog\/category\/regionales\/"},"img":{"alt_text":"","src":"https:\/\/i0.wp.com\/larevistadigital.com.ar\/blog\/wp-content\/uploads\/ESCUELAS-MDQ.png?fit=960%2C743&ssl=1&resize=350%2C200","width":350,"height":200,"srcset":"https:\/\/i0.wp.com\/larevistadigital.com.ar\/blog\/wp-content\/uploads\/ESCUELAS-MDQ.png?fit=960%2C743&ssl=1&resize=350%2C200 1x, https:\/\/i0.wp.com\/larevistadigital.com.ar\/blog\/wp-content\/uploads\/ESCUELAS-MDQ.png?fit=960%2C743&ssl=1&resize=525%2C300 1.5x, https:\/\/i0.wp.com\/larevistadigital.com.ar\/blog\/wp-content\/uploads\/ESCUELAS-MDQ.png?fit=960%2C743&ssl=1&resize=700%2C400 2x"},"classes":[]},{"id":30571,"url":"https:\/\/larevistadigital.com.ar\/blog\/mar-del-plata-aparecio-en-la-playa-un-pez-de-aguas-tropicales\/","url_meta":{"origin":36299,"position":4},"title":"MAR DEL PLATA: APARECI\u00d3 EN LA PLAYA UN PEZ DE AGUAS TROPICALES","author":"Alejandro Sosa Ruda","date":"13 marzo, 2023","format":false,"excerpt":"Pescadores deportivos capturaron un ejemplar de morena reticulada MAR DEL PLATA -\u00a0 Este fin de semana,\u00a0pescadores deportivos de Mar del Plata capturaron un ejemplar de una morena de la familia Muraenidae,\u00a0en la zona norte de la ciudad. A fin de identificar a qu\u00e9 especie correspond\u00eda el ejemplar, los pescadores se\u2026","rel":"","context":"En \u00abCURIOSAS\u00bb","block_context":{"text":"CURIOSAS","link":"https:\/\/larevistadigital.com.ar\/blog\/category\/curiosas\/"},"img":{"alt_text":"","src":"https:\/\/i0.wp.com\/larevistadigital.com.ar\/blog\/wp-content\/uploads\/MORENA-RETICULADA.png?fit=801%2C508&ssl=1&resize=350%2C200","width":350,"height":200,"srcset":"https:\/\/i0.wp.com\/larevistadigital.com.ar\/blog\/wp-content\/uploads\/MORENA-RETICULADA.png?fit=801%2C508&ssl=1&resize=350%2C200 1x, https:\/\/i0.wp.com\/larevistadigital.com.ar\/blog\/wp-content\/uploads\/MORENA-RETICULADA.png?fit=801%2C508&ssl=1&resize=525%2C300 1.5x, https:\/\/i0.wp.com\/larevistadigital.com.ar\/blog\/wp-content\/uploads\/MORENA-RETICULADA.png?fit=801%2C508&ssl=1&resize=700%2C400 2x"},"classes":[]},{"id":18664,"url":"https:\/\/larevistadigital.com.ar\/blog\/mar-del-plata-se-anuncio-la-construccion-de-un-nuev0o-esigon-en-el-puerto\/","url_meta":{"origin":36299,"position":5},"title":"MAR DEL PLATA: SE ANUNCI\u00d3 LA CONSTRUCCI\u00d3N DE UN NUEV0O ES\u00cdG\u00d3N EN EL PUERTO","author":"Alejandro Sosa Ruda","date":"16 enero, 2021","format":false,"excerpt":"Lo hicieron el ministro de Econom\u00eda, Mart\u00edn Guzm\u00e1n, y la directora ejecutiva de la Anses, Fernanda Raverta, durante una jornada de trabajo en Mar del Plata. MAR DEL PLATA - El gobierno nacional anticip\u00f3 este s\u00e1bado la construcci\u00f3n de un espig\u00f3n nuevo en el sector pesquero del puerto de Mar\u2026","rel":"","context":"En \u00abPOLITICA\u00bb","block_context":{"text":"POLITICA","link":"https:\/\/larevistadigital.com.ar\/blog\/category\/politica\/"},"img":{"alt_text":"","src":"https:\/\/i0.wp.com\/larevistadigital.com.ar\/blog\/wp-content\/uploads\/Screenshot_2-129.jpg?fit=1007%2C667&ssl=1&resize=350%2C200","width":350,"height":200,"srcset":"https:\/\/i0.wp.com\/larevistadigital.com.ar\/blog\/wp-content\/uploads\/Screenshot_2-129.jpg?fit=1007%2C667&ssl=1&resize=350%2C200 1x, https:\/\/i0.wp.com\/larevistadigital.com.ar\/blog\/wp-content\/uploads\/Screenshot_2-129.jpg?fit=1007%2C667&ssl=1&resize=525%2C300 1.5x, https:\/\/i0.wp.com\/larevistadigital.com.ar\/blog\/wp-content\/uploads\/Screenshot_2-129.jpg?fit=1007%2C667&ssl=1&resize=700%2C400 2x"},"classes":[]}],"_links":{"self":[{"href":"https:\/\/larevistadigital.com.ar\/blog\/wp-json\/wp\/v2\/posts\/36299","targetHints":{"allow":["GET"]}}],"collection":[{"href":"https:\/\/larevistadigital.com.ar\/blog\/wp-json\/wp\/v2\/posts"}],"about":[{"href":"https:\/\/larevistadigital.com.ar\/blog\/wp-json\/wp\/v2\/types\/post"}],"author":[{"embeddable":true,"href":"https:\/\/larevistadigital.com.ar\/blog\/wp-json\/wp\/v2\/users\/3"}],"replies":[{"embeddable":true,"href":"https:\/\/larevistadigital.com.ar\/blog\/wp-json\/wp\/v2\/comments?post=36299"}],"version-history":[{"count":1,"href":"https:\/\/larevistadigital.com.ar\/blog\/wp-json\/wp\/v2\/posts\/36299\/revisions"}],"predecessor-version":[{"id":36302,"href":"https:\/\/larevistadigital.com.ar\/blog\/wp-json\/wp\/v2\/posts\/36299\/revisions\/36302"}],"wp:featuredmedia":[{"embeddable":true,"href":"https:\/\/larevistadigital.com.ar\/blog\/wp-json\/wp\/v2\/media\/36301"}],"wp:attachment":[{"href":"https:\/\/larevistadigital.com.ar\/blog\/wp-json\/wp\/v2\/media?parent=36299"}],"wp:term":[{"taxonomy":"category","embeddable":true,"href":"https:\/\/larevistadigital.com.ar\/blog\/wp-json\/wp\/v2\/categories?post=36299"},{"taxonomy":"post_tag","embeddable":true,"href":"https:\/\/larevistadigital.com.ar\/blog\/wp-json\/wp\/v2\/tags?post=36299"}],"curies":[{"name":"wp","href":"https:\/\/api.w.org\/{rel}","templated":true}]}}