{"id":36303,"date":"2024-06-13T00:31:29","date_gmt":"2024-06-13T03:31:29","guid":{"rendered":"https:\/\/larevistadigital.com.ar\/blog\/?p=36303"},"modified":"2024-06-13T00:31:29","modified_gmt":"2024-06-13T03:31:29","slug":"afortunadamente-informo-el-municipio-que-el-ultimo-domingo-hubo-guardia-pediatrica-pasiva-y-activa-en-el-hospital","status":"publish","type":"post","link":"https:\/\/larevistadigital.com.ar\/blog\/afortunadamente-informo-el-municipio-que-el-ultimo-domingo-hubo-guardia-pediatrica-pasiva-y-activa-en-el-hospital\/","title":{"rendered":"AFORTUNADAMENTE&#8230; INFORM\u00d3 EL MUNICIPIO QUE EL \u00daLTIMO DOMINGO HUBO GUARDIA PEDI\u00c1TRICA PASIVA Y ACTIVA EN EL HOSPITAL"},"content":{"rendered":"<h2 class=\"notaIntro\"><em>\u00abDesde la Municipalidad de Chascom\u00fas queremos hacer saber que gracias a la buena voluntad de los actores involucrados y del invaluable compromiso con la comunidad del equipo de pediatr\u00eda se brind\u00f3 atenci\u00f3n durante todo el d\u00eda.\u00bb<\/em><\/h2>\n<p class=\"notaTexto\"><strong>CHASCOM\u00daS &#8211;\u00a0<\/strong> Luego de la informaci\u00f3n que el municipio dio a conocer el \u00faltimo s\u00e1bado, sobre la imposibilidad de conseguir los recursos humanos necesarios para cubrir la guardia pedi\u00e1trica activa entre las 8 y las 20 hs. del domingo 9 del corriente, hubo guardia activa y pasiva las 24 hs en el Hospital San Vicente de Paul. En respuesta a la cantidad de consultas sucedidas desde las primeras horas del d\u00eda, los doctores <strong>Cecilia Sald\u00edas, Ana Morgade y Jos\u00e9 Luis Pedernera<\/strong>, finalmente permanecieron de guardia y, a trav\u00e9s de un sistema de horarios rotativos, brind\u00f3 asistencia a un total inusual de cuarenta y cuatro pacientes.<\/p>\n<p class=\"notaTexto\">Las dificultades que afronta la comuna para lograr la soluci\u00f3n definitiva de esta problem\u00e1tica, radica en dos motivos fundamentales. Por un lado, tal como aseguraron recientemente algunos organismos de salud, existe una notoria escasez de profesionales para cubrir guardias a nivel nacional y provincial en distintas especialidades, incluida la de pediatr\u00eda, especialmente fines de semana y d\u00edas feriados. Por el otro, el creciente aumento del sector de la poblaci\u00f3n que recurre a los centros de salud p\u00fablica, como consecuencia de la dif\u00edcil situaci\u00f3n econ\u00f3mica que atraviesa nuestro pa\u00eds.<\/p>\n<p class=\"notaTexto\">La convocatoria contin\u00faa abierta a m\u00e9dicos generalistas y\/o especializados en pediatr\u00eda. Tal como se asegura desde el \u00e1rea de salud del municipio, los recursos econ\u00f3micos est\u00e1n disponibles.<\/p>\n","protected":false},"excerpt":{"rendered":"<div class=\"mh-excerpt\"><p>\u00abDesde la Municipalidad de Chascom\u00fas queremos hacer saber que gracias a la buena voluntad de los actores involucrados y del invaluable compromiso con la comunidad del equipo de pediatr\u00eda se brind\u00f3 atenci\u00f3n durante todo el <a class=\"mh-excerpt-more\" href=\"https:\/\/larevistadigital.com.ar\/blog\/afortunadamente-informo-el-municipio-que-el-ultimo-domingo-hubo-guardia-pediatrica-pasiva-y-activa-en-el-hospital\/\" title=\"AFORTUNADAMENTE&#8230; INFORM\u00d3 EL MUNICIPIO QUE EL \u00daLTIMO DOMINGO HUBO GUARDIA PEDI\u00c1TRICA PASIVA Y ACTIVA EN EL HOSPITAL\">[Leer M\u00e1s]<\/a><\/p>\n<\/div>","protected":false},"author":3,"featured_media":36304,"comment_status":"open","ping_status":"open","sticky":false,"template":"","format":"standard","meta":{"_jetpack_memberships_contains_paid_content":false,"footnotes":"","jetpack_publicize_message":"","jetpack_publicize_feature_enabled":true,"jetpack_social_post_already_shared":true,"jetpack_social_options":{"image_generator_settings":{"template":"highway","default_image_id":0,"font":"","enabled":false},"version":2}},"categories":[6],"tags":[],"class_list":{"0":"post-36303","1":"post","2":"type-post","3":"status-publish","4":"format-standard","5":"has-post-thumbnail","7":"category-chascomus"},"jetpack_publicize_connections":[],"jetpack_featured_media_url":"https:\/\/i0.wp.com\/larevistadigital.com.ar\/blog\/wp-content\/uploads\/2024_06_12_02_41_53_5171131.jpeg?fit=600%2C401&ssl=1","jetpack_sharing_enabled":true,"jetpack_shortlink":"https:\/\/wp.me\/p8qtrQ-9rx","jetpack-related-posts":[{"id":36394,"url":"https:\/\/larevistadigital.com.ar\/blog\/informo-la-municipalidad-de-chascomus-que-el-sabado-22-y-domingo-23-de-junio-habra-guardia-pediatrica-pasiva-y-activa\/","url_meta":{"origin":36303,"position":0},"title":"INFORM\u00d3 LA MUNICIPALIDAD DE CHASCOM\u00daS QUE EL S\u00c1BADO 22 Y DOMINGO 23 DE JUNIO: HABR\u00c1 GUARDIA PEDI\u00c1TRICA PASIVA Y ACTIVA","author":"Alejandro Sosa Ruda","date":"21 junio, 2024","format":false,"excerpt":"Desde la Municipalidad se comunica que el d\u00eda de ma\u00f1ana y el domingo, en el Hospital San Vicente de Paul, habr\u00e1 guardia pedi\u00e1trica pasiva y activa en todas las franjas horarias. 21 de Junio de 2024 CHASCOM\u00daS -\u00a0 Como vienen alertando desde la Sociedad Argentina de Pediatr\u00eda, los m\u00e9dicos j\u00f3venes\u2026","rel":"","context":"En \u00abINTERES GENERAL\u00bb","block_context":{"text":"INTERES GENERAL","link":"https:\/\/larevistadigital.com.ar\/blog\/category\/interes-general\/"},"img":{"alt_text":"","src":"https:\/\/i0.wp.com\/larevistadigital.com.ar\/blog\/wp-content\/uploads\/hospital22.jpg?fit=1024%2C768&ssl=1&resize=350%2C200","width":350,"height":200,"srcset":"https:\/\/i0.wp.com\/larevistadigital.com.ar\/blog\/wp-content\/uploads\/hospital22.jpg?fit=1024%2C768&ssl=1&resize=350%2C200 1x, https:\/\/i0.wp.com\/larevistadigital.com.ar\/blog\/wp-content\/uploads\/hospital22.jpg?fit=1024%2C768&ssl=1&resize=525%2C300 1.5x, https:\/\/i0.wp.com\/larevistadigital.com.ar\/blog\/wp-content\/uploads\/hospital22.jpg?fit=1024%2C768&ssl=1&resize=700%2C400 2x"},"classes":[]},{"id":36021,"url":"https:\/\/larevistadigital.com.ar\/blog\/el-servicio-de-guardia-de-chascomus-incluido-el-de-pediatria-esta-garantizado\/","url_meta":{"origin":36303,"position":1},"title":"EL SERVICIO DE GUARDIA DE CHASCOM\u00daS, INCLUIDO EL DE PEDIATR\u00cdA, EST\u00c1 GARANTIZADO","author":"Alejandro Sosa Ruda","date":"8 mayo, 2024","format":false,"excerpt":"Los casos de urgencia son atendidos y se contin\u00faa trabajando para asegurar la cobertura. 8 de Mayo de 2024 CHASCOM\u00daS -\u00a0 El secretario de Gobierno, Cipriano P\u00e9rez del Cerro, inform\u00f3 que el servicio de pediatr\u00eda, como el del resto de las especialidades, en el Hospital Municipal \u201cSan Vicente de Paul\u201d\u2026","rel":"","context":"En \u00abCHASCOM\u00daS\u00bb","block_context":{"text":"CHASCOM\u00daS","link":"https:\/\/larevistadigital.com.ar\/blog\/category\/chascomus\/"},"img":{"alt_text":"","src":"https:\/\/i0.wp.com\/larevistadigital.com.ar\/blog\/wp-content\/uploads\/2024_05_09_02_56_01_4421882.jpg?fit=600%2C401&ssl=1&resize=350%2C200","width":350,"height":200,"srcset":"https:\/\/i0.wp.com\/larevistadigital.com.ar\/blog\/wp-content\/uploads\/2024_05_09_02_56_01_4421882.jpg?fit=600%2C401&ssl=1&resize=350%2C200 1x, https:\/\/i0.wp.com\/larevistadigital.com.ar\/blog\/wp-content\/uploads\/2024_05_09_02_56_01_4421882.jpg?fit=600%2C401&ssl=1&resize=525%2C300 1.5x"},"classes":[]},{"id":18975,"url":"https:\/\/larevistadigital.com.ar\/blog\/chascomus-grave-denuncia-de-medica-de-guardia-estaba-sola-llame-a-las-autoridades-y-no-dieron-respuesta\/","url_meta":{"origin":36303,"position":2},"title":"CHASCOM\u00daS: GRAVE DENUNCIA DE M\u00c9DICA DE GUARDIA \u00abESTABA SOLA, LLAM\u00c9 A LAS AUTORIDADES Y NO DIERON RESPUESTA\u00bb","author":"Alejandro Sosa Ruda","date":"22 febrero, 2021","format":false,"excerpt":"Un muy fuerte reportaje se pudo escuchar este lunes por la ma\u00f1ana en la Libres del Sur FM (90.1) en el que el periodista Rub\u00e9n\u00a0Mart\u00ednez\u00a0habl\u00f3 con la doctora Silvia Lamas cont\u00f3 la situaci\u00f3n que le toc\u00f3 vivir durante el fin de semana en la guardia del Hospital San Vicente de\u2026","rel":"","context":"En \u00abDESTACADAS\u00bb","block_context":{"text":"DESTACADAS","link":"https:\/\/larevistadigital.com.ar\/blog\/category\/destacadas\/"},"img":{"alt_text":"","src":"https:\/\/i0.wp.com\/larevistadigital.com.ar\/blog\/wp-content\/uploads\/WhatsApp-Image-2021-02-21-at-22.42.37.jpeg?fit=641%2C1200&ssl=1&resize=350%2C200","width":350,"height":200,"srcset":"https:\/\/i0.wp.com\/larevistadigital.com.ar\/blog\/wp-content\/uploads\/WhatsApp-Image-2021-02-21-at-22.42.37.jpeg?fit=641%2C1200&ssl=1&resize=350%2C200 1x, https:\/\/i0.wp.com\/larevistadigital.com.ar\/blog\/wp-content\/uploads\/WhatsApp-Image-2021-02-21-at-22.42.37.jpeg?fit=641%2C1200&ssl=1&resize=525%2C300 1.5x"},"classes":[]},{"id":19198,"url":"https:\/\/larevistadigital.com.ar\/blog\/el-frente-de-todos-apoyo-en-las-redes-a-unidad-por-chascomus-en-el-conflicto-con-los-profesionales\/","url_meta":{"origin":36303,"position":3},"title":"EL FRENTE DE TODOS APOY\u00d3 EN LAS REDES A UNIDAD POR CHASCOM\u00daS EN EL CONFLICTO CON LOS PROFESIONALES","author":"Alejandro Sosa Ruda","date":"8 marzo, 2021","format":false,"excerpt":"En una obvia presi\u00f3n vecinalista, Unidad por Chascom\u00fas public\u00f3 en su p\u00e1gina de Facebook una nota del Frente de Todos, apoyando la gesti\u00f3n de salud a pesar de las quejas, despidos y renuncias. Esto, lamentablemente deja de manifiesto que los \"acuerdos pol\u00edticos\" pueden m\u00e1s que los reclamos de los trabajadores\u2026","rel":"","context":"En \u00abCHASCOM\u00daS\u00bb","block_context":{"text":"CHASCOM\u00daS","link":"https:\/\/larevistadigital.com.ar\/blog\/category\/chascomus\/"},"img":{"alt_text":"","src":"https:\/\/i0.wp.com\/larevistadigital.com.ar\/blog\/wp-content\/uploads\/Captura-22.png?fit=1200%2C695&ssl=1&resize=350%2C200","width":350,"height":200,"srcset":"https:\/\/i0.wp.com\/larevistadigital.com.ar\/blog\/wp-content\/uploads\/Captura-22.png?fit=1200%2C695&ssl=1&resize=350%2C200 1x, https:\/\/i0.wp.com\/larevistadigital.com.ar\/blog\/wp-content\/uploads\/Captura-22.png?fit=1200%2C695&ssl=1&resize=525%2C300 1.5x, https:\/\/i0.wp.com\/larevistadigital.com.ar\/blog\/wp-content\/uploads\/Captura-22.png?fit=1200%2C695&ssl=1&resize=700%2C400 2x, https:\/\/i0.wp.com\/larevistadigital.com.ar\/blog\/wp-content\/uploads\/Captura-22.png?fit=1200%2C695&ssl=1&resize=1050%2C600 3x"},"classes":[]},{"id":18993,"url":"https:\/\/larevistadigital.com.ar\/blog\/en-lugar-de-escuchar-a-los-medicos-cipriano-perez-del-cerro-salio-a-negar-que-un-solo-profesional-atienda-las-urgencias-del-hospital\/","url_meta":{"origin":36303,"position":4},"title":"EN LUGAR DE ESCUCHAR A LOS M\u00c9DICOS, CIPRIANO P\u00c9REZ DEL CERRO SALI\u00d3 A NEGAR QUE UN SOLO PROFESIONAL ATIENDA LAS URGENCIAS DEL HOSPITAL","author":"Alejandro Sosa Ruda","date":"23 febrero, 2021","format":false,"excerpt":"De manera incre\u00edble, y con un alt\u00edsimo grado de soberbia, el Secretario de Gobierno de Javier Gast\u00f3n, neg\u00f3 en un reportaje del diario EL Cronista los dichos de la m\u00e9dica de guardia, que debi\u00f3 responder sola a la atenci\u00f3n de la misma. Evidentemente, desde el ejecutivo, no hay intenci\u00f3n de\u2026","rel":"","context":"En \u00abDESTACADAS\u00bb","block_context":{"text":"DESTACADAS","link":"https:\/\/larevistadigital.com.ar\/blog\/category\/destacadas\/"},"img":{"alt_text":"","src":"https:\/\/i0.wp.com\/larevistadigital.com.ar\/blog\/wp-content\/uploads\/Gaston-no-escucha.jpg?fit=1200%2C846&ssl=1&resize=350%2C200","width":350,"height":200,"srcset":"https:\/\/i0.wp.com\/larevistadigital.com.ar\/blog\/wp-content\/uploads\/Gaston-no-escucha.jpg?fit=1200%2C846&ssl=1&resize=350%2C200 1x, https:\/\/i0.wp.com\/larevistadigital.com.ar\/blog\/wp-content\/uploads\/Gaston-no-escucha.jpg?fit=1200%2C846&ssl=1&resize=525%2C300 1.5x, https:\/\/i0.wp.com\/larevistadigital.com.ar\/blog\/wp-content\/uploads\/Gaston-no-escucha.jpg?fit=1200%2C846&ssl=1&resize=700%2C400 2x, https:\/\/i0.wp.com\/larevistadigital.com.ar\/blog\/wp-content\/uploads\/Gaston-no-escucha.jpg?fit=1200%2C846&ssl=1&resize=1050%2C600 3x"},"classes":[]},{"id":38418,"url":"https:\/\/larevistadigital.com.ar\/blog\/muy-importante-desarrollo-social-en-chascomus-cuenta-con-una-guardia-integrada-de-acompanamiento-en-situaciones-de-vulnerabilidad\/","url_meta":{"origin":36303,"position":5},"title":"MUY IMPORTANTE: Desarrollo Social en Chascom\u00fas, cuenta con una guardia integrada de acompa\u00f1amiento en situaciones de vulnerabilidad","author":"Alejandro Sosa Ruda","date":"8 enero, 2025","format":false,"excerpt":"A trav\u00e9s de una l\u00ednea telef\u00f3nica 15-559397, atiende las 24 hs., todos los d\u00edas del a\u00f1o. 08 de Enero de 2025 CHASCOM\u00daS -\u00a0 La Municipalidad de Chascom\u00fas, en el \u00e1rea de Desarrollo Social, cuenta con una guardia integrada. Un canal de comunicaci\u00f3n directa, donde se brinda acompa\u00f1amiento y asesoramiento a\u2026","rel":"","context":"En \u00abINTERES GENERAL\u00bb","block_context":{"text":"INTERES GENERAL","link":"https:\/\/larevistadigital.com.ar\/blog\/category\/interes-general\/"},"img":{"alt_text":"","src":"https:\/\/i0.wp.com\/larevistadigital.com.ar\/blog\/wp-content\/uploads\/677eabe420caf.png?fit=668%2C445&ssl=1&resize=350%2C200","width":350,"height":200,"srcset":"https:\/\/i0.wp.com\/larevistadigital.com.ar\/blog\/wp-content\/uploads\/677eabe420caf.png?fit=668%2C445&ssl=1&resize=350%2C200 1x, https:\/\/i0.wp.com\/larevistadigital.com.ar\/blog\/wp-content\/uploads\/677eabe420caf.png?fit=668%2C445&ssl=1&resize=525%2C300 1.5x"},"classes":[]}],"_links":{"self":[{"href":"https:\/\/larevistadigital.com.ar\/blog\/wp-json\/wp\/v2\/posts\/36303","targetHints":{"allow":["GET"]}}],"collection":[{"href":"https:\/\/larevistadigital.com.ar\/blog\/wp-json\/wp\/v2\/posts"}],"about":[{"href":"https:\/\/larevistadigital.com.ar\/blog\/wp-json\/wp\/v2\/types\/post"}],"author":[{"embeddable":true,"href":"https:\/\/larevistadigital.com.ar\/blog\/wp-json\/wp\/v2\/users\/3"}],"replies":[{"embeddable":true,"href":"https:\/\/larevistadigital.com.ar\/blog\/wp-json\/wp\/v2\/comments?post=36303"}],"version-history":[{"count":1,"href":"https:\/\/larevistadigital.com.ar\/blog\/wp-json\/wp\/v2\/posts\/36303\/revisions"}],"predecessor-version":[{"id":36305,"href":"https:\/\/larevistadigital.com.ar\/blog\/wp-json\/wp\/v2\/posts\/36303\/revisions\/36305"}],"wp:featuredmedia":[{"embeddable":true,"href":"https:\/\/larevistadigital.com.ar\/blog\/wp-json\/wp\/v2\/media\/36304"}],"wp:attachment":[{"href":"https:\/\/larevistadigital.com.ar\/blog\/wp-json\/wp\/v2\/media?parent=36303"}],"wp:term":[{"taxonomy":"category","embeddable":true,"href":"https:\/\/larevistadigital.com.ar\/blog\/wp-json\/wp\/v2\/categories?post=36303"},{"taxonomy":"post_tag","embeddable":true,"href":"https:\/\/larevistadigital.com.ar\/blog\/wp-json\/wp\/v2\/tags?post=36303"}],"curies":[{"name":"wp","href":"https:\/\/api.w.org\/{rel}","templated":true}]}}