{"id":36306,"date":"2024-06-13T00:36:37","date_gmt":"2024-06-13T03:36:37","guid":{"rendered":"https:\/\/larevistadigital.com.ar\/blog\/?p=36306"},"modified":"2024-06-13T00:36:50","modified_gmt":"2024-06-13T03:36:50","slug":"despertaron-gran-interes-las-nuevas-carreras-en-el-centro-universitario-de-chascomus","status":"publish","type":"post","link":"https:\/\/larevistadigital.com.ar\/blog\/despertaron-gran-interes-las-nuevas-carreras-en-el-centro-universitario-de-chascomus\/","title":{"rendered":"DESPERTARON GRAN INTER\u00c9S LAS NUEVAS CARRERAS EN EL CENTRO UNIVERSITARIO DE CHASCOM\u00daS"},"content":{"rendered":"<h2 class=\"notaIntro\"><em>La inscripci\u00f3n para las Tecnicaturas en Producci\u00f3n Digital y en Gesti\u00f3n de Peque\u00f1as y Medianas Empresas permanecer\u00e1 abierta hasta el 21 de junio.<\/em><\/h2>\n<p>13 de junio de 2024<\/p>\n<p class=\"notaTexto\"><strong>CHASCOM\u00daS &#8211;<\/strong>\u00a0 Representantes acad\u00e9micos y autoridades municipales brindaron una charla informativa sobre las nuevas opciones educativas que se implementar\u00e1n en el Centro Universitario de Chascom\u00fas.<\/p>\n<blockquote>\n<h3 class=\"notaTexto\">Se trata de las tecnicaturas universitarias en Producci\u00f3n Digital y en Gesti\u00f3n de Peque\u00f1as y Medianas Empresas de la Universidad Nacional de Quilmes, que se ofrecen en el marco del Programa Puentes, de manera conjunta con la Municipalidad de Chascom\u00fas y la Municipalidad de General Paz.<\/h3>\n<\/blockquote>\n<p class=\"notaTexto\">Los asistentes tuvieron la oportunidad de conocer el contenido de ambas carreras, as\u00ed como sus requisitos de admisi\u00f3n y futuro laboral. La presentaci\u00f3n, que se realiz\u00f3 en el CIC del barrio 30 de Mayo, estuvo a cargo de Ignacio del Pizzo, director de la Tecnicatura en Producci\u00f3n Digital; B\u00e1rbara Bilbao, coordinadora del Ciclo Introductorio de la Escuela de Artes; Ezequiel Cannizzaro, director de la Tecnicatura en Gesti\u00f3n PYME, y Santiago Errecalde, coordinador del Ciclo Introductorio del Departamento de Econom\u00eda.<br \/>\nLos disertantes estuvieron acompa\u00f1ados por la secretaria de Desarrollo Social y Educaci\u00f3n, Yanina Gazzaniga, y por el subsecretario de Infancias y Juventudes, Lucio Alfons\u00edn.<\/p>\n<p class=\"notaTexto\">Estas nuevas carreras tendr\u00e1n una duraci\u00f3n de tres a\u00f1os y medio, distribuidos en siete cuatrimestres, y comenzar\u00e1n a dictarse en el segundo cuatrimestre del a\u00f1o en curso. Adem\u00e1s, se ofrecer\u00e1n de manera conjunta en Chascom\u00fas y General Paz, con cursadas en ambas ciudades.<br \/>\nTras la reuni\u00f3n, Lucio Alfons\u00edn, destac\u00f3 el \u00e9xito de la charla informativa, resaltando la importancia de despejar las dudas respecto a estas nuevas carreras universitarias.<\/p>\n<p class=\"notaTexto\">Asimismo, remarc\u00f3 la relevancia de estas propuestas educativas que facilitan el acceso a la educaci\u00f3n superior en los distritos del interior y, al mismo tiempo contribuyen a evitar el desarraigo para muchos j\u00f3venes.<br \/>\nLas inscripciones permanecer\u00e1n abiertas hasta el 21 de junio. Se espera que el Centro Universitario de Chascom\u00fas, que se encuentra en la \u00faltima etapa de construcci\u00f3n, inicie sus actividades en el mes de agosto.<\/p>\n<p class=\"notaTexto\">Para m\u00e1s informaci\u00f3n sobre el proceso de inscripci\u00f3n, se puede contactar a trav\u00e9s del correo electr\u00f3nico centrouniversitario@chascomus.gov.ar.<\/p>\n","protected":false},"excerpt":{"rendered":"<div class=\"mh-excerpt\"><p>La inscripci\u00f3n para las Tecnicaturas en Producci\u00f3n Digital y en Gesti\u00f3n de Peque\u00f1as y Medianas Empresas permanecer\u00e1 abierta hasta el 21 de junio. 13 de junio de 2024 CHASCOM\u00daS &#8211;\u00a0 Representantes acad\u00e9micos y autoridades municipales <a class=\"mh-excerpt-more\" href=\"https:\/\/larevistadigital.com.ar\/blog\/despertaron-gran-interes-las-nuevas-carreras-en-el-centro-universitario-de-chascomus\/\" title=\"DESPERTARON GRAN INTER\u00c9S LAS NUEVAS CARRERAS EN EL CENTRO UNIVERSITARIO DE CHASCOM\u00daS\">[Leer M\u00e1s]<\/a><\/p>\n<\/div>","protected":false},"author":3,"featured_media":36307,"comment_status":"open","ping_status":"open","sticky":false,"template":"","format":"standard","meta":{"_jetpack_memberships_contains_paid_content":false,"footnotes":"","jetpack_publicize_message":"","jetpack_publicize_feature_enabled":true,"jetpack_social_post_already_shared":true,"jetpack_social_options":{"image_generator_settings":{"template":"highway","default_image_id":0,"font":"","enabled":false},"version":2}},"categories":[50],"tags":[],"class_list":{"0":"post-36306","1":"post","2":"type-post","3":"status-publish","4":"format-standard","5":"has-post-thumbnail","7":"category-interes-general"},"jetpack_publicize_connections":[],"jetpack_featured_media_url":"https:\/\/i0.wp.com\/larevistadigital.com.ar\/blog\/wp-content\/uploads\/2024_06_12_01_35_49_1134899.jpg?fit=600%2C400&ssl=1","jetpack_sharing_enabled":true,"jetpack_shortlink":"https:\/\/wp.me\/p8qtrQ-9rA","jetpack-related-posts":[{"id":36242,"url":"https:\/\/larevistadigital.com.ar\/blog\/charla-informativa-sobre-nuevas-carreras-en-el-centro-universitario-de-chascomus\/","url_meta":{"origin":36306,"position":0},"title":"CHARLA INFORMATIVA SOBRE NUEVAS CARRERAS EN EL CENTRO UNIVERSITARIO DE CHASCOM\u00daS","author":"Alejandro Sosa Ruda","date":"5 junio, 2024","format":false,"excerpt":"El pr\u00f3ximo lunes se brindar\u00e1n detalles sobre las nuevas opciones educativas que ofrecer\u00e1 el Centro Universitario de Chascom\u00fas, pr\u00f3ximo a su inauguraci\u00f3n. 5 DE JUNIO DE 2024 CHASCOM\u00daS -\u00a0 A trav\u00e9s de un convenio entre la Municipalidad de Chascom\u00fas, la Municipalidad de General Paz, el gobierno de la provincia de\u2026","rel":"","context":"En \u00abCHASCOM\u00daS\u00bb","block_context":{"text":"CHASCOM\u00daS","link":"https:\/\/larevistadigital.com.ar\/blog\/category\/chascomus\/"},"img":{"alt_text":"","src":"https:\/\/i0.wp.com\/larevistadigital.com.ar\/blog\/wp-content\/uploads\/2024_06_06_01_03_00_1979507.jpg?fit=600%2C400&ssl=1&resize=350%2C200","width":350,"height":200,"srcset":"https:\/\/i0.wp.com\/larevistadigital.com.ar\/blog\/wp-content\/uploads\/2024_06_06_01_03_00_1979507.jpg?fit=600%2C400&ssl=1&resize=350%2C200 1x, https:\/\/i0.wp.com\/larevistadigital.com.ar\/blog\/wp-content\/uploads\/2024_06_06_01_03_00_1979507.jpg?fit=600%2C400&ssl=1&resize=525%2C300 1.5x"},"classes":[]},{"id":37045,"url":"https:\/\/larevistadigital.com.ar\/blog\/chascomus-entrega-de-credenciales-de-transporte-para-estudiantes-del-centro-universitario\/","url_meta":{"origin":36306,"position":1},"title":"CHASCOM\u00daS: ENTREGA DE CREDENCIALES DE TRANSPORTE PARA ESTUDIANTES DEL CENTRO UNIVERSITARIO","author":"Alejandro Sosa Ruda","date":"23 agosto, 2024","format":false,"excerpt":"El subsidio del 75% al boleto de colectivo otorgado por la Municipalidad de Chascom\u00fas facilita el acceso a las clases que se cursan en la sede educativa de General Paz. 23 de Agosto de 2024 CHASCOM\u00daS -\u00a0 Este jueves, los estudiantes chascomunenses de las carreras que se dictan en el\u2026","rel":"","context":"En \u00abCHASCOM\u00daS\u00bb","block_context":{"text":"CHASCOM\u00daS","link":"https:\/\/larevistadigital.com.ar\/blog\/category\/chascomus\/"},"img":{"alt_text":"","src":"https:\/\/i0.wp.com\/larevistadigital.com.ar\/blog\/wp-content\/uploads\/66c8c20f9587f.png?fit=668%2C445&ssl=1&resize=350%2C200","width":350,"height":200,"srcset":"https:\/\/i0.wp.com\/larevistadigital.com.ar\/blog\/wp-content\/uploads\/66c8c20f9587f.png?fit=668%2C445&ssl=1&resize=350%2C200 1x, https:\/\/i0.wp.com\/larevistadigital.com.ar\/blog\/wp-content\/uploads\/66c8c20f9587f.png?fit=668%2C445&ssl=1&resize=525%2C300 1.5x"},"classes":[]},{"id":40225,"url":"https:\/\/larevistadigital.com.ar\/blog\/javier-gaston-firmo-un-convenio-para-ampliar-la-oferta-academica-universitaria-en-chascomus\/","url_meta":{"origin":36306,"position":2},"title":"Javier Gast\u00f3n firm\u00f3 un convenio para ampliar la oferta acad\u00e9mica universitaria en Chascom\u00fas","author":"Alejandro Sosa Ruda","date":"30 junio, 2025","format":false,"excerpt":"Durante su participaci\u00f3n en el 3\u00b0 Encuentro Provincial del programa Puentes, el intendente junto al gobernador Axel Kicillof y m\u00e1s de 60 jefes comunalesrubric\u00f3 un acuerdo para el dictado de una nueva diplomatura. 30 de Junio de 2025 CHASCOM\u00daS -\u00a0 \u00a0El intendente Javier Gast\u00f3n y el subsecretario de Infancias y\u2026","rel":"","context":"En \u00abINTERES GENERAL\u00bb","block_context":{"text":"INTERES GENERAL","link":"https:\/\/larevistadigital.com.ar\/blog\/category\/interes-general\/"},"img":{"alt_text":"","src":"https:\/\/i0.wp.com\/larevistadigital.com.ar\/blog\/wp-content\/uploads\/6862bcd751262.png?fit=668%2C445&ssl=1&resize=350%2C200","width":350,"height":200,"srcset":"https:\/\/i0.wp.com\/larevistadigital.com.ar\/blog\/wp-content\/uploads\/6862bcd751262.png?fit=668%2C445&ssl=1&resize=350%2C200 1x, https:\/\/i0.wp.com\/larevistadigital.com.ar\/blog\/wp-content\/uploads\/6862bcd751262.png?fit=668%2C445&ssl=1&resize=525%2C300 1.5x"},"classes":[]},{"id":38860,"url":"https:\/\/larevistadigital.com.ar\/blog\/cuch-una-oportunidad-para-los-chascomunenses\/","url_meta":{"origin":36306,"position":3},"title":"CUCh: una oportunidad para los chascomunenses","author":"Alejandro Sosa Ruda","date":"27 febrero, 2025","format":false,"excerpt":"EL Centro Universitario Chascom\u00fas brinda la posibilidad de continuar estudiando sin necesidad de migrar 27 De Febrero de 2025 CHASCOM\u00daS -\u00a0 Las pol\u00edticas p\u00fablicas en educaci\u00f3n son una de las principales herramientas con la que cuentan los Estados para igualar en derechos y en oportunidades de progreso. En este sentido,\u2026","rel":"","context":"En \u00abCHASCOM\u00daS\u00bb","block_context":{"text":"CHASCOM\u00daS","link":"https:\/\/larevistadigital.com.ar\/blog\/category\/chascomus\/"},"img":{"alt_text":"","src":"https:\/\/i0.wp.com\/larevistadigital.com.ar\/blog\/wp-content\/uploads\/67bcb0e86a85e.png?fit=668%2C445&ssl=1&resize=350%2C200","width":350,"height":200,"srcset":"https:\/\/i0.wp.com\/larevistadigital.com.ar\/blog\/wp-content\/uploads\/67bcb0e86a85e.png?fit=668%2C445&ssl=1&resize=350%2C200 1x, https:\/\/i0.wp.com\/larevistadigital.com.ar\/blog\/wp-content\/uploads\/67bcb0e86a85e.png?fit=668%2C445&ssl=1&resize=525%2C300 1.5x"},"classes":[]},{"id":40421,"url":"https:\/\/larevistadigital.com.ar\/blog\/inscripcion-abierta-para-cursar-la-diplomatura-en-bionegocios-en-el-centro-universitario\/","url_meta":{"origin":36306,"position":4},"title":"Inscripci\u00f3n abierta para cursar la Diplomatura en Bionegocios en el Centro Universitario","author":"Alejandro Sosa Ruda","date":"10 julio, 2025","format":false,"excerpt":"Chascom\u00fas suma una nueva propuesta acad\u00e9mica con orientaci\u00f3n ambiental. 10 de Julio de 2025 CHASCOM\u00daS -\u00a0 \u00a0Inscripci\u00f3n abierta para cursar la Diplomatura en Bionegocios en el Centro Universitario Chascom\u00fas suma una nueva propuesta acad\u00e9mica con orientaci\u00f3n ambiental. En el segundo cuatrimestre de este a\u00f1o el Centro Universitario Chascom\u00fas comenzar\u00e1 el\u2026","rel":"","context":"En \u00abINTERES GENERAL\u00bb","block_context":{"text":"INTERES GENERAL","link":"https:\/\/larevistadigital.com.ar\/blog\/category\/interes-general\/"},"img":{"alt_text":"","src":"https:\/\/i0.wp.com\/larevistadigital.com.ar\/blog\/wp-content\/uploads\/686ffa0f77262.png?fit=668%2C445&ssl=1&resize=350%2C200","width":350,"height":200,"srcset":"https:\/\/i0.wp.com\/larevistadigital.com.ar\/blog\/wp-content\/uploads\/686ffa0f77262.png?fit=668%2C445&ssl=1&resize=350%2C200 1x, https:\/\/i0.wp.com\/larevistadigital.com.ar\/blog\/wp-content\/uploads\/686ffa0f77262.png?fit=668%2C445&ssl=1&resize=525%2C300 1.5x"},"classes":[]},{"id":37651,"url":"https:\/\/larevistadigital.com.ar\/blog\/nuevas-carreras-universitarias-en-el-centro-universitario-de-chascomus\/","url_meta":{"origin":36306,"position":5},"title":"Nuevas carreras universitarias en el Centro Universitario de Chascom\u00fas","author":"Alejandro Sosa Ruda","date":"30 octubre, 2024","format":false,"excerpt":"Las mismas tienen como destinatarios a docentes de escuelas t\u00e9cnicas de la Provincia de Buenos Aires. 30 de octubre de 2024 CHASCOM\u00daS -\u00a0 En el d\u00eda de ayer se present\u00f3 y dio inicio a la Diplomatura en Agrobiotecnolog\u00eda que se ofrece con instancias de presencialidad en el Instituto Tecnol\u00f3gico Chascom\u00fas\u2026","rel":"","context":"En \u00abINTERES GENERAL\u00bb","block_context":{"text":"INTERES GENERAL","link":"https:\/\/larevistadigital.com.ar\/blog\/category\/interes-general\/"},"img":{"alt_text":"","src":"https:\/\/i0.wp.com\/larevistadigital.com.ar\/blog\/wp-content\/uploads\/6722736e2b6c3.png?fit=668%2C445&ssl=1&resize=350%2C200","width":350,"height":200,"srcset":"https:\/\/i0.wp.com\/larevistadigital.com.ar\/blog\/wp-content\/uploads\/6722736e2b6c3.png?fit=668%2C445&ssl=1&resize=350%2C200 1x, https:\/\/i0.wp.com\/larevistadigital.com.ar\/blog\/wp-content\/uploads\/6722736e2b6c3.png?fit=668%2C445&ssl=1&resize=525%2C300 1.5x"},"classes":[]}],"_links":{"self":[{"href":"https:\/\/larevistadigital.com.ar\/blog\/wp-json\/wp\/v2\/posts\/36306","targetHints":{"allow":["GET"]}}],"collection":[{"href":"https:\/\/larevistadigital.com.ar\/blog\/wp-json\/wp\/v2\/posts"}],"about":[{"href":"https:\/\/larevistadigital.com.ar\/blog\/wp-json\/wp\/v2\/types\/post"}],"author":[{"embeddable":true,"href":"https:\/\/larevistadigital.com.ar\/blog\/wp-json\/wp\/v2\/users\/3"}],"replies":[{"embeddable":true,"href":"https:\/\/larevistadigital.com.ar\/blog\/wp-json\/wp\/v2\/comments?post=36306"}],"version-history":[{"count":1,"href":"https:\/\/larevistadigital.com.ar\/blog\/wp-json\/wp\/v2\/posts\/36306\/revisions"}],"predecessor-version":[{"id":36308,"href":"https:\/\/larevistadigital.com.ar\/blog\/wp-json\/wp\/v2\/posts\/36306\/revisions\/36308"}],"wp:featuredmedia":[{"embeddable":true,"href":"https:\/\/larevistadigital.com.ar\/blog\/wp-json\/wp\/v2\/media\/36307"}],"wp:attachment":[{"href":"https:\/\/larevistadigital.com.ar\/blog\/wp-json\/wp\/v2\/media?parent=36306"}],"wp:term":[{"taxonomy":"category","embeddable":true,"href":"https:\/\/larevistadigital.com.ar\/blog\/wp-json\/wp\/v2\/categories?post=36306"},{"taxonomy":"post_tag","embeddable":true,"href":"https:\/\/larevistadigital.com.ar\/blog\/wp-json\/wp\/v2\/tags?post=36306"}],"curies":[{"name":"wp","href":"https:\/\/api.w.org\/{rel}","templated":true}]}}