{"id":36309,"date":"2024-06-13T00:39:58","date_gmt":"2024-06-13T03:39:58","guid":{"rendered":"https:\/\/larevistadigital.com.ar\/blog\/?p=36309"},"modified":"2024-06-13T00:40:20","modified_gmt":"2024-06-13T03:40:20","slug":"quita-de-subsidios-a-los-servicios-publicos","status":"publish","type":"post","link":"https:\/\/larevistadigital.com.ar\/blog\/quita-de-subsidios-a-los-servicios-publicos\/","title":{"rendered":"QUITA DE SUBSIDIOS A LOS SERVICIOS P\u00daBLICOS"},"content":{"rendered":"<h2 class=\"notaIntro\"><em>En sesenta d\u00edas vence el plazo para la inscripci\u00f3n en el registro de segmentaci\u00f3n energ\u00e9tica.<\/em><\/h2>\n<p>13 de Junio de 2024<\/p>\n<p><strong>CHASCOM\u00daS &#8211;\u00a0<\/strong> Desde la oficina de OMIC informan que la Secretar\u00eda de Energ\u00eda de la Naci\u00f3n modific\u00f3 el Sistema de Subsidios a la energ\u00eda y el valor de consumo. Deber\u00e1n inscribirse en el registro de segmentaci\u00f3n energ\u00e9tica quienes a\u00fan no lo hayan hecho y quienes sean beneficiarios de tarifa social y\/o alg\u00fan programa provincial inscriptos de manera provisoria.<\/p>\n<p>Los interesados podr\u00e1n registrarse hasta el 5 de agosto del corriente, a trav\u00e9s de la p\u00e1gina web http:\/\/argentina.gob.ar\/subsidios o, acercarse a las oficinas de Dorrego 229, de lunes a viernes entre las 9 y las 12 hs. Para el tr\u00e1mite es necesario presentar la \u00faltima factura de gas y de luz, constancia de CUIT, DNI, constancia de ingresos de todo el grupo familiar conviviente, y direcci\u00f3n de correo electr\u00f3nico.<\/p>\n<p>Cabe destacar que quienes no cumplan con el registro dentro del plazo vigente, ingresar\u00e1n autom\u00e1ticamente a la categor\u00eda de ingresos altos.<br \/>\nLos usuarios registrados como \u201cN\u00b02 ingresos bajos\u201d mantendr\u00e1n un esquema de subsidio para aquellos consumos que no excedan los 350 Kmh\/mes (kilowatt hora mes). Pasado dicho consumo se abona tarifa plena.<br \/>\nLos usuarios registrados como \u201cN\u00b03 ingresos medios\u201d mantendr\u00e1n el subsidio para los primeros 250 Kmh\/mes de consumo. Todo consumo superior a ese rango abonar\u00e1 tarifa plena.<\/p>\n<p>En cuanto al servicio de gas los usuarios registrados como N\u00b02 obtendr\u00e1n una bonificaci\u00f3n del 64% y en lo que respecta a los usuarios registrados como N\u00b03 la bonificaci\u00f3n ser\u00e1 del 55% ambas sobre lo que consuma como excedente del consumo base 149m3 mensual. El excedente abona tarifa plena.<\/p>\n","protected":false},"excerpt":{"rendered":"<div class=\"mh-excerpt\"><p>En sesenta d\u00edas vence el plazo para la inscripci\u00f3n en el registro de segmentaci\u00f3n energ\u00e9tica. 13 de Junio de 2024 CHASCOM\u00daS &#8211;\u00a0 Desde la oficina de OMIC informan que la Secretar\u00eda de Energ\u00eda de la <a class=\"mh-excerpt-more\" href=\"https:\/\/larevistadigital.com.ar\/blog\/quita-de-subsidios-a-los-servicios-publicos\/\" title=\"QUITA DE SUBSIDIOS A LOS SERVICIOS P\u00daBLICOS\">[Leer M\u00e1s]<\/a><\/p>\n<\/div>","protected":false},"author":3,"featured_media":36310,"comment_status":"open","ping_status":"open","sticky":false,"template":"","format":"standard","meta":{"_jetpack_memberships_contains_paid_content":false,"footnotes":"","jetpack_publicize_message":"","jetpack_publicize_feature_enabled":true,"jetpack_social_post_already_shared":true,"jetpack_social_options":{"image_generator_settings":{"template":"highway","default_image_id":0,"font":"","enabled":false},"version":2}},"categories":[50,1],"tags":[],"class_list":{"0":"post-36309","1":"post","2":"type-post","3":"status-publish","4":"format-standard","5":"has-post-thumbnail","7":"category-interes-general","8":"category-sin-categoria"},"jetpack_publicize_connections":[],"jetpack_featured_media_url":"https:\/\/i0.wp.com\/larevistadigital.com.ar\/blog\/wp-content\/uploads\/2024_06_12_01_38_22_5964752.jpg?fit=600%2C400&ssl=1","jetpack_sharing_enabled":true,"jetpack_shortlink":"https:\/\/wp.me\/p8qtrQ-9rD","jetpack-related-posts":[{"id":37042,"url":"https:\/\/larevistadigital.com.ar\/blog\/chascomus-en-el-barrio-ipora-se-inscribira-en-el-registro-de-acceso-a-los-subsidios-de-energia\/","url_meta":{"origin":36309,"position":0},"title":"CHASCOM\u00daS: EN EL BARRIO IPOR\u00c1 SE INSCRIBIR\u00c1 EN EL REGISTRO DE ACCESO A LOS SUBSIDIOS DE ENERG\u00cdA","author":"Alejandro Sosa Ruda","date":"23 agosto, 2024","format":false,"excerpt":"Este s\u00e1bado de 9 a 12 horas, el equipo de Pol\u00edticas Comunitarias municipal realizar\u00e1 un operativo especial en el SUM barrial, ubicado en Sargento Cabral y Per\u00fa. 23 de Agosto de 2024 CHASCOM\u00daS -\u00a0 Este s\u00e1bado de 9 a 12 horas, el equipo de Pol\u00edticas Comunitarias municipal realizar\u00e1 un operativo\u2026","rel":"","context":"En \u00abCHASCOM\u00daS\u00bb","block_context":{"text":"CHASCOM\u00daS","link":"https:\/\/larevistadigital.com.ar\/blog\/category\/chascomus\/"},"img":{"alt_text":"","src":"https:\/\/i0.wp.com\/larevistadigital.com.ar\/blog\/wp-content\/uploads\/66c8c102be257.png?fit=668%2C445&ssl=1&resize=350%2C200","width":350,"height":200,"srcset":"https:\/\/i0.wp.com\/larevistadigital.com.ar\/blog\/wp-content\/uploads\/66c8c102be257.png?fit=668%2C445&ssl=1&resize=350%2C200 1x, https:\/\/i0.wp.com\/larevistadigital.com.ar\/blog\/wp-content\/uploads\/66c8c102be257.png?fit=668%2C445&ssl=1&resize=525%2C300 1.5x"},"classes":[]},{"id":30536,"url":"https:\/\/larevistadigital.com.ar\/blog\/continua-abierto-el-registro-para-mantener-el-subsidio-de-luz-y-gas\/","url_meta":{"origin":36309,"position":1},"title":"CONTIN\u00daA ABIERTO EL REGISTRO PARA MANTENER EL SUBSIDIO DE LUZ Y GAS","author":"Alejandro Sosa Ruda","date":"12 marzo, 2023","format":false,"excerpt":"Para completar el formulario de inscripci\u00f3n, el usuario deber\u00e1 tener a mano su factura de luz y gas y su DNI como requisitos m\u00ednimos. Ingresando a www.argentina.gob.ar\/subsidios el tr\u00e1mite demorar\u00e1 solo unos minutos. 11 de marzo de 2023 La Secretar\u00eda de Energ\u00eda de la Naci\u00f3n contin\u00faa con los operativos territoriales\u2026","rel":"","context":"En \u00abINTERES GENERAL\u00bb","block_context":{"text":"INTERES GENERAL","link":"https:\/\/larevistadigital.com.ar\/blog\/category\/interes-general\/"},"img":{"alt_text":"","src":"https:\/\/i0.wp.com\/larevistadigital.com.ar\/blog\/wp-content\/uploads\/20230311174013_tarifa-gas.jpg?fit=880%2C512&ssl=1&resize=350%2C200","width":350,"height":200,"srcset":"https:\/\/i0.wp.com\/larevistadigital.com.ar\/blog\/wp-content\/uploads\/20230311174013_tarifa-gas.jpg?fit=880%2C512&ssl=1&resize=350%2C200 1x, https:\/\/i0.wp.com\/larevistadigital.com.ar\/blog\/wp-content\/uploads\/20230311174013_tarifa-gas.jpg?fit=880%2C512&ssl=1&resize=525%2C300 1.5x, https:\/\/i0.wp.com\/larevistadigital.com.ar\/blog\/wp-content\/uploads\/20230311174013_tarifa-gas.jpg?fit=880%2C512&ssl=1&resize=700%2C400 2x"},"classes":[]},{"id":43504,"url":"https:\/\/larevistadigital.com.ar\/blog\/luz-y-gas-mas-caros-el-gobierno-ajusto-los-subsidios\/","url_meta":{"origin":36309,"position":2},"title":"Luz y gas m\u00e1s caros: el Gobierno ajust\u00f3 los subsidios","author":"Alejandro Sosa Ruda","date":"20 enero, 2026","format":false,"excerpt":"El Gobierno redefini\u00f3 nuevas reglas para los subsidios energ\u00e9ticos: hogares y pymes enfrentar\u00e1n tarifas m\u00e1s altas si no cumplen los criterios oficiales. 20 de enero de 2026 El Gobierno nacional avanz\u00f3 con la implementaci\u00f3n del Registro de Subsidios Energ\u00e9ticos Focalizados (ReSEF), el nuevo sistema que reemplaza la segmentaci\u00f3n tarifaria previa\u2026","rel":"","context":"En \u00abINTERES GENERAL\u00bb","block_context":{"text":"INTERES GENERAL","link":"https:\/\/larevistadigital.com.ar\/blog\/category\/interes-general\/"},"img":{"alt_text":"","src":"https:\/\/i0.wp.com\/larevistadigital.com.ar\/blog\/wp-content\/uploads\/Captura-de-pantalla-2026-01-20-194844.jpg?fit=782%2C452&ssl=1&resize=350%2C200","width":350,"height":200,"srcset":"https:\/\/i0.wp.com\/larevistadigital.com.ar\/blog\/wp-content\/uploads\/Captura-de-pantalla-2026-01-20-194844.jpg?fit=782%2C452&ssl=1&resize=350%2C200 1x, https:\/\/i0.wp.com\/larevistadigital.com.ar\/blog\/wp-content\/uploads\/Captura-de-pantalla-2026-01-20-194844.jpg?fit=782%2C452&ssl=1&resize=525%2C300 1.5x, https:\/\/i0.wp.com\/larevistadigital.com.ar\/blog\/wp-content\/uploads\/Captura-de-pantalla-2026-01-20-194844.jpg?fit=782%2C452&ssl=1&resize=700%2C400 2x"},"classes":[]},{"id":26032,"url":"https:\/\/larevistadigital.com.ar\/blog\/te-informamos-como-sera-el-tramite-obligatorio-para-mantener-el-subsidio-en-la-luz-y-el-gas\/","url_meta":{"origin":36309,"position":3},"title":"TE INFORMAMOS C\u00d3MO SER\u00c1 EL TR\u00c1MITE OBLIGATORIO PARA MANTENER EL SUBSIDIO EN LA LUZ Y EL GAS","author":"Alejandro Sosa Ruda","date":"22 junio, 2022","format":false,"excerpt":"El gobierno nacional busca habilitar esta semana el Registro de Acceso a los Subsidios a la Energ\u00eda (RASE). La inscripci\u00f3n no excluir\u00e1 a quienes reciben prestaciones sociales ni a jubilados y pensionados. El gobierno nacional busca habilitar esta semana el\u00a0Registro de Acceso a los Subsidios a la Energ\u00eda (RASE), en\u2026","rel":"","context":"En \u00abINTERES GENERAL\u00bb","block_context":{"text":"INTERES GENERAL","link":"https:\/\/larevistadigital.com.ar\/blog\/category\/interes-general\/"},"img":{"alt_text":"","src":"https:\/\/i0.wp.com\/larevistadigital.com.ar\/blog\/wp-content\/uploads\/d801ce80351230eb46b161a56db3ac181d821e7e.jpg?fit=1140%2C641&ssl=1&resize=350%2C200","width":350,"height":200,"srcset":"https:\/\/i0.wp.com\/larevistadigital.com.ar\/blog\/wp-content\/uploads\/d801ce80351230eb46b161a56db3ac181d821e7e.jpg?fit=1140%2C641&ssl=1&resize=350%2C200 1x, https:\/\/i0.wp.com\/larevistadigital.com.ar\/blog\/wp-content\/uploads\/d801ce80351230eb46b161a56db3ac181d821e7e.jpg?fit=1140%2C641&ssl=1&resize=525%2C300 1.5x, https:\/\/i0.wp.com\/larevistadigital.com.ar\/blog\/wp-content\/uploads\/d801ce80351230eb46b161a56db3ac181d821e7e.jpg?fit=1140%2C641&ssl=1&resize=700%2C400 2x, https:\/\/i0.wp.com\/larevistadigital.com.ar\/blog\/wp-content\/uploads\/d801ce80351230eb46b161a56db3ac181d821e7e.jpg?fit=1140%2C641&ssl=1&resize=1050%2C600 3x"},"classes":[]},{"id":26336,"url":"https:\/\/larevistadigital.com.ar\/blog\/el-chascomunense-santiago-lopez-osornio-renuncio-al-cargo-que-ejercia-en-el-equipo-de-guzman-en-el-gobierno-nacional\/","url_meta":{"origin":36309,"position":4},"title":"EL CHASCOMUNENSE SANTIAGO L\u00d3PEZ OSORNIO RENUNCI\u00d3 AL CARGO QUE EJERC\u00cdA EN EL EQUIPO DE GUZM\u00c1N EN EL GOBIERNO NACIONAL","author":"Alejandro Sosa Ruda","date":"5 julio, 2022","format":false,"excerpt":"Era el subsecretario de Planeamiento Estrat\u00e9gico de la secretar\u00eda de Energ\u00eda. Es la persona que dise\u00f1\u00f3 el esquema y el formulario del Registro de Acceso a los Subsidios a la Energ\u00eda (RASE) que no se implement\u00f3 hasta el momento. Luego de la renuncia de Mart\u00edn Guzm\u00e1n al Ministerio de Econom\u00eda\u2026","rel":"","context":"En \u00abECONOMIA\u00bb","block_context":{"text":"ECONOMIA","link":"https:\/\/larevistadigital.com.ar\/blog\/category\/economia\/"},"img":{"alt_text":"","src":"https:\/\/i0.wp.com\/larevistadigital.com.ar\/blog\/wp-content\/uploads\/LOPEZ-OSORNIO.png?fit=702%2C393&ssl=1&resize=350%2C200","width":350,"height":200,"srcset":"https:\/\/i0.wp.com\/larevistadigital.com.ar\/blog\/wp-content\/uploads\/LOPEZ-OSORNIO.png?fit=702%2C393&ssl=1&resize=350%2C200 1x, https:\/\/i0.wp.com\/larevistadigital.com.ar\/blog\/wp-content\/uploads\/LOPEZ-OSORNIO.png?fit=702%2C393&ssl=1&resize=525%2C300 1.5x, https:\/\/i0.wp.com\/larevistadigital.com.ar\/blog\/wp-content\/uploads\/LOPEZ-OSORNIO.png?fit=702%2C393&ssl=1&resize=700%2C400 2x"},"classes":[]},{"id":36244,"url":"https:\/\/larevistadigital.com.ar\/blog\/de-terror-con-la-quita-de-los-subsidios-la-luz-y-el-gas-aumentarian-mas-de-un-150\/","url_meta":{"origin":36309,"position":5},"title":"DE TERROR: CON LA QUITA DE LOS SUBSIDIOS LA LUZ Y EL GAS AUMENTAR\u00cdAN M\u00c1S DE UN 150%","author":"Alejandro Sosa Ruda","date":"5 junio, 2024","format":false,"excerpt":"El Gobierno de Javier Milei oficializ\u00f3 este mi\u00e9rcoles los detalles de la quita de subsidios a las tarifas de energ\u00eda que comenzar\u00e1 a regir en junio como parte de la transici\u00f3n hacia un nuevo esquema de asistencia. Todos los usuarios, pero sobre todo los residenciales de ingresos medios y bajos,\u2026","rel":"","context":"En \u00abINTERES GENERAL\u00bb","block_context":{"text":"INTERES GENERAL","link":"https:\/\/larevistadigital.com.ar\/blog\/category\/interes-general\/"},"img":{"alt_text":"","src":"https:\/\/i0.wp.com\/larevistadigital.com.ar\/blog\/wp-content\/uploads\/20240605175338_subsidios-tarifas-gas-luz.jpg?fit=880%2C512&ssl=1&resize=350%2C200","width":350,"height":200,"srcset":"https:\/\/i0.wp.com\/larevistadigital.com.ar\/blog\/wp-content\/uploads\/20240605175338_subsidios-tarifas-gas-luz.jpg?fit=880%2C512&ssl=1&resize=350%2C200 1x, https:\/\/i0.wp.com\/larevistadigital.com.ar\/blog\/wp-content\/uploads\/20240605175338_subsidios-tarifas-gas-luz.jpg?fit=880%2C512&ssl=1&resize=525%2C300 1.5x, https:\/\/i0.wp.com\/larevistadigital.com.ar\/blog\/wp-content\/uploads\/20240605175338_subsidios-tarifas-gas-luz.jpg?fit=880%2C512&ssl=1&resize=700%2C400 2x"},"classes":[]}],"_links":{"self":[{"href":"https:\/\/larevistadigital.com.ar\/blog\/wp-json\/wp\/v2\/posts\/36309","targetHints":{"allow":["GET"]}}],"collection":[{"href":"https:\/\/larevistadigital.com.ar\/blog\/wp-json\/wp\/v2\/posts"}],"about":[{"href":"https:\/\/larevistadigital.com.ar\/blog\/wp-json\/wp\/v2\/types\/post"}],"author":[{"embeddable":true,"href":"https:\/\/larevistadigital.com.ar\/blog\/wp-json\/wp\/v2\/users\/3"}],"replies":[{"embeddable":true,"href":"https:\/\/larevistadigital.com.ar\/blog\/wp-json\/wp\/v2\/comments?post=36309"}],"version-history":[{"count":1,"href":"https:\/\/larevistadigital.com.ar\/blog\/wp-json\/wp\/v2\/posts\/36309\/revisions"}],"predecessor-version":[{"id":36311,"href":"https:\/\/larevistadigital.com.ar\/blog\/wp-json\/wp\/v2\/posts\/36309\/revisions\/36311"}],"wp:featuredmedia":[{"embeddable":true,"href":"https:\/\/larevistadigital.com.ar\/blog\/wp-json\/wp\/v2\/media\/36310"}],"wp:attachment":[{"href":"https:\/\/larevistadigital.com.ar\/blog\/wp-json\/wp\/v2\/media?parent=36309"}],"wp:term":[{"taxonomy":"category","embeddable":true,"href":"https:\/\/larevistadigital.com.ar\/blog\/wp-json\/wp\/v2\/categories?post=36309"},{"taxonomy":"post_tag","embeddable":true,"href":"https:\/\/larevistadigital.com.ar\/blog\/wp-json\/wp\/v2\/tags?post=36309"}],"curies":[{"name":"wp","href":"https:\/\/api.w.org\/{rel}","templated":true}]}}