{"id":36312,"date":"2024-06-13T00:49:51","date_gmt":"2024-06-13T03:49:51","guid":{"rendered":"https:\/\/larevistadigital.com.ar\/blog\/?p=36312"},"modified":"2024-06-17T11:19:58","modified_gmt":"2024-06-17T14:19:58","slug":"avier-gaston-firmo-el-petitorio-presentado-ayer-en-el-ministerio-de-economia","status":"publish","type":"post","link":"https:\/\/larevistadigital.com.ar\/blog\/avier-gaston-firmo-el-petitorio-presentado-ayer-en-el-ministerio-de-economia\/","title":{"rendered":"JAVIER GAST\u00d3N FIRM\u00d3 EL PETITORIO PRESENTADO AYER EN EL MINISTERIO DE ECONOM\u00cdA"},"content":{"rendered":"<h2 class=\"notaIntro\">El intendente asegur\u00f3 que: <em>\u201cqueremos que los recursos que aportan los chascomunenses vuelvan en obras y en fondos para llevar adelante distintos programas de trabajo con nuestra comunidad\u201d<\/em><\/h2>\n<p>13 de junio de 2024<\/p>\n<p class=\"notaTexto\"><strong>BUENOS AIRES &#8211;\u00a0<\/strong> El intendente Chascomunense, <strong>Javier Gast\u00f3n<\/strong> integr\u00f3 la comitiva bonaerense encabezada por los ministros<strong> Carlos Bianco y Gabriel Katopodis<\/strong>, que en representaci\u00f3n del gobernador <strong>Axel Kicillof<\/strong>, ayer present\u00f3 un petitorio en reclamo de la restituci\u00f3n de los fondos adeudados a la provincia por el gobierno nacional. El documento cont\u00f3 con la firma de mandatarios comunales pertenecientes a distintos distritos de la provincia de Buenos Aires, que se ven afectados por los recortes.<\/p>\n<p class=\"notaTexto\"><em><strong>\u201cEste petitorio es un paso m\u00e1s que damos tras no haber recibido ninguna respuesta ante los m\u00faltiples reclamos realizados por los fondos que el Gobierno nacional le quit\u00f3 ilegalmente a nuestra provincia\u201d<\/strong><\/em>, afirm\u00f3 <strong>Kicillof<\/strong> en la conferencia de prensa que encabez\u00f3 en la Casa de la Provincia de la Ciudad de Buenos Aires, junto a la vicegobernadora <strong>Ver\u00f3nica<\/strong> <strong>Magario<\/strong>, integrantes del gabinete provincial e intendentes bonaerenses.<\/p>\n<p class=\"notaTexto\">La deuda total que acumula la Naci\u00f3n asciende a m\u00e1s de $6 billones y comprende transferencias de ANSES a la caja provincial, del Fondo de Fortalecimiento Fiscal Municipal, de Incentivo Docente (FONID) y de Compensaci\u00f3n del Transporte P\u00fablico de Pasajeros. Adem\u00e1s, incluye saldos de obras de infraestructura comprometidas; retrasos o discontinuidad de programas como FINES, Conectar Igualdad y Potenciar Trabajo; y otras deudas vinculadas al Servicio Alimentario Escolar (SAE) y el M\u00f3dulo Extraordinario para la Seguridad Alimentaria (MESA).<\/p>\n<p class=\"notaTexto\">Estos fondos son distribuidos por el gobierno provincial a los municipios y son utilizados mayoritariamente para la financiaci\u00f3n de obras p\u00fablicas. Al finalizar el encuentro, Gast\u00f3n afirm\u00f3 que: \u201cson fondos que se utilizan en la construcci\u00f3n de cloacas, viviendas, escuelas, pavimentos. Obras que tienen que ver con la construcci\u00f3n de una ciudad con mejores condiciones de accesibilidad para todos los vecinos y con la reducci\u00f3n de las brechas existentes entre los distintos barrios\u201d.<\/p>\n","protected":false},"excerpt":{"rendered":"<div class=\"mh-excerpt\"><p>El intendente asegur\u00f3 que: \u201cqueremos que los recursos que aportan los chascomunenses vuelvan en obras y en fondos para llevar adelante distintos programas de trabajo con nuestra comunidad\u201d 13 de junio de 2024 BUENOS AIRES <a class=\"mh-excerpt-more\" href=\"https:\/\/larevistadigital.com.ar\/blog\/avier-gaston-firmo-el-petitorio-presentado-ayer-en-el-ministerio-de-economia\/\" title=\"JAVIER GAST\u00d3N FIRM\u00d3 EL PETITORIO PRESENTADO AYER EN EL MINISTERIO DE ECONOM\u00cdA\">[Leer M\u00e1s]<\/a><\/p>\n<\/div>","protected":false},"author":3,"featured_media":36313,"comment_status":"open","ping_status":"open","sticky":false,"template":"","format":"standard","meta":{"_jetpack_memberships_contains_paid_content":false,"footnotes":"","jetpack_publicize_message":"","jetpack_publicize_feature_enabled":true,"jetpack_social_post_already_shared":true,"jetpack_social_options":{"image_generator_settings":{"template":"highway","default_image_id":0,"font":"","enabled":false},"version":2}},"categories":[12,51],"tags":[],"class_list":{"0":"post-36312","1":"post","2":"type-post","3":"status-publish","4":"format-standard","5":"has-post-thumbnail","7":"category-politica","8":"category-regionales"},"jetpack_publicize_connections":[],"jetpack_featured_media_url":"https:\/\/i0.wp.com\/larevistadigital.com.ar\/blog\/wp-content\/uploads\/2024_06_13_02_18_40_4400679.jpg?fit=600%2C400&ssl=1","jetpack_sharing_enabled":true,"jetpack_shortlink":"https:\/\/wp.me\/p8qtrQ-9rG","jetpack-related-posts":[{"id":6984,"url":"https:\/\/larevistadigital.com.ar\/blog\/chascomus-los-comerciantes-de-libres-del-sur-se-reunieron-de-urgencia-y-presentaran-un-petitorio-al-intendente\/","url_meta":{"origin":36312,"position":0},"title":"CHASCOM\u00daS: LOS COMERCIANTES DE LIBRES DEL SUR SE REUNIERON DE URGENCIA Y PRESENTAR\u00c1N UN PETITORIO AL INTENDENTE","author":"Alejandro Sosa Ruda","date":"30 octubre, 2018","format":false,"excerpt":"LA MAYOR\u00cdA DE LOS COMERCIANTES PROPIETARIOS Y RENTISTAS DE LIBRES DEL SUR, NO EST\u00c1N DISPUESTOS A ACCEDER A PAGAR EN ESTE DIF\u00cdCIL MOMENTO POR UNA OBRA QUE NO ES PRIORITARIA, Y QUE SE HA TORNADO EN UN CAPRICHO DEL EJECUTIVO LOCAL. Los comerciantes del \"Centro de Chascom\u00fas\", espec\u00edficamente los que\u2026","rel":"","context":"En \u00abDESTACADAS\u00bb","block_context":{"text":"DESTACADAS","link":"https:\/\/larevistadigital.com.ar\/blog\/category\/destacadas\/"},"img":{"alt_text":"","src":"https:\/\/i0.wp.com\/larevistadigital.com.ar\/blog\/wp-content\/uploads\/2018\/10\/WhatsApp-Image-2018-10-29-at-22.11.jpg?fit=1200%2C583&ssl=1&resize=350%2C200","width":350,"height":200,"srcset":"https:\/\/i0.wp.com\/larevistadigital.com.ar\/blog\/wp-content\/uploads\/2018\/10\/WhatsApp-Image-2018-10-29-at-22.11.jpg?fit=1200%2C583&ssl=1&resize=350%2C200 1x, https:\/\/i0.wp.com\/larevistadigital.com.ar\/blog\/wp-content\/uploads\/2018\/10\/WhatsApp-Image-2018-10-29-at-22.11.jpg?fit=1200%2C583&ssl=1&resize=525%2C300 1.5x, https:\/\/i0.wp.com\/larevistadigital.com.ar\/blog\/wp-content\/uploads\/2018\/10\/WhatsApp-Image-2018-10-29-at-22.11.jpg?fit=1200%2C583&ssl=1&resize=700%2C400 2x, https:\/\/i0.wp.com\/larevistadigital.com.ar\/blog\/wp-content\/uploads\/2018\/10\/WhatsApp-Image-2018-10-29-at-22.11.jpg?fit=1200%2C583&ssl=1&resize=1050%2C600 3x"},"classes":[]},{"id":15773,"url":"https:\/\/larevistadigital.com.ar\/blog\/gaston-anuncio-que-chascomus-pasa-a-fase-5\/","url_meta":{"origin":36312,"position":1},"title":"GAST\u00d3N ANUNCI\u00d3 QUE CHASCOM\u00daS PASA A FASE 5","author":"Alejandro Sosa Ruda","date":"22 junio, 2020","format":false,"excerpt":"El intendente de Chascom\u00fas, Javier Gast\u00f3n inform\u00f3 que la Provincia de Buenos Aires autoriz\u00f3 a Chascom\u00fas a ingresar a la fase 5 de la cuarentena, lo que permitir\u00e1 ceder un poco en las restricciones de la cuarentena. Asimismo, dijo que estar\u00e1n enviando informaci\u00f3n acerca de los alcances de esta nueva\u2026","rel":"","context":"En \u00abDESTACADAS\u00bb","block_context":{"text":"DESTACADAS","link":"https:\/\/larevistadigital.com.ar\/blog\/category\/destacadas\/"},"img":{"alt_text":"","src":"https:\/\/i0.wp.com\/larevistadigital.com.ar\/blog\/wp-content\/uploads\/gaston_javier.jpg?fit=1200%2C665&ssl=1&resize=350%2C200","width":350,"height":200,"srcset":"https:\/\/i0.wp.com\/larevistadigital.com.ar\/blog\/wp-content\/uploads\/gaston_javier.jpg?fit=1200%2C665&ssl=1&resize=350%2C200 1x, https:\/\/i0.wp.com\/larevistadigital.com.ar\/blog\/wp-content\/uploads\/gaston_javier.jpg?fit=1200%2C665&ssl=1&resize=525%2C300 1.5x, https:\/\/i0.wp.com\/larevistadigital.com.ar\/blog\/wp-content\/uploads\/gaston_javier.jpg?fit=1200%2C665&ssl=1&resize=700%2C400 2x, https:\/\/i0.wp.com\/larevistadigital.com.ar\/blog\/wp-content\/uploads\/gaston_javier.jpg?fit=1200%2C665&ssl=1&resize=1050%2C600 3x"},"classes":[]},{"id":27457,"url":"https:\/\/larevistadigital.com.ar\/blog\/chascomus-por-gestiones-del-diputado-jose-ignacio-cote-rossi-javier-gaston-firmo-un-convenio-con-medio-ambiente-pba\/","url_meta":{"origin":36312,"position":2},"title":"CHASCOM\u00daS: POR GESTIONES DEL DIPUTADO JOS\u00c9 IGNACIO \u00abCOTE\u00bb ROSSI, JAVIER GAST\u00d3N FIRM\u00d3 UN CONVENIO CON MEDIO AMBIENTE PBA","author":"Alejandro Sosa Ruda","date":"1 septiembre, 2022","format":false,"excerpt":"Se firm\u00f3 con la Ministra de Ambiente de la Provincia de Buenos Aires, Daniela Vilar. Los alcances. CHASCOM\u00daS -\u00a0 Por gestiones del diputado Jos\u00e9 Ignacio \"Cote\" Rossi, se firm\u00f3 un importante convenio entre la Ministro de Ambiente de la Provincia de Buenos Aires, Daniela Vilar y el intendente chascomunense Javier\u2026","rel":"","context":"En \u00abINTERES GENERAL\u00bb","block_context":{"text":"INTERES GENERAL","link":"https:\/\/larevistadigital.com.ar\/blog\/category\/interes-general\/"},"img":{"alt_text":"","src":"https:\/\/i0.wp.com\/larevistadigital.com.ar\/blog\/wp-content\/uploads\/304693538_503419148261624_5646517410135872841_n.jpg?fit=710%2C462&ssl=1&resize=350%2C200","width":350,"height":200,"srcset":"https:\/\/i0.wp.com\/larevistadigital.com.ar\/blog\/wp-content\/uploads\/304693538_503419148261624_5646517410135872841_n.jpg?fit=710%2C462&ssl=1&resize=350%2C200 1x, https:\/\/i0.wp.com\/larevistadigital.com.ar\/blog\/wp-content\/uploads\/304693538_503419148261624_5646517410135872841_n.jpg?fit=710%2C462&ssl=1&resize=525%2C300 1.5x, https:\/\/i0.wp.com\/larevistadigital.com.ar\/blog\/wp-content\/uploads\/304693538_503419148261624_5646517410135872841_n.jpg?fit=710%2C462&ssl=1&resize=700%2C400 2x"},"classes":[]},{"id":21615,"url":"https:\/\/larevistadigital.com.ar\/blog\/chascomus-de-la-mano-de-beatriz-de-leon-y-su-gente-ayer-se-realizo-el-banderazo-en-defensa-de-los-humedales\/","url_meta":{"origin":36312,"position":3},"title":"CHASCOM\u00daS: DE LA MANO DE BEATRIZ DE LE\u00d3N Y SU GENTE AYER SE REALIZ\u00d3 EL \u00abBANDERAZO\u00bb EN DEFENSA DE LOS HUMEDALES","author":"Alejandro Sosa Ruda","date":"19 agosto, 2021","format":false,"excerpt":"CHASCOM\u00daS - Como estaba previsto, durante la jornada de ayer se realiz\u00f3 el \"banderazo y junta de firmas\" en defensa de los \"humedales\", algo que se replic\u00f3 en distintos puntos del pa\u00eds, y que en Chascom\u00fas tiene alta vigencia, entre otras cosas por la intenci\u00f3n del gobierno local que encabeza\u2026","rel":"","context":"En \u00abDESTACADAS\u00bb","block_context":{"text":"DESTACADAS","link":"https:\/\/larevistadigital.com.ar\/blog\/category\/destacadas\/"},"img":{"alt_text":"","src":"https:\/\/i0.wp.com\/larevistadigital.com.ar\/blog\/wp-content\/uploads\/WhatsApp-Image-2021-08-18-at-20.52.42-e1629378221827.jpeg?fit=720%2C790&ssl=1&resize=350%2C200","width":350,"height":200,"srcset":"https:\/\/i0.wp.com\/larevistadigital.com.ar\/blog\/wp-content\/uploads\/WhatsApp-Image-2021-08-18-at-20.52.42-e1629378221827.jpeg?fit=720%2C790&ssl=1&resize=350%2C200 1x, https:\/\/i0.wp.com\/larevistadigital.com.ar\/blog\/wp-content\/uploads\/WhatsApp-Image-2021-08-18-at-20.52.42-e1629378221827.jpeg?fit=720%2C790&ssl=1&resize=525%2C300 1.5x, https:\/\/i0.wp.com\/larevistadigital.com.ar\/blog\/wp-content\/uploads\/WhatsApp-Image-2021-08-18-at-20.52.42-e1629378221827.jpeg?fit=720%2C790&ssl=1&resize=700%2C400 2x"},"classes":[]},{"id":44738,"url":"https:\/\/larevistadigital.com.ar\/blog\/chascomus-javier-gaston-y-directivos-de-aubasa-recorrieron-comercios-y-empresas-locales\/","url_meta":{"origin":36312,"position":4},"title":"Chascom\u00fas: Javier Gast\u00f3n y directivos de AUBASA recorrieron comercios y empresas locales","author":"Alejandro Sosa Ruda","date":"26 marzo, 2026","format":false,"excerpt":"El presidente de la concesionaria, Jos\u00e9 Arteaga, visit\u00f3 la ciudad en el marco de una recorrida por la Autov\u00eda 2. 26 de marzo de 2026 CHASCOM\u00daS -\u00a0 \u00a0El intendente Javier Gast\u00f3n recibi\u00f3 al presidente de Autopistas de Buenos Aires S.A. (AUBASA), Jos\u00e9 Arteaga, quien visit\u00f3 la ciudad como parte de\u2026","rel":"","context":"En \u00abCHASCOM\u00daS\u00bb","block_context":{"text":"CHASCOM\u00daS","link":"https:\/\/larevistadigital.com.ar\/blog\/category\/chascomus\/"},"img":{"alt_text":"","src":"https:\/\/i0.wp.com\/larevistadigital.com.ar\/blog\/wp-content\/uploads\/69c572d65ed99.png?fit=668%2C445&ssl=1&resize=350%2C200","width":350,"height":200,"srcset":"https:\/\/i0.wp.com\/larevistadigital.com.ar\/blog\/wp-content\/uploads\/69c572d65ed99.png?fit=668%2C445&ssl=1&resize=350%2C200 1x, https:\/\/i0.wp.com\/larevistadigital.com.ar\/blog\/wp-content\/uploads\/69c572d65ed99.png?fit=668%2C445&ssl=1&resize=525%2C300 1.5x"},"classes":[]},{"id":37651,"url":"https:\/\/larevistadigital.com.ar\/blog\/nuevas-carreras-universitarias-en-el-centro-universitario-de-chascomus\/","url_meta":{"origin":36312,"position":5},"title":"Nuevas carreras universitarias en el Centro Universitario de Chascom\u00fas","author":"Alejandro Sosa Ruda","date":"30 octubre, 2024","format":false,"excerpt":"Las mismas tienen como destinatarios a docentes de escuelas t\u00e9cnicas de la Provincia de Buenos Aires. 30 de octubre de 2024 CHASCOM\u00daS -\u00a0 En el d\u00eda de ayer se present\u00f3 y dio inicio a la Diplomatura en Agrobiotecnolog\u00eda que se ofrece con instancias de presencialidad en el Instituto Tecnol\u00f3gico Chascom\u00fas\u2026","rel":"","context":"En \u00abINTERES GENERAL\u00bb","block_context":{"text":"INTERES GENERAL","link":"https:\/\/larevistadigital.com.ar\/blog\/category\/interes-general\/"},"img":{"alt_text":"","src":"https:\/\/i0.wp.com\/larevistadigital.com.ar\/blog\/wp-content\/uploads\/6722736e2b6c3.png?fit=668%2C445&ssl=1&resize=350%2C200","width":350,"height":200,"srcset":"https:\/\/i0.wp.com\/larevistadigital.com.ar\/blog\/wp-content\/uploads\/6722736e2b6c3.png?fit=668%2C445&ssl=1&resize=350%2C200 1x, https:\/\/i0.wp.com\/larevistadigital.com.ar\/blog\/wp-content\/uploads\/6722736e2b6c3.png?fit=668%2C445&ssl=1&resize=525%2C300 1.5x"},"classes":[]}],"_links":{"self":[{"href":"https:\/\/larevistadigital.com.ar\/blog\/wp-json\/wp\/v2\/posts\/36312","targetHints":{"allow":["GET"]}}],"collection":[{"href":"https:\/\/larevistadigital.com.ar\/blog\/wp-json\/wp\/v2\/posts"}],"about":[{"href":"https:\/\/larevistadigital.com.ar\/blog\/wp-json\/wp\/v2\/types\/post"}],"author":[{"embeddable":true,"href":"https:\/\/larevistadigital.com.ar\/blog\/wp-json\/wp\/v2\/users\/3"}],"replies":[{"embeddable":true,"href":"https:\/\/larevistadigital.com.ar\/blog\/wp-json\/wp\/v2\/comments?post=36312"}],"version-history":[{"count":2,"href":"https:\/\/larevistadigital.com.ar\/blog\/wp-json\/wp\/v2\/posts\/36312\/revisions"}],"predecessor-version":[{"id":36343,"href":"https:\/\/larevistadigital.com.ar\/blog\/wp-json\/wp\/v2\/posts\/36312\/revisions\/36343"}],"wp:featuredmedia":[{"embeddable":true,"href":"https:\/\/larevistadigital.com.ar\/blog\/wp-json\/wp\/v2\/media\/36313"}],"wp:attachment":[{"href":"https:\/\/larevistadigital.com.ar\/blog\/wp-json\/wp\/v2\/media?parent=36312"}],"wp:term":[{"taxonomy":"category","embeddable":true,"href":"https:\/\/larevistadigital.com.ar\/blog\/wp-json\/wp\/v2\/categories?post=36312"},{"taxonomy":"post_tag","embeddable":true,"href":"https:\/\/larevistadigital.com.ar\/blog\/wp-json\/wp\/v2\/tags?post=36312"}],"curies":[{"name":"wp","href":"https:\/\/api.w.org\/{rel}","templated":true}]}}