{"id":36317,"date":"2024-06-15T00:29:15","date_gmt":"2024-06-15T03:29:15","guid":{"rendered":"https:\/\/larevistadigital.com.ar\/blog\/?p=36317"},"modified":"2024-06-15T00:29:38","modified_gmt":"2024-06-15T03:29:38","slug":"la-factura-del-servicio-de-electricidad-del-hospital-municipal-paso-de-17-a-casi-6-millones-de-pesos","status":"publish","type":"post","link":"https:\/\/larevistadigital.com.ar\/blog\/la-factura-del-servicio-de-electricidad-del-hospital-municipal-paso-de-17-a-casi-6-millones-de-pesos\/","title":{"rendered":"LA FACTURA DEL SERVICIO DE ELECTRICIDAD DEL HOSPITAL MUNICIPAL PAS\u00d3 DE 1,7 A CASI 6 MILLONES DE PESOS"},"content":{"rendered":"<h2 class=\"notaIntro\">La Municipalidad de Chascom\u00fas enfrenta serios desaf\u00edos por el impacto de la suba en las tarifas de electricidad y gas natural, lo que afecta gravemente a la salud p\u00fablica y a otros servicios cr\u00edticos.<\/h2>\n<p>15 de Junio de 2024<\/p>\n<p class=\"notaTexto\"><strong>CHASCOM\u00daS &#8211;\u00a0<\/strong> El secretario de Hacienda, <strong>Juan Facundo Alfons\u00edn<\/strong>, expres\u00f3 su preocupaci\u00f3n por esta situaci\u00f3n, destacando que <em><strong>\u201cla municipalidad no escapa a la realidad de los comercios y la industria que tambi\u00e9n sufrieron aumentos, especialmente en el costo de la energ\u00eda el\u00e9ctrica\u201d.<\/strong><\/em><\/p>\n<blockquote>\n<h3 class=\"notaTexto\">El funcionario explic\u00f3 que esta situaci\u00f3n afecta de manera especial al establecimiento de atenci\u00f3n de la salud, cuya factura de electricidad aument\u00f3 de $1.700.000 a casi 6 millones de pesos.<\/h3>\n<\/blockquote>\n<p class=\"notaTexto\">La salud p\u00fablica tambi\u00e9n se ve afectada por el importante aumento en medicamentos. <strong><em>\u201cEl costo pas\u00f3 de tres millones en noviembre de 2023 a 20 millones el mes pasado, y se espera que el pr\u00f3ximo pedido alcance los 40 millones. Esto se debe en parte a que el hospital debe atender a personas sin obra social, a los que se suman vecinos que se ven afectados por las restricciones en las coberturas de los servicios m\u00e9dicos\u201d<\/em><\/strong>, detall\u00f3.<\/p>\n<blockquote>\n<h3 class=\"notaTexto\">Ante esta realidad, el gobierno municipal est\u00e1 trabajando en mejorar la eficiencia de otros servicios y se acompa\u00f1an propuestas para lograr tarifas diferenciadas.<\/h3>\n<\/blockquote>\n<p class=\"notaTexto\">Desde el Concejo Deliberante se convoc\u00f3 a una audiencia p\u00fablica para discutir esta problem\u00e1tica, pero las decisiones nacionales contin\u00faan impactando negativamente en la gesti\u00f3n local. Alfons\u00edn subray\u00f3 que<em><strong> \u201ctrabajamos en conjunto con la provincia para prever y gestionar estos desaf\u00edos, pero los pron\u00f3sticos para los pr\u00f3ximos meses no son alentadores\u201d.<\/strong><\/em><\/p>\n<p class=\"notaTexto\">Asimismo, indic\u00f3 que tambi\u00e9n se enfrentan costos elevados en otros servicios esenciales, como el alumbrado p\u00fablico y los sistemas de bombeo de agua y cloacas, que requieren un alto consumo de energ\u00eda: <strong><em>\u201cEn promedio, desde 2016, el consumo anual de energ\u00eda se ha mantenido en alrededor de 7.9 millones de kilowatts, gracias a la eficiencia en la iluminaci\u00f3n y otros sistemas, pero las tarifas subieron de manera exponencial\u201d<\/em><\/strong>, se\u00f1al\u00f3.<\/p>\n","protected":false},"excerpt":{"rendered":"<div class=\"mh-excerpt\"><p>La Municipalidad de Chascom\u00fas enfrenta serios desaf\u00edos por el impacto de la suba en las tarifas de electricidad y gas natural, lo que afecta gravemente a la salud p\u00fablica y a otros servicios cr\u00edticos. 15 <a class=\"mh-excerpt-more\" href=\"https:\/\/larevistadigital.com.ar\/blog\/la-factura-del-servicio-de-electricidad-del-hospital-municipal-paso-de-17-a-casi-6-millones-de-pesos\/\" title=\"LA FACTURA DEL SERVICIO DE ELECTRICIDAD DEL HOSPITAL MUNICIPAL PAS\u00d3 DE 1,7 A CASI 6 MILLONES DE PESOS\">[Leer M\u00e1s]<\/a><\/p>\n<\/div>","protected":false},"author":3,"featured_media":36318,"comment_status":"open","ping_status":"open","sticky":false,"template":"","format":"standard","meta":{"_jetpack_memberships_contains_paid_content":false,"footnotes":"","jetpack_publicize_message":"","jetpack_publicize_feature_enabled":true,"jetpack_social_post_already_shared":true,"jetpack_social_options":{"image_generator_settings":{"template":"highway","default_image_id":0,"font":"","enabled":false},"version":2}},"categories":[6],"tags":[],"class_list":{"0":"post-36317","1":"post","2":"type-post","3":"status-publish","4":"format-standard","5":"has-post-thumbnail","7":"category-chascomus"},"jetpack_publicize_connections":[],"jetpack_featured_media_url":"https:\/\/i0.wp.com\/larevistadigital.com.ar\/blog\/wp-content\/uploads\/2024_06_15_02_05_50_3069201.jpg?fit=600%2C400&ssl=1","jetpack_sharing_enabled":true,"jetpack_shortlink":"https:\/\/wp.me\/p8qtrQ-9rL","jetpack-related-posts":[{"id":33591,"url":"https:\/\/larevistadigital.com.ar\/blog\/con-el-aporte-del-gobernador-kicillof-se-inyectaran-mas-de-50-millones-de-pesos-con-el-pago-del-bono-a-los-trabajadores-municipales\/","url_meta":{"origin":36317,"position":0},"title":"CON EL APORTE DEL GOBERNADOR KICILLOF, SE INYECTAR\u00c1N  M\u00c1S DE 50 MILLONES DE PESOS CON EL PAGO DEL BONO A LOS TRABAJADORES MUNICIPALES","author":"Alejandro Sosa Ruda","date":"25 septiembre, 2023","format":false,"excerpt":"Es para abonar el bono de 60 mil pesos que gener\u00f3 el ministro de econom\u00eda Sergio Massa. 25 de Septiembre de 2023 CHASCOM\u00daS -\u00a0 Con este pago, ingresaron 57 millones de pesos al circuito comercial, lo que implica un importante impulso a la econom\u00eda local en esta etapa. La Municipalidad\u2026","rel":"","context":"En \u00abCHASCOM\u00daS\u00bb","block_context":{"text":"CHASCOM\u00daS","link":"https:\/\/larevistadigital.com.ar\/blog\/category\/chascomus\/"},"img":{"alt_text":"","src":"https:\/\/i0.wp.com\/larevistadigital.com.ar\/blog\/wp-content\/uploads\/bono-de-60-mil.jpg?fit=960%2C640&ssl=1&resize=350%2C200","width":350,"height":200,"srcset":"https:\/\/i0.wp.com\/larevistadigital.com.ar\/blog\/wp-content\/uploads\/bono-de-60-mil.jpg?fit=960%2C640&ssl=1&resize=350%2C200 1x, https:\/\/i0.wp.com\/larevistadigital.com.ar\/blog\/wp-content\/uploads\/bono-de-60-mil.jpg?fit=960%2C640&ssl=1&resize=525%2C300 1.5x, https:\/\/i0.wp.com\/larevistadigital.com.ar\/blog\/wp-content\/uploads\/bono-de-60-mil.jpg?fit=960%2C640&ssl=1&resize=700%2C400 2x"},"classes":[]},{"id":6223,"url":"https:\/\/larevistadigital.com.ar\/blog\/javier-gaston-con-los-recortes-del-gobierno-en-chascomus-perdimos-casi-10-millones-de-pesos\/","url_meta":{"origin":36317,"position":1},"title":"JAVIER GAST\u00d3N: \u201cCON LOS RECORTES DEL GOBIERNO EN CHASCOM\u00daS PERDIMOS CASI $10 MILLONES DE PESOS\u201d","author":"Alejandro Sosa Ruda","date":"16 agosto, 2018","format":false,"excerpt":"El Intendente municipal de Chascom\u00fas se refiri\u00f3 al desfinanciamiento realizado por el gobierno nacional con el recorte del Fondo Sojero, que afecta a m\u00e1s de 2200 municipios en todo el pa\u00eds, sumado al 14% del Fondo Educativo realizado a comienzos de a\u00f1o. \u201cEs lamentablemente la decisi\u00f3n del gobierno nacional que\u2026","rel":"","context":"En \u00abPOLITICA\u00bb","block_context":{"text":"POLITICA","link":"https:\/\/larevistadigital.com.ar\/blog\/category\/politica\/"},"img":{"alt_text":"","src":"https:\/\/i0.wp.com\/larevistadigital.com.ar\/blog\/wp-content\/uploads\/2018\/08\/39261438_2018645291489679_6313714590702108672_n.jpg?fit=960%2C640&ssl=1&resize=350%2C200","width":350,"height":200,"srcset":"https:\/\/i0.wp.com\/larevistadigital.com.ar\/blog\/wp-content\/uploads\/2018\/08\/39261438_2018645291489679_6313714590702108672_n.jpg?fit=960%2C640&ssl=1&resize=350%2C200 1x, https:\/\/i0.wp.com\/larevistadigital.com.ar\/blog\/wp-content\/uploads\/2018\/08\/39261438_2018645291489679_6313714590702108672_n.jpg?fit=960%2C640&ssl=1&resize=525%2C300 1.5x, https:\/\/i0.wp.com\/larevistadigital.com.ar\/blog\/wp-content\/uploads\/2018\/08\/39261438_2018645291489679_6313714590702108672_n.jpg?fit=960%2C640&ssl=1&resize=700%2C400 2x"},"classes":[]},{"id":44154,"url":"https:\/\/larevistadigital.com.ar\/blog\/chascomus-la-municipalidad-abona-asignaciones-familiares-por-mas-de-85-millones-de-pesos-y-actualiza-los-montos-desde-marzo\/","url_meta":{"origin":36317,"position":2},"title":"Chascom\u00fas: La Municipalidad abona asignaciones familiares por m\u00e1s de 85 millones de pesos y actualiza los montos desde marzo","author":"Alejandro Sosa Ruda","date":"24 febrero, 2026","format":false,"excerpt":"El pago alcanza a asignaciones por hijo, hijo con discapacidad, matrimonio, nacimiento y adopci\u00f3n, e implica una fuerte inyecci\u00f3n de recursos en la econom\u00eda local 24 de febrero de 2026 CHASCOM\u00daS -\u00a0 \u00a0La Municipalidad realizar\u00e1 el pago de asignaciones familiares a trabajadores y trabajadoras municipales por un monto total que\u2026","rel":"","context":"En \u00abCHASCOM\u00daS\u00bb","block_context":{"text":"CHASCOM\u00daS","link":"https:\/\/larevistadigital.com.ar\/blog\/category\/chascomus\/"},"img":{"alt_text":"","src":"https:\/\/i0.wp.com\/larevistadigital.com.ar\/blog\/wp-content\/uploads\/699ddb402e29e.png?fit=668%2C445&ssl=1&resize=350%2C200","width":350,"height":200,"srcset":"https:\/\/i0.wp.com\/larevistadigital.com.ar\/blog\/wp-content\/uploads\/699ddb402e29e.png?fit=668%2C445&ssl=1&resize=350%2C200 1x, https:\/\/i0.wp.com\/larevistadigital.com.ar\/blog\/wp-content\/uploads\/699ddb402e29e.png?fit=668%2C445&ssl=1&resize=525%2C300 1.5x"},"classes":[]},{"id":45023,"url":"https:\/\/larevistadigital.com.ar\/blog\/chascomus-se-ve-afectado-por-la-falta-de-envio-de-vacunas-antigripales-por-parte-del-gobierno-nacional\/","url_meta":{"origin":36317,"position":3},"title":"Chascom\u00fas se ve afectado por la falta de env\u00edo de vacunas antigripales por parte del Gobierno Nacional","author":"Alejandro Sosa Ruda","date":"8 abril, 2026","format":false,"excerpt":"La demora en la entrega de vacunas afecta a municipios de todo el pa\u00eds. En Chascom\u00fas, esta situaci\u00f3n genera dificultades para avanzar con normalidad en la campa\u00f1a de vacunaci\u00f3n antigripal y otros esquemas del calendario obligatorio. 08 de abril de 2026 CHASCOM\u00daS -\u00a0 \u00a0Desde el Gobierno de la Provincia de\u2026","rel":"","context":"En \u00abINTERES GENERAL\u00bb","block_context":{"text":"INTERES GENERAL","link":"https:\/\/larevistadigital.com.ar\/blog\/category\/interes-general\/"},"img":{"alt_text":"","src":"https:\/\/i0.wp.com\/larevistadigital.com.ar\/blog\/wp-content\/uploads\/69d6998872fd9.png?fit=668%2C445&ssl=1&resize=350%2C200","width":350,"height":200,"srcset":"https:\/\/i0.wp.com\/larevistadigital.com.ar\/blog\/wp-content\/uploads\/69d6998872fd9.png?fit=668%2C445&ssl=1&resize=350%2C200 1x, https:\/\/i0.wp.com\/larevistadigital.com.ar\/blog\/wp-content\/uploads\/69d6998872fd9.png?fit=668%2C445&ssl=1&resize=525%2C300 1.5x"},"classes":[]},{"id":14600,"url":"https:\/\/larevistadigital.com.ar\/blog\/aviso-importante-la-municipalidad-de-chascomus-informo-que-se-suspenden-los-turnos-programados-en-el-hospital-municipal\/","url_meta":{"origin":36317,"position":4},"title":"AVISO IMPORTANTE: LA MUNICIPALIDAD DE CHASCOM\u00daS INFORM\u00d3 QUE SE SUSPENDEN LOS TURNOS PROGRAMADOS EN EL HOSPITAL MUNICIPAL","author":"Alejandro Sosa Ruda","date":"4 febrero, 2020","format":false,"excerpt":"Hace instantes, la Municipalidad de Chascom\u00fas a trav\u00e9s del grupo de \"Prensa\" en whatsapp, inform\u00f3 que con motivo del accidente ocurrido a la ma\u00f1ana en el que un micro volc\u00f3 a la altura del puente Samboromb\u00f3n se suspenden los turnos programados. EL COMUNICADO: Desde la Municipalidad de Chascom\u00fas, queremos informar\u2026","rel":"","context":"En \u00abCHASCOM\u00daS\u00bb","block_context":{"text":"CHASCOM\u00daS","link":"https:\/\/larevistadigital.com.ar\/blog\/category\/chascomus\/"},"img":{"alt_text":"","src":"https:\/\/i0.wp.com\/larevistadigital.com.ar\/blog\/wp-content\/uploads\/municipalidad-de-chascomus.jpg?fit=1200%2C800&ssl=1&resize=350%2C200","width":350,"height":200,"srcset":"https:\/\/i0.wp.com\/larevistadigital.com.ar\/blog\/wp-content\/uploads\/municipalidad-de-chascomus.jpg?fit=1200%2C800&ssl=1&resize=350%2C200 1x, https:\/\/i0.wp.com\/larevistadigital.com.ar\/blog\/wp-content\/uploads\/municipalidad-de-chascomus.jpg?fit=1200%2C800&ssl=1&resize=525%2C300 1.5x, https:\/\/i0.wp.com\/larevistadigital.com.ar\/blog\/wp-content\/uploads\/municipalidad-de-chascomus.jpg?fit=1200%2C800&ssl=1&resize=700%2C400 2x, https:\/\/i0.wp.com\/larevistadigital.com.ar\/blog\/wp-content\/uploads\/municipalidad-de-chascomus.jpg?fit=1200%2C800&ssl=1&resize=1050%2C600 3x"},"classes":[]},{"id":36394,"url":"https:\/\/larevistadigital.com.ar\/blog\/informo-la-municipalidad-de-chascomus-que-el-sabado-22-y-domingo-23-de-junio-habra-guardia-pediatrica-pasiva-y-activa\/","url_meta":{"origin":36317,"position":5},"title":"INFORM\u00d3 LA MUNICIPALIDAD DE CHASCOM\u00daS QUE EL S\u00c1BADO 22 Y DOMINGO 23 DE JUNIO: HABR\u00c1 GUARDIA PEDI\u00c1TRICA PASIVA Y ACTIVA","author":"Alejandro Sosa Ruda","date":"21 junio, 2024","format":false,"excerpt":"Desde la Municipalidad se comunica que el d\u00eda de ma\u00f1ana y el domingo, en el Hospital San Vicente de Paul, habr\u00e1 guardia pedi\u00e1trica pasiva y activa en todas las franjas horarias. 21 de Junio de 2024 CHASCOM\u00daS -\u00a0 Como vienen alertando desde la Sociedad Argentina de Pediatr\u00eda, los m\u00e9dicos j\u00f3venes\u2026","rel":"","context":"En \u00abINTERES GENERAL\u00bb","block_context":{"text":"INTERES GENERAL","link":"https:\/\/larevistadigital.com.ar\/blog\/category\/interes-general\/"},"img":{"alt_text":"","src":"https:\/\/i0.wp.com\/larevistadigital.com.ar\/blog\/wp-content\/uploads\/hospital22.jpg?fit=1024%2C768&ssl=1&resize=350%2C200","width":350,"height":200,"srcset":"https:\/\/i0.wp.com\/larevistadigital.com.ar\/blog\/wp-content\/uploads\/hospital22.jpg?fit=1024%2C768&ssl=1&resize=350%2C200 1x, https:\/\/i0.wp.com\/larevistadigital.com.ar\/blog\/wp-content\/uploads\/hospital22.jpg?fit=1024%2C768&ssl=1&resize=525%2C300 1.5x, https:\/\/i0.wp.com\/larevistadigital.com.ar\/blog\/wp-content\/uploads\/hospital22.jpg?fit=1024%2C768&ssl=1&resize=700%2C400 2x"},"classes":[]}],"_links":{"self":[{"href":"https:\/\/larevistadigital.com.ar\/blog\/wp-json\/wp\/v2\/posts\/36317","targetHints":{"allow":["GET"]}}],"collection":[{"href":"https:\/\/larevistadigital.com.ar\/blog\/wp-json\/wp\/v2\/posts"}],"about":[{"href":"https:\/\/larevistadigital.com.ar\/blog\/wp-json\/wp\/v2\/types\/post"}],"author":[{"embeddable":true,"href":"https:\/\/larevistadigital.com.ar\/blog\/wp-json\/wp\/v2\/users\/3"}],"replies":[{"embeddable":true,"href":"https:\/\/larevistadigital.com.ar\/blog\/wp-json\/wp\/v2\/comments?post=36317"}],"version-history":[{"count":1,"href":"https:\/\/larevistadigital.com.ar\/blog\/wp-json\/wp\/v2\/posts\/36317\/revisions"}],"predecessor-version":[{"id":36319,"href":"https:\/\/larevistadigital.com.ar\/blog\/wp-json\/wp\/v2\/posts\/36317\/revisions\/36319"}],"wp:featuredmedia":[{"embeddable":true,"href":"https:\/\/larevistadigital.com.ar\/blog\/wp-json\/wp\/v2\/media\/36318"}],"wp:attachment":[{"href":"https:\/\/larevistadigital.com.ar\/blog\/wp-json\/wp\/v2\/media?parent=36317"}],"wp:term":[{"taxonomy":"category","embeddable":true,"href":"https:\/\/larevistadigital.com.ar\/blog\/wp-json\/wp\/v2\/categories?post=36317"},{"taxonomy":"post_tag","embeddable":true,"href":"https:\/\/larevistadigital.com.ar\/blog\/wp-json\/wp\/v2\/tags?post=36317"}],"curies":[{"name":"wp","href":"https:\/\/api.w.org\/{rel}","templated":true}]}}