{"id":36320,"date":"2024-06-15T00:37:41","date_gmt":"2024-06-15T03:37:41","guid":{"rendered":"https:\/\/larevistadigital.com.ar\/blog\/?p=36320"},"modified":"2024-06-15T00:37:41","modified_gmt":"2024-06-15T03:37:41","slug":"se-concreta-la-concesion-del-predio-punta-norte","status":"publish","type":"post","link":"https:\/\/larevistadigital.com.ar\/blog\/se-concreta-la-concesion-del-predio-punta-norte\/","title":{"rendered":"SE CONCRETA LA CONCESI\u00d3N DEL PREDIO PUNTA NORTE"},"content":{"rendered":"<h2 class=\"notaIntro\"><em>El predio fue adjudicado y se trabaja en el contrato de concesi\u00f3n que se suscribir\u00e1 la pr\u00f3xima semana<\/em><\/h2>\n<p>15 de Junio de 2024<\/p>\n<p><strong>CHASCOM\u00daS &#8211;\u00a0<\/strong> Fue concesionado el parador tur\u00edstico Punta Norte, ubicado en la intersecci\u00f3n de Av. Escribano y Alem. La oferta realizada por los se\u00f1ores <strong>Tomas Michelini y Juan Cruz Apaolaza<\/strong>, con 4400 m\u00f3dulos, result\u00f3 la mejor en el marco de la Licitaci\u00f3n P\u00fablica N\u00b012 abierta por el municipio.<\/p>\n<p>El predio de 13.978 m2 ser\u00e1 destinado a la explotaci\u00f3n de servicios gastron\u00f3micos incluyendo usos recreativos, acu\u00e1ticos, deportivos y culturales. La concesi\u00f3n tendr\u00e1 vigencia hasta el 2033 y <strong><span style=\"color: #ff0000\">queda expresamente prohibido el uso del predio y de la infraestructura edilicia como sal\u00f3n de fiestas o bailable.<\/span><\/strong><\/p>\n<p>La puesta en valor del parador comprende obras para la refacci\u00f3n y el mantenimiento en general del edificio existente, de los accesos y de los espacios verdes, garantizando la accesibilidad universal, la sustentabilidad y la calidad de los servicios.<\/p>\n<p>Entre las mejoras que garanticen el embellecimiento del predio y la circulaci\u00f3n segura de los visitantes, <strong>el concesionario deber\u00e1 iluminar el mismo en su totalidad a trav\u00e9s de energ\u00edas renovables, construir una garita de seguridad y podr\u00e1 adecuar para su habilitaci\u00f3n la bajada n\u00e1utica<\/strong>, entre otras detalladas en el anexo del contrato.<\/p>\n","protected":false},"excerpt":{"rendered":"<div class=\"mh-excerpt\"><p>El predio fue adjudicado y se trabaja en el contrato de concesi\u00f3n que se suscribir\u00e1 la pr\u00f3xima semana 15 de Junio de 2024 CHASCOM\u00daS &#8211;\u00a0 Fue concesionado el parador tur\u00edstico Punta Norte, ubicado en la <a class=\"mh-excerpt-more\" href=\"https:\/\/larevistadigital.com.ar\/blog\/se-concreta-la-concesion-del-predio-punta-norte\/\" title=\"SE CONCRETA LA CONCESI\u00d3N DEL PREDIO PUNTA NORTE\">[Leer M\u00e1s]<\/a><\/p>\n<\/div>","protected":false},"author":3,"featured_media":36321,"comment_status":"open","ping_status":"open","sticky":false,"template":"","format":"standard","meta":{"_jetpack_memberships_contains_paid_content":false,"footnotes":"","jetpack_publicize_message":"","jetpack_publicize_feature_enabled":true,"jetpack_social_post_already_shared":true,"jetpack_social_options":{"image_generator_settings":{"template":"highway","default_image_id":0,"font":"","enabled":false},"version":2}},"categories":[50],"tags":[],"class_list":{"0":"post-36320","1":"post","2":"type-post","3":"status-publish","4":"format-standard","5":"has-post-thumbnail","7":"category-interes-general"},"jetpack_publicize_connections":[],"jetpack_featured_media_url":"https:\/\/i0.wp.com\/larevistadigital.com.ar\/blog\/wp-content\/uploads\/2024_06_15_02_18_48_670993.jpg?fit=600%2C400&ssl=1","jetpack_sharing_enabled":true,"jetpack_shortlink":"https:\/\/wp.me\/p8qtrQ-9rO","jetpack-related-posts":[{"id":38120,"url":"https:\/\/larevistadigital.com.ar\/blog\/se-firmo-el-contrato-de-concesion-para-el-parador-punta-norte\/","url_meta":{"origin":36320,"position":0},"title":"Se firm\u00f3 el contrato de concesi\u00f3n para el parador Punta Norte","author":"Alejandro Sosa Ruda","date":"5 diciembre, 2024","format":false,"excerpt":"Un grupo de inversores locales asumir\u00e1 la gesti\u00f3n del espacio. 05 De Diciembre de 2024 CHASCOM\u00daS -\u00a0 En el despacho comunal, el intendente Javier Gast\u00f3n, se formaliz\u00f3 la concesi\u00f3n del parador Punta Norte mediante la firma de un contrato con la sociedad an\u00f3nima en formaci\u00f3n \u201cPunta Norte S.A.\u201d. La concesi\u00f3n\u2026","rel":"","context":"En \u00abINTERES GENERAL\u00bb","block_context":{"text":"INTERES GENERAL","link":"https:\/\/larevistadigital.com.ar\/blog\/category\/interes-general\/"},"img":{"alt_text":"","src":"https:\/\/i0.wp.com\/larevistadigital.com.ar\/blog\/wp-content\/uploads\/6751e51408ea8.png?fit=668%2C445&ssl=1&resize=350%2C200","width":350,"height":200,"srcset":"https:\/\/i0.wp.com\/larevistadigital.com.ar\/blog\/wp-content\/uploads\/6751e51408ea8.png?fit=668%2C445&ssl=1&resize=350%2C200 1x, https:\/\/i0.wp.com\/larevistadigital.com.ar\/blog\/wp-content\/uploads\/6751e51408ea8.png?fit=668%2C445&ssl=1&resize=525%2C300 1.5x"},"classes":[]},{"id":34727,"url":"https:\/\/larevistadigital.com.ar\/blog\/chascomus-fue-declarada-desierta-la-licitacion-de-punta-norte\/","url_meta":{"origin":36320,"position":1},"title":"CHASCOM\u00daS: FUE DECLARADA DESIERTA LA LICITACI\u00d3N DE PUNTA NORTE","author":"Alejandro Sosa Ruda","date":"4 diciembre, 2023","format":false,"excerpt":"Vencido el plazo oficial, no se presentaron ofertas para la explotaci\u00f3n comercial del parador Punta Norte. 4 de Diciembre de 2023 CHASCOM\u00daS -\u00a0 El llamado a los interesados en la Licitaci\u00f3n P\u00fablica N\u00ba 12\/2023, \u201cConcesi\u00f3n de la Unidad de Servicios Tur\u00edsticos Punta Norte\u201d, se realiz\u00f3 entre el 25 de septiembre\u2026","rel":"","context":"En \u00abCHASCOM\u00daS\u00bb","block_context":{"text":"CHASCOM\u00daS","link":"https:\/\/larevistadigital.com.ar\/blog\/category\/chascomus\/"},"img":{"alt_text":"","src":"https:\/\/i0.wp.com\/larevistadigital.com.ar\/blog\/wp-content\/uploads\/2023_12_01_22_54_32_660281.jpg?fit=800%2C514&ssl=1&resize=350%2C200","width":350,"height":200,"srcset":"https:\/\/i0.wp.com\/larevistadigital.com.ar\/blog\/wp-content\/uploads\/2023_12_01_22_54_32_660281.jpg?fit=800%2C514&ssl=1&resize=350%2C200 1x, https:\/\/i0.wp.com\/larevistadigital.com.ar\/blog\/wp-content\/uploads\/2023_12_01_22_54_32_660281.jpg?fit=800%2C514&ssl=1&resize=525%2C300 1.5x, https:\/\/i0.wp.com\/larevistadigital.com.ar\/blog\/wp-content\/uploads\/2023_12_01_22_54_32_660281.jpg?fit=800%2C514&ssl=1&resize=700%2C400 2x"},"classes":[]},{"id":38358,"url":"https:\/\/larevistadigital.com.ar\/blog\/inauguracion-del-parador-punta-norte-en-chascomus\/","url_meta":{"origin":36320,"position":2},"title":"Inauguraci\u00f3n del Parador Punta Norte en Chascom\u00fas","author":"Alejandro Sosa Ruda","date":"21 diciembre, 2024","format":false,"excerpt":"El pasado jueves se llev\u00f3 a cabo la inauguraci\u00f3n del parador Punta Norte, un proyecto que busca ampliar la oferta de servicios y propuestas tur\u00edsticas en la zona de la laguna de Chascom\u00fas. 21 de Diciembre de 2024 CHASCOM\u00daS -\u00a0 El evento cont\u00f3 con la presencia del intendente interino Leandro\u2026","rel":"","context":"En \u00abCHASCOM\u00daS\u00bb","block_context":{"text":"CHASCOM\u00daS","link":"https:\/\/larevistadigital.com.ar\/blog\/category\/chascomus\/"},"img":{"alt_text":"","src":"https:\/\/i0.wp.com\/larevistadigital.com.ar\/blog\/wp-content\/uploads\/6765b1db4287d.png?fit=668%2C445&ssl=1&resize=350%2C200","width":350,"height":200,"srcset":"https:\/\/i0.wp.com\/larevistadigital.com.ar\/blog\/wp-content\/uploads\/6765b1db4287d.png?fit=668%2C445&ssl=1&resize=350%2C200 1x, https:\/\/i0.wp.com\/larevistadigital.com.ar\/blog\/wp-content\/uploads\/6765b1db4287d.png?fit=668%2C445&ssl=1&resize=525%2C300 1.5x"},"classes":[]},{"id":40871,"url":"https:\/\/larevistadigital.com.ar\/blog\/se-concreto-la-concesion-del-edificio-del-turista\/","url_meta":{"origin":36320,"position":3},"title":"Se concret\u00f3 la concesi\u00f3n del Edificio del Turista","author":"Alejandro Sosa Ruda","date":"13 agosto, 2025","format":false,"excerpt":"El lugar se llamar\u00e1 ahora \u201cCentro Cultural y Comercial Malvinas Argentinas\u201d. 13 de Agosto de 2025 CHASCOM\u00daS -\u00a0 \u00a0El intendente Javier Gast\u00f3n formaliz\u00f3 la concesi\u00f3n del Edificio del Turista, que a partir de ahora llevar\u00e1 el nombre de \u201cCentro Cultural y Comercial Malvinas Argentinas\u201d. La adjudicaci\u00f3n, que tendr\u00e1 una extensi\u00f3n\u2026","rel":"","context":"En \u00abINTERES GENERAL\u00bb","block_context":{"text":"INTERES GENERAL","link":"https:\/\/larevistadigital.com.ar\/blog\/category\/interes-general\/"},"img":{"alt_text":"","src":"https:\/\/i0.wp.com\/larevistadigital.com.ar\/blog\/wp-content\/uploads\/689b82beaafc4.png?fit=668%2C445&ssl=1&resize=350%2C200","width":350,"height":200,"srcset":"https:\/\/i0.wp.com\/larevistadigital.com.ar\/blog\/wp-content\/uploads\/689b82beaafc4.png?fit=668%2C445&ssl=1&resize=350%2C200 1x, https:\/\/i0.wp.com\/larevistadigital.com.ar\/blog\/wp-content\/uploads\/689b82beaafc4.png?fit=668%2C445&ssl=1&resize=525%2C300 1.5x"},"classes":[]},{"id":36698,"url":"https:\/\/larevistadigital.com.ar\/blog\/se-decidio-anular-la-concesion-otorgada-hace-unos-dias-de-punta-norte\/","url_meta":{"origin":36320,"position":4},"title":"SE DECIDI\u00d3 ANULAR LA CONCESI\u00d3N OTORGADA HACE UNOS D\u00cdAS DE \u00abPUNTA NORTE\u00bb","author":"Alejandro Sosa Ruda","date":"15 julio, 2024","format":false,"excerpt":"Fue por irregularidades en documentaci\u00f3n presentada. La decisi\u00f3n del municipio es realizar una nueva licitaci\u00f3n lo m\u00e1s pronto posible. 15 de Julio de 2024 CHASCOM\u00daS -\u00a0\u00a0Luego de que hace unos d\u00edas se otorgara la concesi\u00f3n del Parador \"Punta Norte\" en la ciudad, desde el gobierno municipal se observaron irregularidades en\u2026","rel":"","context":"En \u00abINTERES GENERAL\u00bb","block_context":{"text":"INTERES GENERAL","link":"https:\/\/larevistadigital.com.ar\/blog\/category\/interes-general\/"},"img":{"alt_text":"","src":"https:\/\/i0.wp.com\/larevistadigital.com.ar\/blog\/wp-content\/uploads\/Captura-de-pantalla-2024-07-15-182043.png?fit=730%2C413&ssl=1&resize=350%2C200","width":350,"height":200,"srcset":"https:\/\/i0.wp.com\/larevistadigital.com.ar\/blog\/wp-content\/uploads\/Captura-de-pantalla-2024-07-15-182043.png?fit=730%2C413&ssl=1&resize=350%2C200 1x, https:\/\/i0.wp.com\/larevistadigital.com.ar\/blog\/wp-content\/uploads\/Captura-de-pantalla-2024-07-15-182043.png?fit=730%2C413&ssl=1&resize=525%2C300 1.5x, https:\/\/i0.wp.com\/larevistadigital.com.ar\/blog\/wp-content\/uploads\/Captura-de-pantalla-2024-07-15-182043.png?fit=730%2C413&ssl=1&resize=700%2C400 2x"},"classes":[]},{"id":25368,"url":"https:\/\/larevistadigital.com.ar\/blog\/chascomus-paradojas-de-las-concesiones-municipales\/","url_meta":{"origin":36320,"position":5},"title":"CHASCOM\u00daS: PARADOJAS DE LAS CONCESIONES MUNICIPALES&#8230;","author":"Alejandro Sosa Ruda","date":"23 mayo, 2022","format":false,"excerpt":"Un vecino hizo llegar a nuestra redacci\u00f3n una reflexi\u00f3n acerca del comportamiento de las autoridades con las distintas concesiones, haciendo foco en las notables desigualdades. (PEDIDO DE PUBLICACI\u00d3N) DIJO JES\u00daS: \u201cCON LA MEDIDA CON QUE MIDAN SERAN MEDIDOS\u201d (LUCAS 6, 36-38) (Evidentemente, una frase desconocida por el Intendente y el\u2026","rel":"","context":"En \u00abDESTACADAS\u00bb","block_context":{"text":"DESTACADAS","link":"https:\/\/larevistadigital.com.ar\/blog\/category\/destacadas\/"},"img":{"alt_text":"","src":"https:\/\/i0.wp.com\/larevistadigital.com.ar\/blog\/wp-content\/uploads\/punta-norte-2.jpg?fit=1080%2C526&ssl=1&resize=350%2C200","width":350,"height":200,"srcset":"https:\/\/i0.wp.com\/larevistadigital.com.ar\/blog\/wp-content\/uploads\/punta-norte-2.jpg?fit=1080%2C526&ssl=1&resize=350%2C200 1x, https:\/\/i0.wp.com\/larevistadigital.com.ar\/blog\/wp-content\/uploads\/punta-norte-2.jpg?fit=1080%2C526&ssl=1&resize=525%2C300 1.5x, https:\/\/i0.wp.com\/larevistadigital.com.ar\/blog\/wp-content\/uploads\/punta-norte-2.jpg?fit=1080%2C526&ssl=1&resize=700%2C400 2x, https:\/\/i0.wp.com\/larevistadigital.com.ar\/blog\/wp-content\/uploads\/punta-norte-2.jpg?fit=1080%2C526&ssl=1&resize=1050%2C600 3x"},"classes":[]}],"_links":{"self":[{"href":"https:\/\/larevistadigital.com.ar\/blog\/wp-json\/wp\/v2\/posts\/36320","targetHints":{"allow":["GET"]}}],"collection":[{"href":"https:\/\/larevistadigital.com.ar\/blog\/wp-json\/wp\/v2\/posts"}],"about":[{"href":"https:\/\/larevistadigital.com.ar\/blog\/wp-json\/wp\/v2\/types\/post"}],"author":[{"embeddable":true,"href":"https:\/\/larevistadigital.com.ar\/blog\/wp-json\/wp\/v2\/users\/3"}],"replies":[{"embeddable":true,"href":"https:\/\/larevistadigital.com.ar\/blog\/wp-json\/wp\/v2\/comments?post=36320"}],"version-history":[{"count":1,"href":"https:\/\/larevistadigital.com.ar\/blog\/wp-json\/wp\/v2\/posts\/36320\/revisions"}],"predecessor-version":[{"id":36322,"href":"https:\/\/larevistadigital.com.ar\/blog\/wp-json\/wp\/v2\/posts\/36320\/revisions\/36322"}],"wp:featuredmedia":[{"embeddable":true,"href":"https:\/\/larevistadigital.com.ar\/blog\/wp-json\/wp\/v2\/media\/36321"}],"wp:attachment":[{"href":"https:\/\/larevistadigital.com.ar\/blog\/wp-json\/wp\/v2\/media?parent=36320"}],"wp:term":[{"taxonomy":"category","embeddable":true,"href":"https:\/\/larevistadigital.com.ar\/blog\/wp-json\/wp\/v2\/categories?post=36320"},{"taxonomy":"post_tag","embeddable":true,"href":"https:\/\/larevistadigital.com.ar\/blog\/wp-json\/wp\/v2\/tags?post=36320"}],"curies":[{"name":"wp","href":"https:\/\/api.w.org\/{rel}","templated":true}]}}