{"id":36323,"date":"2024-06-15T00:41:39","date_gmt":"2024-06-15T03:41:39","guid":{"rendered":"https:\/\/larevistadigital.com.ar\/blog\/?p=36323"},"modified":"2024-06-15T00:41:39","modified_gmt":"2024-06-15T03:41:39","slug":"capacitacion-gratuita-para-el-sector-hotelero-y-gastronomico","status":"publish","type":"post","link":"https:\/\/larevistadigital.com.ar\/blog\/capacitacion-gratuita-para-el-sector-hotelero-y-gastronomico\/","title":{"rendered":"CAPACITACI\u00d3N GRATUITA PARA EL SECTOR HOTELERO Y GASTRON\u00d3MICO"},"content":{"rendered":"<h2 class=\"notaIntro\">Los interesados podr\u00e1n inscribirse a partir de hoy a trav\u00e9s de los tel\u00e9fonos de la AEHG La Plata<\/h2>\n<p>15 de Junio de 2024<\/p>\n<p class=\"notaTexto\"><strong>CHASCOM\u00daS &#8211;\u00a0<\/strong> La Municipalidad de Chascom\u00fas, a trav\u00e9s del secretario de Desarrollo Productivo, Tur\u00edstico y Cultural, <strong>Pablo N\u00e1poli<\/strong>, firm\u00f3 ayer un convenio de acci\u00f3n conjunta con la Federaci\u00f3n Empresaria Hotelera Gastron\u00f3mica de la Rep\u00fablica Argentina (FEHGRA).<\/p>\n<p class=\"notaTexto\">En el marco de dicho convenio se realizar\u00e1 en nuestra ciudad una capacitaci\u00f3n gratuita titulada <em><strong>\u201cAtenci\u00f3n al cliente y manejo de quejas\u201d<\/strong><\/em>. La misma est\u00e1 destinada al personal, emprendedores y comerciantes del sector hotelero y gastron\u00f3mico. El evento que tendr\u00e1 como disertante a <strong>Gabriela Renteria<\/strong>, cuenta con la coorganizaci\u00f3n del municipio, la Asociaci\u00f3n Empresaria Hotelera Gastron\u00f3mica de la ciudad de La Plata y FEHGRA.<\/p>\n<p class=\"notaTexto\">La importancia de profundizar en la formaci\u00f3n del personal del sector se traduce en la mejora de la atenci\u00f3n en general y la imagen del destino tur\u00edstico, en este caso nuestra ciudad. Los contenidos del curso se orientan a mejorar la atenci\u00f3n al cliente, comprender y aplicar conceptos como calidad y servicio de manera pr\u00e1ctica y actualizada, desarrollar habilidades de comunicaci\u00f3n, el manejo eficiente de quejas, la reducci\u00f3n de estr\u00e9s y rotaci\u00f3n del personal, entre otros.<\/p>\n<p class=\"notaTexto\"><strong>Para la inscripci\u00f3n, los interesados podr\u00e1n comunicarse a los tel\u00e9fonos 11 2291-6127 \u00f3 221 425-9936.<\/strong><\/p>\n","protected":false},"excerpt":{"rendered":"<div class=\"mh-excerpt\"><p>Los interesados podr\u00e1n inscribirse a partir de hoy a trav\u00e9s de los tel\u00e9fonos de la AEHG La Plata 15 de Junio de 2024 CHASCOM\u00daS &#8211;\u00a0 La Municipalidad de Chascom\u00fas, a trav\u00e9s del secretario de Desarrollo <a class=\"mh-excerpt-more\" href=\"https:\/\/larevistadigital.com.ar\/blog\/capacitacion-gratuita-para-el-sector-hotelero-y-gastronomico\/\" title=\"CAPACITACI\u00d3N GRATUITA PARA EL SECTOR HOTELERO Y GASTRON\u00d3MICO\">[Leer M\u00e1s]<\/a><\/p>\n<\/div>","protected":false},"author":3,"featured_media":36324,"comment_status":"open","ping_status":"open","sticky":false,"template":"","format":"standard","meta":{"_jetpack_memberships_contains_paid_content":false,"footnotes":"","jetpack_publicize_message":"","jetpack_publicize_feature_enabled":true,"jetpack_social_post_already_shared":true,"jetpack_social_options":{"image_generator_settings":{"template":"highway","default_image_id":0,"font":"","enabled":false},"version":2}},"categories":[51],"tags":[],"class_list":{"0":"post-36323","1":"post","2":"type-post","3":"status-publish","4":"format-standard","5":"has-post-thumbnail","7":"category-regionales"},"jetpack_publicize_connections":[],"jetpack_featured_media_url":"https:\/\/i0.wp.com\/larevistadigital.com.ar\/blog\/wp-content\/uploads\/2024_06_15_01_18_26_8242858.jpeg?fit=600%2C450&ssl=1","jetpack_sharing_enabled":true,"jetpack_shortlink":"https:\/\/wp.me\/p8qtrQ-9rR","jetpack-related-posts":[{"id":36550,"url":"https:\/\/larevistadigital.com.ar\/blog\/chascomus-capacitacion-para-el-sector-turistico-local\/","url_meta":{"origin":36323,"position":0},"title":"CHASCOM\u00daS: CAPACITACI\u00d3N PARA EL SECTOR TUR\u00cdSTICO LOCAL","author":"Alejandro Sosa Ruda","date":"3 julio, 2024","format":false,"excerpt":"Javier Gast\u00f3n dio inicio a las jornadas de capacitaci\u00f3n en el Howard Johnson 03\u00a0 de Julio de 2024 En el marco del convenio firmado entre la municipalidad y la Federaci\u00f3n Empresaria Hotelera Gastron\u00f3mica de la Rep\u00fablica Argentina (FEHGRA), se realiz\u00f3 hoy en el hotel Howard Johnson, una capacitaci\u00f3n destinada a\u2026","rel":"","context":"En \u00abCHASCOM\u00daS\u00bb","block_context":{"text":"CHASCOM\u00daS","link":"https:\/\/larevistadigital.com.ar\/blog\/category\/chascomus\/"},"img":{"alt_text":"","src":"https:\/\/i0.wp.com\/larevistadigital.com.ar\/blog\/wp-content\/uploads\/2024_07_03_01_02_59_6085424.jpg?fit=600%2C400&ssl=1&resize=350%2C200","width":350,"height":200,"srcset":"https:\/\/i0.wp.com\/larevistadigital.com.ar\/blog\/wp-content\/uploads\/2024_07_03_01_02_59_6085424.jpg?fit=600%2C400&ssl=1&resize=350%2C200 1x, https:\/\/i0.wp.com\/larevistadigital.com.ar\/blog\/wp-content\/uploads\/2024_07_03_01_02_59_6085424.jpg?fit=600%2C400&ssl=1&resize=525%2C300 1.5x"},"classes":[]},{"id":38766,"url":"https:\/\/larevistadigital.com.ar\/blog\/chascomus-nuevo-convenio-con-la-aegh-hoteleros-gastronomicos-de-la-plata\/","url_meta":{"origin":36323,"position":1},"title":"Chascom\u00fas: Nuevo convenio con la AEGH (Hoteleros-Gastron\u00f3micos) de La Plata","author":"Alejandro Sosa Ruda","date":"20 febrero, 2025","format":false,"excerpt":"Se acuerdan acciones para la organizaci\u00f3n de capacitaciones destinadas a los rubros gastron\u00f3mico y hotelero 20 de Febrero de 2025 CHASCOM\u00daS -\u00a0 Esta ma\u00f1ana se firm\u00f3 un nuevo acuerdo entre la Municipalidad de Chascom\u00fas y la Asociaci\u00f3n Empresaria Hotelera Gastron\u00f3mica de la ciudad de La Plata (AEHG). En el acto\u2026","rel":"","context":"En \u00abCHASCOM\u00daS\u00bb","block_context":{"text":"CHASCOM\u00daS","link":"https:\/\/larevistadigital.com.ar\/blog\/category\/chascomus\/"},"img":{"alt_text":"","src":"https:\/\/i0.wp.com\/larevistadigital.com.ar\/blog\/wp-content\/uploads\/67b60bef8501a.png?fit=668%2C445&ssl=1&resize=350%2C200","width":350,"height":200,"srcset":"https:\/\/i0.wp.com\/larevistadigital.com.ar\/blog\/wp-content\/uploads\/67b60bef8501a.png?fit=668%2C445&ssl=1&resize=350%2C200 1x, https:\/\/i0.wp.com\/larevistadigital.com.ar\/blog\/wp-content\/uploads\/67b60bef8501a.png?fit=668%2C445&ssl=1&resize=525%2C300 1.5x"},"classes":[]},{"id":38862,"url":"https:\/\/larevistadigital.com.ar\/blog\/gastronomicos-se-entregaron-los-certificados-en-la-capacitacion-en-atencion-al-cliente\/","url_meta":{"origin":36323,"position":2},"title":"Gastron\u00f3micos: Se entregaron los certificados en la capacitaci\u00f3n en atenci\u00f3n al cliente","author":"Alejandro Sosa Ruda","date":"27 febrero, 2025","format":false,"excerpt":"En un esfuerzo por mejorar la calidad del servicio en el sector gastron\u00f3mico, alrededor de 30 trabajadores de distintos establecimientos participaron en una capacitaci\u00f3n sobre atenci\u00f3n al cliente. 27 de Febrero de 2025 CHASCOM\u00daS -\u00a0 Numerosos mozos y camareras se formaron en el curso especialmente dise\u00f1ado, obteniendo su certificado de\u2026","rel":"","context":"En \u00abCHASCOM\u00daS\u00bb","block_context":{"text":"CHASCOM\u00daS","link":"https:\/\/larevistadigital.com.ar\/blog\/category\/chascomus\/"},"img":{"alt_text":"","src":"https:\/\/i0.wp.com\/larevistadigital.com.ar\/blog\/wp-content\/uploads\/67c09b5125e39.png?fit=668%2C445&ssl=1&resize=350%2C200","width":350,"height":200,"srcset":"https:\/\/i0.wp.com\/larevistadigital.com.ar\/blog\/wp-content\/uploads\/67c09b5125e39.png?fit=668%2C445&ssl=1&resize=350%2C200 1x, https:\/\/i0.wp.com\/larevistadigital.com.ar\/blog\/wp-content\/uploads\/67c09b5125e39.png?fit=668%2C445&ssl=1&resize=525%2C300 1.5x"},"classes":[]},{"id":41300,"url":"https:\/\/larevistadigital.com.ar\/blog\/convenio-para-ofrecer-capacitaciones-para-el-sector-turistico-y-gastronomico\/","url_meta":{"origin":36323,"position":3},"title":"Convenio para ofrecer capacitaciones para el sector tur\u00edstico y gastron\u00f3mico","author":"Alejandro Sosa Ruda","date":"4 septiembre, 2025","format":false,"excerpt":"Se dictar\u00e1n en septiembre cursos para mozos y camareras. 04 de septiembre de 2025 CHASCOM\u00daS -\u00a0 \u00a0La Municipalidad de Chascom\u00fas y la Asociaci\u00f3n Empresaria Hotelera, Gastron\u00f3mica y Pastelera de La Plata y su zona de influencia (AEHG La Plata) avanzaron en un acuerdo para impulsar capacitaciones destinadas al sector tur\u00edstico\u2026","rel":"","context":"En \u00abCHASCOM\u00daS\u00bb","block_context":{"text":"CHASCOM\u00daS","link":"https:\/\/larevistadigital.com.ar\/blog\/category\/chascomus\/"},"img":{"alt_text":"","src":"https:\/\/i0.wp.com\/larevistadigital.com.ar\/blog\/wp-content\/uploads\/68b9c67f97764.png?fit=668%2C445&ssl=1&resize=350%2C200","width":350,"height":200,"srcset":"https:\/\/i0.wp.com\/larevistadigital.com.ar\/blog\/wp-content\/uploads\/68b9c67f97764.png?fit=668%2C445&ssl=1&resize=350%2C200 1x, https:\/\/i0.wp.com\/larevistadigital.com.ar\/blog\/wp-content\/uploads\/68b9c67f97764.png?fit=668%2C445&ssl=1&resize=525%2C300 1.5x"},"classes":[]},{"id":14485,"url":"https:\/\/larevistadigital.com.ar\/blog\/mardel-2020-las-reservas-hoteleras-para-el-1-fin-de-semana-de-febrero-llegan-al-75\/","url_meta":{"origin":36323,"position":4},"title":"MARDEL 2020: LAS RESERVAS HOTELERAS PARA EL 1\u00b0 FIN DE SEMANA DE FEBRERO, LLEGAN AL 75%","author":"Alejandro Sosa Ruda","date":"31 enero, 2020","format":false,"excerpt":"Lo adelantaron desde la Asociaci\u00f3n Empresaria Hotelera Gastron\u00f3mica de Mar del Plata. Tambi\u00e9n vaticinaron que para el fin de semana largo de carnaval los hoteles estar\u00e1n \"llenos\". La\u00a0Asociaci\u00f3n Empresaria Hotelera Gastron\u00f3mica de Mar del Plata\u00a0adelant\u00f3 que el primer fin de semana de febrero llega a Mar del Plata con un\u2026","rel":"","context":"En \u00abREGIONALES\u00bb","block_context":{"text":"REGIONALES","link":"https:\/\/larevistadigital.com.ar\/blog\/category\/regionales\/"},"img":{"alt_text":"","src":"https:\/\/i0.wp.com\/larevistadigital.com.ar\/blog\/wp-content\/uploads\/1579557480521.jpeg?fit=790%2C445&ssl=1&resize=350%2C200","width":350,"height":200,"srcset":"https:\/\/i0.wp.com\/larevistadigital.com.ar\/blog\/wp-content\/uploads\/1579557480521.jpeg?fit=790%2C445&ssl=1&resize=350%2C200 1x, https:\/\/i0.wp.com\/larevistadigital.com.ar\/blog\/wp-content\/uploads\/1579557480521.jpeg?fit=790%2C445&ssl=1&resize=525%2C300 1.5x, https:\/\/i0.wp.com\/larevistadigital.com.ar\/blog\/wp-content\/uploads\/1579557480521.jpeg?fit=790%2C445&ssl=1&resize=700%2C400 2x"},"classes":[]},{"id":20756,"url":"https:\/\/larevistadigital.com.ar\/blog\/dato-lamentable-cerca-de-300-hoteles-cerraron-en-mar-del-plata-desde-el-comienzo-de-la-pandemia\/","url_meta":{"origin":36323,"position":5},"title":"DATO LAMENTABLE: CERCA DE 300 HOTELES CERRARON EN MAR DEL PLATA DESDE EL COMIENZO DE LA PANDEMIA","author":"Alejandro Sosa Ruda","date":"16 junio, 2021","format":false,"excerpt":"La informaci\u00f3n, fue confirmada desde la Asociaci\u00f3n de Empresarios Hoteleros. \u201cEl Estado no toma dimensi\u00f3n del problema que se est\u00e1 generando\u201d, afirman. MAR DEL PLATA -\u00a0 El\u00a0sector hotelero\u00a0es uno de los m\u00e1s golpeados desde el inicio de la panedmia y aseguran que pese a los diferentes anuncios, no encuentran una\u2026","rel":"","context":"En \u00abREGIONALES\u00bb","block_context":{"text":"REGIONALES","link":"https:\/\/larevistadigital.com.ar\/blog\/category\/regionales\/"},"img":{"alt_text":"","src":"https:\/\/i0.wp.com\/larevistadigital.com.ar\/blog\/wp-content\/uploads\/HOTELES.png?fit=997%2C555&ssl=1&resize=350%2C200","width":350,"height":200,"srcset":"https:\/\/i0.wp.com\/larevistadigital.com.ar\/blog\/wp-content\/uploads\/HOTELES.png?fit=997%2C555&ssl=1&resize=350%2C200 1x, https:\/\/i0.wp.com\/larevistadigital.com.ar\/blog\/wp-content\/uploads\/HOTELES.png?fit=997%2C555&ssl=1&resize=525%2C300 1.5x, https:\/\/i0.wp.com\/larevistadigital.com.ar\/blog\/wp-content\/uploads\/HOTELES.png?fit=997%2C555&ssl=1&resize=700%2C400 2x"},"classes":[]}],"_links":{"self":[{"href":"https:\/\/larevistadigital.com.ar\/blog\/wp-json\/wp\/v2\/posts\/36323","targetHints":{"allow":["GET"]}}],"collection":[{"href":"https:\/\/larevistadigital.com.ar\/blog\/wp-json\/wp\/v2\/posts"}],"about":[{"href":"https:\/\/larevistadigital.com.ar\/blog\/wp-json\/wp\/v2\/types\/post"}],"author":[{"embeddable":true,"href":"https:\/\/larevistadigital.com.ar\/blog\/wp-json\/wp\/v2\/users\/3"}],"replies":[{"embeddable":true,"href":"https:\/\/larevistadigital.com.ar\/blog\/wp-json\/wp\/v2\/comments?post=36323"}],"version-history":[{"count":1,"href":"https:\/\/larevistadigital.com.ar\/blog\/wp-json\/wp\/v2\/posts\/36323\/revisions"}],"predecessor-version":[{"id":36325,"href":"https:\/\/larevistadigital.com.ar\/blog\/wp-json\/wp\/v2\/posts\/36323\/revisions\/36325"}],"wp:featuredmedia":[{"embeddable":true,"href":"https:\/\/larevistadigital.com.ar\/blog\/wp-json\/wp\/v2\/media\/36324"}],"wp:attachment":[{"href":"https:\/\/larevistadigital.com.ar\/blog\/wp-json\/wp\/v2\/media?parent=36323"}],"wp:term":[{"taxonomy":"category","embeddable":true,"href":"https:\/\/larevistadigital.com.ar\/blog\/wp-json\/wp\/v2\/categories?post=36323"},{"taxonomy":"post_tag","embeddable":true,"href":"https:\/\/larevistadigital.com.ar\/blog\/wp-json\/wp\/v2\/tags?post=36323"}],"curies":[{"name":"wp","href":"https:\/\/api.w.org\/{rel}","templated":true}]}}