{"id":36326,"date":"2024-06-15T00:53:28","date_gmt":"2024-06-15T03:53:28","guid":{"rendered":"https:\/\/larevistadigital.com.ar\/blog\/?p=36326"},"modified":"2024-06-15T01:30:06","modified_gmt":"2024-06-15T04:30:06","slug":"chascomus-pelea-herido-de-bala-y-posterior-allanamiento","status":"publish","type":"post","link":"https:\/\/larevistadigital.com.ar\/blog\/chascomus-pelea-herido-de-bala-y-posterior-allanamiento\/","title":{"rendered":"CHASCOM\u00daS: PELEA, HERIDO DE BALA Y POSTERIOR ALLANAMIENTO"},"content":{"rendered":"<h2>El herido no realiz\u00f3 denuncia.<\/h2>\n<p>15 de Junio de 2024<\/p>\n<p><strong>CHASCOM\u00daS &#8211;\u00a0<\/strong> El dia lunes pasado en horas de la noche y tras discusi\u00f3n entre dos vecinos del Barrio de La Noria Chica, una persona masculina mayor de edad recibio un disparo de arma de fuego en el gemelo de la pierna derecha. Cuando la polic\u00eda lleg\u00f3 al lugar intento asistir al herido, pero el mismo no quiso realizar la denuncia, ni recibir atencion m\u00e9dica.<\/p>\n<p>No obstante ello y tras iniciar actuaciones judiciales de oficio con intervenci\u00f3n de la UFID N 9 a cargo de la Dra. <strong>Daniela Bartoletti<\/strong>, la cual solicito orden de Allanamiento para un domicilio del mismo barrio, la que fue\u00a0 llevada a cabo por personal de E.P.C. Chascomus 1ra. y con colaboraci\u00f3n de la Sub SDDI Chascomus, lograron secuestrar una vaina servida y municiones de distintos calibres, el sindicado como autor del hecho fue notificado de la formaci\u00f3n de la causa por Lesiones agravadas.<\/p>\n","protected":false},"excerpt":{"rendered":"<div class=\"mh-excerpt\"><p>El herido no realiz\u00f3 denuncia. 15 de Junio de 2024 CHASCOM\u00daS &#8211;\u00a0 El dia lunes pasado en horas de la noche y tras discusi\u00f3n entre dos vecinos del Barrio de La Noria Chica, una persona <a class=\"mh-excerpt-more\" href=\"https:\/\/larevistadigital.com.ar\/blog\/chascomus-pelea-herido-de-bala-y-posterior-allanamiento\/\" title=\"CHASCOM\u00daS: PELEA, HERIDO DE BALA Y POSTERIOR ALLANAMIENTO\">[Leer M\u00e1s]<\/a><\/p>\n<\/div>","protected":false},"author":3,"featured_media":21648,"comment_status":"open","ping_status":"open","sticky":false,"template":"","format":"standard","meta":{"_jetpack_memberships_contains_paid_content":false,"footnotes":"","jetpack_publicize_message":"","jetpack_publicize_feature_enabled":true,"jetpack_social_post_already_shared":true,"jetpack_social_options":{"image_generator_settings":{"template":"highway","default_image_id":0,"font":"","enabled":false},"version":2}},"categories":[41],"tags":[],"class_list":{"0":"post-36326","1":"post","2":"type-post","3":"status-publish","4":"format-standard","5":"has-post-thumbnail","7":"category-destacadas"},"jetpack_publicize_connections":[],"jetpack_featured_media_url":"https:\/\/i0.wp.com\/larevistadigital.com.ar\/blog\/wp-content\/uploads\/POLICIA.png?fit=1002%2C658&ssl=1","jetpack_sharing_enabled":true,"jetpack_shortlink":"https:\/\/wp.me\/p8qtrQ-9rU","jetpack-related-posts":[{"id":42405,"url":"https:\/\/larevistadigital.com.ar\/blog\/chascomus-allanamiento-en-el-barrio-escribano-tras-el-robo-de-dos-bicicletas\/","url_meta":{"origin":36326,"position":0},"title":"Chascom\u00fas: Allanamiento en el Barrio Escribano, tras el robo de dos bicicletas","author":"Alejandro Sosa Ruda","date":"5 noviembre, 2025","format":false,"excerpt":"La Polic\u00eda de Chascom\u00fas realiz\u00f3 un allanamiento en una vivienda de calle Estrada y notific\u00f3 al presunto autor del robo de dos bicicletas sustra\u00eddas del patio de una casa del barrio Escribano. 05 de Noviembre de 2025 CHASCOM\u00daS -\u00a0 \u00a0Autoridades policiales informaron que, a ra\u00edz de una denuncia radicada el\u2026","rel":"","context":"En \u00abINTERES GENERAL\u00bb","block_context":{"text":"INTERES GENERAL","link":"https:\/\/larevistadigital.com.ar\/blog\/category\/interes-general\/"},"img":{"alt_text":"","src":"https:\/\/i0.wp.com\/larevistadigital.com.ar\/blog\/wp-content\/uploads\/Patrullero-La-Plata-Berisso-Policia.jpg?fit=882%2C492&ssl=1&resize=350%2C200","width":350,"height":200,"srcset":"https:\/\/i0.wp.com\/larevistadigital.com.ar\/blog\/wp-content\/uploads\/Patrullero-La-Plata-Berisso-Policia.jpg?fit=882%2C492&ssl=1&resize=350%2C200 1x, https:\/\/i0.wp.com\/larevistadigital.com.ar\/blog\/wp-content\/uploads\/Patrullero-La-Plata-Berisso-Policia.jpg?fit=882%2C492&ssl=1&resize=525%2C300 1.5x, https:\/\/i0.wp.com\/larevistadigital.com.ar\/blog\/wp-content\/uploads\/Patrullero-La-Plata-Berisso-Policia.jpg?fit=882%2C492&ssl=1&resize=700%2C400 2x"},"classes":[]},{"id":42431,"url":"https:\/\/larevistadigital.com.ar\/blog\/allanamiento-en-el-barrio-30-de-mayo-por-el-robo-a-un-comercio-de-chascomus\/","url_meta":{"origin":36326,"position":1},"title":"Allanamiento en el barrio 30 de Mayo por el robo a un comercio de Chascom\u00fas","author":"Alejandro Sosa Ruda","date":"8 noviembre, 2025","format":false,"excerpt":"El detenido hab\u00eda recuperado su libertad hace un poco m\u00e1s de un mes. 08 de Noviembre de 2025 CHASCOM\u00daS -\u00a0 \u00a0Autoridades policiales informaron que, tras una denuncia realizada el mi\u00e9rcoles 5 de noviembre por el robo de dinero en efectivo y una notebook en un comercio local, personal del Gabinete\u2026","rel":"","context":"En \u00abINTERES GENERAL\u00bb","block_context":{"text":"INTERES GENERAL","link":"https:\/\/larevistadigital.com.ar\/blog\/category\/interes-general\/"},"img":{"alt_text":"","src":"https:\/\/i0.wp.com\/larevistadigital.com.ar\/blog\/wp-content\/uploads\/2019\/03\/detenido-esposado.jpg?fit=1024%2C683&ssl=1&resize=350%2C200","width":350,"height":200,"srcset":"https:\/\/i0.wp.com\/larevistadigital.com.ar\/blog\/wp-content\/uploads\/2019\/03\/detenido-esposado.jpg?fit=1024%2C683&ssl=1&resize=350%2C200 1x, https:\/\/i0.wp.com\/larevistadigital.com.ar\/blog\/wp-content\/uploads\/2019\/03\/detenido-esposado.jpg?fit=1024%2C683&ssl=1&resize=525%2C300 1.5x, https:\/\/i0.wp.com\/larevistadigital.com.ar\/blog\/wp-content\/uploads\/2019\/03\/detenido-esposado.jpg?fit=1024%2C683&ssl=1&resize=700%2C400 2x"},"classes":[]},{"id":40362,"url":"https:\/\/larevistadigital.com.ar\/blog\/recuperan-moto-robada-en-chascomus-tras-un-allanamiento-positivo-en-el-barrio-acceso-norte\/","url_meta":{"origin":36326,"position":2},"title":"Recuperan moto robada en Chascom\u00fas tras un allanamiento positivo en el barrio Acceso Norte","author":"Alejandro Sosa Ruda","date":"7 julio, 2025","format":false,"excerpt":"El operativo fue realizado por personal policial tras una denuncia por hurto. Se secuestraron elementos clave para la investigaci\u00f3n y se notific\u00f3 al principal sospechoso. 07 de Julio de 2025 CHASCOM\u00daS -\u00a0 Una investigaci\u00f3n por el robo de una motocicleta en Chascom\u00fas deriv\u00f3 en un allanamiento con resultado positivo en\u2026","rel":"","context":"En \u00abDESTACADAS\u00bb","block_context":{"text":"DESTACADAS","link":"https:\/\/larevistadigital.com.ar\/blog\/category\/destacadas\/"},"img":{"alt_text":"","src":"https:\/\/i0.wp.com\/larevistadigital.com.ar\/blog\/wp-content\/uploads\/2017\/03\/policia-nino-mata.jpg?fit=745%2C574&ssl=1&resize=350%2C200","width":350,"height":200,"srcset":"https:\/\/i0.wp.com\/larevistadigital.com.ar\/blog\/wp-content\/uploads\/2017\/03\/policia-nino-mata.jpg?fit=745%2C574&ssl=1&resize=350%2C200 1x, https:\/\/i0.wp.com\/larevistadigital.com.ar\/blog\/wp-content\/uploads\/2017\/03\/policia-nino-mata.jpg?fit=745%2C574&ssl=1&resize=525%2C300 1.5x, https:\/\/i0.wp.com\/larevistadigital.com.ar\/blog\/wp-content\/uploads\/2017\/03\/policia-nino-mata.jpg?fit=745%2C574&ssl=1&resize=700%2C400 2x"},"classes":[]},{"id":40653,"url":"https:\/\/larevistadigital.com.ar\/blog\/chascomus-allanamiento-y-detencion-de-una-pareja-por-robo\/","url_meta":{"origin":36326,"position":3},"title":"Chascom\u00fas: Allanamiento y detenci\u00f3n de una pareja por robo","author":"Alejandro Sosa Ruda","date":"29 julio, 2025","format":false,"excerpt":"Tras una r\u00e1pida investigaci\u00f3n, lograron recuperar una moto, garrafas y televisores. La Justicia ya los tiene bajo su control. 29 de Julio de 2025 CHASCOM\u00daS\u00a0 -\u00a0 \u00a0Una pareja fue detenida en las \u00faltimas horas tras una serie de procedimientos encabezados por personal policial de Chascom\u00fas, que permitieron esclarecer un robo\u2026","rel":"","context":"En \u00abDESTACADAS\u00bb","block_context":{"text":"DESTACADAS","link":"https:\/\/larevistadigital.com.ar\/blog\/category\/destacadas\/"},"img":{"alt_text":"","src":"https:\/\/i0.wp.com\/larevistadigital.com.ar\/blog\/wp-content\/uploads\/POLICIA.png?fit=1002%2C658&ssl=1&resize=350%2C200","width":350,"height":200,"srcset":"https:\/\/i0.wp.com\/larevistadigital.com.ar\/blog\/wp-content\/uploads\/POLICIA.png?fit=1002%2C658&ssl=1&resize=350%2C200 1x, https:\/\/i0.wp.com\/larevistadigital.com.ar\/blog\/wp-content\/uploads\/POLICIA.png?fit=1002%2C658&ssl=1&resize=525%2C300 1.5x, https:\/\/i0.wp.com\/larevistadigital.com.ar\/blog\/wp-content\/uploads\/POLICIA.png?fit=1002%2C658&ssl=1&resize=700%2C400 2x"},"classes":[]},{"id":36335,"url":"https:\/\/larevistadigital.com.ar\/blog\/chascomus-aprehenden-a-menor-por-robo-en-barrio-parque\/","url_meta":{"origin":36326,"position":4},"title":"CHASCOM\u00daS: APREHENDEN A MENOR POR ROBO EN BARRIO PARQUE.","author":"Alejandro Sosa Ruda","date":"15 junio, 2024","format":false,"excerpt":"El muchacho se encuentra detenido en la comisar\u00eda primera, en espera de resoluci\u00f3n judicial. 15 de Junio de 2024 CHASCOM\u00daS -\u00a0 \u00a0Personal policial de E.P.C. Chascomus 1ra. tras la recepci\u00f3n de denuncia de un hecho de robo ocurrido en el Barrio Parque ocurrido en la madrugada del dia Lunes 10\u2026","rel":"","context":"En \u00abPOLICIALES\u00bb","block_context":{"text":"POLICIALES","link":"https:\/\/larevistadigital.com.ar\/blog\/category\/policiales\/"},"img":{"alt_text":"","src":"https:\/\/i0.wp.com\/larevistadigital.com.ar\/blog\/wp-content\/uploads\/POLICIA-2.jpg?fit=1002%2C671&ssl=1&resize=350%2C200","width":350,"height":200,"srcset":"https:\/\/i0.wp.com\/larevistadigital.com.ar\/blog\/wp-content\/uploads\/POLICIA-2.jpg?fit=1002%2C671&ssl=1&resize=350%2C200 1x, https:\/\/i0.wp.com\/larevistadigital.com.ar\/blog\/wp-content\/uploads\/POLICIA-2.jpg?fit=1002%2C671&ssl=1&resize=525%2C300 1.5x, https:\/\/i0.wp.com\/larevistadigital.com.ar\/blog\/wp-content\/uploads\/POLICIA-2.jpg?fit=1002%2C671&ssl=1&resize=700%2C400 2x"},"classes":[]},{"id":42460,"url":"https:\/\/larevistadigital.com.ar\/blog\/allanamiento-en-el-barrio-san-luis-por-el-robo-de-medidores-dos-imputados-y-al-menos-ocho-hechos-vinculados\/","url_meta":{"origin":36326,"position":5},"title":"Allanamiento en el Barrio San Luis por el robo de medidores: dos imputados y al menos ocho hechos vinculados","author":"Alejandro Sosa Ruda","date":"14 noviembre, 2025","format":false,"excerpt":"La Polic\u00eda de Chascom\u00fas realiz\u00f3 un allanamiento que permiti\u00f3 secuestrar elementos clave y prendas usadas en los robos. Una pareja qued\u00f3 imputada y se investiga una serie de hechos similares en la misma zona. 14 de Noviembre de 2025 CHASCOM\u00daS -\u00a0 \u00a0Tras una denuncia realizada de manera online en la\u2026","rel":"","context":"En \u00abINTERES GENERAL\u00bb","block_context":{"text":"INTERES GENERAL","link":"https:\/\/larevistadigital.com.ar\/blog\/category\/interes-general\/"},"img":{"alt_text":"POLIC\u00cdA","src":"https:\/\/i0.wp.com\/larevistadigital.com.ar\/blog\/wp-content\/uploads\/POLICIA-3.jpg?fit=880%2C512&ssl=1&resize=350%2C200","width":350,"height":200,"srcset":"https:\/\/i0.wp.com\/larevistadigital.com.ar\/blog\/wp-content\/uploads\/POLICIA-3.jpg?fit=880%2C512&ssl=1&resize=350%2C200 1x, https:\/\/i0.wp.com\/larevistadigital.com.ar\/blog\/wp-content\/uploads\/POLICIA-3.jpg?fit=880%2C512&ssl=1&resize=525%2C300 1.5x, https:\/\/i0.wp.com\/larevistadigital.com.ar\/blog\/wp-content\/uploads\/POLICIA-3.jpg?fit=880%2C512&ssl=1&resize=700%2C400 2x"},"classes":[]}],"_links":{"self":[{"href":"https:\/\/larevistadigital.com.ar\/blog\/wp-json\/wp\/v2\/posts\/36326","targetHints":{"allow":["GET"]}}],"collection":[{"href":"https:\/\/larevistadigital.com.ar\/blog\/wp-json\/wp\/v2\/posts"}],"about":[{"href":"https:\/\/larevistadigital.com.ar\/blog\/wp-json\/wp\/v2\/types\/post"}],"author":[{"embeddable":true,"href":"https:\/\/larevistadigital.com.ar\/blog\/wp-json\/wp\/v2\/users\/3"}],"replies":[{"embeddable":true,"href":"https:\/\/larevistadigital.com.ar\/blog\/wp-json\/wp\/v2\/comments?post=36326"}],"version-history":[{"count":1,"href":"https:\/\/larevistadigital.com.ar\/blog\/wp-json\/wp\/v2\/posts\/36326\/revisions"}],"predecessor-version":[{"id":36327,"href":"https:\/\/larevistadigital.com.ar\/blog\/wp-json\/wp\/v2\/posts\/36326\/revisions\/36327"}],"wp:featuredmedia":[{"embeddable":true,"href":"https:\/\/larevistadigital.com.ar\/blog\/wp-json\/wp\/v2\/media\/21648"}],"wp:attachment":[{"href":"https:\/\/larevistadigital.com.ar\/blog\/wp-json\/wp\/v2\/media?parent=36326"}],"wp:term":[{"taxonomy":"category","embeddable":true,"href":"https:\/\/larevistadigital.com.ar\/blog\/wp-json\/wp\/v2\/categories?post=36326"},{"taxonomy":"post_tag","embeddable":true,"href":"https:\/\/larevistadigital.com.ar\/blog\/wp-json\/wp\/v2\/tags?post=36326"}],"curies":[{"name":"wp","href":"https:\/\/api.w.org\/{rel}","templated":true}]}}