{"id":36331,"date":"2024-06-15T01:02:39","date_gmt":"2024-06-15T04:02:39","guid":{"rendered":"https:\/\/larevistadigital.com.ar\/blog\/?p=36331"},"modified":"2024-06-15T01:02:39","modified_gmt":"2024-06-15T04:02:39","slug":"chascomus-aprehenden-a-sujeto-que-ataco-a-pedradas-a-una-vivienda","status":"publish","type":"post","link":"https:\/\/larevistadigital.com.ar\/blog\/chascomus-aprehenden-a-sujeto-que-ataco-a-pedradas-a-una-vivienda\/","title":{"rendered":"CHASCOM\u00daS: APREHENDEN A SUJETO QUE ATAC\u00d3 A PEDRADAS A UNA VIVIENDA"},"content":{"rendered":"<h2>El sujeto intent\u00f3 fugarse pero la polic\u00eda se lo impidi\u00f3.<\/h2>\n<p>15 De Junio de 2024<\/p>\n<p><strong>CHASCOM\u00daS &#8211;\u00a0<\/strong> En horas de la madrugada del d\u00eda martes pasado, personal policial de E.P.C. Chascomus 1ra. procedi\u00f3 en calle Brasil y Canal de Beagle a la aprehension de un individuo mayor de edad, en momentos en que se encontraba rompiendo con piedras una vivienda.<\/p>\n<blockquote>\n<h3>El sujeto, al m0mento de ser advertido por la polic\u00eda, intento fugarse del lugar pero afortunadamente no pudo lograrlo.<\/h3>\n<\/blockquote>\n<p>El mismo actualmente se encuentra alojado en el sector de calabozos de E.P.C. Chascom\u00fas 1ra en calidad de detenido imputado por el delito de <strong>DA\u00d1O<\/strong> con intervencion de la UFID N 09 a cargo de la Dra. Daniela Bartoletti.<\/p>\n","protected":false},"excerpt":{"rendered":"<div class=\"mh-excerpt\"><p>El sujeto intent\u00f3 fugarse pero la polic\u00eda se lo impidi\u00f3. 15 De Junio de 2024 CHASCOM\u00daS &#8211;\u00a0 En horas de la madrugada del d\u00eda martes pasado, personal policial de E.P.C. Chascomus 1ra. procedi\u00f3 en calle <a class=\"mh-excerpt-more\" href=\"https:\/\/larevistadigital.com.ar\/blog\/chascomus-aprehenden-a-sujeto-que-ataco-a-pedradas-a-una-vivienda\/\" title=\"CHASCOM\u00daS: APREHENDEN A SUJETO QUE ATAC\u00d3 A PEDRADAS A UNA VIVIENDA\">[Leer M\u00e1s]<\/a><\/p>\n<\/div>","protected":false},"author":3,"featured_media":29411,"comment_status":"open","ping_status":"open","sticky":false,"template":"","format":"standard","meta":{"_jetpack_memberships_contains_paid_content":false,"footnotes":"","jetpack_publicize_message":"","jetpack_publicize_feature_enabled":true,"jetpack_social_post_already_shared":true,"jetpack_social_options":{"image_generator_settings":{"template":"highway","default_image_id":0,"font":"","enabled":false},"version":2}},"categories":[50,44],"tags":[],"class_list":{"0":"post-36331","1":"post","2":"type-post","3":"status-publish","4":"format-standard","5":"has-post-thumbnail","7":"category-interes-general","8":"category-policiales"},"jetpack_publicize_connections":[],"jetpack_featured_media_url":"https:\/\/i0.wp.com\/larevistadigital.com.ar\/blog\/wp-content\/uploads\/POLICIA-4.jpg?fit=880%2C512&ssl=1","jetpack_sharing_enabled":true,"jetpack_shortlink":"https:\/\/wp.me\/p8qtrQ-9rZ","jetpack-related-posts":[{"id":35996,"url":"https:\/\/larevistadigital.com.ar\/blog\/chascomus-la-policia-aprehendio-a-un-sujeto-que-intentaba-ingresar-a-un-galpon-de-la-rural-con-fines-de-robo\/","url_meta":{"origin":36331,"position":0},"title":"CHASCOM\u00daS: LA POLIC\u00cdA APREHENDI\u00d3 A UN SUJETO QUE INTENTABA INGRESAR A UN GALP\u00d3N DE LA RURAL CON FINES DE ROBO","author":"Alejandro Sosa Ruda","date":"5 mayo, 2024","format":false,"excerpt":"El sujeto fue detenido cuando intent\u00f3 ingresar a un galp\u00f3n. 5 de mayo de 2024 CHASCOM\u00daS\u00a0 -\u00a0 En horas de la madrugada de ayer, personal policial de E.P.C. Chascom\u00fas 1ra. procedi\u00f3 en conjunto con personal de seguridad privada a aprehender a una persona mayor de edad de esta localidad con\u2026","rel":"","context":"En \u00abINTERES GENERAL\u00bb","block_context":{"text":"INTERES GENERAL","link":"https:\/\/larevistadigital.com.ar\/blog\/category\/interes-general\/"},"img":{"alt_text":"","src":"https:\/\/i0.wp.com\/larevistadigital.com.ar\/blog\/wp-content\/uploads\/WhatsApp-Image-2024-05-04-at-20.36.15.jpeg?fit=980%2C1200&ssl=1&resize=350%2C200","width":350,"height":200,"srcset":"https:\/\/i0.wp.com\/larevistadigital.com.ar\/blog\/wp-content\/uploads\/WhatsApp-Image-2024-05-04-at-20.36.15.jpeg?fit=980%2C1200&ssl=1&resize=350%2C200 1x, https:\/\/i0.wp.com\/larevistadigital.com.ar\/blog\/wp-content\/uploads\/WhatsApp-Image-2024-05-04-at-20.36.15.jpeg?fit=980%2C1200&ssl=1&resize=525%2C300 1.5x, https:\/\/i0.wp.com\/larevistadigital.com.ar\/blog\/wp-content\/uploads\/WhatsApp-Image-2024-05-04-at-20.36.15.jpeg?fit=980%2C1200&ssl=1&resize=700%2C400 2x"},"classes":[]},{"id":35437,"url":"https:\/\/larevistadigital.com.ar\/blog\/chascomus-robo-en-un-corralon-y-fue-detenido-por-la-policia\/","url_meta":{"origin":36331,"position":1},"title":"CHASCOM\u00daS: ROB\u00d3 EN UN CORRAL\u00d3N Y FUE DETENIDO POR LA POLIC\u00cdA","author":"Alejandro Sosa Ruda","date":"9 marzo, 2024","format":false,"excerpt":"El sujeto oriundo de Dolores, intent\u00f3 escapar, pero fue aprehendido a pocas cuadras del lugar, con todos los elementos robados. 9 de marzo de 2024 CHASCOM\u00daS -\u00a0 Durante las primeras horas de la madrugada del dia de la fecha, personal policial de E.P.C. Chascomus 1ra., procedi\u00f3 a la aprehensi\u00f3n de\u2026","rel":"","context":"En \u00abCHASCOM\u00daS\u00bb","block_context":{"text":"CHASCOM\u00daS","link":"https:\/\/larevistadigital.com.ar\/blog\/category\/chascomus\/"},"img":{"alt_text":"","src":"https:\/\/i0.wp.com\/larevistadigital.com.ar\/blog\/wp-content\/uploads\/1620734311775.jpg?fit=1200%2C777&ssl=1&resize=350%2C200","width":350,"height":200,"srcset":"https:\/\/i0.wp.com\/larevistadigital.com.ar\/blog\/wp-content\/uploads\/1620734311775.jpg?fit=1200%2C777&ssl=1&resize=350%2C200 1x, https:\/\/i0.wp.com\/larevistadigital.com.ar\/blog\/wp-content\/uploads\/1620734311775.jpg?fit=1200%2C777&ssl=1&resize=525%2C300 1.5x, https:\/\/i0.wp.com\/larevistadigital.com.ar\/blog\/wp-content\/uploads\/1620734311775.jpg?fit=1200%2C777&ssl=1&resize=700%2C400 2x, https:\/\/i0.wp.com\/larevistadigital.com.ar\/blog\/wp-content\/uploads\/1620734311775.jpg?fit=1200%2C777&ssl=1&resize=1050%2C600 3x"},"classes":[]},{"id":38525,"url":"https:\/\/larevistadigital.com.ar\/blog\/chascomus-tras-un-llamado-al-911-la-policia-aprehendio-a-dos-sujetos-que-intentaban-ingresar-a-una-vivienda\/","url_meta":{"origin":36331,"position":2},"title":"Chascom\u00fas: Tras un llamado al 911 la polic\u00eda aprehendi\u00f3 a dos sujetos que intentaban ingresar a una vivienda","author":"Alejandro Sosa Ruda","date":"25 enero, 2025","format":false,"excerpt":"Eran chascomunenses con antecedentes penales. Se encuentran en la Comisar\u00eda, esperando la resoluci\u00f3n judicial que determine si quedan detenidos o recuperan su libertad. 25 de Enero de 2025 CHASCOM\u00daS -\u00a0 En horas del mediodia de ayer la polic\u00eda recibi\u00f3 un aviso telefonico al 911 informando que una persona masculina ingresaba\u2026","rel":"","context":"En \u00abDESTACADAS\u00bb","block_context":{"text":"DESTACADAS","link":"https:\/\/larevistadigital.com.ar\/blog\/category\/destacadas\/"},"img":{"alt_text":"","src":"https:\/\/i0.wp.com\/larevistadigital.com.ar\/blog\/wp-content\/uploads\/detenido-esposado.jpg?fit=1024%2C683&ssl=1&resize=350%2C200","width":350,"height":200,"srcset":"https:\/\/i0.wp.com\/larevistadigital.com.ar\/blog\/wp-content\/uploads\/detenido-esposado.jpg?fit=1024%2C683&ssl=1&resize=350%2C200 1x, https:\/\/i0.wp.com\/larevistadigital.com.ar\/blog\/wp-content\/uploads\/detenido-esposado.jpg?fit=1024%2C683&ssl=1&resize=525%2C300 1.5x, https:\/\/i0.wp.com\/larevistadigital.com.ar\/blog\/wp-content\/uploads\/detenido-esposado.jpg?fit=1024%2C683&ssl=1&resize=700%2C400 2x"},"classes":[]},{"id":36135,"url":"https:\/\/larevistadigital.com.ar\/blog\/chascomus-la-policia-aprehendio-a-un-sujeto-que-cometio-un-hurto-y-habia-recuperado-la-libertad-luego-de-haber-cometido-otro-hace-unos-dias\/","url_meta":{"origin":36331,"position":3},"title":"CHASCOM\u00daS: LA POLIC\u00cdA APREHENDI\u00d3 A UN SUJETO QUE COMETI\u00d3 UN HURTO Y HAB\u00cdA RECUPERADO LA LIBERTAD LUEGO DE HABER COMETIDO OTRO HACE UNOS DIAS&#8230;","author":"Alejandro Sosa Ruda","date":"26 mayo, 2024","format":false,"excerpt":"El aprehendido hab\u00eda sido detenido hace unos d\u00edas, y pese a eso estaba en libertad, cometiendo un nuevo il\u00edcito. \u00bfHasta cu\u00e1ndo la justicia permite que sucedan estas situaciones? 26 de Mayo de 2024 CHASCOMUS-\u00a0 En horas de la madrugada y gracias al aviso del Centro de Monitoreo Chascom\u00fas, los cuales\u2026","rel":"","context":"En \u00abDESTACADAS\u00bb","block_context":{"text":"DESTACADAS","link":"https:\/\/larevistadigital.com.ar\/blog\/category\/destacadas\/"},"img":{"alt_text":"","src":"https:\/\/i0.wp.com\/larevistadigital.com.ar\/blog\/wp-content\/uploads\/policia-24-9-2021-4.jpg?fit=1199%2C1200&ssl=1&resize=350%2C200","width":350,"height":200,"srcset":"https:\/\/i0.wp.com\/larevistadigital.com.ar\/blog\/wp-content\/uploads\/policia-24-9-2021-4.jpg?fit=1199%2C1200&ssl=1&resize=350%2C200 1x, https:\/\/i0.wp.com\/larevistadigital.com.ar\/blog\/wp-content\/uploads\/policia-24-9-2021-4.jpg?fit=1199%2C1200&ssl=1&resize=525%2C300 1.5x, https:\/\/i0.wp.com\/larevistadigital.com.ar\/blog\/wp-content\/uploads\/policia-24-9-2021-4.jpg?fit=1199%2C1200&ssl=1&resize=700%2C400 2x, https:\/\/i0.wp.com\/larevistadigital.com.ar\/blog\/wp-content\/uploads\/policia-24-9-2021-4.jpg?fit=1199%2C1200&ssl=1&resize=1050%2C600 3x"},"classes":[]},{"id":37243,"url":"https:\/\/larevistadigital.com.ar\/blog\/chascomus-detienen-a-un-sujeto-por-violencia-de-genero\/","url_meta":{"origin":36331,"position":4},"title":"CHASCOM\u00daS: DETIENEN A UN SUJETO POR VIOLENCIA DE G\u00c9NERO","author":"Alejandro Sosa Ruda","date":"16 septiembre, 2024","format":false,"excerpt":"La mujer pidi\u00f3 ayuda de manera disimulada a un transe\u00fante, que a su vez inform\u00f3 a la polic\u00eda que aprehendi\u00f3 al sujeto. 16 de Septiembre de 2024 CHASCOM\u00daS\u00a0 -\u00a0 \u00a0En horas del mediodia del dia sabado, personal policial de E.P.C. Chascomus 1ra. se traslado al barrio la noria ya que\u2026","rel":"","context":"En \u00abINTERES GENERAL\u00bb","block_context":{"text":"INTERES GENERAL","link":"https:\/\/larevistadigital.com.ar\/blog\/category\/interes-general\/"},"img":{"alt_text":"","src":"https:\/\/i0.wp.com\/larevistadigital.com.ar\/blog\/wp-content\/uploads\/detenido-esposado.jpg?fit=1024%2C683&ssl=1&resize=350%2C200","width":350,"height":200,"srcset":"https:\/\/i0.wp.com\/larevistadigital.com.ar\/blog\/wp-content\/uploads\/detenido-esposado.jpg?fit=1024%2C683&ssl=1&resize=350%2C200 1x, https:\/\/i0.wp.com\/larevistadigital.com.ar\/blog\/wp-content\/uploads\/detenido-esposado.jpg?fit=1024%2C683&ssl=1&resize=525%2C300 1.5x, https:\/\/i0.wp.com\/larevistadigital.com.ar\/blog\/wp-content\/uploads\/detenido-esposado.jpg?fit=1024%2C683&ssl=1&resize=700%2C400 2x"},"classes":[]},{"id":34165,"url":"https:\/\/larevistadigital.com.ar\/blog\/violacion-de-domicilio-sustraccion-de-dinero-y-amenazas-con-arma-blanca-a-su-ex-pareja-y-a-vecinos\/","url_meta":{"origin":36331,"position":5},"title":"VIOLACI\u00d3N DE DOMICILIO, SUSTRACCI\u00d3N DE DINERO Y AMENAZAS CON ARMA BLANCA A SU EX-PAREJA Y A VECINOS.","author":"Alejandro Sosa Ruda","date":"21 octubre, 2023","format":false,"excerpt":"CHASCOM\u00daS -\u00a0 El d\u00eda jueves personal policial de E.P.C. Chascomus 1ra. realiz\u00f3 diferentes tareas investigativas tendientes a colectar pruebas respecto de un hecho ocurrido en la calle 3 del barrio 30 de Mayo, en el que una persona de sexo masculino ingres\u00f3 a la vivienda de su ex pareja con\u2026","rel":"","context":"En \u00abCHASCOM\u00daS\u00bb","block_context":{"text":"CHASCOM\u00daS","link":"https:\/\/larevistadigital.com.ar\/blog\/category\/chascomus\/"},"img":{"alt_text":"","src":"https:\/\/i0.wp.com\/larevistadigital.com.ar\/blog\/wp-content\/uploads\/WhatsApp-Image-2023-10-21-at-14.32.52-e1697915594274.jpeg?fit=712%2C696&ssl=1&resize=350%2C200","width":350,"height":200,"srcset":"https:\/\/i0.wp.com\/larevistadigital.com.ar\/blog\/wp-content\/uploads\/WhatsApp-Image-2023-10-21-at-14.32.52-e1697915594274.jpeg?fit=712%2C696&ssl=1&resize=350%2C200 1x, https:\/\/i0.wp.com\/larevistadigital.com.ar\/blog\/wp-content\/uploads\/WhatsApp-Image-2023-10-21-at-14.32.52-e1697915594274.jpeg?fit=712%2C696&ssl=1&resize=525%2C300 1.5x, https:\/\/i0.wp.com\/larevistadigital.com.ar\/blog\/wp-content\/uploads\/WhatsApp-Image-2023-10-21-at-14.32.52-e1697915594274.jpeg?fit=712%2C696&ssl=1&resize=700%2C400 2x"},"classes":[]}],"_links":{"self":[{"href":"https:\/\/larevistadigital.com.ar\/blog\/wp-json\/wp\/v2\/posts\/36331","targetHints":{"allow":["GET"]}}],"collection":[{"href":"https:\/\/larevistadigital.com.ar\/blog\/wp-json\/wp\/v2\/posts"}],"about":[{"href":"https:\/\/larevistadigital.com.ar\/blog\/wp-json\/wp\/v2\/types\/post"}],"author":[{"embeddable":true,"href":"https:\/\/larevistadigital.com.ar\/blog\/wp-json\/wp\/v2\/users\/3"}],"replies":[{"embeddable":true,"href":"https:\/\/larevistadigital.com.ar\/blog\/wp-json\/wp\/v2\/comments?post=36331"}],"version-history":[{"count":1,"href":"https:\/\/larevistadigital.com.ar\/blog\/wp-json\/wp\/v2\/posts\/36331\/revisions"}],"predecessor-version":[{"id":36332,"href":"https:\/\/larevistadigital.com.ar\/blog\/wp-json\/wp\/v2\/posts\/36331\/revisions\/36332"}],"wp:featuredmedia":[{"embeddable":true,"href":"https:\/\/larevistadigital.com.ar\/blog\/wp-json\/wp\/v2\/media\/29411"}],"wp:attachment":[{"href":"https:\/\/larevistadigital.com.ar\/blog\/wp-json\/wp\/v2\/media?parent=36331"}],"wp:term":[{"taxonomy":"category","embeddable":true,"href":"https:\/\/larevistadigital.com.ar\/blog\/wp-json\/wp\/v2\/categories?post=36331"},{"taxonomy":"post_tag","embeddable":true,"href":"https:\/\/larevistadigital.com.ar\/blog\/wp-json\/wp\/v2\/tags?post=36331"}],"curies":[{"name":"wp","href":"https:\/\/api.w.org\/{rel}","templated":true}]}}