{"id":36333,"date":"2024-06-15T01:11:06","date_gmt":"2024-06-15T04:11:06","guid":{"rendered":"https:\/\/larevistadigital.com.ar\/blog\/?p=36333"},"modified":"2024-06-15T01:11:06","modified_gmt":"2024-06-15T04:11:06","slug":"chascomus-detienen-a-un-sujeto-que-robaba-placas-antiguas-con-nombres-de-calles","status":"publish","type":"post","link":"https:\/\/larevistadigital.com.ar\/blog\/chascomus-detienen-a-un-sujeto-que-robaba-placas-antiguas-con-nombres-de-calles\/","title":{"rendered":"CHASCOM\u00daS: DETIENEN A UN SUJETO QUE ROBABA PLACAS ANTIGUAS CON NOMBRES DE CALLES"},"content":{"rendered":"<h2>El individuo arrancaba los carteles enlozados por su valor como antig\u00fcedad, seguramente para ser vendidos.<\/h2>\n<p>15 de Junio de 2024<\/p>\n<p><strong>CHASCOM\u00daS &#8211;\u00a0<\/strong> En horas de la tarde del d\u00eda martes pasado, personal policial de E.P.C. Chascom\u00fas 1ra. y tras la convocatoria de 911, lograron aprehemder en calle Maip\u00fa y Alvear a un sujeto de sexo masculino y mayor de edad, momentos despu\u00e9s de que el mismo y mediante el uso de una escalera,\u00a0 arranc\u00f3 de una pared de calle Maipu, un cartel de chapa enlosada que indicaba la ubicaci\u00f3n de calle mencionada.<\/p>\n<blockquote>\n<h3>El sub comisario Gerardo Ferreira, asegur\u00f3 en una nota radial durante el programa \u00abAtaque de Radio\u00bb al periodista Alejandro \u00abEl Tano \u00bb Sosa, que est\u00e1n tras la pista del \u00abreducidor\u00bb de estos elementos.<\/h3>\n<\/blockquote>\n<p>El masculino actualmente <strong>ya en calidad de detenido<\/strong> se encuentra alojado en sector de calabozos de E.P.C. Chascom\u00fas 1ra. imputado por el delito de <strong>ROBO AGRAVADO POR ESCALAMIENTO EN GRADO DE TENTATIVA<\/strong> con intervenci\u00f3n de la UFID N 9 a cargo de la <strong>Dra. Daniela Bartoletti.<\/strong><\/p>\n","protected":false},"excerpt":{"rendered":"<div class=\"mh-excerpt\"><p>El individuo arrancaba los carteles enlozados por su valor como antig\u00fcedad, seguramente para ser vendidos. 15 de Junio de 2024 CHASCOM\u00daS &#8211;\u00a0 En horas de la tarde del d\u00eda martes pasado, personal policial de E.P.C. <a class=\"mh-excerpt-more\" href=\"https:\/\/larevistadigital.com.ar\/blog\/chascomus-detienen-a-un-sujeto-que-robaba-placas-antiguas-con-nombres-de-calles\/\" title=\"CHASCOM\u00daS: DETIENEN A UN SUJETO QUE ROBABA PLACAS ANTIGUAS CON NOMBRES DE CALLES\">[Leer M\u00e1s]<\/a><\/p>\n<\/div>","protected":false},"author":3,"featured_media":7557,"comment_status":"open","ping_status":"open","sticky":false,"template":"","format":"standard","meta":{"_jetpack_memberships_contains_paid_content":false,"footnotes":"","jetpack_publicize_message":"","jetpack_publicize_feature_enabled":true,"jetpack_social_post_already_shared":true,"jetpack_social_options":{"image_generator_settings":{"template":"highway","default_image_id":0,"font":"","enabled":false},"version":2}},"categories":[50,44],"tags":[],"class_list":{"0":"post-36333","1":"post","2":"type-post","3":"status-publish","4":"format-standard","5":"has-post-thumbnail","7":"category-interes-general","8":"category-policiales"},"jetpack_publicize_connections":[],"jetpack_featured_media_url":"https:\/\/i0.wp.com\/larevistadigital.com.ar\/blog\/wp-content\/uploads\/2019\/01\/bbx_755050019_comisaria_chasco_01.jpg?fit=800%2C579&ssl=1","jetpack_sharing_enabled":true,"jetpack_shortlink":"https:\/\/wp.me\/p8qtrQ-9s1","jetpack-related-posts":[{"id":32823,"url":"https:\/\/larevistadigital.com.ar\/blog\/chascomus-detienen-y-trasladan-a-un-sujeto-con-frondosos-antecedentes-cuando-intentaba-robar-un-auto\/","url_meta":{"origin":36333,"position":0},"title":"CHASCOM\u00daS: DETIENEN Y TRASLADAN A UN SUJETO CON FRONDOSOS ANTECEDENTES CUANDO INTENTABA ROBAR UN AUTO","author":"Alejandro Sosa Ruda","date":"10 agosto, 2023","format":false,"excerpt":"10 de agosto de 2023 CHASCOM\u00daS -\u00a0 Durante la madrugada de hoy, personal policial de la Estaci\u00f3n de Polic\u00eda Comunal Chascomus Primera aprehendi\u00f3 a una persona de sexo masculino, cuando se fugaba del lugar en donde hab\u00eda roto la cerradura de la puerta de un veh\u00edculo de calle Tandil para\u2026","rel":"","context":"En \u00abINTERES GENERAL\u00bb","block_context":{"text":"INTERES GENERAL","link":"https:\/\/larevistadigital.com.ar\/blog\/category\/interes-general\/"},"img":{"alt_text":"","src":"https:\/\/i0.wp.com\/larevistadigital.com.ar\/blog\/wp-content\/uploads\/WhatsApp-Image-2023-08-09-at-19.13.34.jpeg?fit=772%2C1200&ssl=1&resize=350%2C200","width":350,"height":200,"srcset":"https:\/\/i0.wp.com\/larevistadigital.com.ar\/blog\/wp-content\/uploads\/WhatsApp-Image-2023-08-09-at-19.13.34.jpeg?fit=772%2C1200&ssl=1&resize=350%2C200 1x, https:\/\/i0.wp.com\/larevistadigital.com.ar\/blog\/wp-content\/uploads\/WhatsApp-Image-2023-08-09-at-19.13.34.jpeg?fit=772%2C1200&ssl=1&resize=525%2C300 1.5x, https:\/\/i0.wp.com\/larevistadigital.com.ar\/blog\/wp-content\/uploads\/WhatsApp-Image-2023-08-09-at-19.13.34.jpeg?fit=772%2C1200&ssl=1&resize=700%2C400 2x"},"classes":[]},{"id":31733,"url":"https:\/\/larevistadigital.com.ar\/blog\/chascomus-aprehenden-a-un-sujeto-que-habia-robado-una-bateria-de-una-auto-en-calle-chacabuco\/","url_meta":{"origin":36333,"position":1},"title":"CHASCOM\u00daS: APREHENDEN A UN SUJETO QUE HAB\u00cdA ROBADO UNA BATER\u00cdA DE UNA AUTO EN CALLE CHACABUCO.","author":"Alejandro Sosa Ruda","date":"24 mayo, 2023","format":false,"excerpt":"Tras las investigaciones del caso, se allan\u00f3 un domicilio donde se incaut\u00f3 material probatorio y se aprehendi\u00f3 a un hombre. 24 de mayo de 2023 CHASCOM\u00daS -\u00a0 El d\u00eda s\u00e1bado 20 de Mayo, se radic\u00f3 una denuncia sonde una persona manifiesta que dej\u00f3 estacionado su veh\u00edculo Renault 12\u00a0 frente a\u2026","rel":"","context":"En \u00abCHASCOM\u00daS\u00bb","block_context":{"text":"CHASCOM\u00daS","link":"https:\/\/larevistadigital.com.ar\/blog\/category\/chascomus\/"},"img":{"alt_text":"","src":"https:\/\/i0.wp.com\/larevistadigital.com.ar\/blog\/wp-content\/uploads\/20211104120442_polic.jpg?fit=880%2C512&ssl=1&resize=350%2C200","width":350,"height":200,"srcset":"https:\/\/i0.wp.com\/larevistadigital.com.ar\/blog\/wp-content\/uploads\/20211104120442_polic.jpg?fit=880%2C512&ssl=1&resize=350%2C200 1x, https:\/\/i0.wp.com\/larevistadigital.com.ar\/blog\/wp-content\/uploads\/20211104120442_polic.jpg?fit=880%2C512&ssl=1&resize=525%2C300 1.5x, https:\/\/i0.wp.com\/larevistadigital.com.ar\/blog\/wp-content\/uploads\/20211104120442_polic.jpg?fit=880%2C512&ssl=1&resize=700%2C400 2x"},"classes":[]},{"id":37243,"url":"https:\/\/larevistadigital.com.ar\/blog\/chascomus-detienen-a-un-sujeto-por-violencia-de-genero\/","url_meta":{"origin":36333,"position":2},"title":"CHASCOM\u00daS: DETIENEN A UN SUJETO POR VIOLENCIA DE G\u00c9NERO","author":"Alejandro Sosa Ruda","date":"16 septiembre, 2024","format":false,"excerpt":"La mujer pidi\u00f3 ayuda de manera disimulada a un transe\u00fante, que a su vez inform\u00f3 a la polic\u00eda que aprehendi\u00f3 al sujeto. 16 de Septiembre de 2024 CHASCOM\u00daS\u00a0 -\u00a0 \u00a0En horas del mediodia del dia sabado, personal policial de E.P.C. Chascomus 1ra. se traslado al barrio la noria ya que\u2026","rel":"","context":"En \u00abINTERES GENERAL\u00bb","block_context":{"text":"INTERES GENERAL","link":"https:\/\/larevistadigital.com.ar\/blog\/category\/interes-general\/"},"img":{"alt_text":"","src":"https:\/\/i0.wp.com\/larevistadigital.com.ar\/blog\/wp-content\/uploads\/detenido-esposado.jpg?fit=1024%2C683&ssl=1&resize=350%2C200","width":350,"height":200,"srcset":"https:\/\/i0.wp.com\/larevistadigital.com.ar\/blog\/wp-content\/uploads\/detenido-esposado.jpg?fit=1024%2C683&ssl=1&resize=350%2C200 1x, https:\/\/i0.wp.com\/larevistadigital.com.ar\/blog\/wp-content\/uploads\/detenido-esposado.jpg?fit=1024%2C683&ssl=1&resize=525%2C300 1.5x, https:\/\/i0.wp.com\/larevistadigital.com.ar\/blog\/wp-content\/uploads\/detenido-esposado.jpg?fit=1024%2C683&ssl=1&resize=700%2C400 2x"},"classes":[]},{"id":39325,"url":"https:\/\/larevistadigital.com.ar\/blog\/chascomus-sujeto-fue-aprehendido-por-desobediencia\/","url_meta":{"origin":36333,"position":3},"title":"Chascom\u00fas: Sujeto fue aprehendido por \u00abdesobediencia\u00bb","author":"Alejandro Sosa Ruda","date":"7 abril, 2025","format":false,"excerpt":"CHASCOM\u00daS -\u00a0 \u00a0Ocurri\u00f3 ayer, 6 de abril cuando a raiz de un llamado, personal policial acudi\u00f3 a la calle Grito de Dolores, entre I. Arabes y Per\u00fa, ya que una persona de sexo masculino se encontraba en un domicilio sobre el cual ten\u00eda una restricci\u00f3n perimetral para con la moradora\u2026","rel":"","context":"En \u00abSin categor\u00eda\u00bb","block_context":{"text":"Sin categor\u00eda","link":"https:\/\/larevistadigital.com.ar\/blog\/category\/sin-categoria\/"},"img":{"alt_text":"","src":"https:\/\/i0.wp.com\/larevistadigital.com.ar\/blog\/wp-content\/uploads\/una-mujer-fue-rescatada-la-policia-la-plata.jpg?fit=1200%2C675&ssl=1&resize=350%2C200","width":350,"height":200,"srcset":"https:\/\/i0.wp.com\/larevistadigital.com.ar\/blog\/wp-content\/uploads\/una-mujer-fue-rescatada-la-policia-la-plata.jpg?fit=1200%2C675&ssl=1&resize=350%2C200 1x, https:\/\/i0.wp.com\/larevistadigital.com.ar\/blog\/wp-content\/uploads\/una-mujer-fue-rescatada-la-policia-la-plata.jpg?fit=1200%2C675&ssl=1&resize=525%2C300 1.5x, https:\/\/i0.wp.com\/larevistadigital.com.ar\/blog\/wp-content\/uploads\/una-mujer-fue-rescatada-la-policia-la-plata.jpg?fit=1200%2C675&ssl=1&resize=700%2C400 2x, https:\/\/i0.wp.com\/larevistadigital.com.ar\/blog\/wp-content\/uploads\/una-mujer-fue-rescatada-la-policia-la-plata.jpg?fit=1200%2C675&ssl=1&resize=1050%2C600 3x"},"classes":[]},{"id":32394,"url":"https:\/\/larevistadigital.com.ar\/blog\/chascomus-la-policia-cumplio-con-la-orden-de-detencion-de-un-sujeto-en-calle-brasil\/","url_meta":{"origin":36333,"position":4},"title":"CHASCOM\u00daS: LA POLIC\u00cdA CUMPLI\u00d3 CON LA ORDEN DE DETENCI\u00d3N DE UN SUJETO EN CALLE BRASIL","author":"Alejandro Sosa Ruda","date":"13 julio, 2023","format":false,"excerpt":"El detenido est\u00e1 acusado de cuatro hechos de violencia, y se encuentra alojado en la Estaci\u00f3n de Polic\u00eda Comunal \"Chascom\u00fas 1ra.\" 13 de julio de 2023 CHASCOM\u00daS -\u00a0 Inform\u00f3 la Polic\u00eda Comunal que en el d\u00eda de la fecha se recibi\u00f3 orden de allanamiento para un domicilio de calle Brasil\u2026","rel":"","context":"En \u00abINTERES GENERAL\u00bb","block_context":{"text":"INTERES GENERAL","link":"https:\/\/larevistadigital.com.ar\/blog\/category\/interes-general\/"},"img":{"alt_text":"","src":"https:\/\/i0.wp.com\/larevistadigital.com.ar\/blog\/wp-content\/uploads\/policia-5-e1689287159832.jpg?fit=700%2C719&ssl=1&resize=350%2C200","width":350,"height":200,"srcset":"https:\/\/i0.wp.com\/larevistadigital.com.ar\/blog\/wp-content\/uploads\/policia-5-e1689287159832.jpg?fit=700%2C719&ssl=1&resize=350%2C200 1x, https:\/\/i0.wp.com\/larevistadigital.com.ar\/blog\/wp-content\/uploads\/policia-5-e1689287159832.jpg?fit=700%2C719&ssl=1&resize=525%2C300 1.5x, https:\/\/i0.wp.com\/larevistadigital.com.ar\/blog\/wp-content\/uploads\/policia-5-e1689287159832.jpg?fit=700%2C719&ssl=1&resize=700%2C400 2x"},"classes":[]},{"id":34165,"url":"https:\/\/larevistadigital.com.ar\/blog\/violacion-de-domicilio-sustraccion-de-dinero-y-amenazas-con-arma-blanca-a-su-ex-pareja-y-a-vecinos\/","url_meta":{"origin":36333,"position":5},"title":"VIOLACI\u00d3N DE DOMICILIO, SUSTRACCI\u00d3N DE DINERO Y AMENAZAS CON ARMA BLANCA A SU EX-PAREJA Y A VECINOS.","author":"Alejandro Sosa Ruda","date":"21 octubre, 2023","format":false,"excerpt":"CHASCOM\u00daS -\u00a0 El d\u00eda jueves personal policial de E.P.C. Chascomus 1ra. realiz\u00f3 diferentes tareas investigativas tendientes a colectar pruebas respecto de un hecho ocurrido en la calle 3 del barrio 30 de Mayo, en el que una persona de sexo masculino ingres\u00f3 a la vivienda de su ex pareja con\u2026","rel":"","context":"En \u00abCHASCOM\u00daS\u00bb","block_context":{"text":"CHASCOM\u00daS","link":"https:\/\/larevistadigital.com.ar\/blog\/category\/chascomus\/"},"img":{"alt_text":"","src":"https:\/\/i0.wp.com\/larevistadigital.com.ar\/blog\/wp-content\/uploads\/WhatsApp-Image-2023-10-21-at-14.32.52-e1697915594274.jpeg?fit=712%2C696&ssl=1&resize=350%2C200","width":350,"height":200,"srcset":"https:\/\/i0.wp.com\/larevistadigital.com.ar\/blog\/wp-content\/uploads\/WhatsApp-Image-2023-10-21-at-14.32.52-e1697915594274.jpeg?fit=712%2C696&ssl=1&resize=350%2C200 1x, https:\/\/i0.wp.com\/larevistadigital.com.ar\/blog\/wp-content\/uploads\/WhatsApp-Image-2023-10-21-at-14.32.52-e1697915594274.jpeg?fit=712%2C696&ssl=1&resize=525%2C300 1.5x, https:\/\/i0.wp.com\/larevistadigital.com.ar\/blog\/wp-content\/uploads\/WhatsApp-Image-2023-10-21-at-14.32.52-e1697915594274.jpeg?fit=712%2C696&ssl=1&resize=700%2C400 2x"},"classes":[]}],"_links":{"self":[{"href":"https:\/\/larevistadigital.com.ar\/blog\/wp-json\/wp\/v2\/posts\/36333","targetHints":{"allow":["GET"]}}],"collection":[{"href":"https:\/\/larevistadigital.com.ar\/blog\/wp-json\/wp\/v2\/posts"}],"about":[{"href":"https:\/\/larevistadigital.com.ar\/blog\/wp-json\/wp\/v2\/types\/post"}],"author":[{"embeddable":true,"href":"https:\/\/larevistadigital.com.ar\/blog\/wp-json\/wp\/v2\/users\/3"}],"replies":[{"embeddable":true,"href":"https:\/\/larevistadigital.com.ar\/blog\/wp-json\/wp\/v2\/comments?post=36333"}],"version-history":[{"count":1,"href":"https:\/\/larevistadigital.com.ar\/blog\/wp-json\/wp\/v2\/posts\/36333\/revisions"}],"predecessor-version":[{"id":36334,"href":"https:\/\/larevistadigital.com.ar\/blog\/wp-json\/wp\/v2\/posts\/36333\/revisions\/36334"}],"wp:featuredmedia":[{"embeddable":true,"href":"https:\/\/larevistadigital.com.ar\/blog\/wp-json\/wp\/v2\/media\/7557"}],"wp:attachment":[{"href":"https:\/\/larevistadigital.com.ar\/blog\/wp-json\/wp\/v2\/media?parent=36333"}],"wp:term":[{"taxonomy":"category","embeddable":true,"href":"https:\/\/larevistadigital.com.ar\/blog\/wp-json\/wp\/v2\/categories?post=36333"},{"taxonomy":"post_tag","embeddable":true,"href":"https:\/\/larevistadigital.com.ar\/blog\/wp-json\/wp\/v2\/tags?post=36333"}],"curies":[{"name":"wp","href":"https:\/\/api.w.org\/{rel}","templated":true}]}}