{"id":36335,"date":"2024-06-15T01:23:26","date_gmt":"2024-06-15T04:23:26","guid":{"rendered":"https:\/\/larevistadigital.com.ar\/blog\/?p=36335"},"modified":"2024-06-15T01:23:26","modified_gmt":"2024-06-15T04:23:26","slug":"chascomus-aprehenden-a-menor-por-robo-en-barrio-parque","status":"publish","type":"post","link":"https:\/\/larevistadigital.com.ar\/blog\/chascomus-aprehenden-a-menor-por-robo-en-barrio-parque\/","title":{"rendered":"CHASCOM\u00daS: APREHENDEN A MENOR POR ROBO EN BARRIO PARQUE."},"content":{"rendered":"<h2>El muchacho se encuentra detenido en la comisar\u00eda primera, en espera de resoluci\u00f3n judicial.<\/h2>\n<p>15 de Junio de 2024<\/p>\n<p><strong>CHASCOM\u00daS &#8211;\u00a0<\/strong> \u00a0Personal policial de E.P.C. Chascomus 1ra. tras la recepci\u00f3n de denuncia de un hecho de robo ocurrido en el Barrio Parque ocurrido en la madrugada del dia Lunes 10 y luego de las distintas tareas de investigaci\u00f3n realizadas por el Gabinete T\u00e9cnico Operativo\u00a0 se pudo establecer la identidad del autor del hecho, que result\u00f3 ser menor 16 a\u00f1os de edad (PUNIBLE).<\/p>\n<blockquote>\n<h3>El Fuero de Responsabilidad Penal Juvenil n 2 de Dolores a cargo de la Dra. <strong>M\u00f3nica Ferre<\/strong>, valorando la prueba colectada solicit\u00f3 una orden de allanamiento para un domicilio del barrio San Cayetano, la que se realiz\u00f3 en horas de la tarde.<\/h3>\n<\/blockquote>\n<p>Si bien el sindicado como autor del hecho intento fugarse por techos y patios de vecinos logro ser interceptado para presenciar la medida.<\/p>\n<blockquote>\n<h3>Luego de culminar con el Allanamiento con resultado <strong>POSITIVO<\/strong>, por hallar elementos denunciados como sustra\u00eddos y de prueba para la investigaci\u00f3n, la <strong>Dra. M\u00f3nica Ferre<\/strong> dispuso la inmediata aprehension del menor de 16 a\u00f1os de edad imputandolo del delito de <strong>ROBO AGRAVADO POR ESCALAMIENTO<\/strong>.<\/h3>\n<\/blockquote>\n<p>El menor en estas horas se encuentra en E.P.C. Chascomus 1ra asistido por su progenitora a la espera de dict\u00e1men judicial que resuelva si el mismo recupera su libertad o es conducido al Centro de Contencion de Menores con conflictos con la ley penal de Dolores.<\/p>\n","protected":false},"excerpt":{"rendered":"<div class=\"mh-excerpt\"><p>El muchacho se encuentra detenido en la comisar\u00eda primera, en espera de resoluci\u00f3n judicial. 15 de Junio de 2024 CHASCOM\u00daS &#8211;\u00a0 \u00a0Personal policial de E.P.C. Chascomus 1ra. tras la recepci\u00f3n de denuncia de un hecho <a class=\"mh-excerpt-more\" href=\"https:\/\/larevistadigital.com.ar\/blog\/chascomus-aprehenden-a-menor-por-robo-en-barrio-parque\/\" title=\"CHASCOM\u00daS: APREHENDEN A MENOR POR ROBO EN BARRIO PARQUE.\">[Leer M\u00e1s]<\/a><\/p>\n<\/div>","protected":false},"author":3,"featured_media":24439,"comment_status":"open","ping_status":"open","sticky":false,"template":"","format":"standard","meta":{"_jetpack_memberships_contains_paid_content":false,"footnotes":"","jetpack_publicize_message":"","jetpack_publicize_feature_enabled":true,"jetpack_social_post_already_shared":true,"jetpack_social_options":{"image_generator_settings":{"template":"highway","default_image_id":0,"font":"","enabled":false},"version":2}},"categories":[44,51],"tags":[],"class_list":{"0":"post-36335","1":"post","2":"type-post","3":"status-publish","4":"format-standard","5":"has-post-thumbnail","7":"category-policiales","8":"category-regionales"},"jetpack_publicize_connections":[],"jetpack_featured_media_url":"https:\/\/i0.wp.com\/larevistadigital.com.ar\/blog\/wp-content\/uploads\/POLICIA-2.jpg?fit=1002%2C671&ssl=1","jetpack_sharing_enabled":true,"jetpack_shortlink":"https:\/\/wp.me\/p8qtrQ-9s3","jetpack-related-posts":[{"id":31238,"url":"https:\/\/larevistadigital.com.ar\/blog\/chascomus-aprehenden-a-un-menor-que-robo-elementos-en-el-barrio-fatima\/","url_meta":{"origin":36335,"position":0},"title":"CHASCOM\u00daS: APREHENDEN A UN MENOR QUE ROBO ELEMENTOS EN EL BARRIO F\u00c1TIMA","author":"Alejandro Sosa Ruda","date":"25 abril, 2023","format":false,"excerpt":"Rob\u00f3 distintos elementos y termin\u00f3 aprehendido. 25 de abril de 2023 CHASCOM\u00daS -\u00a0 Durante el d\u00eda de hoy, y aproximadamente a las 10:30 hs. personal de Polic\u00eda Comunal procedi\u00f3 a la aprehensi\u00f3n de un menor de edad. El joven hab\u00eda sustra\u00eddo elementos de un veh\u00edculo en el Barrio F\u00e1tima, los\u2026","rel":"","context":"En \u00abINTERES GENERAL\u00bb","block_context":{"text":"INTERES GENERAL","link":"https:\/\/larevistadigital.com.ar\/blog\/category\/interes-general\/"},"img":{"alt_text":"","src":"https:\/\/i0.wp.com\/larevistadigital.com.ar\/blog\/wp-content\/uploads\/WhatsApp-Image-2023-04-25-at-11.30.20.jpeg?fit=675%2C1200&ssl=1&resize=350%2C200","width":350,"height":200,"srcset":"https:\/\/i0.wp.com\/larevistadigital.com.ar\/blog\/wp-content\/uploads\/WhatsApp-Image-2023-04-25-at-11.30.20.jpeg?fit=675%2C1200&ssl=1&resize=350%2C200 1x, https:\/\/i0.wp.com\/larevistadigital.com.ar\/blog\/wp-content\/uploads\/WhatsApp-Image-2023-04-25-at-11.30.20.jpeg?fit=675%2C1200&ssl=1&resize=525%2C300 1.5x"},"classes":[]},{"id":38659,"url":"https:\/\/larevistadigital.com.ar\/blog\/chascomus-allanan-y-detienen-a-menor-de-14-anos-autor-de-distintos-robos\/","url_meta":{"origin":36335,"position":1},"title":"Chascom\u00fas: Allanan y detienen a menor de 14 a\u00f1os, autor de distintos robos","author":"Alejandro Sosa Ruda","date":"10 febrero, 2025","format":false,"excerpt":"El menor est\u00e1 sindicado como el responsable del robo en el Club de Pelotas; distintas motos y robos en el barrio El Tambor. 10 de Febrero de 2025 CHASCOM\u00daS -\u00a0 En horas de la ma\u00f1ana personal de E.P.C. Chascomus 1ra. hizo efectivo un allanamiento en un domicilio de calle Belbeze.\u2026","rel":"","context":"En \u00abDESTACADAS\u00bb","block_context":{"text":"DESTACADAS","link":"https:\/\/larevistadigital.com.ar\/blog\/category\/destacadas\/"},"img":{"alt_text":"","src":"https:\/\/i0.wp.com\/larevistadigital.com.ar\/blog\/wp-content\/uploads\/menor-detenido.jpg?fit=850%2C479&ssl=1&resize=350%2C200","width":350,"height":200,"srcset":"https:\/\/i0.wp.com\/larevistadigital.com.ar\/blog\/wp-content\/uploads\/menor-detenido.jpg?fit=850%2C479&ssl=1&resize=350%2C200 1x, https:\/\/i0.wp.com\/larevistadigital.com.ar\/blog\/wp-content\/uploads\/menor-detenido.jpg?fit=850%2C479&ssl=1&resize=525%2C300 1.5x, https:\/\/i0.wp.com\/larevistadigital.com.ar\/blog\/wp-content\/uploads\/menor-detenido.jpg?fit=850%2C479&ssl=1&resize=700%2C400 2x"},"classes":[]},{"id":32776,"url":"https:\/\/larevistadigital.com.ar\/blog\/allanamiento-en-el-barrio-30-de-mayo-con-un-aprehendido-por-robo-agravado-por-el-uso-de-arma-blanca\/","url_meta":{"origin":36335,"position":2},"title":"ALLANAMIENTO EN EL BARRIO 30 DE MAYO CON UN APREHENDIDO POR \u00abROBO AGRAVADO POR EL USO DE ARMA BLANCA\u00bb","author":"Alejandro Sosa Ruda","date":"5 agosto, 2023","format":false,"excerpt":"4 de agosto de 20232 CHASCOM\u00daS -\u00a0 el d\u00eda mi\u00e9rcoles 2 de agosto personal policial procedi\u00f3 a realizar un allanamiento en el barrio 30 de mayo de esta localidad luego de dar con pruebas suficientes para establecer que en el domicilio se encontraba el autor de un hecho delictivo ocurrido\u2026","rel":"","context":"En \u00abINTERES GENERAL\u00bb","block_context":{"text":"INTERES GENERAL","link":"https:\/\/larevistadigital.com.ar\/blog\/category\/interes-general\/"},"img":{"alt_text":"","src":"https:\/\/i0.wp.com\/larevistadigital.com.ar\/blog\/wp-content\/uploads\/2018\/10\/COMISARIA-de-CHASCOMUS_02-05-2015.jpg?fit=800%2C600&ssl=1&resize=350%2C200","width":350,"height":200,"srcset":"https:\/\/i0.wp.com\/larevistadigital.com.ar\/blog\/wp-content\/uploads\/2018\/10\/COMISARIA-de-CHASCOMUS_02-05-2015.jpg?fit=800%2C600&ssl=1&resize=350%2C200 1x, https:\/\/i0.wp.com\/larevistadigital.com.ar\/blog\/wp-content\/uploads\/2018\/10\/COMISARIA-de-CHASCOMUS_02-05-2015.jpg?fit=800%2C600&ssl=1&resize=525%2C300 1.5x, https:\/\/i0.wp.com\/larevistadigital.com.ar\/blog\/wp-content\/uploads\/2018\/10\/COMISARIA-de-CHASCOMUS_02-05-2015.jpg?fit=800%2C600&ssl=1&resize=700%2C400 2x"},"classes":[]},{"id":42405,"url":"https:\/\/larevistadigital.com.ar\/blog\/chascomus-allanamiento-en-el-barrio-escribano-tras-el-robo-de-dos-bicicletas\/","url_meta":{"origin":36335,"position":3},"title":"Chascom\u00fas: Allanamiento en el Barrio Escribano, tras el robo de dos bicicletas","author":"Alejandro Sosa Ruda","date":"5 noviembre, 2025","format":false,"excerpt":"La Polic\u00eda de Chascom\u00fas realiz\u00f3 un allanamiento en una vivienda de calle Estrada y notific\u00f3 al presunto autor del robo de dos bicicletas sustra\u00eddas del patio de una casa del barrio Escribano. 05 de Noviembre de 2025 CHASCOM\u00daS -\u00a0 \u00a0Autoridades policiales informaron que, a ra\u00edz de una denuncia radicada el\u2026","rel":"","context":"En \u00abINTERES GENERAL\u00bb","block_context":{"text":"INTERES GENERAL","link":"https:\/\/larevistadigital.com.ar\/blog\/category\/interes-general\/"},"img":{"alt_text":"","src":"https:\/\/i0.wp.com\/larevistadigital.com.ar\/blog\/wp-content\/uploads\/Patrullero-La-Plata-Berisso-Policia.jpg?fit=882%2C492&ssl=1&resize=350%2C200","width":350,"height":200,"srcset":"https:\/\/i0.wp.com\/larevistadigital.com.ar\/blog\/wp-content\/uploads\/Patrullero-La-Plata-Berisso-Policia.jpg?fit=882%2C492&ssl=1&resize=350%2C200 1x, https:\/\/i0.wp.com\/larevistadigital.com.ar\/blog\/wp-content\/uploads\/Patrullero-La-Plata-Berisso-Policia.jpg?fit=882%2C492&ssl=1&resize=525%2C300 1.5x, https:\/\/i0.wp.com\/larevistadigital.com.ar\/blog\/wp-content\/uploads\/Patrullero-La-Plata-Berisso-Policia.jpg?fit=882%2C492&ssl=1&resize=700%2C400 2x"},"classes":[]},{"id":7725,"url":"https:\/\/larevistadigital.com.ar\/blog\/chascomus-la-policia-recupero-una-moto-y-otros-objetos-robados\/","url_meta":{"origin":36335,"position":4},"title":"CHASCOM\u00daS: LA POLIC\u00cdA RECUPER\u00d3 UNA MOTO Y OTROS OBJETOS ROBADOS","author":"Alejandro Sosa Ruda","date":"10 enero, 2019","format":false,"excerpt":"A ra\u00edz de un hecho de Robo en perjuicio del ciudadano Bianco ocurrido d\u00edas tras en calle 12 de octubre personal del GTO de la estaci\u00f3n de polic\u00eda comunal local inici\u00f3 una investigaci\u00f3n y con apoyo de im\u00e1genes de monitoreo fue secuestrada la moto sustra\u00edda la cual era conducida por\u2026","rel":"","context":"En \u00abPOLICIALES\u00bb","block_context":{"text":"POLICIALES","link":"https:\/\/larevistadigital.com.ar\/blog\/category\/policiales\/"},"img":{"alt_text":"","src":"https:\/\/i0.wp.com\/larevistadigital.com.ar\/blog\/wp-content\/uploads\/2019\/01\/WhatsApp-Image-2019-01-10-at-19.26.50.jpeg?fit=1200%2C900&ssl=1&resize=350%2C200","width":350,"height":200,"srcset":"https:\/\/i0.wp.com\/larevistadigital.com.ar\/blog\/wp-content\/uploads\/2019\/01\/WhatsApp-Image-2019-01-10-at-19.26.50.jpeg?fit=1200%2C900&ssl=1&resize=350%2C200 1x, https:\/\/i0.wp.com\/larevistadigital.com.ar\/blog\/wp-content\/uploads\/2019\/01\/WhatsApp-Image-2019-01-10-at-19.26.50.jpeg?fit=1200%2C900&ssl=1&resize=525%2C300 1.5x, https:\/\/i0.wp.com\/larevistadigital.com.ar\/blog\/wp-content\/uploads\/2019\/01\/WhatsApp-Image-2019-01-10-at-19.26.50.jpeg?fit=1200%2C900&ssl=1&resize=700%2C400 2x, https:\/\/i0.wp.com\/larevistadigital.com.ar\/blog\/wp-content\/uploads\/2019\/01\/WhatsApp-Image-2019-01-10-at-19.26.50.jpeg?fit=1200%2C900&ssl=1&resize=1050%2C600 3x"},"classes":[]},{"id":40653,"url":"https:\/\/larevistadigital.com.ar\/blog\/chascomus-allanamiento-y-detencion-de-una-pareja-por-robo\/","url_meta":{"origin":36335,"position":5},"title":"Chascom\u00fas: Allanamiento y detenci\u00f3n de una pareja por robo","author":"Alejandro Sosa Ruda","date":"29 julio, 2025","format":false,"excerpt":"Tras una r\u00e1pida investigaci\u00f3n, lograron recuperar una moto, garrafas y televisores. La Justicia ya los tiene bajo su control. 29 de Julio de 2025 CHASCOM\u00daS\u00a0 -\u00a0 \u00a0Una pareja fue detenida en las \u00faltimas horas tras una serie de procedimientos encabezados por personal policial de Chascom\u00fas, que permitieron esclarecer un robo\u2026","rel":"","context":"En \u00abDESTACADAS\u00bb","block_context":{"text":"DESTACADAS","link":"https:\/\/larevistadigital.com.ar\/blog\/category\/destacadas\/"},"img":{"alt_text":"","src":"https:\/\/i0.wp.com\/larevistadigital.com.ar\/blog\/wp-content\/uploads\/POLICIA.png?fit=1002%2C658&ssl=1&resize=350%2C200","width":350,"height":200,"srcset":"https:\/\/i0.wp.com\/larevistadigital.com.ar\/blog\/wp-content\/uploads\/POLICIA.png?fit=1002%2C658&ssl=1&resize=350%2C200 1x, https:\/\/i0.wp.com\/larevistadigital.com.ar\/blog\/wp-content\/uploads\/POLICIA.png?fit=1002%2C658&ssl=1&resize=525%2C300 1.5x, https:\/\/i0.wp.com\/larevistadigital.com.ar\/blog\/wp-content\/uploads\/POLICIA.png?fit=1002%2C658&ssl=1&resize=700%2C400 2x"},"classes":[]}],"_links":{"self":[{"href":"https:\/\/larevistadigital.com.ar\/blog\/wp-json\/wp\/v2\/posts\/36335","targetHints":{"allow":["GET"]}}],"collection":[{"href":"https:\/\/larevistadigital.com.ar\/blog\/wp-json\/wp\/v2\/posts"}],"about":[{"href":"https:\/\/larevistadigital.com.ar\/blog\/wp-json\/wp\/v2\/types\/post"}],"author":[{"embeddable":true,"href":"https:\/\/larevistadigital.com.ar\/blog\/wp-json\/wp\/v2\/users\/3"}],"replies":[{"embeddable":true,"href":"https:\/\/larevistadigital.com.ar\/blog\/wp-json\/wp\/v2\/comments?post=36335"}],"version-history":[{"count":1,"href":"https:\/\/larevistadigital.com.ar\/blog\/wp-json\/wp\/v2\/posts\/36335\/revisions"}],"predecessor-version":[{"id":36336,"href":"https:\/\/larevistadigital.com.ar\/blog\/wp-json\/wp\/v2\/posts\/36335\/revisions\/36336"}],"wp:featuredmedia":[{"embeddable":true,"href":"https:\/\/larevistadigital.com.ar\/blog\/wp-json\/wp\/v2\/media\/24439"}],"wp:attachment":[{"href":"https:\/\/larevistadigital.com.ar\/blog\/wp-json\/wp\/v2\/media?parent=36335"}],"wp:term":[{"taxonomy":"category","embeddable":true,"href":"https:\/\/larevistadigital.com.ar\/blog\/wp-json\/wp\/v2\/categories?post=36335"},{"taxonomy":"post_tag","embeddable":true,"href":"https:\/\/larevistadigital.com.ar\/blog\/wp-json\/wp\/v2\/tags?post=36335"}],"curies":[{"name":"wp","href":"https:\/\/api.w.org\/{rel}","templated":true}]}}