{"id":36346,"date":"2024-06-19T00:30:53","date_gmt":"2024-06-19T03:30:53","guid":{"rendered":"https:\/\/larevistadigital.com.ar\/blog\/?p=36346"},"modified":"2024-06-19T00:30:53","modified_gmt":"2024-06-19T03:30:53","slug":"provincia-leasing-se-firmaron-convenios-para-financiar-la-compra-de-bienes-de-capital-en-10-municipios","status":"publish","type":"post","link":"https:\/\/larevistadigital.com.ar\/blog\/provincia-leasing-se-firmaron-convenios-para-financiar-la-compra-de-bienes-de-capital-en-10-municipios\/","title":{"rendered":"PROVINCIA LEASING: SE FIRMARON CONVENIOS PARA FINANCIAR LA COMPRA DE BIENES DE CAPITAL EN 10 MUNICIPIOS"},"content":{"rendered":"<h2>La banca p\u00fablica destinar\u00e1 $3.973 millones para la adquisici\u00f3n de equipos que permitan optimizar las prestaciones de servicios p\u00fablicos.<\/h2>\n<p>18 de Junio de 2024<\/p>\n<p>El gobernador <strong>Axel Kicillof<\/strong> encabez\u00f3 este martes junto al presidente del Banco Provincia, <strong>Juan Cuattromo<\/strong>, el acto de firma de contratos de leasing por $3.973 millones para la compra de bienes de capital en 10 municipios bonaerenses. Fue en Casa de Gobierno junto al ministro de Gobierno,<strong> Carlos Bianco<\/strong>; la jefa de Asesores, <strong>Cristina \u00c1lvarez Rodr\u00edguez<\/strong>; el presidente de Provincia Servicios Financieros, <strong>Ariel Lieutier<\/strong>, y la titular de Provincia Leasing, <strong>Valeria Dallera<\/strong>.<\/p>\n<p>En ese marco, <strong>Kicillof<\/strong> destac\u00f3 <em><strong>\u201cla continuidad de una pol\u00edtica importante para el mantenimiento y la ejecuci\u00f3n de nuevas obras de infraestructura en los municipios de la provincia\u201d. \u201cEs el resultado de un esfuerzo muy grande que realizamos desde la banca p\u00fablica en un contexto muy adverso producto de las pol\u00edticas del gobierno nacional\u201d<\/strong><\/em>, agreg\u00f3.<\/p>\n<p><em><strong>\u201cNo solamente han cortado fondos que eran fundamentales para todas las provincias y los municipios, sino que la recaudaci\u00f3n ha sufrido un fuerte impacto como consecuencia del ajuste\u201d<\/strong><\/em>, se\u00f1al\u00f3 el Gobernador y a\u00f1adi\u00f3: <em><strong>\u201cEs mentira que no haya plata, el problema est\u00e1 en las prioridades: nosotros en la Provincia vamos a continuar apoyando a los distritos con programas que generan empleo y contribuyen al crecimiento de las pymes\u201d.<\/strong><\/em><\/p>\n<p>Firmaron los convenios las intendentas de Moreno, <strong>Mariel Fern\u00e1ndez<\/strong>, y de Quilmes, <strong>Mayra Mendoza<\/strong>; sus pares de Avellaneda, <strong>Jorge Ferraresi<\/strong>; de Carlos Casares, <strong>Daniel Stadnik<\/strong>; de Ezeiza, <strong>Gast\u00f3n Granados<\/strong>; de Hip\u00f3lito Yrigoyen, <strong>Luis Pugnaloni<\/strong>; de Saladillo, <strong>Jos\u00e9 Luis Salom\u00f3n<\/strong>; de Necochea, <strong>Arturo Rojas<\/strong>; de Mar Chiquita, <strong>Walter Wischnivetzky<\/strong>; y el jefe comunal interino de General Pinto, <strong>Fernando Rodr\u00edguez<\/strong>.<\/p>\n<p>Por su parte, <strong>Cuattromo<\/strong> sostuvo:<em><strong> \u201cEsta l\u00ednea de Provincia Leasing que llevamos adelante desde 2020 es una herramienta muy \u00e1gil, efectiva y din\u00e1mica con la que ya destinamos casi $90.000 millones para asistir a 89 distritos\u201d. \u201cA pesar de las grandes dificultades que se nos presentan por el contexto actual, nuestro objetivo es seguir llegando cada vez a m\u00e1s municipios\u201d<\/strong><\/em>, explic\u00f3.<\/p>\n<p>A trav\u00e9s de la L\u00ednea Municipios 2024, que ofrece una financiaci\u00f3n del 100% y hasta 48 cuotas, los distritos podr\u00e1n acceder a bienes necesarios para brindar mejores prestaciones en materia de salud, seguridad, obra p\u00fablica y servicios urbanos.<\/p>\n","protected":false},"excerpt":{"rendered":"<div class=\"mh-excerpt\"><p>La banca p\u00fablica destinar\u00e1 $3.973 millones para la adquisici\u00f3n de equipos que permitan optimizar las prestaciones de servicios p\u00fablicos. 18 de Junio de 2024 El gobernador Axel Kicillof encabez\u00f3 este martes junto al presidente del <a class=\"mh-excerpt-more\" href=\"https:\/\/larevistadigital.com.ar\/blog\/provincia-leasing-se-firmaron-convenios-para-financiar-la-compra-de-bienes-de-capital-en-10-municipios\/\" title=\"PROVINCIA LEASING: SE FIRMARON CONVENIOS PARA FINANCIAR LA COMPRA DE BIENES DE CAPITAL EN 10 MUNICIPIOS\">[Leer M\u00e1s]<\/a><\/p>\n<\/div>","protected":false},"author":3,"featured_media":36347,"comment_status":"open","ping_status":"open","sticky":false,"template":"","format":"standard","meta":{"_jetpack_memberships_contains_paid_content":false,"footnotes":"","jetpack_publicize_message":"","jetpack_publicize_feature_enabled":true,"jetpack_social_post_already_shared":true,"jetpack_social_options":{"image_generator_settings":{"template":"highway","default_image_id":0,"font":"","enabled":false},"version":2}},"categories":[50,24],"tags":[],"class_list":{"0":"post-36346","1":"post","2":"type-post","3":"status-publish","4":"format-standard","5":"has-post-thumbnail","7":"category-interes-general","8":"category-politica-provincial"},"jetpack_publicize_connections":[],"jetpack_featured_media_url":"https:\/\/i0.wp.com\/larevistadigital.com.ar\/blog\/wp-content\/uploads\/DAE2242_0.jpg?fit=743%2C530&ssl=1","jetpack_sharing_enabled":true,"jetpack_shortlink":"https:\/\/wp.me\/p8qtrQ-9se","jetpack-related-posts":[{"id":43784,"url":"https:\/\/larevistadigital.com.ar\/blog\/kicillof-y-cuattromo-firmaron-convenios-con-municipios-para-la-compra-de-equipamiento\/","url_meta":{"origin":36346,"position":0},"title":"Kicillof y Cuattromo firmaron convenios con municipios para la compra de equipamiento","author":"Alejandro Sosa Ruda","date":"4 febrero, 2026","format":false,"excerpt":"Desde 2020, 102 distritos incorporaron bienes de capital a trav\u00e9s de Provincia Leasing. 04 de febrero de 2026 El gobernador Axel Kicillof encabez\u00f3 este martes una reuni\u00f3n con 13 intendentes bonaerenses que firmaron convenios de leasing para adquirir equipamiento por m\u00e1s de $6.871. El encuentro se realiz\u00f3 en el Sal\u00f3n\u2026","rel":"","context":"En \u00abPOLITICA PROVINCIAL\u00bb","block_context":{"text":"POLITICA PROVINCIAL","link":"https:\/\/larevistadigital.com.ar\/blog\/category\/politica\/politica-provincial\/"},"img":{"alt_text":"","src":"https:\/\/i0.wp.com\/larevistadigital.com.ar\/blog\/wp-content\/uploads\/DAE9826-scaled.jpg?fit=1200%2C800&ssl=1&resize=350%2C200","width":350,"height":200,"srcset":"https:\/\/i0.wp.com\/larevistadigital.com.ar\/blog\/wp-content\/uploads\/DAE9826-scaled.jpg?fit=1200%2C800&ssl=1&resize=350%2C200 1x, https:\/\/i0.wp.com\/larevistadigital.com.ar\/blog\/wp-content\/uploads\/DAE9826-scaled.jpg?fit=1200%2C800&ssl=1&resize=525%2C300 1.5x, https:\/\/i0.wp.com\/larevistadigital.com.ar\/blog\/wp-content\/uploads\/DAE9826-scaled.jpg?fit=1200%2C800&ssl=1&resize=700%2C400 2x, https:\/\/i0.wp.com\/larevistadigital.com.ar\/blog\/wp-content\/uploads\/DAE9826-scaled.jpg?fit=1200%2C800&ssl=1&resize=1050%2C600 3x"},"classes":[]},{"id":39949,"url":"https:\/\/larevistadigital.com.ar\/blog\/kicillof-y-cuattromo-firmaron-convenios-de-leasing-con-municipios-para-la-compra-de-bienes-de-capital\/","url_meta":{"origin":36346,"position":1},"title":"Kicillof y Cuattromo firmaron convenios de leasing con municipios para la compra de bienes de capital","author":"Alejandro Sosa Ruda","date":"5 junio, 2025","format":false,"excerpt":"Adem\u00e1s, a trav\u00e9s de Provincia Microcr\u00e9ditos se otorg\u00f3 financiamiento a emprendedores y emprendedoras locales. 05 de Junio de 2025 BUENOS AIRES -\u00a0 El gobernador de la provincia de Buenos Aires, Axel Kicillof, encabez\u00f3 este jueves junto al presidente del Banco Provincia, Juan Cuattromo, una reuni\u00f3n con intendentes bonaerenses que suscribieron\u2026","rel":"","context":"En \u00abDESTACADAS\u00bb","block_context":{"text":"DESTACADAS","link":"https:\/\/larevistadigital.com.ar\/blog\/category\/destacadas\/"},"img":{"alt_text":"","src":"https:\/\/i0.wp.com\/larevistadigital.com.ar\/blog\/wp-content\/uploads\/leasing.jpg?fit=743%2C530&ssl=1&resize=350%2C200","width":350,"height":200,"srcset":"https:\/\/i0.wp.com\/larevistadigital.com.ar\/blog\/wp-content\/uploads\/leasing.jpg?fit=743%2C530&ssl=1&resize=350%2C200 1x, https:\/\/i0.wp.com\/larevistadigital.com.ar\/blog\/wp-content\/uploads\/leasing.jpg?fit=743%2C530&ssl=1&resize=525%2C300 1.5x, https:\/\/i0.wp.com\/larevistadigital.com.ar\/blog\/wp-content\/uploads\/leasing.jpg?fit=743%2C530&ssl=1&resize=700%2C400 2x"},"classes":[]},{"id":43747,"url":"https:\/\/larevistadigital.com.ar\/blog\/con-un-plan-clave-bajo-el-brazo-kicillof-reunio-a-intendentes-peronistas-radicales-y-libertarios\/","url_meta":{"origin":36346,"position":2},"title":"Con un plan clave bajo el brazo, Kicillof reuni\u00f3 a intendentes peronistas, radicales y libertarios","author":"Alejandro Sosa Ruda","date":"3 febrero, 2026","format":false,"excerpt":"El gobernador bonaerense mantuvo un encuentro junto a 13 jefes comunales en la Casa de Gobierno para llevar adelante una firma de convenios, correspondientes a Provincia Leasing. 03 de febrero de 2026 El gobernador\u00a0Axel Kicillof\u00a0encabez\u00f3 este martes una reuni\u00f3n con 13\u00a0intendentes bonaerenses, con el objetivo de firmar convenios de leasing\u2026","rel":"","context":"En \u00abREGIONALES\u00bb","block_context":{"text":"REGIONALES","link":"https:\/\/larevistadigital.com.ar\/blog\/category\/regionales\/"},"img":{"alt_text":"","src":"https:\/\/i0.wp.com\/larevistadigital.com.ar\/blog\/wp-content\/uploads\/20260203175438_dae9764.webp?fit=1200%2C685&ssl=1&resize=350%2C200","width":350,"height":200,"srcset":"https:\/\/i0.wp.com\/larevistadigital.com.ar\/blog\/wp-content\/uploads\/20260203175438_dae9764.webp?fit=1200%2C685&ssl=1&resize=350%2C200 1x, https:\/\/i0.wp.com\/larevistadigital.com.ar\/blog\/wp-content\/uploads\/20260203175438_dae9764.webp?fit=1200%2C685&ssl=1&resize=525%2C300 1.5x, https:\/\/i0.wp.com\/larevistadigital.com.ar\/blog\/wp-content\/uploads\/20260203175438_dae9764.webp?fit=1200%2C685&ssl=1&resize=700%2C400 2x, https:\/\/i0.wp.com\/larevistadigital.com.ar\/blog\/wp-content\/uploads\/20260203175438_dae9764.webp?fit=1200%2C685&ssl=1&resize=1050%2C600 3x"},"classes":[]},{"id":37250,"url":"https:\/\/larevistadigital.com.ar\/blog\/chascomus-de-la-mano-del-gobernador-kicillof-la-municipalidad-incorpora-nuevo-equipamiento-vial-y-de-salud\/","url_meta":{"origin":36346,"position":3},"title":"CHASCOM\u00daS: DE LA MANO DEL GOBERNADOR KICILLOF, LA MUNICIPALIDAD INCORPORA NUEVO EQUIPAMIENTO VIAL Y DE SALUD","author":"Alejandro Sosa Ruda","date":"19 septiembre, 2024","format":false,"excerpt":"A trav\u00e9s del sistema de leasing con el Banco Provincia, se sumar\u00e1n tractores para vialidad y equipos de alta complejidad para el hospital. 19 De Septiembre de 2024 CHASCOM\u00daS -\u00a0 La Municipalidad de Chascom\u00fas firm\u00f3 un convenio con el Banco Provincia, en el marco del programa \u201cProvincia Leasing\u201d, que permitir\u00e1\u2026","rel":"","context":"En \u00abDESTACADAS\u00bb","block_context":{"text":"DESTACADAS","link":"https:\/\/larevistadigital.com.ar\/blog\/category\/destacadas\/"},"img":{"alt_text":"","src":"https:\/\/i0.wp.com\/larevistadigital.com.ar\/blog\/wp-content\/uploads\/66eb0376ac4ac.png?fit=668%2C445&ssl=1&resize=350%2C200","width":350,"height":200,"srcset":"https:\/\/i0.wp.com\/larevistadigital.com.ar\/blog\/wp-content\/uploads\/66eb0376ac4ac.png?fit=668%2C445&ssl=1&resize=350%2C200 1x, https:\/\/i0.wp.com\/larevistadigital.com.ar\/blog\/wp-content\/uploads\/66eb0376ac4ac.png?fit=668%2C445&ssl=1&resize=525%2C300 1.5x"},"classes":[]},{"id":39657,"url":"https:\/\/larevistadigital.com.ar\/blog\/bianco-detallo-los-preparativos-para-las-elecciones-legislativas-provinciales\/","url_meta":{"origin":36346,"position":4},"title":"Bianco detall\u00f3 los preparativos para las elecciones legislativas provinciales","author":"Alejandro Sosa Ruda","date":"5 mayo, 2025","format":false,"excerpt":"El Ministro de Gobierno bonaerense brind\u00f3 una rueda de prensa junto a su par de Infraestructura y Servicios P\u00fablicos, Gabriel Katopodis, y el presidente del Banco Provincia, Juan Cuattromo. 05 de Mayo de 2025 BUENOS AIRES -\u00a0 \u00a0\u201cUnos 22 mil efectivos de la Polic\u00eda bonaerense estar\u00e1n a disposici\u00f3n del Comando\u2026","rel":"","context":"En \u00abDESTACADAS\u00bb","block_context":{"text":"DESTACADAS","link":"https:\/\/larevistadigital.com.ar\/blog\/category\/destacadas\/"},"img":{"alt_text":"","src":"https:\/\/i0.wp.com\/larevistadigital.com.ar\/blog\/wp-content\/uploads\/foto_19.jpeg?fit=743%2C530&ssl=1&resize=350%2C200","width":350,"height":200,"srcset":"https:\/\/i0.wp.com\/larevistadigital.com.ar\/blog\/wp-content\/uploads\/foto_19.jpeg?fit=743%2C530&ssl=1&resize=350%2C200 1x, https:\/\/i0.wp.com\/larevistadigital.com.ar\/blog\/wp-content\/uploads\/foto_19.jpeg?fit=743%2C530&ssl=1&resize=525%2C300 1.5x, https:\/\/i0.wp.com\/larevistadigital.com.ar\/blog\/wp-content\/uploads\/foto_19.jpeg?fit=743%2C530&ssl=1&resize=700%2C400 2x"},"classes":[]},{"id":31011,"url":"https:\/\/larevistadigital.com.ar\/blog\/chascomus-adhirio-al-programa-provincial-municipios-a-la-obra\/","url_meta":{"origin":36346,"position":5},"title":"CHASCOM\u00daS ADHIRI\u00d3 AL PROGRAMA PROVINCIAL MUNICIPIOS A LA OBRA","author":"Alejandro Sosa Ruda","date":"13 abril, 2023","format":false,"excerpt":"Javier Gast\u00f3n firm\u00f3 el convenio que destina fondos a infraestructura b\u00e1sica en toda la provincia; en Chascom\u00fas para desag\u00fces y mejoras en calles urbanas. 13 de abril de 2023 El acto encabezado por el gobernador Axel Kicillof y el ministro de Infraestructura y Servicios P\u00fablicos, Leonardo Nardini, se llev\u00f3 a\u2026","rel":"","context":"En \u00abCHASCOM\u00daS\u00bb","block_context":{"text":"CHASCOM\u00daS","link":"https:\/\/larevistadigital.com.ar\/blog\/category\/chascomus\/"},"img":{"alt_text":"","src":"https:\/\/i0.wp.com\/larevistadigital.com.ar\/blog\/wp-content\/uploads\/2023_04_12_01_09_11_4931366.jpeg?fit=600%2C400&ssl=1&resize=350%2C200","width":350,"height":200,"srcset":"https:\/\/i0.wp.com\/larevistadigital.com.ar\/blog\/wp-content\/uploads\/2023_04_12_01_09_11_4931366.jpeg?fit=600%2C400&ssl=1&resize=350%2C200 1x, https:\/\/i0.wp.com\/larevistadigital.com.ar\/blog\/wp-content\/uploads\/2023_04_12_01_09_11_4931366.jpeg?fit=600%2C400&ssl=1&resize=525%2C300 1.5x"},"classes":[]}],"_links":{"self":[{"href":"https:\/\/larevistadigital.com.ar\/blog\/wp-json\/wp\/v2\/posts\/36346","targetHints":{"allow":["GET"]}}],"collection":[{"href":"https:\/\/larevistadigital.com.ar\/blog\/wp-json\/wp\/v2\/posts"}],"about":[{"href":"https:\/\/larevistadigital.com.ar\/blog\/wp-json\/wp\/v2\/types\/post"}],"author":[{"embeddable":true,"href":"https:\/\/larevistadigital.com.ar\/blog\/wp-json\/wp\/v2\/users\/3"}],"replies":[{"embeddable":true,"href":"https:\/\/larevistadigital.com.ar\/blog\/wp-json\/wp\/v2\/comments?post=36346"}],"version-history":[{"count":1,"href":"https:\/\/larevistadigital.com.ar\/blog\/wp-json\/wp\/v2\/posts\/36346\/revisions"}],"predecessor-version":[{"id":36349,"href":"https:\/\/larevistadigital.com.ar\/blog\/wp-json\/wp\/v2\/posts\/36346\/revisions\/36349"}],"wp:featuredmedia":[{"embeddable":true,"href":"https:\/\/larevistadigital.com.ar\/blog\/wp-json\/wp\/v2\/media\/36347"}],"wp:attachment":[{"href":"https:\/\/larevistadigital.com.ar\/blog\/wp-json\/wp\/v2\/media?parent=36346"}],"wp:term":[{"taxonomy":"category","embeddable":true,"href":"https:\/\/larevistadigital.com.ar\/blog\/wp-json\/wp\/v2\/categories?post=36346"},{"taxonomy":"post_tag","embeddable":true,"href":"https:\/\/larevistadigital.com.ar\/blog\/wp-json\/wp\/v2\/tags?post=36346"}],"curies":[{"name":"wp","href":"https:\/\/api.w.org\/{rel}","templated":true}]}}