{"id":36352,"date":"2024-06-19T21:30:37","date_gmt":"2024-06-20T00:30:37","guid":{"rendered":"https:\/\/larevistadigital.com.ar\/blog\/?p=36352"},"modified":"2024-06-19T21:30:37","modified_gmt":"2024-06-20T00:30:37","slug":"loan-sigue-sin-aparecer-grietas-entre-los-padres-y-la-mala-relacion-de-la-madre-con-su-suegra","status":"publish","type":"post","link":"https:\/\/larevistadigital.com.ar\/blog\/loan-sigue-sin-aparecer-grietas-entre-los-padres-y-la-mala-relacion-de-la-madre-con-su-suegra\/","title":{"rendered":"LOAN SIGUE SIN APARECER, GRIETAS ENTRE LOS PADRES Y LA MALA RELACI\u00d3N DE LA MADRE CON SU SUEGRA"},"content":{"rendered":"<h2>Mientras contin\u00faa la b\u00fasqueda desesperada, se tejen distintas hip\u00f3tesis que apuntan al entorno familiar, y todo tipo de conjeturas.<\/h2>\n<p>19 de Junio de 2024<\/p>\n<p><strong>CORRIENTES &#8211;<\/strong>\u00a0 Los padres del peque\u00f1o <strong>Loan<\/strong>, de cinco a\u00f1os de edad y que lleva seis d\u00edas desaparecido, ins\u00f3litamente eligieron defenderse con distintos abogados, dejando en evidencia que existe una \u00abgrieta\u00bb en la familia.<\/p>\n<blockquote>\n<h3>El incidente ocurri\u00f3 en Corrientes, y <b>desde entonces familiares, autoridades y voluntarios han desplegado esfuerzos incansables<\/b>\u00a0en la b\u00fasqueda del ni\u00f1o.<\/h3>\n<\/blockquote>\n<p><b>Loan fue visto por \u00faltima vez en las inmediaciones de un naranjal<\/b>. Desde ese momento, se ha desatado una intensa operaci\u00f3n de b\u00fasqueda que ha movilizado a la polic\u00eda local, unidades de rescate y a la comunidad en general.<\/p>\n<blockquote>\n<h3>Mientras tanto,\u00a0<strong> Roberto M\u00e9ndez<\/strong>, abogado de la familia del menor, inform\u00f3 en una entrevista con un medio local que el gobernador <strong>Gustavo Vald\u00e9s<\/strong> se comunic\u00f3 de manera privada con los familiares del ni\u00f1o desaparecido.<\/h3>\n<\/blockquote>\n<p>De acuerdo con el letrado, habl\u00f3 con <strong>Mar\u00eda<\/strong>, la madre del nene, para brindar apoyo en la b\u00fasqueda <strong>Loan<\/strong>. Adem\u00e1s, le record\u00f3 que est\u00e1 en contacto constante con el ministro de Seguridad de la provincia, <strong>Buenaventura Duarte<\/strong>.<\/p>\n<div class=\"external\">\n<div class=\"twitter-tweet twitter-tweet-rendered\"><\/div>\n<\/div>\n<blockquote>\n<h3>Por su parte, el ministro confirm\u00f3 esta ma\u00f1ana que por orden del fiscal Juan Carlos Castillo, un perro de la Polic\u00eda especializado en este tipo de procedimientos busque rastros de Loan en el auto secuestrado, propiedad de uno de los detenidos.<\/h3>\n<\/blockquote>\n<p><em><strong>\u00abNo puedo conjeturar nada. El se\u00f1or fiscal nos indic\u00f3 que sigamos con la b\u00fasqueda. Por lo que yo observo el fiscal no descarta ni una hip\u00f3tesis, a tal punto que secuestr\u00f3 el veh\u00edculo de uno de los detenidos y orden\u00f3 que se haga la prueba por m\u00e9todo odorol\u00f3gico que cuando al perro le hacen olfatear la ropa de Loan y verifica si estuvo dentro del veh\u00edculo\u00bb<\/strong><\/em>, asegur\u00f3.<\/p>\n<p><span style=\"color: #ff0000\"><strong>\u00bfMALA RELACI\u00d3N ENTRE LA MADRE Y SU SUEGRA?<\/strong><\/span><\/p>\n<p>La desaparici\u00f3n del ni\u00f1o se enrareci\u00f3 a\u00fan m\u00e1s al hablar de las internas familiares. Y como si fuera poco, el periodista correntino Mauro Villar, sostuvo en un reportaje ocn el programa de TV Poco correctos, que <em>\u201c<b>Hay que ver la mala relaci\u00f3n de la madre de Loan y su suegra<\/b>\u201d<\/em><\/p>\n<p><img data-recalc-dims=\"1\" loading=\"lazy\" decoding=\"async\" class=\"alignnone size-full wp-image-36354\" src=\"https:\/\/i0.wp.com\/larevistadigital.com.ar\/blog\/wp-content\/uploads\/Caso-Loan-3.png?resize=595%2C378&#038;ssl=1\" alt=\"\" width=\"595\" height=\"378\" srcset=\"https:\/\/i0.wp.com\/larevistadigital.com.ar\/blog\/wp-content\/uploads\/Caso-Loan-3.png?w=595&amp;ssl=1 595w, https:\/\/i0.wp.com\/larevistadigital.com.ar\/blog\/wp-content\/uploads\/Caso-Loan-3.png?resize=300%2C191&amp;ssl=1 300w\" sizes=\"auto, (max-width: 595px) 100vw, 595px\" \/><\/p>\n<p>Las teorias siguen, pero el tiempo pasa de manera implacable, y la desesperaci\u00f3n es mayor cada segundo. Roguemos a Dios que el nene contin\u00fae con vida y que todo esto sea un mal recuerdo.<\/p>\n<p>&nbsp;<\/p>\n","protected":false},"excerpt":{"rendered":"<div class=\"mh-excerpt\"><p>Mientras contin\u00faa la b\u00fasqueda desesperada, se tejen distintas hip\u00f3tesis que apuntan al entorno familiar, y todo tipo de conjeturas. 19 de Junio de 2024 CORRIENTES &#8211;\u00a0 Los padres del peque\u00f1o Loan, de cinco a\u00f1os de <a class=\"mh-excerpt-more\" href=\"https:\/\/larevistadigital.com.ar\/blog\/loan-sigue-sin-aparecer-grietas-entre-los-padres-y-la-mala-relacion-de-la-madre-con-su-suegra\/\" title=\"LOAN SIGUE SIN APARECER, GRIETAS ENTRE LOS PADRES Y LA MALA RELACI\u00d3N DE LA MADRE CON SU SUEGRA\">[Leer M\u00e1s]<\/a><\/p>\n<\/div>","protected":false},"author":3,"featured_media":36353,"comment_status":"open","ping_status":"open","sticky":false,"template":"","format":"standard","meta":{"_jetpack_memberships_contains_paid_content":false,"footnotes":"","jetpack_publicize_message":"","jetpack_publicize_feature_enabled":true,"jetpack_social_post_already_shared":true,"jetpack_social_options":{"image_generator_settings":{"template":"highway","default_image_id":0,"font":"","enabled":false},"version":2}},"categories":[41],"tags":[],"class_list":{"0":"post-36352","1":"post","2":"type-post","3":"status-publish","4":"format-standard","5":"has-post-thumbnail","7":"category-destacadas"},"jetpack_publicize_connections":[],"jetpack_featured_media_url":"https:\/\/i0.wp.com\/larevistadigital.com.ar\/blog\/wp-content\/uploads\/Caso-Loan-2.png?fit=929%2C443&ssl=1","jetpack_sharing_enabled":true,"jetpack_shortlink":"https:\/\/wp.me\/p8qtrQ-9sk","jetpack-related-posts":[{"id":44421,"url":"https:\/\/larevistadigital.com.ar\/blog\/semana-clave-por-el-caso-loan-valdes-rompio-el-silencio-y-burlando-cruzo-a-los-padres-del-menor\/","url_meta":{"origin":36352,"position":0},"title":"Semana clave por el caso Loan: Vald\u00e9s rompi\u00f3 el silencio y Burlando cruz\u00f3 a los padres del menor","author":"Alejandro Sosa Ruda","date":"9 marzo, 2026","format":false,"excerpt":"A m\u00e1s de un a\u00f1o y medio de la desaparici\u00f3n del ni\u00f1o en Corrientes, crece la presi\u00f3n para definir la fecha del debate oral mientras la investigaci\u00f3n sigue sin respuestas y se multiplican las tensiones alrededor del expediente. 09 De Marzo de 2026 La investigaci\u00f3n por la desaparici\u00f3n de\u00a0Loan Danilo\u2026","rel":"","context":"En \u00abINTERES GENERAL\u00bb","block_context":{"text":"INTERES GENERAL","link":"https:\/\/larevistadigital.com.ar\/blog\/category\/interes-general\/"},"img":{"alt_text":"","src":"https:\/\/i0.wp.com\/larevistadigital.com.ar\/blog\/wp-content\/uploads\/Captura-de-pantalla-2026-03-09-195056.jpg?fit=828%2C489&ssl=1&resize=350%2C200","width":350,"height":200,"srcset":"https:\/\/i0.wp.com\/larevistadigital.com.ar\/blog\/wp-content\/uploads\/Captura-de-pantalla-2026-03-09-195056.jpg?fit=828%2C489&ssl=1&resize=350%2C200 1x, https:\/\/i0.wp.com\/larevistadigital.com.ar\/blog\/wp-content\/uploads\/Captura-de-pantalla-2026-03-09-195056.jpg?fit=828%2C489&ssl=1&resize=525%2C300 1.5x, https:\/\/i0.wp.com\/larevistadigital.com.ar\/blog\/wp-content\/uploads\/Captura-de-pantalla-2026-03-09-195056.jpg?fit=828%2C489&ssl=1&resize=700%2C400 2x"},"classes":[]},{"id":44534,"url":"https:\/\/larevistadigital.com.ar\/blog\/mar-del-plata-hallaron-muerto-a-un-nadador-en-el-mar-tras-un-amplio-operativo-de-busqueda\/","url_meta":{"origin":36352,"position":1},"title":"Mar del Plata: Hallaron muerto a un nadador en el mar tras un amplio operativo de b\u00fasqueda","author":"Alejandro Sosa Ruda","date":"16 marzo, 2026","format":false,"excerpt":"El hombre hab\u00eda ingresado a nadar por la escollera de Cabo Corrientes. Su cuerpo fue encontrado a unos 1700 metros del lugar donde dej\u00f3 sus pertenencias. 16 de marzo de 2026 MAR DEL PLATA -\u00a0 \u00a0Un intenso operativo de b\u00fasqueda termin\u00f3 este lunes con el hallazgo del cuerpo de un\u2026","rel":"","context":"En \u00abPOLICIALES\u00bb","block_context":{"text":"POLICIALES","link":"https:\/\/larevistadigital.com.ar\/blog\/category\/policiales\/"},"img":{"alt_text":"","src":"https:\/\/i0.wp.com\/larevistadigital.com.ar\/blog\/wp-content\/uploads\/Captura-de-pantalla-2026-03-16-145317.jpg?fit=815%2C334&ssl=1&resize=350%2C200","width":350,"height":200,"srcset":"https:\/\/i0.wp.com\/larevistadigital.com.ar\/blog\/wp-content\/uploads\/Captura-de-pantalla-2026-03-16-145317.jpg?fit=815%2C334&ssl=1&resize=350%2C200 1x, https:\/\/i0.wp.com\/larevistadigital.com.ar\/blog\/wp-content\/uploads\/Captura-de-pantalla-2026-03-16-145317.jpg?fit=815%2C334&ssl=1&resize=525%2C300 1.5x, https:\/\/i0.wp.com\/larevistadigital.com.ar\/blog\/wp-content\/uploads\/Captura-de-pantalla-2026-03-16-145317.jpg?fit=815%2C334&ssl=1&resize=700%2C400 2x"},"classes":[]},{"id":36402,"url":"https:\/\/larevistadigital.com.ar\/blog\/se-detectaron-rastros-de-sangre-de-loan-en-dos-autos-y-hay-dos-nuevos-detenidos\/","url_meta":{"origin":36352,"position":2},"title":"SE DETECTARON RASTROS DE SANGRE DE LOAN EN DOS AUTOS Y HAY DOS NUEVOS DETENIDOS","author":"Alejandro Sosa Ruda","date":"22 junio, 2024","format":false,"excerpt":"Las pruebas se realizaron en los veh\u00edculos de las personas que fueron al almuerzo en el que el chico de cinco a\u00f1os fue visto por \u00faltima vez. Por este motivo, Victoria Caillava, amiga de la abuela del nene, su pareja Carlos P\u00e9rez y el comisario a cargo de la b\u00fasqueda,\u2026","rel":"","context":"En \u00abDESTACADAS\u00bb","block_context":{"text":"DESTACADAS","link":"https:\/\/larevistadigital.com.ar\/blog\/category\/destacadas\/"},"img":{"alt_text":"","src":"https:\/\/i0.wp.com\/larevistadigital.com.ar\/blog\/wp-content\/uploads\/Captura-de-pantalla-2024-06-22-001213.png?fit=1200%2C576&ssl=1&resize=350%2C200","width":350,"height":200,"srcset":"https:\/\/i0.wp.com\/larevistadigital.com.ar\/blog\/wp-content\/uploads\/Captura-de-pantalla-2024-06-22-001213.png?fit=1200%2C576&ssl=1&resize=350%2C200 1x, https:\/\/i0.wp.com\/larevistadigital.com.ar\/blog\/wp-content\/uploads\/Captura-de-pantalla-2024-06-22-001213.png?fit=1200%2C576&ssl=1&resize=525%2C300 1.5x, https:\/\/i0.wp.com\/larevistadigital.com.ar\/blog\/wp-content\/uploads\/Captura-de-pantalla-2024-06-22-001213.png?fit=1200%2C576&ssl=1&resize=700%2C400 2x, https:\/\/i0.wp.com\/larevistadigital.com.ar\/blog\/wp-content\/uploads\/Captura-de-pantalla-2024-06-22-001213.png?fit=1200%2C576&ssl=1&resize=1050%2C600 3x"},"classes":[]},{"id":36426,"url":"https:\/\/larevistadigital.com.ar\/blog\/nicolas-del-mastro-de-la-fundacion-la-alameda-aseguro-que-en-el-caso-de-loan-todo-se-ha-hecho-mal\/","url_meta":{"origin":36352,"position":3},"title":"NICOL\u00c1S DEL MASTRO DE LA \u00abFUNDACI\u00d3N LA ALAMEDA\u00bb ASEGUR\u00d3 QUE EN EL CASO DE LOAN, TODO SE HA HECHO MAL.","author":"Alejandro Sosa Ruda","date":"25 junio, 2024","format":false,"excerpt":"El integrante de la Fundaci\u00f3n contra la trata y explotaci\u00f3n de personas, mantuvo un di\u00e1logo sobre el caso Loan y cont\u00f3 su parecer de acuerdo a la experiencia en el tema. 25 de Junio de 2024 CORRIENTES -\u00a0 \u00a0En la ma\u00f1ana de ayer, Alejandro \"El Tano\" Sosa y Carlos Lasserre\u2026","rel":"","context":"En \u00abDESTACADAS\u00bb","block_context":{"text":"DESTACADAS","link":"https:\/\/larevistadigital.com.ar\/blog\/category\/destacadas\/"},"img":{"alt_text":"","src":"https:\/\/i0.wp.com\/larevistadigital.com.ar\/blog\/wp-content\/uploads\/Captura-de-pantalla-2024-06-25-010146.png?fit=700%2C399&ssl=1&resize=350%2C200","width":350,"height":200,"srcset":"https:\/\/i0.wp.com\/larevistadigital.com.ar\/blog\/wp-content\/uploads\/Captura-de-pantalla-2024-06-25-010146.png?fit=700%2C399&ssl=1&resize=350%2C200 1x, https:\/\/i0.wp.com\/larevistadigital.com.ar\/blog\/wp-content\/uploads\/Captura-de-pantalla-2024-06-25-010146.png?fit=700%2C399&ssl=1&resize=525%2C300 1.5x, https:\/\/i0.wp.com\/larevistadigital.com.ar\/blog\/wp-content\/uploads\/Captura-de-pantalla-2024-06-25-010146.png?fit=700%2C399&ssl=1&resize=700%2C400 2x"},"classes":[]},{"id":12241,"url":"https:\/\/larevistadigital.com.ar\/blog\/brandsen-fue-dada-en-adopcion-hace-34-anos-y-busca-a-sus-padres-biologicos\/","url_meta":{"origin":36352,"position":4},"title":"BRANDSEN: FUE DADA EN ADOPCI\u00d3N HACE 34 A\u00d1OS, Y BUSCA A SUS PADRES BIOL\u00d3GICOS","author":"Alejandro Sosa Ruda","date":"23 septiembre, 2019","format":false,"excerpt":"Yamila Marianela Gonzalez Piguillem, naci\u00f3 el 28 de febrero de 1985 en la ciudad de\u00a0Brandsen, esos son los datos que le dieron a los 16 a\u00f1os las personas que la hab\u00edan criado, luego de que ella sospechara que era adoptada. Hoy, con 34 a\u00f1os, sigue en la b\u00fasqueda por saber\u2026","rel":"","context":"En \u00abREGIONALES\u00bb","block_context":{"text":"REGIONALES","link":"https:\/\/larevistadigital.com.ar\/blog\/category\/regionales\/"},"img":{"alt_text":"","src":"https:\/\/i0.wp.com\/larevistadigital.com.ar\/blog\/wp-content\/uploads\/20190922_043425.jpg?fit=966%2C614&ssl=1&resize=350%2C200","width":350,"height":200,"srcset":"https:\/\/i0.wp.com\/larevistadigital.com.ar\/blog\/wp-content\/uploads\/20190922_043425.jpg?fit=966%2C614&ssl=1&resize=350%2C200 1x, https:\/\/i0.wp.com\/larevistadigital.com.ar\/blog\/wp-content\/uploads\/20190922_043425.jpg?fit=966%2C614&ssl=1&resize=525%2C300 1.5x, https:\/\/i0.wp.com\/larevistadigital.com.ar\/blog\/wp-content\/uploads\/20190922_043425.jpg?fit=966%2C614&ssl=1&resize=700%2C400 2x"},"classes":[]},{"id":25229,"url":"https:\/\/larevistadigital.com.ar\/blog\/denuncian-el-estado-de-abandono-de-la-reserva-natural-laguna-de-los-padres\/","url_meta":{"origin":36352,"position":5},"title":"DENUNCIAN EL ESTADO DE ABANDONO DE LA RESERVA NATURAL \u00abLAGUNA DE LOS PADRES\u00bb","author":"Alejandro Sosa Ruda","date":"22 abril, 2022","format":false,"excerpt":"En los \u00faltimos meses, la Laguna de los Padres ha sido blanco de hechos delictivos, puntualmente en la Escuela Agraria. \"La gesti\u00f3n de Montenegro no han realizado mantenimiento de las instalaciones municipales. Los ba\u00f1os est\u00e1n cerrados, sin personal que lo mantenga y los juegos est\u00e1n en mal estado\", denunciaron. Ante\u2026","rel":"","context":"En \u00abREGIONALES\u00bb","block_context":{"text":"REGIONALES","link":"https:\/\/larevistadigital.com.ar\/blog\/category\/regionales\/"},"img":{"alt_text":"","src":"https:\/\/i0.wp.com\/larevistadigital.com.ar\/blog\/wp-content\/uploads\/20220421135723_laguna-de-los-padres-1.jpg?fit=880%2C512&ssl=1&resize=350%2C200","width":350,"height":200,"srcset":"https:\/\/i0.wp.com\/larevistadigital.com.ar\/blog\/wp-content\/uploads\/20220421135723_laguna-de-los-padres-1.jpg?fit=880%2C512&ssl=1&resize=350%2C200 1x, https:\/\/i0.wp.com\/larevistadigital.com.ar\/blog\/wp-content\/uploads\/20220421135723_laguna-de-los-padres-1.jpg?fit=880%2C512&ssl=1&resize=525%2C300 1.5x, https:\/\/i0.wp.com\/larevistadigital.com.ar\/blog\/wp-content\/uploads\/20220421135723_laguna-de-los-padres-1.jpg?fit=880%2C512&ssl=1&resize=700%2C400 2x"},"classes":[]}],"_links":{"self":[{"href":"https:\/\/larevistadigital.com.ar\/blog\/wp-json\/wp\/v2\/posts\/36352","targetHints":{"allow":["GET"]}}],"collection":[{"href":"https:\/\/larevistadigital.com.ar\/blog\/wp-json\/wp\/v2\/posts"}],"about":[{"href":"https:\/\/larevistadigital.com.ar\/blog\/wp-json\/wp\/v2\/types\/post"}],"author":[{"embeddable":true,"href":"https:\/\/larevistadigital.com.ar\/blog\/wp-json\/wp\/v2\/users\/3"}],"replies":[{"embeddable":true,"href":"https:\/\/larevistadigital.com.ar\/blog\/wp-json\/wp\/v2\/comments?post=36352"}],"version-history":[{"count":1,"href":"https:\/\/larevistadigital.com.ar\/blog\/wp-json\/wp\/v2\/posts\/36352\/revisions"}],"predecessor-version":[{"id":36355,"href":"https:\/\/larevistadigital.com.ar\/blog\/wp-json\/wp\/v2\/posts\/36352\/revisions\/36355"}],"wp:featuredmedia":[{"embeddable":true,"href":"https:\/\/larevistadigital.com.ar\/blog\/wp-json\/wp\/v2\/media\/36353"}],"wp:attachment":[{"href":"https:\/\/larevistadigital.com.ar\/blog\/wp-json\/wp\/v2\/media?parent=36352"}],"wp:term":[{"taxonomy":"category","embeddable":true,"href":"https:\/\/larevistadigital.com.ar\/blog\/wp-json\/wp\/v2\/categories?post=36352"},{"taxonomy":"post_tag","embeddable":true,"href":"https:\/\/larevistadigital.com.ar\/blog\/wp-json\/wp\/v2\/tags?post=36352"}],"curies":[{"name":"wp","href":"https:\/\/api.w.org\/{rel}","templated":true}]}}