{"id":36356,"date":"2024-06-19T22:11:08","date_gmt":"2024-06-20T01:11:08","guid":{"rendered":"https:\/\/larevistadigital.com.ar\/blog\/?p=36356"},"modified":"2024-06-19T22:11:08","modified_gmt":"2024-06-20T01:11:08","slug":"atencion-chascomus-se-sortean-entradas-para-el-espectaculo-de-hernan-piquin","status":"publish","type":"post","link":"https:\/\/larevistadigital.com.ar\/blog\/atencion-chascomus-se-sortean-entradas-para-el-espectaculo-de-hernan-piquin\/","title":{"rendered":"ATENCI\u00d3N CHASCOM\u00daS: SE SORTEAN ENTRADAS PARA EL ESPECT\u00c1CULO DE HERN\u00c1N PIQU\u00cdN"},"content":{"rendered":"<h2 class=\"notaIntro\">Ser\u00e1 el viernes a trav\u00e9s de la cuenta de Instagram del teatro Brazzola.<\/h2>\n<p>19 de Junio de 2024<\/p>\n<p class=\"notaTexto\"><strong>CHASCOM\u00daS &#8211;\u00a0<\/strong> El Teatro Municipal Brazzola sortea dos entradas para el espect\u00e1culo <strong>\u201cEl \u00faltimo tango\u201d<\/strong> de <strong>Hern\u00e1n Piqu\u00edn<\/strong>, anunciado para el pr\u00f3ximo s\u00e1bado 22 a las 21 hs. Los interesados en participar del sorteo deber\u00e1n seguir la cuenta de Instagram <strong>@teatrobrazzolachascomus<\/strong>, mencionar a uno o m\u00e1s amigos en los comentarios, quienes tambi\u00e9n deber\u00e1n seguir la cuenta del teatro, y compartir la publicaci\u00f3n en sus historias. El sorteo se realizar\u00e1 el viernes 21 a las 19 hs y los ganadores ser\u00e1n anunciados a trav\u00e9s de las historias de la misma aplicaci\u00f3n.<\/p>\n<p>Para quienes no deseen librarlo a la suerte y no quieran perderse la gira despedida del espect\u00e1culo, las entradas est\u00e1n en venta en la boleter\u00eda del teatro de 9 a 16.30 hs hasta el 19 de junio o el d\u00eda de la funci\u00f3n hasta dos horas antes del comienzo de la funci\u00f3n. <strong>Tambi\u00e9n se pueden adquirir a trav\u00e9s de www.entradaweb.com.ar<\/strong><\/p>\n","protected":false},"excerpt":{"rendered":"<div class=\"mh-excerpt\"><p>Ser\u00e1 el viernes a trav\u00e9s de la cuenta de Instagram del teatro Brazzola. 19 de Junio de 2024 CHASCOM\u00daS &#8211;\u00a0 El Teatro Municipal Brazzola sortea dos entradas para el espect\u00e1culo \u201cEl \u00faltimo tango\u201d de Hern\u00e1n <a class=\"mh-excerpt-more\" href=\"https:\/\/larevistadigital.com.ar\/blog\/atencion-chascomus-se-sortean-entradas-para-el-espectaculo-de-hernan-piquin\/\" title=\"ATENCI\u00d3N CHASCOM\u00daS: SE SORTEAN ENTRADAS PARA EL ESPECT\u00c1CULO DE HERN\u00c1N PIQU\u00cdN\">[Leer M\u00e1s]<\/a><\/p>\n<\/div>","protected":false},"author":3,"featured_media":36357,"comment_status":"open","ping_status":"open","sticky":false,"template":"","format":"standard","meta":{"_jetpack_memberships_contains_paid_content":false,"footnotes":"","jetpack_publicize_message":"","jetpack_publicize_feature_enabled":true,"jetpack_social_post_already_shared":true,"jetpack_social_options":{"image_generator_settings":{"template":"highway","default_image_id":0,"font":"","enabled":false},"version":2}},"categories":[15,50],"tags":[],"class_list":{"0":"post-36356","1":"post","2":"type-post","3":"status-publish","4":"format-standard","5":"has-post-thumbnail","7":"category-cultura","8":"category-interes-general"},"jetpack_publicize_connections":[],"jetpack_featured_media_url":"https:\/\/i0.wp.com\/larevistadigital.com.ar\/blog\/wp-content\/uploads\/2024_06_20_01_53_45_5118486.jpg?fit=600%2C529&ssl=1","jetpack_sharing_enabled":true,"jetpack_shortlink":"https:\/\/wp.me\/p8qtrQ-9so","jetpack-related-posts":[{"id":36556,"url":"https:\/\/larevistadigital.com.ar\/blog\/se-sortean-entradas-para-la-obra-la-ultima-sesion-de-freud\/","url_meta":{"origin":36356,"position":0},"title":"SE SORTEAN ENTRADAS PARA LA OBRA \u201cLA \u00daLTIMA SESI\u00d3N DE FREUD\u201d","author":"Alejandro Sosa Ruda","date":"3 julio, 2024","format":false,"excerpt":"Ser\u00e1 el mi\u00e9rcoles a trav\u00e9s de la cuenta de Instagram del teatro Brazzola 03 DE jULIO DE 2024 CHASCOM\u00daS -\u00a0 \u00a0El Teatro Municipal Brazzola sortea dos entradas para el espect\u00e1culo \u201cLa \u00faltima sesi\u00f3n de Freud\u201d que protagonizan Luis Mach\u00edn y Javier Lorenzo, anunciada para el pr\u00f3ximo jueves 4 a las\u2026","rel":"","context":"En \u00abINTERES GENERAL\u00bb","block_context":{"text":"INTERES GENERAL","link":"https:\/\/larevistadigital.com.ar\/blog\/category\/interes-general\/"},"img":{"alt_text":"","src":"https:\/\/i0.wp.com\/larevistadigital.com.ar\/blog\/wp-content\/uploads\/2024_07_03_01_10_47_7438621.jpg?fit=600%2C401&ssl=1&resize=350%2C200","width":350,"height":200,"srcset":"https:\/\/i0.wp.com\/larevistadigital.com.ar\/blog\/wp-content\/uploads\/2024_07_03_01_10_47_7438621.jpg?fit=600%2C401&ssl=1&resize=350%2C200 1x, https:\/\/i0.wp.com\/larevistadigital.com.ar\/blog\/wp-content\/uploads\/2024_07_03_01_10_47_7438621.jpg?fit=600%2C401&ssl=1&resize=525%2C300 1.5x"},"classes":[]},{"id":36107,"url":"https:\/\/larevistadigital.com.ar\/blog\/un-lujo-en-junio-llega-hernan-piquin-al-brazzola-con-el-ultimo-tango\/","url_meta":{"origin":36356,"position":1},"title":"UN LUJO: EN JUNIO LLEGA HERN\u00c1N PIQU\u00cdN AL BRAZZOLA CON \u201cEL \u00daLTIMO TANGO\u201d","author":"Alejandro Sosa Ruda","date":"22 mayo, 2024","format":false,"excerpt":"El espect\u00e1culo narra la apasionante historia de amor entre Mar\u00eda de Buenos Aires, una joven bailarina de tango, enigm\u00e1tica y apasionada que se cruza en el camino de Eugenio, un bohemio y talentoso bailar\u00edn de tango. 22 de Mayo de 2024 CHASCOM\u00daS -\u00a0 Las entradas ya est\u00e1n a la venta\u2026","rel":"","context":"En \u00abINTERES GENERAL\u00bb","block_context":{"text":"INTERES GENERAL","link":"https:\/\/larevistadigital.com.ar\/blog\/category\/interes-general\/"},"img":{"alt_text":"","src":"https:\/\/i0.wp.com\/larevistadigital.com.ar\/blog\/wp-content\/uploads\/2024_05_22_01_10_41_4756620.jpg?fit=600%2C529&ssl=1&resize=350%2C200","width":350,"height":200,"srcset":"https:\/\/i0.wp.com\/larevistadigital.com.ar\/blog\/wp-content\/uploads\/2024_05_22_01_10_41_4756620.jpg?fit=600%2C529&ssl=1&resize=350%2C200 1x, https:\/\/i0.wp.com\/larevistadigital.com.ar\/blog\/wp-content\/uploads\/2024_05_22_01_10_41_4756620.jpg?fit=600%2C529&ssl=1&resize=525%2C300 1.5x"},"classes":[]},{"id":39810,"url":"https:\/\/larevistadigital.com.ar\/blog\/chascomus-en-junio-se-reviviran-los-exitos-de-sandro-en-el-brazzola\/","url_meta":{"origin":36356,"position":2},"title":"Chascom\u00fas: En junio se revivir\u00e1n los \u00e9xitos de Sandro en el Brazzola","author":"Alejandro Sosa Ruda","date":"20 mayo, 2025","format":false,"excerpt":"Llega el espect\u00e1culo \u201cCulto Gitano\u201d, el homenaje a SANDRO, por Fernando Samart\u00edn. 20 de Mayo de 2025 CHASCOM\u00daS\u00a0 -\u00a0 \u00a0La cita es el s\u00e1bado 21 de junio, desde las 21 hs., cuando Fernando Samart\u00edn, en la piel del GITANO, suba al escenario del Teatro Municipal Brazzola, ofreciendo un recorrido por\u2026","rel":"","context":"En \u00abREGIONALES\u00bb","block_context":{"text":"REGIONALES","link":"https:\/\/larevistadigital.com.ar\/blog\/category\/regionales\/"},"img":{"alt_text":"","src":"https:\/\/i0.wp.com\/larevistadigital.com.ar\/blog\/wp-content\/uploads\/682cabb460118.png?fit=668%2C445&ssl=1&resize=350%2C200","width":350,"height":200,"srcset":"https:\/\/i0.wp.com\/larevistadigital.com.ar\/blog\/wp-content\/uploads\/682cabb460118.png?fit=668%2C445&ssl=1&resize=350%2C200 1x, https:\/\/i0.wp.com\/larevistadigital.com.ar\/blog\/wp-content\/uploads\/682cabb460118.png?fit=668%2C445&ssl=1&resize=525%2C300 1.5x"},"classes":[]},{"id":38318,"url":"https:\/\/larevistadigital.com.ar\/blog\/verano-en-el-brazzola\/","url_meta":{"origin":36356,"position":3},"title":"Verano en el Brazzola","author":"Alejandro Sosa Ruda","date":"18 diciembre, 2024","format":false,"excerpt":"La temporada estival se viene a puro teatro sobre las tablas del Brazzola, para que pases un verano diferente y entretenido 18 de Diciembre de 2024 CHASCOM\u00daS -\u00a0 Desde el \u00e1rea de Cultura de la Municipalidad de Chascom\u00fas, se propone disfrutar de un verano en el Brazzola a puro teatro,\u2026","rel":"","context":"En \u00abCHASCOM\u00daS\u00bb","block_context":{"text":"CHASCOM\u00daS","link":"https:\/\/larevistadigital.com.ar\/blog\/category\/chascomus\/"},"img":{"alt_text":"","src":"https:\/\/i0.wp.com\/larevistadigital.com.ar\/blog\/wp-content\/uploads\/67630e995441f.png?fit=668%2C445&ssl=1&resize=350%2C200","width":350,"height":200,"srcset":"https:\/\/i0.wp.com\/larevistadigital.com.ar\/blog\/wp-content\/uploads\/67630e995441f.png?fit=668%2C445&ssl=1&resize=350%2C200 1x, https:\/\/i0.wp.com\/larevistadigital.com.ar\/blog\/wp-content\/uploads\/67630e995441f.png?fit=668%2C445&ssl=1&resize=525%2C300 1.5x"},"classes":[]},{"id":622,"url":"https:\/\/larevistadigital.com.ar\/blog\/historias-divan-brazzola\/","url_meta":{"origin":36356,"position":4},"title":"\u201cHistorias de div\u00e1n\u201d, en el Brazzola","author":"editor","date":"6 marzo, 2017","format":false,"excerpt":"La obra teatral \u201cHistorias de div\u00e1n\u201d, con Gabriel Rol\u00f3n al frente, estar\u00e1 en el teatro Brazzola el s\u00e1bado 1 de abril. Esta obra est\u00e1 inspirada en hechos reales, cuenta con las actuaciones de Gabriel Rol\u00f3n, Alejo Garc\u00eda Pintos, Malena Rol\u00f3n y la participaci\u00f3n especial y direcci\u00f3n de Carlos Nieto. Es\u2026","rel":"","context":"En \u00abCULTURA\u00bb","block_context":{"text":"CULTURA","link":"https:\/\/larevistadigital.com.ar\/blog\/category\/cultura\/"},"img":{"alt_text":"","src":"https:\/\/i0.wp.com\/larevistadigital.com.ar\/blog\/wp-content\/uploads\/2017\/03\/divan_elfuerte_060317.jpg?fit=886%2C611&ssl=1&resize=350%2C200","width":350,"height":200,"srcset":"https:\/\/i0.wp.com\/larevistadigital.com.ar\/blog\/wp-content\/uploads\/2017\/03\/divan_elfuerte_060317.jpg?fit=886%2C611&ssl=1&resize=350%2C200 1x, https:\/\/i0.wp.com\/larevistadigital.com.ar\/blog\/wp-content\/uploads\/2017\/03\/divan_elfuerte_060317.jpg?fit=886%2C611&ssl=1&resize=525%2C300 1.5x, https:\/\/i0.wp.com\/larevistadigital.com.ar\/blog\/wp-content\/uploads\/2017\/03\/divan_elfuerte_060317.jpg?fit=886%2C611&ssl=1&resize=700%2C400 2x"},"classes":[]},{"id":40307,"url":"https:\/\/larevistadigital.com.ar\/blog\/en-septiembre-jairo-se-presentara-en-chascomus\/","url_meta":{"origin":36356,"position":5},"title":"En Septiembre, Jairo se presentar\u00e1 en Chascom\u00fas","author":"Alejandro Sosa Ruda","date":"4 julio, 2025","format":false,"excerpt":"En v\u00edsperas del inicio de la primavera, el reconocido cantautor subir\u00e1 al escenario del Brazzola para deleitarnos con su inconfundible voz y sentir. 04 de Julio de 2025 CHASCOM\u00daS\u00a0 -\u00a0 \u00a0El gran espect\u00e1culo donde se recorrer\u00e1n los cl\u00e1sicos de este reconocido y amado cantante nacional, se anuncia para el s\u00e1bado\u2026","rel":"","context":"En \u00abCHASCOM\u00daS\u00bb","block_context":{"text":"CHASCOM\u00daS","link":"https:\/\/larevistadigital.com.ar\/blog\/category\/chascomus\/"},"img":{"alt_text":"","src":"https:\/\/i0.wp.com\/larevistadigital.com.ar\/blog\/wp-content\/uploads\/68680f4cb83c1.png?fit=668%2C445&ssl=1&resize=350%2C200","width":350,"height":200,"srcset":"https:\/\/i0.wp.com\/larevistadigital.com.ar\/blog\/wp-content\/uploads\/68680f4cb83c1.png?fit=668%2C445&ssl=1&resize=350%2C200 1x, https:\/\/i0.wp.com\/larevistadigital.com.ar\/blog\/wp-content\/uploads\/68680f4cb83c1.png?fit=668%2C445&ssl=1&resize=525%2C300 1.5x"},"classes":[]}],"_links":{"self":[{"href":"https:\/\/larevistadigital.com.ar\/blog\/wp-json\/wp\/v2\/posts\/36356","targetHints":{"allow":["GET"]}}],"collection":[{"href":"https:\/\/larevistadigital.com.ar\/blog\/wp-json\/wp\/v2\/posts"}],"about":[{"href":"https:\/\/larevistadigital.com.ar\/blog\/wp-json\/wp\/v2\/types\/post"}],"author":[{"embeddable":true,"href":"https:\/\/larevistadigital.com.ar\/blog\/wp-json\/wp\/v2\/users\/3"}],"replies":[{"embeddable":true,"href":"https:\/\/larevistadigital.com.ar\/blog\/wp-json\/wp\/v2\/comments?post=36356"}],"version-history":[{"count":1,"href":"https:\/\/larevistadigital.com.ar\/blog\/wp-json\/wp\/v2\/posts\/36356\/revisions"}],"predecessor-version":[{"id":36358,"href":"https:\/\/larevistadigital.com.ar\/blog\/wp-json\/wp\/v2\/posts\/36356\/revisions\/36358"}],"wp:featuredmedia":[{"embeddable":true,"href":"https:\/\/larevistadigital.com.ar\/blog\/wp-json\/wp\/v2\/media\/36357"}],"wp:attachment":[{"href":"https:\/\/larevistadigital.com.ar\/blog\/wp-json\/wp\/v2\/media?parent=36356"}],"wp:term":[{"taxonomy":"category","embeddable":true,"href":"https:\/\/larevistadigital.com.ar\/blog\/wp-json\/wp\/v2\/categories?post=36356"},{"taxonomy":"post_tag","embeddable":true,"href":"https:\/\/larevistadigital.com.ar\/blog\/wp-json\/wp\/v2\/tags?post=36356"}],"curies":[{"name":"wp","href":"https:\/\/api.w.org\/{rel}","templated":true}]}}