{"id":36359,"date":"2024-06-19T22:21:40","date_gmt":"2024-06-20T01:21:40","guid":{"rendered":"https:\/\/larevistadigital.com.ar\/blog\/?p=36359"},"modified":"2024-06-19T22:21:40","modified_gmt":"2024-06-20T01:21:40","slug":"un-finde-xxl-con-imperdibles-propuestas-para-disfrutar-de-chascomus","status":"publish","type":"post","link":"https:\/\/larevistadigital.com.ar\/blog\/un-finde-xxl-con-imperdibles-propuestas-para-disfrutar-de-chascomus\/","title":{"rendered":"UN FINDE XXL CON IMPERDIBLES PROPUESTAS PARA DISFRUTAR DE CHASCOM\u00daS"},"content":{"rendered":"<h2 class=\"notaIntro\">Una amplia cartelera se ofrece para compartir con la familia, la pareja o amigos.<\/h2>\n<p>19 de Junio de 2024<\/p>\n<p class=\"notaTexto\"><strong>CHASCOM\u00daS &#8211;\u00a0<\/strong> La ciudad espera a los turistas en este fin de semana largo, con una gran variedad de propuestas recreativas para no perd\u00e9rselas: festivales, muestras, shows en vivo, juegos para ni\u00f1os, deportes, paseos en bicicleta, islas gastron\u00f3micas, teatro, visitas guiadas y mucho m\u00e1s.<br \/>\nAdem\u00e1s, habr\u00e1 dos citas imperdibles en el Teatro Brazzola. Por un lado, el viernes se estrena el documental \u201cMi primera locura\u201d, con testimonios que llegar\u00e1n al coraz\u00f3n. Es la historia de un grupo de amigos unidos por el running que, ante la aparici\u00f3n del diagn\u00f3stico de la enfermedad de la ELA en uno de ellos, Hern\u00e1n el \u201cToro\u201d Merlo Ocampo, m\u00e9dico traumat\u00f3logo de Chascom\u00fas, deciden mover cielo y tierra para lograr que pueda cumplir su sue\u00f1o de volver a correr una marat\u00f3n. A esta odisea se suma Walter Sullings, otro deportista de Chascom\u00fas con el mismo diagn\u00f3stico.<br \/>\nPor otro lado, el s\u00e1bado llega a nuestro escenario mayor el reconocido y premiado bailar\u00edn Hern\u00e1n Piqu\u00edn, con su espect\u00e1culo \u00abEl \u00daltimo Tango. La Despedida\u201d, que narra la apasionante historia de amor entre Mar\u00eda de Buenos Aires, una joven bailarina de tango, enigm\u00e1tica y apasionada que se cruza en el camino de Eugenio, un bohemio y talentoso bailar\u00edn de tango.<\/p>\n<p><strong>Jueves 20<\/strong><\/p>\n<p class=\"notaTexto\">-Acto Oficial en conmemoraci\u00f3n al paso a la Inmortalidad del General Manuel Belgrano. A las 11 horas, en el Gimnasio del Coraz\u00f3n de Mar\u00eda.<br \/>\n-MUESTRA DE CARICATURAS DEL ARTISTA LOCAL RUB\u00c9N PEROTTA. De 10 a 17 horas, en el Centro Cultural Municipal \u201cVieja Estaci\u00f3n\u201d. Acceso libre y gratuito.<br \/>\n-EXPOSICI\u00d3N DE OBRAS GANADORAS Y CON MENCI\u00d3N ESPECIAL DEL CONCURSO \u201cPINTANDO CHASCOM\u00daS\u201d. De 10 a 17 hs., en Casa de Casco. Acceso libre y gratuito.<br \/>\n-MUESTRA \u201cLO ESENCIAL\u2026 A\u00daN INVISIBLE\u201d DE MAR\u00cdA LAMAS. De 10 a 17 hs., en el Museo Pampeano. Acceso libre y gratuito.<br \/>\n-VISITA GUIADA \u201cMUSEO PAMPEANO\u201d. A las 11 hs. Actividad sin cargo. Previa inscripci\u00f3n, solicitando el link v\u00eda whatsApp al 2241-603414 o ingresando en el siguiente link: https:\/\/linktr.ee\/visitasguiadas.turismoch<br \/>\n-VISITA GUIADA \u201cCASCO HIST\u00d3RICO\u201d. A las 16 hs. Actividad sin cargo. Previa inscripci\u00f3n, solicitando el link v\u00eda whatsApp al 2241-603414 o ingresando en el siguiente link: https:\/\/linktr.ee\/visitasguiadas.turismoch<\/p>\n<p><strong>Viernes 21<\/strong><\/p>\n<p class=\"notaTexto\">-EXPOSICI\u00d3N DE OBRAS GANADORAS Y CON MENCI\u00d3N ESPECIAL DEL CONCURSO \u201cPINTANDO CHASCOM\u00daS\u201d. De 10 a 17 hs., en Casa de Casco. Acceso libre y gratuito.<br \/>\n-MUESTRA DE CARICATURAS DEL ARTISTA LOCAL RUB\u00c9N PEROTTA. De 10 a 17 horas, en el Centro Cultural Municipal \u201cVieja Estaci\u00f3n\u201d. Acceso libre y gratuito.<br \/>\n-MUESTRA \u201cLO ESENCIAL\u2026 A\u00daN INVISIBLE\u201d DE MAR\u00cdA LAMAS. De 10 a 17 hs., en el Museo Pampeano. Acceso libre y gratuito.<br \/>\n-TOUR A G\u00c1NDARA. A las 11 hs. Actividad sin cargo. Previa inscripci\u00f3n, solicitando el link v\u00eda whatsApp al 2241-603414 o ingresando en el siguiente link: https:\/\/linktr.ee\/visitasguiadas.turismoch<br \/>\n-VISITA GUIADA \u201cCAMINO DE SANTIAGO\u201d. A las 16 horas. Actividad sin cargo. Previa inscripci\u00f3n, solicitando el link v\u00eda whatsApp al 2241-603414 o ingresando en el siguiente link: https:\/\/linktr.ee\/visitasguiadas.turismoch<br \/>\n-TOUR DE LA LAGUNA. A las 17 hs. Actividad sin cargo. Previa inscripci\u00f3n, solicitando el link v\u00eda whatsApp al 2241-603414 o ingresando en el siguiente link: https:\/\/linktr.ee\/visitasguiadas.turismoch<br \/>\n-FESTIVAL DEL PASEO. Por la tarde, en calle Pte. Per\u00f3n y Costanera Espa\u00f1a.<br \/>\nEl Castillo Abandonado (t\u00edteres)<br \/>\nTaller de Percusi\u00f3n<br \/>\nLuciana Paoli (cumbia).<br \/>\n-ESTRENO DEL DOCUMENTAL \u201cMI PRIMERA LOCURA, UNA HISTORIA DE AMISTAD Y SUPERACI\u00d3N\u201d. A las 17 horas, en el Teatro Municipal Brazzola.<br \/>\n-PASEO DE LOS PESCADORES. Avenida Costanera entre la Palza de Juegos y Espig\u00f3n de Pesca \u201cDomingo Cazaux\u201d. Gastronom\u00eda, cerveza artesanal, dulces, entretenimiento infantil. Entrada libre y gratuita.<br \/>\n-PASEO DE ARTESANOS Y EMPRENDEDORES. De 10 a 19 hs. Artesan\u00edas y productos locales. Pte. Per\u00f3n y Costanera Espa\u00f1a.<\/p>\n<p><strong>S\u00e1bado 22<\/strong><\/p>\n<p class=\"notaTexto\">-VISITA GUIADA \u201cRA\u00daL DE CHASCOM\u00daS\u201d. A las 11 hs. Actividad sin cargo. Previa inscripci\u00f3n, solicitando el link v\u00eda whatsApp al 2241-603414 o ingresando en el siguiente link: https:\/\/linktr.ee\/visitasguiadas.turismoch<br \/>\n-\u201cTOUR CEMENTERIO SAN ANDR\u00c9S\u201d. A las 16 hs. Actividad sin cargo. Previa inscripci\u00f3n, solicitando el link v\u00eda whatsApp al 2241-603414 o ingresando en el siguiente link: https:\/\/linktr.ee\/visitasguiadas.turismoch<br \/>\n-FESTIVAL DEL PASEO. Por la tarde, en calle Pte. Per\u00f3n y Costanera Espa\u00f1a.<br \/>\nHistorias de circo (t\u00edteres)<br \/>\nCinco de copas (cumbia)<br \/>\nSinergia (Covers de Patricio Rey y sus Redonditos de Ricota)<br \/>\n-MUESTRA \u201cLO ESENCIAL\u2026 A\u00daN INVISIBLE\u201d DE MAR\u00cdA LAMAS. De 10 a 17 hs., en el Museo Pampeano. Acceso libre y gratuito.<br \/>\n-MUESTRA DE CARICATURAS DEL ARTISTA LOCAL RUB\u00c9N PEROTTA. De 10 a 17 horas, en el Centro Cultural Municipal \u201cVieja Estaci\u00f3n\u201d. Acceso libre y gratuito.<br \/>\n-EXPOSICI\u00d3N DE OBRAS GANADORAS Y CON MENCI\u00d3N ESPECIAL DEL CONCURSO \u201cPINTANDO CHASCOM\u00daS\u201d. De 10 a 17 hs., en Casa de Casco. Acceso libre y gratuito.<br \/>\n-\u201cEL \u00daLTIMO TANGO HERN\u00c1N PIQU\u00cdN \u2013 LA DESPEDIDA\u201d. A las 21 horas, en el Teatro Brazzola. Entradas a la venta en la boleter\u00eda del teatro o por entradaweb.com.ar<br \/>\n-PASEO DE LOS PESCADORES. Avenida Costanera entre la Palza de Juegos y Espig\u00f3n de Pesca \u201cDomingo Cazaux\u201d. Gastronom\u00eda, cerveza artesanal, dulces, entretenimiento infantil. Entrada libre y gratuita.<br \/>\n-PASEO DE ARTESANOS Y EMPRENDEDORES. De 11 a 19 hs. Artesan\u00edas y productos locales. Pte. Per\u00f3n y Costanera Espa\u00f1a.<\/p>\n<p><strong>Domingo 23<\/strong><\/p>\n<p class=\"notaTexto\">-VISITA GUIADA \u201cECO GU\u00cdA DE LAS ENCADENADAS\u201d. A las 11 horas. Actividad sin cargo. Previa inscripci\u00f3n, solicitando el link v\u00eda whatsApp al 2241-603414 o ingresando en el siguiente link: https:\/\/linktr.ee\/visitasguiadas.turismoch<br \/>\n-VISITA GUIADA \u201cCASCO HIST\u00d3RICO\u201d. A las 16 horas. Actividad sin cargo. Previa inscripci\u00f3n, solicitando el link v\u00eda whatsApp al 2241-603414 o ingresando en el siguiente link: https:\/\/linktr.ee\/visitasguiadas.turismoch<br \/>\n-EXPOSICI\u00d3N DE OBRAS GANADORAS Y CON MENCI\u00d3N ESPECIAL DEL CONCURSO \u201cPINTANDO CHASCOM\u00daS\u201d. De 10 a 17 hs., en Casa de Casco. Acceso libre y gratuito.<br \/>\n-MUESTRA DE CARICATURAS DEL ARTISTA LOCAL RUB\u00c9N PEROTTA. De 10 a 17 horas, en el Centro Cultural Municipal \u201cVieja Estaci\u00f3n\u201d. Acceso libre y gratuito.<br \/>\n-MUESTRA \u201cLO ESENCIAL\u2026 A\u00daN INVISIBLE\u201d DE MAR\u00cdA LAMAS. De 10 a 17 hs., en el Museo Pampeano. Acceso libre y gratuito<br \/>\n-FESTIVAL DEL PASEO. Por la tarde, en calle Pte. Per\u00f3n y Costanera Espa\u00f1a.<br \/>\nEl castillo abandonado (t\u00edteres)<br \/>\nLa banda del recuerdo (cumbia)<br \/>\nCasi estatuas (tributo a divididos)<br \/>\n-PASEO DE LOS PESCADORES. Avenida Costanera entre la Palza de Juegos y Espig\u00f3n de Pesca \u201cDomingo Cazaux\u201d. Gastronom\u00eda, cerveza artesanal, dulces, entretenimiento infantil. Entrada libre y gratuita.<br \/>\n-PASEO DE ARTESANOS Y EMPRENDEDORES. De 10 a 19 hs. Artesan\u00edas y productos locales. Pte. Per\u00f3n y Costanera Espa\u00f1a.<\/p>\n","protected":false},"excerpt":{"rendered":"<div class=\"mh-excerpt\"><p>Una amplia cartelera se ofrece para compartir con la familia, la pareja o amigos. 19 de Junio de 2024 CHASCOM\u00daS &#8211;\u00a0 La ciudad espera a los turistas en este fin de semana largo, con una <a class=\"mh-excerpt-more\" href=\"https:\/\/larevistadigital.com.ar\/blog\/un-finde-xxl-con-imperdibles-propuestas-para-disfrutar-de-chascomus\/\" title=\"UN FINDE XXL CON IMPERDIBLES PROPUESTAS PARA DISFRUTAR DE CHASCOM\u00daS\">[Leer M\u00e1s]<\/a><\/p>\n<\/div>","protected":false},"author":3,"featured_media":36360,"comment_status":"open","ping_status":"open","sticky":false,"template":"","format":"standard","meta":{"_jetpack_memberships_contains_paid_content":false,"footnotes":"","jetpack_publicize_message":"","jetpack_publicize_feature_enabled":true,"jetpack_social_post_already_shared":true,"jetpack_social_options":{"image_generator_settings":{"template":"highway","default_image_id":0,"font":"","enabled":false},"version":2}},"categories":[50],"tags":[],"class_list":{"0":"post-36359","1":"post","2":"type-post","3":"status-publish","4":"format-standard","5":"has-post-thumbnail","7":"category-interes-general"},"jetpack_publicize_connections":[],"jetpack_featured_media_url":"https:\/\/i0.wp.com\/larevistadigital.com.ar\/blog\/wp-content\/uploads\/2024_06_20_02_00_09_1301422.jpg?fit=600%2C400&ssl=1","jetpack_sharing_enabled":true,"jetpack_shortlink":"https:\/\/wp.me\/p8qtrQ-9sr","jetpack-related-posts":[{"id":41818,"url":"https:\/\/larevistadigital.com.ar\/blog\/ezequiel-valdez-trio-hugo-fattoruso-llegan-a-chascomus\/","url_meta":{"origin":36359,"position":0},"title":"Ezequiel Valdez Trio &amp; Hugo Fattoruso llegan a Chascom\u00fas","author":"Alejandro Sosa Ruda","date":"8 octubre, 2025","format":false,"excerpt":"La cita es el mi\u00e9rcoles 15 de octubre, desde las 20:30 hs., en el Teatro Municipal Brazzola Sin lugar a dudas uno de los espect\u00e1culos imperdibles de la agenda cultural de octubre en Chascom\u00fas, ser\u00e1 la presentaci\u00f3n del Cuarteto de Jazz Fusi\u00f3n y Candombe, que tendr\u00e1 lugar en el Teatro\u2026","rel":"","context":"En \u00abCHASCOM\u00daS\u00bb","block_context":{"text":"CHASCOM\u00daS","link":"https:\/\/larevistadigital.com.ar\/blog\/category\/chascomus\/"},"img":{"alt_text":"","src":"https:\/\/i0.wp.com\/larevistadigital.com.ar\/blog\/wp-content\/uploads\/68e69ffc35558.png?fit=668%2C445&ssl=1&resize=350%2C200","width":350,"height":200,"srcset":"https:\/\/i0.wp.com\/larevistadigital.com.ar\/blog\/wp-content\/uploads\/68e69ffc35558.png?fit=668%2C445&ssl=1&resize=350%2C200 1x, https:\/\/i0.wp.com\/larevistadigital.com.ar\/blog\/wp-content\/uploads\/68e69ffc35558.png?fit=668%2C445&ssl=1&resize=525%2C300 1.5x"},"classes":[]},{"id":39600,"url":"https:\/\/larevistadigital.com.ar\/blog\/chascomus-un-finde-xxl-con-imperdibles-propuestas-para-disfrutar\/","url_meta":{"origin":36359,"position":1},"title":"Chascom\u00fas: Un finde XXL con imperdibles propuestas para disfrutar","author":"Alejandro Sosa Ruda","date":"1 mayo, 2025","format":false,"excerpt":"Chascom\u00fas se disfruta todo el a\u00f1o y este finde no es la excepci\u00f3n. En una amplia cartelera se ofrecen actividades para compartir con la familia, la pareja o amigos. 01 de Mayo de 2025 CHASCOM\u00daS -\u00a0 La ciudad espera a los turistas en este fin de semana largo, con una\u2026","rel":"","context":"En \u00abCHASCOM\u00daS\u00bb","block_context":{"text":"CHASCOM\u00daS","link":"https:\/\/larevistadigital.com.ar\/blog\/category\/chascomus\/"},"img":{"alt_text":"","src":"https:\/\/i0.wp.com\/larevistadigital.com.ar\/blog\/wp-content\/uploads\/681251f544e8e.png?fit=668%2C445&ssl=1&resize=350%2C200","width":350,"height":200,"srcset":"https:\/\/i0.wp.com\/larevistadigital.com.ar\/blog\/wp-content\/uploads\/681251f544e8e.png?fit=668%2C445&ssl=1&resize=350%2C200 1x, https:\/\/i0.wp.com\/larevistadigital.com.ar\/blog\/wp-content\/uploads\/681251f544e8e.png?fit=668%2C445&ssl=1&resize=525%2C300 1.5x"},"classes":[]},{"id":36132,"url":"https:\/\/larevistadigital.com.ar\/blog\/para-disfrutar-chascomus-todo-el-ano-se-viene-otro-finde-con-muchas-propuestas\/","url_meta":{"origin":36359,"position":2},"title":"PARA DISFRUTAR CHASCOM\u00daS TODO EL A\u00d1O, SE VIENE OTRO FINDE CON MUCHAS PROPUESTAS","author":"Alejandro Sosa Ruda","date":"24 mayo, 2024","format":false,"excerpt":"Los chascomunenses y quienes visiten la ciudad, tendr\u00e1n oportunidad de vivir un fin de semana matizado por los colores patrios, con variadas propuestas para entretenerse a lo grande. 24 de Mayo de 2024 CHASCOM\u00daS -\u00a0 Los que gustan del arte pict\u00f3rico, podr\u00e1n recorrer muestras en distintos espacios patrimoniales como la\u2026","rel":"","context":"En \u00abCHASCOM\u00daS\u00bb","block_context":{"text":"CHASCOM\u00daS","link":"https:\/\/larevistadigital.com.ar\/blog\/category\/chascomus\/"},"img":{"alt_text":"","src":"https:\/\/i0.wp.com\/larevistadigital.com.ar\/blog\/wp-content\/uploads\/2024_05_24_01_33_55_6258994.jpg?fit=600%2C400&ssl=1&resize=350%2C200","width":350,"height":200,"srcset":"https:\/\/i0.wp.com\/larevistadigital.com.ar\/blog\/wp-content\/uploads\/2024_05_24_01_33_55_6258994.jpg?fit=600%2C400&ssl=1&resize=350%2C200 1x, https:\/\/i0.wp.com\/larevistadigital.com.ar\/blog\/wp-content\/uploads\/2024_05_24_01_33_55_6258994.jpg?fit=600%2C400&ssl=1&resize=525%2C300 1.5x"},"classes":[]},{"id":6527,"url":"https:\/\/larevistadigital.com.ar\/blog\/chascomus-se-incorporaron-nuevos-equipos-con-sonido-digital-en-el-teatro-brazzola\/","url_meta":{"origin":36359,"position":3},"title":"CHASCOM\u00daS: SE INCORPORARON NUEVOS EQUIPOS CON SONIDO DIGITAL EN EL TEATRO BRAZZOLA","author":"Alejandro Sosa Ruda","date":"18 septiembre, 2018","format":false,"excerpt":"Utilizando los fondos propios provenientes de porcentaje de entradas vendidas, seg\u00fan lo establece la ordenanza, fueron adquiridos nuevos equipos y luminarias espec\u00edficas para modernizar el Teatro Municipal Brazzola y poner en valor el patrimonio de todos los vecinos. Gracias a estos fondos se pudo cambiar el sistema de sonido, consola,\u2026","rel":"","context":"En \u00abCHASCOM\u00daS\u00bb","block_context":{"text":"CHASCOM\u00daS","link":"https:\/\/larevistadigital.com.ar\/blog\/category\/chascomus\/"},"img":{"alt_text":"","src":"https:\/\/i0.wp.com\/larevistadigital.com.ar\/blog\/wp-content\/uploads\/2018\/09\/41814265_2068592146494993_36692498315214848_o.jpg?fit=1200%2C800&ssl=1&resize=350%2C200","width":350,"height":200,"srcset":"https:\/\/i0.wp.com\/larevistadigital.com.ar\/blog\/wp-content\/uploads\/2018\/09\/41814265_2068592146494993_36692498315214848_o.jpg?fit=1200%2C800&ssl=1&resize=350%2C200 1x, https:\/\/i0.wp.com\/larevistadigital.com.ar\/blog\/wp-content\/uploads\/2018\/09\/41814265_2068592146494993_36692498315214848_o.jpg?fit=1200%2C800&ssl=1&resize=525%2C300 1.5x, https:\/\/i0.wp.com\/larevistadigital.com.ar\/blog\/wp-content\/uploads\/2018\/09\/41814265_2068592146494993_36692498315214848_o.jpg?fit=1200%2C800&ssl=1&resize=700%2C400 2x, https:\/\/i0.wp.com\/larevistadigital.com.ar\/blog\/wp-content\/uploads\/2018\/09\/41814265_2068592146494993_36692498315214848_o.jpg?fit=1200%2C800&ssl=1&resize=1050%2C600 3x"},"classes":[]},{"id":36755,"url":"https:\/\/larevistadigital.com.ar\/blog\/chascomus-festival-de-vacaciones-gratuito-en-el-sum-de-la-escuela-municipal-2\/","url_meta":{"origin":36359,"position":4},"title":"CHASCOM\u00daS: FESTIVAL DE VACACIONES GRATUITO EN EL SUM DE LA ESCUELA MUNICIPAL 2,","author":"Alejandro Sosa Ruda","date":"21 julio, 2024","format":false,"excerpt":"El Festival para las Infancias del Instituto Cultural de la Pcia. de Buenos Aires est\u00e1 en Chascomus ! \"Anda Calabaza\" y otros espect\u00e1culos imperdibles para los ni\u00f1os y sus familias en el marco de \"Vacaciones Divertidas\". 21 de Julio de 2024 CHASCOM\u00daS -\u00a0 El Festival para las infancias se lleva\u2026","rel":"","context":"En \u00abCULTURA\u00bb","block_context":{"text":"CULTURA","link":"https:\/\/larevistadigital.com.ar\/blog\/category\/cultura\/"},"img":{"alt_text":"","src":"https:\/\/i0.wp.com\/larevistadigital.com.ar\/blog\/wp-content\/uploads\/WhatsApp-Image-2024-07-20-at-18.27.19.jpeg?fit=1075%2C652&ssl=1&resize=350%2C200","width":350,"height":200,"srcset":"https:\/\/i0.wp.com\/larevistadigital.com.ar\/blog\/wp-content\/uploads\/WhatsApp-Image-2024-07-20-at-18.27.19.jpeg?fit=1075%2C652&ssl=1&resize=350%2C200 1x, https:\/\/i0.wp.com\/larevistadigital.com.ar\/blog\/wp-content\/uploads\/WhatsApp-Image-2024-07-20-at-18.27.19.jpeg?fit=1075%2C652&ssl=1&resize=525%2C300 1.5x, https:\/\/i0.wp.com\/larevistadigital.com.ar\/blog\/wp-content\/uploads\/WhatsApp-Image-2024-07-20-at-18.27.19.jpeg?fit=1075%2C652&ssl=1&resize=700%2C400 2x, https:\/\/i0.wp.com\/larevistadigital.com.ar\/blog\/wp-content\/uploads\/WhatsApp-Image-2024-07-20-at-18.27.19.jpeg?fit=1075%2C652&ssl=1&resize=1050%2C600 3x"},"classes":[]},{"id":37217,"url":"https:\/\/larevistadigital.com.ar\/blog\/chascomus-fin-de-semana-con-muchas-propuestas-y-actividades\/","url_meta":{"origin":36359,"position":5},"title":"Chascom\u00fas: Fin de semana con muchas propuestas y actividades","author":"Alejandro Sosa Ruda","date":"13 septiembre, 2024","format":false,"excerpt":"Una nueva oportunidad para disfrutar Chascom\u00fas, todo el a\u00f1o. 13 de Septiembre de 2024 CHASCOM\u00daS -\u00a0 Los chascomunenses y quienes visiten la ciudad, tendr\u00e1n oportunidad de vivir un fin de semana, con variadas propuestas para entretenerse a lo grande. Los que gustan del arte, podr\u00e1n recorrer muestras en distintos espacios\u2026","rel":"","context":"En \u00abINTERES GENERAL\u00bb","block_context":{"text":"INTERES GENERAL","link":"https:\/\/larevistadigital.com.ar\/blog\/category\/interes-general\/"},"img":{"alt_text":"","src":"https:\/\/i0.wp.com\/larevistadigital.com.ar\/blog\/wp-content\/uploads\/66e31f77a25c9.png?fit=668%2C445&ssl=1&resize=350%2C200","width":350,"height":200,"srcset":"https:\/\/i0.wp.com\/larevistadigital.com.ar\/blog\/wp-content\/uploads\/66e31f77a25c9.png?fit=668%2C445&ssl=1&resize=350%2C200 1x, https:\/\/i0.wp.com\/larevistadigital.com.ar\/blog\/wp-content\/uploads\/66e31f77a25c9.png?fit=668%2C445&ssl=1&resize=525%2C300 1.5x"},"classes":[]}],"_links":{"self":[{"href":"https:\/\/larevistadigital.com.ar\/blog\/wp-json\/wp\/v2\/posts\/36359","targetHints":{"allow":["GET"]}}],"collection":[{"href":"https:\/\/larevistadigital.com.ar\/blog\/wp-json\/wp\/v2\/posts"}],"about":[{"href":"https:\/\/larevistadigital.com.ar\/blog\/wp-json\/wp\/v2\/types\/post"}],"author":[{"embeddable":true,"href":"https:\/\/larevistadigital.com.ar\/blog\/wp-json\/wp\/v2\/users\/3"}],"replies":[{"embeddable":true,"href":"https:\/\/larevistadigital.com.ar\/blog\/wp-json\/wp\/v2\/comments?post=36359"}],"version-history":[{"count":1,"href":"https:\/\/larevistadigital.com.ar\/blog\/wp-json\/wp\/v2\/posts\/36359\/revisions"}],"predecessor-version":[{"id":36361,"href":"https:\/\/larevistadigital.com.ar\/blog\/wp-json\/wp\/v2\/posts\/36359\/revisions\/36361"}],"wp:featuredmedia":[{"embeddable":true,"href":"https:\/\/larevistadigital.com.ar\/blog\/wp-json\/wp\/v2\/media\/36360"}],"wp:attachment":[{"href":"https:\/\/larevistadigital.com.ar\/blog\/wp-json\/wp\/v2\/media?parent=36359"}],"wp:term":[{"taxonomy":"category","embeddable":true,"href":"https:\/\/larevistadigital.com.ar\/blog\/wp-json\/wp\/v2\/categories?post=36359"},{"taxonomy":"post_tag","embeddable":true,"href":"https:\/\/larevistadigital.com.ar\/blog\/wp-json\/wp\/v2\/tags?post=36359"}],"curies":[{"name":"wp","href":"https:\/\/api.w.org\/{rel}","templated":true}]}}