{"id":36362,"date":"2024-06-19T22:26:19","date_gmt":"2024-06-20T01:26:19","guid":{"rendered":"https:\/\/larevistadigital.com.ar\/blog\/?p=36362"},"modified":"2024-06-19T22:26:19","modified_gmt":"2024-06-20T01:26:19","slug":"chascomus-ultima-etapa-en-la-remodelacion-del-hogar-municipal-la-casita","status":"publish","type":"post","link":"https:\/\/larevistadigital.com.ar\/blog\/chascomus-ultima-etapa-en-la-remodelacion-del-hogar-municipal-la-casita\/","title":{"rendered":"CHASCOM\u00daS : \u00daLTIMA ETAPA EN LA REMODELACI\u00d3N DEL HOGAR MUNICIPAL \u00abLA CASITA\u00bb"},"content":{"rendered":"<h2 class=\"notaIntro\">Con esta reforma, adem\u00e1s de mejorar la infraestructura del hogar se brinda un entorno m\u00e1s seguro y confortable para los ni\u00f1os y las ni\u00f1as que lo habitan.<\/h2>\n<p>19 de Junio de 2024<\/p>\n<p class=\"notaTexto\"><strong>CHASCOM\u00daS &#8211;<\/strong>\u00a0 La Municipalidad avanza en la remodelaci\u00f3n del hogar \u00abLa Casita\u00bb, que se encuentran en su etapa final.<\/p>\n<blockquote>\n<h3 class=\"notaTexto\">Las mejoras incluyen la ampliaci\u00f3n de un sector que integrar\u00e1 un ba\u00f1o accesible y un \u00e1rea de estudio, elementos esenciales para el bienestar y la educaci\u00f3n de los ni\u00f1os y las ni\u00f1as.<\/h3>\n<\/blockquote>\n<p class=\"notaTexto\">Adem\u00e1s, se lleva a cabo el recambio completo de las cubiertas del edificio y la renovaci\u00f3n de los espacios interiores con nuevos revoques y revestimientos, la instalaci\u00f3n de cielorrasos de durlock en toda la casa y la modernizaci\u00f3n de las instalaciones sanitarias, el\u00e9ctricas y de gas.<\/p>\n<blockquote>\n<p class=\"notaTexto\"><strong>\u201cA pesar del dif\u00edcil contexto econ\u00f3mico, la Municipalidad determin\u00f3 continuar con la obra destinada a mejorar, con medidas de abrigo y protecci\u00f3n, las condiciones en las que residen ni\u00f1os y ni\u00f1as\u201d<\/strong>, expres\u00f3 la secretaria de Desarrollo Social y Educaci\u00f3n, <strong>Yanina Gazzaniga.<\/strong><\/p>\n<\/blockquote>\n<p class=\"notaTexto\">Esta semana,la funcionaria recorri\u00f3 el lugar junto al intendente <strong>Javier Gast\u00f3n<\/strong> y al subsecretario de Infancias y Juventudes, <strong>Lucio Alfons\u00edn<\/strong>, para observar el avance de los trabajos.<\/p>\n<blockquote>\n<h3 class=\"notaTexto\">\u00abLa Casita\u00bb es un espacio que se dedica a garantizar el acompa\u00f1amiento y la protecci\u00f3n de los derechos de los ni\u00f1os y ni\u00f1as, ofreciendo cuidados y contenci\u00f3n a quienes lo necesitan.<\/h3>\n<\/blockquote>\n<p class=\"notaTexto\">El proyecto es financiado mediante un convenio con el Ministerio de Desarrollo de la Comunidad de la provincia de Buenos Aires.<\/p>\n","protected":false},"excerpt":{"rendered":"<div class=\"mh-excerpt\"><p>Con esta reforma, adem\u00e1s de mejorar la infraestructura del hogar se brinda un entorno m\u00e1s seguro y confortable para los ni\u00f1os y las ni\u00f1as que lo habitan. 19 de Junio de 2024 CHASCOM\u00daS &#8211;\u00a0 La <a class=\"mh-excerpt-more\" href=\"https:\/\/larevistadigital.com.ar\/blog\/chascomus-ultima-etapa-en-la-remodelacion-del-hogar-municipal-la-casita\/\" title=\"CHASCOM\u00daS : \u00daLTIMA ETAPA EN LA REMODELACI\u00d3N DEL HOGAR MUNICIPAL \u00abLA CASITA\u00bb\">[Leer M\u00e1s]<\/a><\/p>\n<\/div>","protected":false},"author":3,"featured_media":36363,"comment_status":"open","ping_status":"open","sticky":false,"template":"","format":"standard","meta":{"_jetpack_memberships_contains_paid_content":false,"footnotes":"","jetpack_publicize_message":"","jetpack_publicize_feature_enabled":true,"jetpack_social_post_already_shared":true,"jetpack_social_options":{"image_generator_settings":{"template":"highway","default_image_id":0,"font":"","enabled":false},"version":2}},"categories":[6],"tags":[],"class_list":{"0":"post-36362","1":"post","2":"type-post","3":"status-publish","4":"format-standard","5":"has-post-thumbnail","7":"category-chascomus"},"jetpack_publicize_connections":[],"jetpack_featured_media_url":"https:\/\/i0.wp.com\/larevistadigital.com.ar\/blog\/wp-content\/uploads\/2024_06_20_01_48_44_6106467.jpg?fit=600%2C400&ssl=1","jetpack_sharing_enabled":true,"jetpack_shortlink":"https:\/\/wp.me\/p8qtrQ-9su","jetpack-related-posts":[{"id":38478,"url":"https:\/\/larevistadigital.com.ar\/blog\/chascomus-el-hogar-la-casita-quedo-remodelado-y-mas-confortable\/","url_meta":{"origin":36362,"position":0},"title":"Chascom\u00fas: El Hogar \u201cLa Casita\u201d qued\u00f3 remodelado y m\u00e1s confortable","author":"Alejandro Sosa Ruda","date":"19 enero, 2025","format":false,"excerpt":"Con las obras concluidas no s\u00f3lo se mejor\u00f3 la infraestructura del hogar municipal sino tambi\u00e9n que se brinda un entorno m\u00e1s seguro y confortable para los ni\u00f1os y las ni\u00f1as que lo habitan. 19 de Enero de 2025 CHASCOM\u00daS -\u00a0 El intendente Javier Gast\u00f3n acompa\u00f1ado por el subsecretario de Infancias\u2026","rel":"","context":"En \u00abCHASCOM\u00daS\u00bb","block_context":{"text":"CHASCOM\u00daS","link":"https:\/\/larevistadigital.com.ar\/blog\/category\/chascomus\/"},"img":{"alt_text":"","src":"https:\/\/i0.wp.com\/larevistadigital.com.ar\/blog\/wp-content\/uploads\/678a996ad3955.png?fit=668%2C445&ssl=1&resize=350%2C200","width":350,"height":200,"srcset":"https:\/\/i0.wp.com\/larevistadigital.com.ar\/blog\/wp-content\/uploads\/678a996ad3955.png?fit=668%2C445&ssl=1&resize=350%2C200 1x, https:\/\/i0.wp.com\/larevistadigital.com.ar\/blog\/wp-content\/uploads\/678a996ad3955.png?fit=668%2C445&ssl=1&resize=525%2C300 1.5x"},"classes":[]},{"id":9212,"url":"https:\/\/larevistadigital.com.ar\/blog\/chascomus-ultima-etapa-de-la-remodelacion-de-la-plaza-libertad\/","url_meta":{"origin":36362,"position":1},"title":"CHASCOM\u00daS: \u00daLTIMA ETAPA DE LA REMODELACI\u00d3N DE LA PLAZA LIBERTAD","author":"Alejandro Sosa Ruda","date":"19 marzo, 2019","format":false,"excerpt":"Los \u00faltimos trabajos a cargo del personal municipal consisten en la distribuci\u00f3n de las piedritas sobre los caminos laterales en el sector de calle Juli\u00e1n Quintana, habi\u00e9ndose cubierto con este material todo el sector central de la plaza, acci\u00f3n que favorece la conservaci\u00f3n del terreno en espacios tan concurridos. Se\u2026","rel":"","context":"En \u00abCHASCOM\u00daS\u00bb","block_context":{"text":"CHASCOM\u00daS","link":"https:\/\/larevistadigital.com.ar\/blog\/category\/chascomus\/"},"img":{"alt_text":"","src":"https:\/\/i0.wp.com\/larevistadigital.com.ar\/blog\/wp-content\/uploads\/2019\/03\/remodelacion_19demarzode2019_elfuerte.jpg?fit=737%2C415&ssl=1&resize=350%2C200","width":350,"height":200,"srcset":"https:\/\/i0.wp.com\/larevistadigital.com.ar\/blog\/wp-content\/uploads\/2019\/03\/remodelacion_19demarzode2019_elfuerte.jpg?fit=737%2C415&ssl=1&resize=350%2C200 1x, https:\/\/i0.wp.com\/larevistadigital.com.ar\/blog\/wp-content\/uploads\/2019\/03\/remodelacion_19demarzode2019_elfuerte.jpg?fit=737%2C415&ssl=1&resize=525%2C300 1.5x, https:\/\/i0.wp.com\/larevistadigital.com.ar\/blog\/wp-content\/uploads\/2019\/03\/remodelacion_19demarzode2019_elfuerte.jpg?fit=737%2C415&ssl=1&resize=700%2C400 2x"},"classes":[]},{"id":38986,"url":"https:\/\/larevistadigital.com.ar\/blog\/chascomus-remodelacion-y-puesta-en-valor-de-la-plaza-sarmiento\/","url_meta":{"origin":36362,"position":2},"title":"Chascom\u00fas: Remodelaci\u00f3n y puesta en valor de la plaza Sarmiento","author":"Alejandro Sosa Ruda","date":"13 marzo, 2025","format":false,"excerpt":"El espacio contar\u00e1 con nueva infraestructura, juegos infantiles y equipamiento para toda la comunidad. 14 de Marzo de 2025 CHASCOM\u00daS -\u00a0 La Municipalidad de Chascom\u00fas lleva adelante trabajos de remodelaci\u00f3n y puesta en valor de la plaza Sarmiento, ubicada entre las calles Libres del Sur, Caseros, Belgrano y las v\u00edas,\u2026","rel":"","context":"En \u00abCHASCOM\u00daS\u00bb","block_context":{"text":"CHASCOM\u00daS","link":"https:\/\/larevistadigital.com.ar\/blog\/category\/chascomus\/"},"img":{"alt_text":"","src":"https:\/\/i0.wp.com\/larevistadigital.com.ar\/blog\/wp-content\/uploads\/67d463066f942.png?fit=668%2C445&ssl=1&resize=350%2C200","width":350,"height":200,"srcset":"https:\/\/i0.wp.com\/larevistadigital.com.ar\/blog\/wp-content\/uploads\/67d463066f942.png?fit=668%2C445&ssl=1&resize=350%2C200 1x, https:\/\/i0.wp.com\/larevistadigital.com.ar\/blog\/wp-content\/uploads\/67d463066f942.png?fit=668%2C445&ssl=1&resize=525%2C300 1.5x"},"classes":[]},{"id":43154,"url":"https:\/\/larevistadigital.com.ar\/blog\/prevencion-de-accidentes-domesticos-con-ninos-y-ninas-pequenos\/","url_meta":{"origin":36362,"position":3},"title":"Prevenci\u00f3n de accidentes dom\u00e9sticos con ni\u00f1os y ni\u00f1as peque\u00f1os","author":"Alejandro Sosa Ruda","date":"5 enero, 2026","format":false,"excerpt":"Desde la secretar\u00eda de Salud P\u00fablica Municipal se brindan recomendaciones para evitar los accidentes que se producen en el hogar. 05 de enero de 2026 CHASCOM\u00daS -\u00a0 \u00a0Cada grupo familiar debe tener presente que el ni\u00f1o o la ni\u00f1a progresan r\u00e1pidamente en su desarrollo motor y que los episodios de\u2026","rel":"","context":"En \u00abINTERES GENERAL\u00bb","block_context":{"text":"INTERES GENERAL","link":"https:\/\/larevistadigital.com.ar\/blog\/category\/interes-general\/"},"img":{"alt_text":"","src":"https:\/\/i0.wp.com\/larevistadigital.com.ar\/blog\/wp-content\/uploads\/695bf1379a61a.png?fit=668%2C445&ssl=1&resize=350%2C200","width":350,"height":200,"srcset":"https:\/\/i0.wp.com\/larevistadigital.com.ar\/blog\/wp-content\/uploads\/695bf1379a61a.png?fit=668%2C445&ssl=1&resize=350%2C200 1x, https:\/\/i0.wp.com\/larevistadigital.com.ar\/blog\/wp-content\/uploads\/695bf1379a61a.png?fit=668%2C445&ssl=1&resize=525%2C300 1.5x"},"classes":[]},{"id":6551,"url":"https:\/\/larevistadigital.com.ar\/blog\/chascomus-el-municipio-coloca-nuevos-juegos-en-las-plazas\/","url_meta":{"origin":36362,"position":4},"title":"CHASCOM\u00daS: EL MUNICIPIO COLOCA NUEVOS JUEGOS EN LAS PLAZAS","author":"Alejandro Sosa Ruda","date":"20 septiembre, 2018","format":false,"excerpt":"A trav\u00e9s de su cuenta d facebook el municipio de Chascom\u00fas inform\u00f3 que est\u00e1 abocado a colocar nuevos juegos en distintas plazas de la ciudad para el disfrute de los ni\u00f1os. El comunicado dice lo siguiente: Continuando con la readecuaci\u00f3n y puesta en valor de los espacios p\u00fablicos de la\u2026","rel":"","context":"En \u00abPOLITICA\u00bb","block_context":{"text":"POLITICA","link":"https:\/\/larevistadigital.com.ar\/blog\/category\/politica\/"},"img":{"alt_text":"","src":"https:\/\/i0.wp.com\/larevistadigital.com.ar\/blog\/wp-content\/uploads\/2018\/09\/42194036_2071034052917469_4836271451768094720_n.jpg?fit=960%2C640&ssl=1&resize=350%2C200","width":350,"height":200,"srcset":"https:\/\/i0.wp.com\/larevistadigital.com.ar\/blog\/wp-content\/uploads\/2018\/09\/42194036_2071034052917469_4836271451768094720_n.jpg?fit=960%2C640&ssl=1&resize=350%2C200 1x, https:\/\/i0.wp.com\/larevistadigital.com.ar\/blog\/wp-content\/uploads\/2018\/09\/42194036_2071034052917469_4836271451768094720_n.jpg?fit=960%2C640&ssl=1&resize=525%2C300 1.5x, https:\/\/i0.wp.com\/larevistadigital.com.ar\/blog\/wp-content\/uploads\/2018\/09\/42194036_2071034052917469_4836271451768094720_n.jpg?fit=960%2C640&ssl=1&resize=700%2C400 2x"},"classes":[]},{"id":42642,"url":"https:\/\/larevistadigital.com.ar\/blog\/chascomus-controles-periodicos-de-salud-para-personal-municipal\/","url_meta":{"origin":36362,"position":5},"title":"Chascom\u00fas: Controles peri\u00f3dicos de salud para personal municipal","author":"Alejandro Sosa Ruda","date":"29 noviembre, 2025","format":false,"excerpt":"Se llevaron a cabo evaluaciones obligatorias junto a Provincia ART para prevenir enfermedades profesionales. Durante la \u00faltima semana se desarrollaron los ex\u00e1menes peri\u00f3dicos obligatorios destinados a trabajadores y trabajadoras municipales. Las evaluaciones fueron coordinadas por el equipo de Recursos Humanos de la Municipalidad y contaron con la participaci\u00f3n de profesionales\u2026","rel":"","context":"En \u00abCHASCOM\u00daS\u00bb","block_context":{"text":"CHASCOM\u00daS","link":"https:\/\/larevistadigital.com.ar\/blog\/category\/chascomus\/"},"img":{"alt_text":"","src":"https:\/\/i0.wp.com\/larevistadigital.com.ar\/blog\/wp-content\/uploads\/6929d7c893e88.png?fit=668%2C445&ssl=1&resize=350%2C200","width":350,"height":200,"srcset":"https:\/\/i0.wp.com\/larevistadigital.com.ar\/blog\/wp-content\/uploads\/6929d7c893e88.png?fit=668%2C445&ssl=1&resize=350%2C200 1x, https:\/\/i0.wp.com\/larevistadigital.com.ar\/blog\/wp-content\/uploads\/6929d7c893e88.png?fit=668%2C445&ssl=1&resize=525%2C300 1.5x"},"classes":[]}],"_links":{"self":[{"href":"https:\/\/larevistadigital.com.ar\/blog\/wp-json\/wp\/v2\/posts\/36362","targetHints":{"allow":["GET"]}}],"collection":[{"href":"https:\/\/larevistadigital.com.ar\/blog\/wp-json\/wp\/v2\/posts"}],"about":[{"href":"https:\/\/larevistadigital.com.ar\/blog\/wp-json\/wp\/v2\/types\/post"}],"author":[{"embeddable":true,"href":"https:\/\/larevistadigital.com.ar\/blog\/wp-json\/wp\/v2\/users\/3"}],"replies":[{"embeddable":true,"href":"https:\/\/larevistadigital.com.ar\/blog\/wp-json\/wp\/v2\/comments?post=36362"}],"version-history":[{"count":1,"href":"https:\/\/larevistadigital.com.ar\/blog\/wp-json\/wp\/v2\/posts\/36362\/revisions"}],"predecessor-version":[{"id":36364,"href":"https:\/\/larevistadigital.com.ar\/blog\/wp-json\/wp\/v2\/posts\/36362\/revisions\/36364"}],"wp:featuredmedia":[{"embeddable":true,"href":"https:\/\/larevistadigital.com.ar\/blog\/wp-json\/wp\/v2\/media\/36363"}],"wp:attachment":[{"href":"https:\/\/larevistadigital.com.ar\/blog\/wp-json\/wp\/v2\/media?parent=36362"}],"wp:term":[{"taxonomy":"category","embeddable":true,"href":"https:\/\/larevistadigital.com.ar\/blog\/wp-json\/wp\/v2\/categories?post=36362"},{"taxonomy":"post_tag","embeddable":true,"href":"https:\/\/larevistadigital.com.ar\/blog\/wp-json\/wp\/v2\/tags?post=36362"}],"curies":[{"name":"wp","href":"https:\/\/api.w.org\/{rel}","templated":true}]}}