{"id":36365,"date":"2024-06-19T22:30:20","date_gmt":"2024-06-20T01:30:20","guid":{"rendered":"https:\/\/larevistadigital.com.ar\/blog\/?p=36365"},"modified":"2024-06-19T22:30:20","modified_gmt":"2024-06-20T01:30:20","slug":"sin-cambios-en-el-cronograma-de-recoleccion-de-residuos","status":"publish","type":"post","link":"https:\/\/larevistadigital.com.ar\/blog\/sin-cambios-en-el-cronograma-de-recoleccion-de-residuos\/","title":{"rendered":"SIN CAMBIOS EN EL CRONOGRAMA DE RECOLECCI\u00d3N DE RESIDUOS"},"content":{"rendered":"<h2 class=\"notaIntro\">As\u00ed lo inform\u00f3 la Secretar\u00eda de Obras, Servicios P\u00fablicos y Ambiente para el fin de semana largo.<\/h2>\n<p>19 de Junio de 2024<\/p>\n<p class=\"notaTexto\"><strong>CHASCOM\u00daS\u00a0 &#8211;\u00a0<\/strong> \u00a0Durante el fin de semana extra largo la recolecci\u00f3n de residuos domiciliarios ser\u00e1 de acuerdo al cronograma habitual.<\/p>\n<p>Los residuos deben ser depositados en los contenedores en el horario de 18 a 20 hs, todos los d\u00edas a excepci\u00f3n de los s\u00e1bados. La basura domiciliaria debe ser descartada en bolsas cerradas en los contenedores verde oscuro, mientras que los residuos reciclables como papel, cart\u00f3n, pl\u00e1sticos, metales, frascos, botellas de vidrio y Tetra Brik, deben ser depositados limpios y secos en los contenedores verde claro.<\/p>\n<p>Se recomienda en todos los casos dejar los contenedores cerrados respetando su capacidad m\u00e1xima. De no ser posible, se debe buscar otro contenedor cercano. Es muy importante cumplir con esta norma m\u00ednima a fin de evitar el ingreso de animales y prevenir focos infecciosos. No se debe dejar basura afuera de los mismos. Para el descarte de otro tipo de materiales como electrodom\u00e9sticos, colchones, etc, se debe proceder a depositarlos en la puerta del domicilio perteneciente a quien descarta y llamar al 107 para su retiro.<\/p>\n<p>Mantener las calles limpias requiere del compromiso de toda la comunidad, colaboremos con la higiene de nuestra ciudad utilizando los contenedores de manera correcta.<\/p>\n","protected":false},"excerpt":{"rendered":"<div class=\"mh-excerpt\"><p>As\u00ed lo inform\u00f3 la Secretar\u00eda de Obras, Servicios P\u00fablicos y Ambiente para el fin de semana largo. 19 de Junio de 2024 CHASCOM\u00daS\u00a0 &#8211;\u00a0 \u00a0Durante el fin de semana extra largo la recolecci\u00f3n de residuos <a class=\"mh-excerpt-more\" href=\"https:\/\/larevistadigital.com.ar\/blog\/sin-cambios-en-el-cronograma-de-recoleccion-de-residuos\/\" title=\"SIN CAMBIOS EN EL CRONOGRAMA DE RECOLECCI\u00d3N DE RESIDUOS\">[Leer M\u00e1s]<\/a><\/p>\n<\/div>","protected":false},"author":3,"featured_media":36366,"comment_status":"open","ping_status":"open","sticky":false,"template":"","format":"standard","meta":{"_jetpack_memberships_contains_paid_content":false,"footnotes":"","jetpack_publicize_message":"","jetpack_publicize_feature_enabled":true,"jetpack_social_post_already_shared":true,"jetpack_social_options":{"image_generator_settings":{"template":"highway","default_image_id":0,"font":"","enabled":false},"version":2}},"categories":[6],"tags":[],"class_list":{"0":"post-36365","1":"post","2":"type-post","3":"status-publish","4":"format-standard","5":"has-post-thumbnail","7":"category-chascomus"},"jetpack_publicize_connections":[],"jetpack_featured_media_url":"https:\/\/i0.wp.com\/larevistadigital.com.ar\/blog\/wp-content\/uploads\/2024_06_20_01_50_34_5347697.jpg?fit=600%2C401&ssl=1","jetpack_sharing_enabled":true,"jetpack_shortlink":"https:\/\/wp.me\/p8qtrQ-9sx","jetpack-related-posts":[{"id":40076,"url":"https:\/\/larevistadigital.com.ar\/blog\/chascomus-cronograma-de-recoleccion-de-residuos-del-fin-de-semana-largo\/","url_meta":{"origin":36365,"position":0},"title":"Chascom\u00fas: Cronograma de recolecci\u00f3n de residuos del fin de semana largo","author":"Alejandro Sosa Ruda","date":"12 junio, 2025","format":false,"excerpt":"Fin de semana largo con servicio normal. 12 de Junio de 2025 CHASCOM\u00daS -\u00a0 \u00a0Desde el \u00e1rea de Servicios P\u00fablicos informan que durante el lunes 16 de mayo, feriado por la conmemoraci\u00f3n del Paso a la Inmortalidad del Gral. Don Mart\u00edn Miguel de G\u00fcemes (17 de junio), el servicio de\u2026","rel":"","context":"En \u00abCHASCOM\u00daS\u00bb","block_context":{"text":"CHASCOM\u00daS","link":"https:\/\/larevistadigital.com.ar\/blog\/category\/chascomus\/"},"img":{"alt_text":"","src":"https:\/\/i0.wp.com\/larevistadigital.com.ar\/blog\/wp-content\/uploads\/684b108770c7e.png?fit=668%2C445&ssl=1&resize=350%2C200","width":350,"height":200,"srcset":"https:\/\/i0.wp.com\/larevistadigital.com.ar\/blog\/wp-content\/uploads\/684b108770c7e.png?fit=668%2C445&ssl=1&resize=350%2C200 1x, https:\/\/i0.wp.com\/larevistadigital.com.ar\/blog\/wp-content\/uploads\/684b108770c7e.png?fit=668%2C445&ssl=1&resize=525%2C300 1.5x"},"classes":[]},{"id":44878,"url":"https:\/\/larevistadigital.com.ar\/blog\/chascomus-como-sera-la-recoleccion-de-residuos-durante-el-fin-de-semana-largo\/","url_meta":{"origin":36365,"position":1},"title":"Chascom\u00fas: C\u00f3mo ser\u00e1 la recolecci\u00f3n de residuos durante el fin de semana largo","author":"Alejandro Sosa Ruda","date":"1 abril, 2026","format":false,"excerpt":"Para garantizar la limpieza de la ciudad, el personal municipal trabajar\u00e1 durante los feriados. 01 de abril de 2026 CHASCOM\u00daS -\u00a0 La Municipalidad de Chascom\u00fas da a conocer los horarios del servicio de recolecci\u00f3n de residuos durante los pr\u00f3ximos d\u00edas. El jueves y el viernes, s\u00e1bado, se realizar\u00e1 de manera\u2026","rel":"","context":"En \u00abINTERES GENERAL\u00bb","block_context":{"text":"INTERES GENERAL","link":"https:\/\/larevistadigital.com.ar\/blog\/category\/interes-general\/"},"img":{"alt_text":"","src":"https:\/\/i0.wp.com\/larevistadigital.com.ar\/blog\/wp-content\/uploads\/69cd4c5500238.png?fit=668%2C445&ssl=1&resize=350%2C200","width":350,"height":200,"srcset":"https:\/\/i0.wp.com\/larevistadigital.com.ar\/blog\/wp-content\/uploads\/69cd4c5500238.png?fit=668%2C445&ssl=1&resize=350%2C200 1x, https:\/\/i0.wp.com\/larevistadigital.com.ar\/blog\/wp-content\/uploads\/69cd4c5500238.png?fit=668%2C445&ssl=1&resize=525%2C300 1.5x"},"classes":[]},{"id":38876,"url":"https:\/\/larevistadigital.com.ar\/blog\/recoleccion-de-residuos\/","url_meta":{"origin":36365,"position":2},"title":"Recolecci\u00f3n de residuos","author":"Alejandro Sosa Ruda","date":"27 febrero, 2025","format":false,"excerpt":"La Secretar\u00eda de Obras, Servicios P\u00fablicos y Ambiente dio a conocer el cronograma correspondiente al fin de semana de Carnaval. 27 de Febrero de 2025 CHASCOM\u00daS -\u00a0 Los d\u00edas viernes 28 y s\u00e1bado 1, el servicio ser\u00e1 normal por la ma\u00f1ana y por la tarde. En cuanto a los d\u00edas\u2026","rel":"","context":"En \u00abDESTACADAS\u00bb","block_context":{"text":"DESTACADAS","link":"https:\/\/larevistadigital.com.ar\/blog\/category\/destacadas\/"},"img":{"alt_text":"","src":"https:\/\/i0.wp.com\/larevistadigital.com.ar\/blog\/wp-content\/uploads\/67c09a4a41c4f.png?fit=668%2C445&ssl=1&resize=350%2C200","width":350,"height":200,"srcset":"https:\/\/i0.wp.com\/larevistadigital.com.ar\/blog\/wp-content\/uploads\/67c09a4a41c4f.png?fit=668%2C445&ssl=1&resize=350%2C200 1x, https:\/\/i0.wp.com\/larevistadigital.com.ar\/blog\/wp-content\/uploads\/67c09a4a41c4f.png?fit=668%2C445&ssl=1&resize=525%2C300 1.5x"},"classes":[]},{"id":40301,"url":"https:\/\/larevistadigital.com.ar\/blog\/chascomus-mantenimiento-y-limpieza-de-contenedores-para-cuidar-la-higiene-urbana\/","url_meta":{"origin":36365,"position":3},"title":"Chascom\u00fas: Mantenimiento y limpieza de contenedores para cuidar la higiene urbana","author":"Alejandro Sosa Ruda","date":"4 julio, 2025","format":false,"excerpt":"La Municipalidad de Chascom\u00fas realiza tareas peri\u00f3dicas de lavado y reparaci\u00f3n para asegurar el correcto funcionamiento del sistema de contenerizaci\u00f3n y prevenir focos de contaminaci\u00f3n. 04 de Julio de 2025 CHASCOM\u00daS -\u00a0 Con el objetivo de preservar los beneficios del sistema de recolecci\u00f3n de residuos, desde la Secretar\u00eda de Obras\u2026","rel":"","context":"En \u00abCHASCOM\u00daS\u00bb","block_context":{"text":"CHASCOM\u00daS","link":"https:\/\/larevistadigital.com.ar\/blog\/category\/chascomus\/"},"img":{"alt_text":"","src":"https:\/\/i0.wp.com\/larevistadigital.com.ar\/blog\/wp-content\/uploads\/686816c81af59.png?fit=668%2C445&ssl=1&resize=350%2C200","width":350,"height":200,"srcset":"https:\/\/i0.wp.com\/larevistadigital.com.ar\/blog\/wp-content\/uploads\/686816c81af59.png?fit=668%2C445&ssl=1&resize=350%2C200 1x, https:\/\/i0.wp.com\/larevistadigital.com.ar\/blog\/wp-content\/uploads\/686816c81af59.png?fit=668%2C445&ssl=1&resize=525%2C300 1.5x"},"classes":[]},{"id":41527,"url":"https:\/\/larevistadigital.com.ar\/blog\/chascomus-separacion-de-residuos\/","url_meta":{"origin":36365,"position":4},"title":"Chascom\u00fas: Separaci\u00f3n de res\u00edduos","author":"Alejandro Sosa Ruda","date":"19 septiembre, 2025","format":false,"excerpt":"Un compromiso con el ambiente y con la higiene de la ciudad. 19 de septiembre de 2025 CHASCOM\u00daS -\u00a0 \u00a0El sistema de recolecci\u00f3n de Chascom\u00fas est\u00e1 pensado con dos objetivos fundamentales. El primero es mantener el orden y la higiene de la v\u00eda p\u00fablica. El segundo, es el cuidado del\u2026","rel":"","context":"En \u00abCHASCOM\u00daS\u00bb","block_context":{"text":"CHASCOM\u00daS","link":"https:\/\/larevistadigital.com.ar\/blog\/category\/chascomus\/"},"img":{"alt_text":"","src":"https:\/\/i0.wp.com\/larevistadigital.com.ar\/blog\/wp-content\/uploads\/68cd9822246e9.png?fit=668%2C445&ssl=1&resize=350%2C200","width":350,"height":200,"srcset":"https:\/\/i0.wp.com\/larevistadigital.com.ar\/blog\/wp-content\/uploads\/68cd9822246e9.png?fit=668%2C445&ssl=1&resize=350%2C200 1x, https:\/\/i0.wp.com\/larevistadigital.com.ar\/blog\/wp-content\/uploads\/68cd9822246e9.png?fit=668%2C445&ssl=1&resize=525%2C300 1.5x"},"classes":[]},{"id":42381,"url":"https:\/\/larevistadigital.com.ar\/blog\/chascomus-sistema-de-recoleccion-diferenciada\/","url_meta":{"origin":36365,"position":5},"title":"Chascom\u00fas:  Sistema de recolecci\u00f3n diferenciada","author":"Alejandro Sosa Ruda","date":"5 noviembre, 2025","format":false,"excerpt":"Separar los residuos domiciliarios es indispensable para mantener la higiene de la ciudad y cuidar el planeta Chascom\u00fas cuenta con un sistema de recolecci\u00f3n diferenciada de residuos domiciliarios que la Municipalidad de Chascom\u00fas gestiona a trav\u00e9s de contenedores destinados al descarte de basura y de material reciclable, seg\u00fan los colores.\u2026","rel":"","context":"En \u00abCHASCOM\u00daS\u00bb","block_context":{"text":"CHASCOM\u00daS","link":"https:\/\/larevistadigital.com.ar\/blog\/category\/chascomus\/"},"img":{"alt_text":"","src":"https:\/\/i0.wp.com\/larevistadigital.com.ar\/blog\/wp-content\/uploads\/690a24b615684.png?fit=668%2C445&ssl=1&resize=350%2C200","width":350,"height":200,"srcset":"https:\/\/i0.wp.com\/larevistadigital.com.ar\/blog\/wp-content\/uploads\/690a24b615684.png?fit=668%2C445&ssl=1&resize=350%2C200 1x, https:\/\/i0.wp.com\/larevistadigital.com.ar\/blog\/wp-content\/uploads\/690a24b615684.png?fit=668%2C445&ssl=1&resize=525%2C300 1.5x"},"classes":[]}],"_links":{"self":[{"href":"https:\/\/larevistadigital.com.ar\/blog\/wp-json\/wp\/v2\/posts\/36365","targetHints":{"allow":["GET"]}}],"collection":[{"href":"https:\/\/larevistadigital.com.ar\/blog\/wp-json\/wp\/v2\/posts"}],"about":[{"href":"https:\/\/larevistadigital.com.ar\/blog\/wp-json\/wp\/v2\/types\/post"}],"author":[{"embeddable":true,"href":"https:\/\/larevistadigital.com.ar\/blog\/wp-json\/wp\/v2\/users\/3"}],"replies":[{"embeddable":true,"href":"https:\/\/larevistadigital.com.ar\/blog\/wp-json\/wp\/v2\/comments?post=36365"}],"version-history":[{"count":1,"href":"https:\/\/larevistadigital.com.ar\/blog\/wp-json\/wp\/v2\/posts\/36365\/revisions"}],"predecessor-version":[{"id":36367,"href":"https:\/\/larevistadigital.com.ar\/blog\/wp-json\/wp\/v2\/posts\/36365\/revisions\/36367"}],"wp:featuredmedia":[{"embeddable":true,"href":"https:\/\/larevistadigital.com.ar\/blog\/wp-json\/wp\/v2\/media\/36366"}],"wp:attachment":[{"href":"https:\/\/larevistadigital.com.ar\/blog\/wp-json\/wp\/v2\/media?parent=36365"}],"wp:term":[{"taxonomy":"category","embeddable":true,"href":"https:\/\/larevistadigital.com.ar\/blog\/wp-json\/wp\/v2\/categories?post=36365"},{"taxonomy":"post_tag","embeddable":true,"href":"https:\/\/larevistadigital.com.ar\/blog\/wp-json\/wp\/v2\/tags?post=36365"}],"curies":[{"name":"wp","href":"https:\/\/api.w.org\/{rel}","templated":true}]}}