{"id":36368,"date":"2024-06-19T22:45:44","date_gmt":"2024-06-20T01:45:44","guid":{"rendered":"https:\/\/larevistadigital.com.ar\/blog\/?p=36368"},"modified":"2024-06-19T22:45:44","modified_gmt":"2024-06-20T01:45:44","slug":"kicillof-encabezo-la-ceremonia-de-promesa-a-la-bandera-nacional-de-estudiantes-bonaerenses","status":"publish","type":"post","link":"https:\/\/larevistadigital.com.ar\/blog\/kicillof-encabezo-la-ceremonia-de-promesa-a-la-bandera-nacional-de-estudiantes-bonaerenses\/","title":{"rendered":"KICILLOF ENCABEZ\u00d3 LA CEREMONIA DE PROMESA A LA BANDERA NACIONAL DE ESTUDIANTES BONAERENSES"},"content":{"rendered":"<h2>Participaron 810 estudiantes que cursan el 4\u00b0 grado en escuelas primarias de la regi\u00f3n.<\/h2>\n<p>19 de Junio de 2024<\/p>\n<p><strong>BUENOS AIRES &#8211;<\/strong>\u00a0 El gobernador de la provincia de Buenos Aires, <strong>Axel Kicillof<\/strong>, encabez\u00f3 este mi\u00e9rcoles el acto de promesa de lealtad a la bandera nacional por parte de alumnos y alumnas de escuelas primarias p\u00fablicas y privadas bonaerenses. Fue en la Rep\u00fablica de los Ni\u00f1os de La Plata, junto al intendente local, <strong>Julio Alak<\/strong>; el director general de Cultura y Educaci\u00f3n, <strong>Alberto Sileoni<\/strong>; y la presidenta del Instituto Cultural, Florencia Saintout.<\/p>\n<p>En ese marco, <strong>Kicillof<\/strong> destac\u00f3 que <em><strong>\u201ccon la creaci\u00f3n de la bandera, Manuel Belgrano nos leg\u00f3 un s\u00edmbolo en el que nos reconocemos y que nos representa a todas y todos los argentinos\u201d. \u201cSiguiendo su ejemplo, como Gobierno nos hemos dedicado a ampliar los derechos de los y las bonaerenses: construimos 223 nuevas escuelas que eran muy necesarias para nuestra provincia\u201d<\/strong><\/em>, a\u00f1adi\u00f3.<\/p>\n<p><em><strong>\u201cComo aqu\u00ed lo hacen m\u00e1s de 800 estudiantes, hoy prometen a la bandera alumnos y alumnas de los 135 municipios, quienes recordar\u00e1n para siempre este d\u00eda en el que se comprometieron con nuestra patria\u201d<\/strong><\/em>, sostuvo el Gobernador y concluy\u00f3: <strong><em>\u201cEsto demuestra que, m\u00e1s all\u00e1 de cualquier diferencia, en la provincia de Buenos Aires se quiere, se respeta y se ama a la bandera\u201d.<\/em><\/strong><\/p>\n<p>De la ceremonia participaron 810 estudiantes que cursan el 4\u00b0 grado en escuelas primarias de los municipios de Berisso, Brandsen, Ensenada, La Plata, Magdalena y Punta Indio. Durante la jornada disfrutaron tambi\u00e9n de los diferentes atractivos de la Rep\u00fablica de los Ni\u00f1os, con propuestas art\u00edsticas y actividades en el museo, el microcine, el tren y otros espacios del parque tem\u00e1tico educativo.<\/p>\n<p>Estuvieron presentes la jefa de Asesores del Gobernador, Cristina \u00c1lvarez Rodr\u00edguez; la ministra de Mujeres y Diversidad, Estela D\u00edaz; el presidente del Banco Provincia, Juan Cuattromo; \u00a0la subsecretaria de Pol\u00edticas Culturales, Victoria Onetto; el intendente de Punta Indio, David Angueira; la diputada Luc\u00eda Ia\u00f1ez; funcionarios y funcionarias locales; \u00a0concejales y concejalas.<\/p>\n","protected":false},"excerpt":{"rendered":"<div class=\"mh-excerpt\"><p>Participaron 810 estudiantes que cursan el 4\u00b0 grado en escuelas primarias de la regi\u00f3n. 19 de Junio de 2024 BUENOS AIRES &#8211;\u00a0 El gobernador de la provincia de Buenos Aires, Axel Kicillof, encabez\u00f3 este mi\u00e9rcoles <a class=\"mh-excerpt-more\" href=\"https:\/\/larevistadigital.com.ar\/blog\/kicillof-encabezo-la-ceremonia-de-promesa-a-la-bandera-nacional-de-estudiantes-bonaerenses\/\" title=\"KICILLOF ENCABEZ\u00d3 LA CEREMONIA DE PROMESA A LA BANDERA NACIONAL DE ESTUDIANTES BONAERENSES\">[Leer M\u00e1s]<\/a><\/p>\n<\/div>","protected":false},"author":3,"featured_media":36369,"comment_status":"open","ping_status":"open","sticky":false,"template":"","format":"standard","meta":{"_jetpack_memberships_contains_paid_content":false,"footnotes":"","jetpack_publicize_message":"","jetpack_publicize_feature_enabled":true,"jetpack_social_post_already_shared":true,"jetpack_social_options":{"image_generator_settings":{"template":"highway","default_image_id":0,"font":"","enabled":false},"version":2}},"categories":[50,24],"tags":[],"class_list":{"0":"post-36368","1":"post","2":"type-post","3":"status-publish","4":"format-standard","5":"has-post-thumbnail","7":"category-interes-general","8":"category-politica-provincial"},"jetpack_publicize_connections":[],"jetpack_featured_media_url":"https:\/\/i0.wp.com\/larevistadigital.com.ar\/blog\/wp-content\/uploads\/DAE4072.jpg?fit=743%2C530&ssl=1","jetpack_sharing_enabled":true,"jetpack_shortlink":"https:\/\/wp.me\/p8qtrQ-9sA","jetpack-related-posts":[{"id":36484,"url":"https:\/\/larevistadigital.com.ar\/blog\/el-gobernador-kicillof-inauguro-un-mercado-bonaerense-fijo-en-ituzaingo\/","url_meta":{"origin":36368,"position":0},"title":"EL GOBERNADOR KICILLOF INAUGUR\u00d3 UN MERCADO BONAERENSE  FIJO EN ITUZAING\u00d3","author":"Alejandro Sosa Ruda","date":"28 junio, 2024","format":false,"excerpt":"Adem\u00e1s, el Gobernador encabez\u00f3 el acto de promesa a la bandera de 1.628 alumnos y alumnas del distrito. 28 de Junio de 2024 BUENOS AIRES -\u00a0 El gobernador de la provincia de Buenos Aires, Axel Kicillof, inaugur\u00f3 este jueves en Ituzaing\u00f3 un Mercado Bonaerense Fijo que promover\u00e1 precios justos en\u2026","rel":"","context":"En \u00abINTERES GENERAL\u00bb","block_context":{"text":"INTERES GENERAL","link":"https:\/\/larevistadigital.com.ar\/blog\/category\/interes-general\/"},"img":{"alt_text":"","src":"https:\/\/i0.wp.com\/larevistadigital.com.ar\/blog\/wp-content\/uploads\/EDItuzaingo.jpg?fit=743%2C530&ssl=1&resize=350%2C200","width":350,"height":200,"srcset":"https:\/\/i0.wp.com\/larevistadigital.com.ar\/blog\/wp-content\/uploads\/EDItuzaingo.jpg?fit=743%2C530&ssl=1&resize=350%2C200 1x, https:\/\/i0.wp.com\/larevistadigital.com.ar\/blog\/wp-content\/uploads\/EDItuzaingo.jpg?fit=743%2C530&ssl=1&resize=525%2C300 1.5x, https:\/\/i0.wp.com\/larevistadigital.com.ar\/blog\/wp-content\/uploads\/EDItuzaingo.jpg?fit=743%2C530&ssl=1&resize=700%2C400 2x"},"classes":[]},{"id":40180,"url":"https:\/\/larevistadigital.com.ar\/blog\/kicillof-entrego-patrulleros-y-motos-para-fortalecer-la-seguridad-en-florencio-varela\/","url_meta":{"origin":36368,"position":1},"title":"Kicillof entreg\u00f3 patrulleros y motos para fortalecer la seguridad en Florencio Varela","author":"Alejandro Sosa Ruda","date":"24 junio, 2025","format":false,"excerpt":"Adem\u00e1s, el Gobernador inaugur\u00f3 la Casa de la Provincia y encabez\u00f3 el acto de promesa a la bandera nacional por parte de estudiantes del distrito. 24 de Junio de 2025 El gobernador Axel Kicillof encabez\u00f3 este martes el acto de entrega de 38 patrulleros y 35 motos destinadas a fortalecer\u2026","rel":"","context":"En \u00abPOLITICA PROVINCIAL\u00bb","block_context":{"text":"POLITICA PROVINCIAL","link":"https:\/\/larevistadigital.com.ar\/blog\/category\/politica\/politica-provincial\/"},"img":{"alt_text":"","src":"https:\/\/i0.wp.com\/larevistadigital.com.ar\/blog\/wp-content\/uploads\/77A86492-scaled.jpg?fit=1200%2C800&ssl=1&resize=350%2C200","width":350,"height":200,"srcset":"https:\/\/i0.wp.com\/larevistadigital.com.ar\/blog\/wp-content\/uploads\/77A86492-scaled.jpg?fit=1200%2C800&ssl=1&resize=350%2C200 1x, https:\/\/i0.wp.com\/larevistadigital.com.ar\/blog\/wp-content\/uploads\/77A86492-scaled.jpg?fit=1200%2C800&ssl=1&resize=525%2C300 1.5x, https:\/\/i0.wp.com\/larevistadigital.com.ar\/blog\/wp-content\/uploads\/77A86492-scaled.jpg?fit=1200%2C800&ssl=1&resize=700%2C400 2x, https:\/\/i0.wp.com\/larevistadigital.com.ar\/blog\/wp-content\/uploads\/77A86492-scaled.jpg?fit=1200%2C800&ssl=1&resize=1050%2C600 3x"},"classes":[]},{"id":35929,"url":"https:\/\/larevistadigital.com.ar\/blog\/kicillof-inauguro-la-ampliacion-de-la-escuela-primaria-n-12-de-mar-chiquita\/","url_meta":{"origin":36368,"position":2},"title":"KICILLOF INAUGUR\u00d3 LA AMPLIACI\u00d3N DE LA ESCUELA PRIMARIA N\u00b0 12 DE MAR CHIQUITA","author":"Alejandro Sosa Ruda","date":"27 abril, 2024","format":false,"excerpt":"A partir de una inversi\u00f3n de $51 millones, se sumaron 340 metros cuadrados con salas de direcci\u00f3n y de maestros, cocina, biblioteca, aulas, sala de inform\u00e1tica y SUM. 27 de abril de 2024 MAR CHIQUITA - El gobernador de la provincia de Buenos Aires, Axel Kicillof, encabez\u00f3 este viernes la\u2026","rel":"","context":"En \u00abINTERES GENERAL\u00bb","block_context":{"text":"INTERES GENERAL","link":"https:\/\/larevistadigital.com.ar\/blog\/category\/interes-general\/"},"img":{"alt_text":"","src":"https:\/\/i0.wp.com\/larevistadigital.com.ar\/blog\/wp-content\/uploads\/Axel-Kicillof_23.jpg?fit=743%2C530&ssl=1&resize=350%2C200","width":350,"height":200,"srcset":"https:\/\/i0.wp.com\/larevistadigital.com.ar\/blog\/wp-content\/uploads\/Axel-Kicillof_23.jpg?fit=743%2C530&ssl=1&resize=350%2C200 1x, https:\/\/i0.wp.com\/larevistadigital.com.ar\/blog\/wp-content\/uploads\/Axel-Kicillof_23.jpg?fit=743%2C530&ssl=1&resize=525%2C300 1.5x, https:\/\/i0.wp.com\/larevistadigital.com.ar\/blog\/wp-content\/uploads\/Axel-Kicillof_23.jpg?fit=743%2C530&ssl=1&resize=700%2C400 2x"},"classes":[]},{"id":37703,"url":"https:\/\/larevistadigital.com.ar\/blog\/kicillof-encabezo-el-cierre-del-congreso-de-satsaid\/","url_meta":{"origin":36368,"position":3},"title":"Kicillof encabez\u00f3 el cierre del Congreso de SATSAID","author":"Alejandro Sosa Ruda","date":"1 noviembre, 2024","format":false,"excerpt":"El gobernador de la provincia de Buenos Aires, Axel Kicillof, encabez\u00f3 este mi\u00e9rcoles el acto de cierre del Congreso del Sindicato Argentino de Televisi\u00f3n, Servicios Audiovisuales, Interactivos y de Datos (SATSAID), en el que participaron m\u00e1s de 350 representantes gremiales de todo el pa\u00eds. 01 de noviembre de 2024 En\u2026","rel":"","context":"En \u00abPOLITICA PROVINCIAL\u00bb","block_context":{"text":"POLITICA PROVINCIAL","link":"https:\/\/larevistadigital.com.ar\/blog\/category\/politica\/politica-provincial\/"},"img":{"alt_text":"","src":"https:\/\/i0.wp.com\/larevistadigital.com.ar\/blog\/wp-content\/uploads\/20241031154009_kicillof-congreso-satsaid.jpg?fit=880%2C512&ssl=1&resize=350%2C200","width":350,"height":200,"srcset":"https:\/\/i0.wp.com\/larevistadigital.com.ar\/blog\/wp-content\/uploads\/20241031154009_kicillof-congreso-satsaid.jpg?fit=880%2C512&ssl=1&resize=350%2C200 1x, https:\/\/i0.wp.com\/larevistadigital.com.ar\/blog\/wp-content\/uploads\/20241031154009_kicillof-congreso-satsaid.jpg?fit=880%2C512&ssl=1&resize=525%2C300 1.5x, https:\/\/i0.wp.com\/larevistadigital.com.ar\/blog\/wp-content\/uploads\/20241031154009_kicillof-congreso-satsaid.jpg?fit=880%2C512&ssl=1&resize=700%2C400 2x"},"classes":[]},{"id":39164,"url":"https:\/\/larevistadigital.com.ar\/blog\/kicillof-inauguro-el-edificio-educativo-n-250-en-cinco-anos-de-gestion\/","url_meta":{"origin":36368,"position":4},"title":"Kicillof inaugur\u00f3 el edificio educativo N\u00b0 250 en cinco a\u00f1os de gesti\u00f3n","author":"Alejandro Sosa Ruda","date":"27 marzo, 2025","format":false,"excerpt":"El gobernador de la provincia de Buenos Aires, Axel Kicillof, encabez\u00f3 la inauguraci\u00f3n del edificio educativo N\u00b0 250 construido durante su gesti\u00f3n. La ceremonia se llev\u00f3 a cabo en las nuevas instalaciones de la Escuela Secundaria N\u00b0 9 de Ezeiza, junto al director general de Cultura y Educaci\u00f3n, Alberto Sileoni;\u2026","rel":"","context":"En \u00abINTERES GENERAL\u00bb","block_context":{"text":"INTERES GENERAL","link":"https:\/\/larevistadigital.com.ar\/blog\/category\/interes-general\/"},"img":{"alt_text":"","src":"https:\/\/i0.wp.com\/larevistadigital.com.ar\/blog\/wp-content\/uploads\/20250327195419_kicillof-inauguracion-escuela-ezeiza.jpg?fit=880%2C512&ssl=1&resize=350%2C200","width":350,"height":200,"srcset":"https:\/\/i0.wp.com\/larevistadigital.com.ar\/blog\/wp-content\/uploads\/20250327195419_kicillof-inauguracion-escuela-ezeiza.jpg?fit=880%2C512&ssl=1&resize=350%2C200 1x, https:\/\/i0.wp.com\/larevistadigital.com.ar\/blog\/wp-content\/uploads\/20250327195419_kicillof-inauguracion-escuela-ezeiza.jpg?fit=880%2C512&ssl=1&resize=525%2C300 1.5x, https:\/\/i0.wp.com\/larevistadigital.com.ar\/blog\/wp-content\/uploads\/20250327195419_kicillof-inauguracion-escuela-ezeiza.jpg?fit=880%2C512&ssl=1&resize=700%2C400 2x"},"classes":[]},{"id":41436,"url":"https:\/\/larevistadigital.com.ar\/blog\/kicillof-y-su-equipo-inauguran-escuela-secundaria-n58-y-entregan-equipamiento-escolar\/","url_meta":{"origin":36368,"position":5},"title":"Kicillof y su equipo: Inauguran Escuela Secundaria N\u00b058 y entregan equipamiento escolar","author":"Alejandro Sosa Ruda","date":"12 septiembre, 2025","format":false,"excerpt":"El gobernador bonaerense Axel Kicillof encabez\u00f3 este viernes la inauguraci\u00f3n de la Escuela Secundaria N\u00b058 en el municipio de San Mart\u00edn, acompa\u00f1ado por la vicegobernadora Ver\u00f3nica Magario, el director general de Cultura y Educaci\u00f3n Alberto Sileoni, el intendente Fernando Moreira, el dirigente Jorge Taiana y la directora de la instituci\u00f3n,\u2026","rel":"","context":"En \u00abPOLITICA PROVINCIAL\u00bb","block_context":{"text":"POLITICA PROVINCIAL","link":"https:\/\/larevistadigital.com.ar\/blog\/category\/politica\/politica-provincial\/"},"img":{"alt_text":"","src":"https:\/\/i0.wp.com\/larevistadigital.com.ar\/blog\/wp-content\/uploads\/20250912180440_kicillof-escuela-secundaria-n58-san-martin.jpg?fit=880%2C512&ssl=1&resize=350%2C200","width":350,"height":200,"srcset":"https:\/\/i0.wp.com\/larevistadigital.com.ar\/blog\/wp-content\/uploads\/20250912180440_kicillof-escuela-secundaria-n58-san-martin.jpg?fit=880%2C512&ssl=1&resize=350%2C200 1x, https:\/\/i0.wp.com\/larevistadigital.com.ar\/blog\/wp-content\/uploads\/20250912180440_kicillof-escuela-secundaria-n58-san-martin.jpg?fit=880%2C512&ssl=1&resize=525%2C300 1.5x, https:\/\/i0.wp.com\/larevistadigital.com.ar\/blog\/wp-content\/uploads\/20250912180440_kicillof-escuela-secundaria-n58-san-martin.jpg?fit=880%2C512&ssl=1&resize=700%2C400 2x"},"classes":[]}],"_links":{"self":[{"href":"https:\/\/larevistadigital.com.ar\/blog\/wp-json\/wp\/v2\/posts\/36368","targetHints":{"allow":["GET"]}}],"collection":[{"href":"https:\/\/larevistadigital.com.ar\/blog\/wp-json\/wp\/v2\/posts"}],"about":[{"href":"https:\/\/larevistadigital.com.ar\/blog\/wp-json\/wp\/v2\/types\/post"}],"author":[{"embeddable":true,"href":"https:\/\/larevistadigital.com.ar\/blog\/wp-json\/wp\/v2\/users\/3"}],"replies":[{"embeddable":true,"href":"https:\/\/larevistadigital.com.ar\/blog\/wp-json\/wp\/v2\/comments?post=36368"}],"version-history":[{"count":1,"href":"https:\/\/larevistadigital.com.ar\/blog\/wp-json\/wp\/v2\/posts\/36368\/revisions"}],"predecessor-version":[{"id":36370,"href":"https:\/\/larevistadigital.com.ar\/blog\/wp-json\/wp\/v2\/posts\/36368\/revisions\/36370"}],"wp:featuredmedia":[{"embeddable":true,"href":"https:\/\/larevistadigital.com.ar\/blog\/wp-json\/wp\/v2\/media\/36369"}],"wp:attachment":[{"href":"https:\/\/larevistadigital.com.ar\/blog\/wp-json\/wp\/v2\/media?parent=36368"}],"wp:term":[{"taxonomy":"category","embeddable":true,"href":"https:\/\/larevistadigital.com.ar\/blog\/wp-json\/wp\/v2\/categories?post=36368"},{"taxonomy":"post_tag","embeddable":true,"href":"https:\/\/larevistadigital.com.ar\/blog\/wp-json\/wp\/v2\/tags?post=36368"}],"curies":[{"name":"wp","href":"https:\/\/api.w.org\/{rel}","templated":true}]}}