{"id":36374,"date":"2024-06-21T00:13:37","date_gmt":"2024-06-21T03:13:37","guid":{"rendered":"https:\/\/larevistadigital.com.ar\/blog\/?p=36374"},"modified":"2024-06-21T00:13:37","modified_gmt":"2024-06-21T03:13:37","slug":"un-joven-de-villa-gesell-murio-en-brasil-atropellado-por-un-auto-y-su-familia-hace-una-colecta-para-traer-sus-restos","status":"publish","type":"post","link":"https:\/\/larevistadigital.com.ar\/blog\/un-joven-de-villa-gesell-murio-en-brasil-atropellado-por-un-auto-y-su-familia-hace-una-colecta-para-traer-sus-restos\/","title":{"rendered":"UN JOVEN DE VILLA GESELL MURI\u00d3 EN BRASIL ATROPELLADO POR UN AUTO, Y SU FAMILIA HACE UNA COLECTA PARA TRAER SUS RESTOS"},"content":{"rendered":"<div class=\"x11i5rnm xat24cr x1mh8g0r x1vvkbs xtlvy1s x126k92a\">\n<div dir=\"auto\"><strong>Ariel Cabral<\/strong> un chico geselino, sufri\u00f3 un accidente fatal en Brasil, su familia geselina , esta destrozada por lo ocurrido.<\/div>\n<blockquote>\n<h3 dir=\"auto\">Se realizaron los tr\u00e1mites correspondientes, mediante v\u00eda Cancilleria y las autoridades locales de Brasil, para traer los restos del joven, la familia debe costear el traslado en su totalidad, y debe viajar con un familiar<\/h3>\n<\/blockquote>\n<div dir=\"auto\">Quienes puedan colaborar seria de suma importancia, los restos deben ser trasladados antes de la semana que viene, caso contrario ser\u00e1 sepultado en Brasil en una foza com\u00fan.<\/div>\n<div dir=\"auto\"><\/div>\n<\/div>\n<div class=\"x11i5rnm xat24cr x1mh8g0r x1vvkbs xtlvy1s x126k92a\">\n<div dir=\"auto\"><span class=\"html-span xexx8yu x4uap5 x18d9i69 xkhd6sd x1hl2dhg x16tdsg8 x1vvkbs x3nfvp2 x1j61x8r x1fcty0u xdj266r xat24cr xgzva0m xhhsvwb xxymvpz xlup9mm x1kky2od\"><img loading=\"lazy\" decoding=\"async\" class=\"xz74otr\" src=\"https:\/\/static.xx.fbcdn.net\/images\/emoji.php\/v9\/t9b\/1\/16\/1f6d1.png\" alt=\"&#x1f6d1;\" width=\"16\" height=\"16\" \/><\/span> Para poder colaborar:<\/div>\n<\/div>\n<div class=\"x11i5rnm xat24cr x1mh8g0r x1vvkbs xtlvy1s x126k92a\">\n<div dir=\"auto\">Alias equipodoki2<\/div>\n<div dir=\"auto\">Cbu 0140000703100099946108<\/div>\n<\/div>\n<div class=\"x11i5rnm xat24cr x1mh8g0r x1vvkbs xtlvy1s x126k92a\">\n<div dir=\"auto\">Titular de la cuenta: Maykon Angel Ivo<\/div>\n<\/div>\n<div class=\"x11i5rnm xat24cr x1mh8g0r x1vvkbs xtlvy1s x126k92a\">\n<div dir=\"auto\">N\u00famero de contacto 2255606966<\/div>\n<\/div>\n","protected":false},"excerpt":{"rendered":"<div class=\"mh-excerpt\"><p>Ariel Cabral un chico geselino, sufri\u00f3 un accidente fatal en Brasil, su familia geselina , esta destrozada por lo ocurrido. Se realizaron los tr\u00e1mites correspondientes, mediante v\u00eda Cancilleria y las autoridades locales de Brasil, para <a class=\"mh-excerpt-more\" href=\"https:\/\/larevistadigital.com.ar\/blog\/un-joven-de-villa-gesell-murio-en-brasil-atropellado-por-un-auto-y-su-familia-hace-una-colecta-para-traer-sus-restos\/\" title=\"UN JOVEN DE VILLA GESELL MURI\u00d3 EN BRASIL ATROPELLADO POR UN AUTO, Y SU FAMILIA HACE UNA COLECTA PARA TRAER SUS RESTOS\">[Leer M\u00e1s]<\/a><\/p>\n<\/div>","protected":false},"author":3,"featured_media":36377,"comment_status":"open","ping_status":"open","sticky":false,"template":"","format":"standard","meta":{"_jetpack_memberships_contains_paid_content":false,"footnotes":"","jetpack_publicize_message":"","jetpack_publicize_feature_enabled":true,"jetpack_social_post_already_shared":true,"jetpack_social_options":{"image_generator_settings":{"template":"highway","default_image_id":0,"font":"","enabled":false},"version":2}},"categories":[51,1,29],"tags":[],"class_list":{"0":"post-36374","1":"post","2":"type-post","3":"status-publish","4":"format-standard","5":"has-post-thumbnail","7":"category-regionales","8":"category-sin-categoria","9":"category-sociedad"},"jetpack_publicize_connections":[],"jetpack_featured_media_url":"https:\/\/i0.wp.com\/larevistadigital.com.ar\/blog\/wp-content\/uploads\/2-19.jpg?fit=700%2C700&ssl=1","jetpack_sharing_enabled":true,"jetpack_shortlink":"https:\/\/wp.me\/p8qtrQ-9sG","jetpack-related-posts":[{"id":16203,"url":"https:\/\/larevistadigital.com.ar\/blog\/confirmado-los-restos-hallados-son-de-facundo-astudillo-castro\/","url_meta":{"origin":36374,"position":0},"title":"CONFIRMADO: LOS RESTOS HALLADOS SON DE FACUNDO ASTUDILLO CASTRO","author":"Alejandro Sosa Ruda","date":"2 septiembre, 2020","format":false,"excerpt":"El resultado de ADN indic\u00f3 que el cuerpo encontrado en la localidad bonaerense de Villarino pertenece al joven. La jueza federal de Bah\u00eda Blanca, Mar\u00eda Gabriela Marr\u00f3n, confirm\u00f3 que\u00a0los restos \u00f3seos hallados un cangrejal en Villarino Viejo pertenecen a Facundo Astudillo Castro, quien estaba desaparecido desde el pasado 30 de\u2026","rel":"","context":"En \u00abDESTACADAS\u00bb","block_context":{"text":"DESTACADAS","link":"https:\/\/larevistadigital.com.ar\/blog\/category\/destacadas\/"},"img":{"alt_text":"","src":"https:\/\/i0.wp.com\/larevistadigital.com.ar\/blog\/wp-content\/uploads\/0037953637.jpg?fit=1140%2C640&ssl=1&resize=350%2C200","width":350,"height":200,"srcset":"https:\/\/i0.wp.com\/larevistadigital.com.ar\/blog\/wp-content\/uploads\/0037953637.jpg?fit=1140%2C640&ssl=1&resize=350%2C200 1x, https:\/\/i0.wp.com\/larevistadigital.com.ar\/blog\/wp-content\/uploads\/0037953637.jpg?fit=1140%2C640&ssl=1&resize=525%2C300 1.5x, https:\/\/i0.wp.com\/larevistadigital.com.ar\/blog\/wp-content\/uploads\/0037953637.jpg?fit=1140%2C640&ssl=1&resize=700%2C400 2x, https:\/\/i0.wp.com\/larevistadigital.com.ar\/blog\/wp-content\/uploads\/0037953637.jpg?fit=1140%2C640&ssl=1&resize=1050%2C600 3x"},"classes":[]},{"id":32807,"url":"https:\/\/larevistadigital.com.ar\/blog\/laprida-buscan-a-un-muchacho-que-desaparecio-en-brasil\/","url_meta":{"origin":36374,"position":1},"title":"LAPRIDA: BUSCAN A UN MUCHACHO QUE DESAPARECI\u00d3 EN BRASIL","author":"Alejandro Sosa Ruda","date":"8 agosto, 2023","format":false,"excerpt":"Hace tres semanas que no hay noticias de Guillermo Landi de 30 a\u00f1os que es buscado intensamente por su familia. El joven parti\u00f3 de Laprida a Brasil el pasado mes de enero, pero desde hace tres semanas no se sabe nada sobre su paradero. 8 de agosto de 2023 LAPRIDA\u2026","rel":"","context":"En \u00abPOLICIALES\u00bb","block_context":{"text":"POLICIALES","link":"https:\/\/larevistadigital.com.ar\/blog\/category\/policiales\/"},"img":{"alt_text":"","src":"https:\/\/i0.wp.com\/larevistadigital.com.ar\/blog\/wp-content\/uploads\/20230807141920_guillermo-landi-laprida-desaparecido-brasil.jpg?fit=880%2C512&ssl=1&resize=350%2C200","width":350,"height":200,"srcset":"https:\/\/i0.wp.com\/larevistadigital.com.ar\/blog\/wp-content\/uploads\/20230807141920_guillermo-landi-laprida-desaparecido-brasil.jpg?fit=880%2C512&ssl=1&resize=350%2C200 1x, https:\/\/i0.wp.com\/larevistadigital.com.ar\/blog\/wp-content\/uploads\/20230807141920_guillermo-landi-laprida-desaparecido-brasil.jpg?fit=880%2C512&ssl=1&resize=525%2C300 1.5x, https:\/\/i0.wp.com\/larevistadigital.com.ar\/blog\/wp-content\/uploads\/20230807141920_guillermo-landi-laprida-desaparecido-brasil.jpg?fit=880%2C512&ssl=1&resize=700%2C400 2x"},"classes":[]},{"id":16018,"url":"https:\/\/larevistadigital.com.ar\/blog\/presencia-del-virus-en-productos-congelados-china-encontro-rastros-de-covid-19-en-alitas-de-pollo-procedentes-de-brasil\/","url_meta":{"origin":36374,"position":2},"title":"\u00a1PRESENCIA DEL VIRUS EN PRODUCTOS CONGELADOS! CHINA ENCONTR\u00d3 RASTROS DE COVID-19 EN ALITAS DE POLLO PROCEDENTES DE BRASIL","author":"Alejandro Sosa Ruda","date":"13 agosto, 2020","format":false,"excerpt":"En una ciudad china\u00a0encontraron trazas de coronavirus en un lote de alitas de pollo congeladas importadas de Brasil. Las autoridades locales confiscaron los lotes del producto y ordenaron el testeo de todo el personal que podr\u00eda haber tocado el producto. Hasta el momento, aseguran,\u00a0todos los trabajadores han dado negativo. En\u2026","rel":"","context":"En \u00abDESTACADAS\u00bb","block_context":{"text":"DESTACADAS","link":"https:\/\/larevistadigital.com.ar\/blog\/category\/destacadas\/"},"img":{"alt_text":"","src":"https:\/\/i0.wp.com\/larevistadigital.com.ar\/blog\/wp-content\/uploads\/96308-whatsapp-20image-202020-08-13-20at-2009-15-06.jpeg?fit=960%2C640&ssl=1&resize=350%2C200","width":350,"height":200,"srcset":"https:\/\/i0.wp.com\/larevistadigital.com.ar\/blog\/wp-content\/uploads\/96308-whatsapp-20image-202020-08-13-20at-2009-15-06.jpeg?fit=960%2C640&ssl=1&resize=350%2C200 1x, https:\/\/i0.wp.com\/larevistadigital.com.ar\/blog\/wp-content\/uploads\/96308-whatsapp-20image-202020-08-13-20at-2009-15-06.jpeg?fit=960%2C640&ssl=1&resize=525%2C300 1.5x, https:\/\/i0.wp.com\/larevistadigital.com.ar\/blog\/wp-content\/uploads\/96308-whatsapp-20image-202020-08-13-20at-2009-15-06.jpeg?fit=960%2C640&ssl=1&resize=700%2C400 2x"},"classes":[]},{"id":40438,"url":"https:\/\/larevistadigital.com.ar\/blog\/pasos-a-seguir-con-restos-de-poda-y-tareas-de-jardineria\/","url_meta":{"origin":36374,"position":3},"title":"Pasos a seguir con restos de poda y tareas de jardiner\u00eda","author":"Alejandro Sosa Ruda","date":"11 julio, 2025","format":false,"excerpt":"Hasta el 1\u00b0 de septiembre rige el per\u00edodo autorizado para podas, que deben realizarse con permiso previo y respetando las normas para su recolecci\u00f3n. 11 de Julio de 2025 CHASCOM\u00daS\u00a0 -\u00a0 \u00a0Con el objetivo de preservar el arbolado urbano y mantener el orden en la v\u00eda p\u00fablica, la Municipalidad de\u2026","rel":"","context":"En \u00abCHASCOM\u00daS\u00bb","block_context":{"text":"CHASCOM\u00daS","link":"https:\/\/larevistadigital.com.ar\/blog\/category\/chascomus\/"},"img":{"alt_text":"","src":"https:\/\/i0.wp.com\/larevistadigital.com.ar\/blog\/wp-content\/uploads\/6871487bece3c.png?fit=668%2C445&ssl=1&resize=350%2C200","width":350,"height":200,"srcset":"https:\/\/i0.wp.com\/larevistadigital.com.ar\/blog\/wp-content\/uploads\/6871487bece3c.png?fit=668%2C445&ssl=1&resize=350%2C200 1x, https:\/\/i0.wp.com\/larevistadigital.com.ar\/blog\/wp-content\/uploads\/6871487bece3c.png?fit=668%2C445&ssl=1&resize=525%2C300 1.5x"},"classes":[]},{"id":38094,"url":"https:\/\/larevistadigital.com.ar\/blog\/el-macabro-femicidio-de-candela-la-mataron-y-calcinaron-sus-restos-para-luego-descartarlos-como-basura-al-costado-de-las-vias\/","url_meta":{"origin":36374,"position":4},"title":"El macabro femicidio de Candela: la mataron y calcinaron sus restos para luego descartarlos como basura al costado de las v\u00edas","author":"Alejandro Sosa Ruda","date":"1 diciembre, 2024","format":false,"excerpt":"Ten\u00eda 17 a\u00f1os y nada se sab\u00eda de ella desde el 27 de noviembre pasado, cuando sali\u00f3 de la casa de su mam\u00e1 en Lomas de Zamora a buscar unas zapatillas que hab\u00eda comprado. Su primo fue detenido y hay dos pr\u00f3fugos. Los detalles del horror. 01 de diciembre de\u2026","rel":"","context":"En \u00abPOLICIALES\u00bb","block_context":{"text":"POLICIALES","link":"https:\/\/larevistadigital.com.ar\/blog\/category\/policiales\/"},"img":{"alt_text":"","src":"https:\/\/i0.wp.com\/larevistadigital.com.ar\/blog\/wp-content\/uploads\/Captura-de-pantalla-2024-12-01-204919.png?fit=581%2C369&ssl=1&resize=350%2C200","width":350,"height":200,"srcset":"https:\/\/i0.wp.com\/larevistadigital.com.ar\/blog\/wp-content\/uploads\/Captura-de-pantalla-2024-12-01-204919.png?fit=581%2C369&ssl=1&resize=350%2C200 1x, https:\/\/i0.wp.com\/larevistadigital.com.ar\/blog\/wp-content\/uploads\/Captura-de-pantalla-2024-12-01-204919.png?fit=581%2C369&ssl=1&resize=525%2C300 1.5x"},"classes":[]},{"id":23914,"url":"https:\/\/larevistadigital.com.ar\/blog\/primicia-de-el-fuerte-investigan-los-restos-de-una-persona-enterrada-como-nn-en-chascomus\/","url_meta":{"origin":36374,"position":5},"title":"PRIMICIA DE \u00abEL FUERTE\u00bb: INVESTIGAN LOS RESTOS DE UNA PERSONA ENTERRADA COMO NN EN CHASCOM\u00daS","author":"Alejandro Sosa Ruda","date":"11 febrero, 2022","format":false,"excerpt":"En relaci\u00f3n a este hecho trabaj\u00f3 durante los a\u00f1os 2013 y 2014 un grupo de la Comisi\u00f3n de la Memoria local, que tom\u00f3 contacto en ese momento con el Equipo Argentino de Antropolog\u00eda Forense CHASCOM\u00daS -\u00a0\u00a0El Diario El Fuerte, es el protagonista de esta primicia, que sin dudas representa una\u2026","rel":"","context":"En \u00abINTERES GENERAL\u00bb","block_context":{"text":"INTERES GENERAL","link":"https:\/\/larevistadigital.com.ar\/blog\/category\/interes-general\/"},"img":{"alt_text":"","src":"https:\/\/i0.wp.com\/larevistadigital.com.ar\/blog\/wp-content\/uploads\/WhatsApp-Image-2022-02-10-at-00.27.34-737x415-1.jpeg?fit=737%2C415&ssl=1&resize=350%2C200","width":350,"height":200,"srcset":"https:\/\/i0.wp.com\/larevistadigital.com.ar\/blog\/wp-content\/uploads\/WhatsApp-Image-2022-02-10-at-00.27.34-737x415-1.jpeg?fit=737%2C415&ssl=1&resize=350%2C200 1x, https:\/\/i0.wp.com\/larevistadigital.com.ar\/blog\/wp-content\/uploads\/WhatsApp-Image-2022-02-10-at-00.27.34-737x415-1.jpeg?fit=737%2C415&ssl=1&resize=525%2C300 1.5x, https:\/\/i0.wp.com\/larevistadigital.com.ar\/blog\/wp-content\/uploads\/WhatsApp-Image-2022-02-10-at-00.27.34-737x415-1.jpeg?fit=737%2C415&ssl=1&resize=700%2C400 2x"},"classes":[]}],"_links":{"self":[{"href":"https:\/\/larevistadigital.com.ar\/blog\/wp-json\/wp\/v2\/posts\/36374","targetHints":{"allow":["GET"]}}],"collection":[{"href":"https:\/\/larevistadigital.com.ar\/blog\/wp-json\/wp\/v2\/posts"}],"about":[{"href":"https:\/\/larevistadigital.com.ar\/blog\/wp-json\/wp\/v2\/types\/post"}],"author":[{"embeddable":true,"href":"https:\/\/larevistadigital.com.ar\/blog\/wp-json\/wp\/v2\/users\/3"}],"replies":[{"embeddable":true,"href":"https:\/\/larevistadigital.com.ar\/blog\/wp-json\/wp\/v2\/comments?post=36374"}],"version-history":[{"count":2,"href":"https:\/\/larevistadigital.com.ar\/blog\/wp-json\/wp\/v2\/posts\/36374\/revisions"}],"predecessor-version":[{"id":36378,"href":"https:\/\/larevistadigital.com.ar\/blog\/wp-json\/wp\/v2\/posts\/36374\/revisions\/36378"}],"wp:featuredmedia":[{"embeddable":true,"href":"https:\/\/larevistadigital.com.ar\/blog\/wp-json\/wp\/v2\/media\/36377"}],"wp:attachment":[{"href":"https:\/\/larevistadigital.com.ar\/blog\/wp-json\/wp\/v2\/media?parent=36374"}],"wp:term":[{"taxonomy":"category","embeddable":true,"href":"https:\/\/larevistadigital.com.ar\/blog\/wp-json\/wp\/v2\/categories?post=36374"},{"taxonomy":"post_tag","embeddable":true,"href":"https:\/\/larevistadigital.com.ar\/blog\/wp-json\/wp\/v2\/tags?post=36374"}],"curies":[{"name":"wp","href":"https:\/\/api.w.org\/{rel}","templated":true}]}}