{"id":36381,"date":"2024-06-21T16:20:44","date_gmt":"2024-06-21T19:20:44","guid":{"rendered":"https:\/\/larevistadigital.com.ar\/blog\/?p=36381"},"modified":"2024-06-21T16:31:58","modified_gmt":"2024-06-21T19:31:58","slug":"chascomus-violento-choque-entre-dos-motos-en-la-costanera","status":"publish","type":"post","link":"https:\/\/larevistadigital.com.ar\/blog\/chascomus-violento-choque-entre-dos-motos-en-la-costanera\/","title":{"rendered":"CHASCOM\u00daS: VIOLENTO CHOQUE ENTRE DOS MOTOS EN LA COSTANERA"},"content":{"rendered":"<h2>Por el hecho resultaron tres heridos, de distinta gravedad. Sucedi\u00f3 a la madrugada. Seg\u00fan testigos, habr\u00edan venido haciendo maniobras peligrosas.<\/h2>\n<p>21 de Junio de 2024<\/p>\n<p><strong>CHASCOM\u00daS &#8211;<\/strong> En la madrugada de hoy, aproximadamente a la 1:00 AM, se produjo un violent\u00edsimo accidente entre dos motocicletas que colisionaron de frente en la Costanera de Chascom\u00fas, m\u00e1s precisamente entre el Caf\u00e9 Mul\u00e9 y el Muelle de Pescadores.<\/p>\n<p>Seg\u00fan consignaron testigos, un grupo de j\u00f3venes <strong>ven\u00edan realizando maniobras sumamente riesgosas y desplaz\u00e1ndose a gran velocidad<\/strong>. Tambi\u00e9n mencionaron, que antes habr\u00edan sido vistos por calle Belgrano. Esta conducta, habr\u00eda provocado la posterior colisi\u00f3n entre los motoveh\u00edculos.<\/p>\n<blockquote>\n<h3>Los afectados, con heridas de distinta consideraci\u00f3n son mayores de edad, habi\u00e9ndo uno de ellos en estado m\u00e1s complicado que se esperaba su derivaci\u00f3n.<\/h3>\n<\/blockquote>\n<p>Estos comportamientos riesgosos e irresponsables terminan ocasionando\u00a0 siniestros que pueden costar la vida de quienes los realizan, o de terceros. Tambi\u00e9n, cabe preguntarse c\u00f3mo deber\u00edan actuar los padres en estos casos, ya que aunque los\u00a0 muchachos sean mayores de edad, habr\u00eda que buscar la manera de que moderen su comportamiento que termina afect\u00e1ndolos directamente y que pone en riesgo sus propias vidas.<\/p>\n<p>El hecho, culmin\u00f3 de manera lamentable, ya que <strong>algunos jovenes se hicieron presentes en el Hospital Municipal, violentando a los m\u00e9dicos e increp\u00e1ndolos<\/strong>, lo que provoc\u00f3 la intervenci\u00f3n del GAD, para calmar los \u00e1nimos y procurar que los revoltosos permitan el normal trabajo de los m\u00e9dicos. Tambi\u00e9n estuvo la Patrulla de Prevenci\u00f3n Municipal que se ocup\u00f3 de contener a la familia.<\/p>\n","protected":false},"excerpt":{"rendered":"<div class=\"mh-excerpt\"><p>Por el hecho resultaron tres heridos, de distinta gravedad. Sucedi\u00f3 a la madrugada. Seg\u00fan testigos, habr\u00edan venido haciendo maniobras peligrosas. 21 de Junio de 2024 CHASCOM\u00daS &#8211; En la madrugada de hoy, aproximadamente a la <a class=\"mh-excerpt-more\" href=\"https:\/\/larevistadigital.com.ar\/blog\/chascomus-violento-choque-entre-dos-motos-en-la-costanera\/\" title=\"CHASCOM\u00daS: VIOLENTO CHOQUE ENTRE DOS MOTOS EN LA COSTANERA\">[Leer M\u00e1s]<\/a><\/p>\n<\/div>","protected":false},"author":3,"featured_media":36383,"comment_status":"open","ping_status":"open","sticky":false,"template":"","format":"standard","meta":{"_jetpack_memberships_contains_paid_content":false,"footnotes":"","jetpack_publicize_message":"","jetpack_publicize_feature_enabled":true,"jetpack_social_post_already_shared":true,"jetpack_social_options":{"image_generator_settings":{"template":"highway","default_image_id":0,"font":"","enabled":false},"version":2}},"categories":[6,44],"tags":[],"class_list":{"0":"post-36381","1":"post","2":"type-post","3":"status-publish","4":"format-standard","5":"has-post-thumbnail","7":"category-chascomus","8":"category-policiales"},"jetpack_publicize_connections":[],"jetpack_featured_media_url":"https:\/\/i0.wp.com\/larevistadigital.com.ar\/blog\/wp-content\/uploads\/ll.jpg?fit=616%2C207&ssl=1","jetpack_sharing_enabled":true,"jetpack_shortlink":"https:\/\/wp.me\/p8qtrQ-9sN","jetpack-related-posts":[{"id":23703,"url":"https:\/\/larevistadigital.com.ar\/blog\/chascomus-choque-en-la-costanera-entre-un-automovil-y-una-moto\/","url_meta":{"origin":36381,"position":0},"title":"CHASCOM\u00daS: CHOQUE EN LA COSTANERA ENTRE UN AUTOM\u00d3VIL Y UNA MOTO","author":"Alejandro Sosa Ruda","date":"31 enero, 2022","format":false,"excerpt":"CHASCOM\u00daS -\u00a0 Pasadas las 20 hs, se produjo un accidente entre un autom\u00f3vil y una motocicleta que lo embisti\u00f3 en la intersecci\u00f3n de calles Varela y Costanera Espa\u00f1a de la ciudad de Chascom\u00fas, a unos 50 metros del \"Monolito\". En el autom\u00f3vil viajaba una pareja mayor de turistas, y en\u2026","rel":"","context":"En \u00abDESTACADAS\u00bb","block_context":{"text":"DESTACADAS","link":"https:\/\/larevistadigital.com.ar\/blog\/category\/destacadas\/"},"img":{"alt_text":"","src":"https:\/\/i0.wp.com\/larevistadigital.com.ar\/blog\/wp-content\/uploads\/foto-accidente-2.jpg?fit=1200%2C900&ssl=1&resize=350%2C200","width":350,"height":200,"srcset":"https:\/\/i0.wp.com\/larevistadigital.com.ar\/blog\/wp-content\/uploads\/foto-accidente-2.jpg?fit=1200%2C900&ssl=1&resize=350%2C200 1x, https:\/\/i0.wp.com\/larevistadigital.com.ar\/blog\/wp-content\/uploads\/foto-accidente-2.jpg?fit=1200%2C900&ssl=1&resize=525%2C300 1.5x, https:\/\/i0.wp.com\/larevistadigital.com.ar\/blog\/wp-content\/uploads\/foto-accidente-2.jpg?fit=1200%2C900&ssl=1&resize=700%2C400 2x, https:\/\/i0.wp.com\/larevistadigital.com.ar\/blog\/wp-content\/uploads\/foto-accidente-2.jpg?fit=1200%2C900&ssl=1&resize=1050%2C600 3x"},"classes":[]},{"id":27090,"url":"https:\/\/larevistadigital.com.ar\/blog\/chascomus-fotos-fatal-accidente-en-la-costanera-con-una-joven-fallecida\/","url_meta":{"origin":36381,"position":1},"title":"CHASCOM\u00daS: [fotos] FATAL ACCIDENTE EN LA COSTANERA, CON UNA JOVEN FALLECIDA","author":"Alejandro Sosa Ruda","date":"13 agosto, 2022","format":false,"excerpt":"Fue por la madrugada, en Costanera entre Lastra y Mu\u00f1iz, donde la v\u00edctima de 17 a\u00f1os circulaba como acompa\u00f1ante en la parte trasera de una moto y colision\u00f3 con un autom\u00f3vil. 13 de agosto de 2022 CHASCOM\u00daS - Durante la madrugada, se produjo un lamentable y luctuoso accidente entre una\u2026","rel":"","context":"En \u00abDESTACADAS\u00bb","block_context":{"text":"DESTACADAS","link":"https:\/\/larevistadigital.com.ar\/blog\/category\/destacadas\/"},"img":{"alt_text":"","src":"https:\/\/i0.wp.com\/larevistadigital.com.ar\/blog\/wp-content\/uploads\/298835278_10227570230776448_3294696304837466845_n.jpg?fit=1200%2C900&ssl=1&resize=350%2C200","width":350,"height":200,"srcset":"https:\/\/i0.wp.com\/larevistadigital.com.ar\/blog\/wp-content\/uploads\/298835278_10227570230776448_3294696304837466845_n.jpg?fit=1200%2C900&ssl=1&resize=350%2C200 1x, https:\/\/i0.wp.com\/larevistadigital.com.ar\/blog\/wp-content\/uploads\/298835278_10227570230776448_3294696304837466845_n.jpg?fit=1200%2C900&ssl=1&resize=525%2C300 1.5x, https:\/\/i0.wp.com\/larevistadigital.com.ar\/blog\/wp-content\/uploads\/298835278_10227570230776448_3294696304837466845_n.jpg?fit=1200%2C900&ssl=1&resize=700%2C400 2x, https:\/\/i0.wp.com\/larevistadigital.com.ar\/blog\/wp-content\/uploads\/298835278_10227570230776448_3294696304837466845_n.jpg?fit=1200%2C900&ssl=1&resize=1050%2C600 3x"},"classes":[]},{"id":26089,"url":"https:\/\/larevistadigital.com.ar\/blog\/fotos-chascomus-accidente-en-la-costanera-entre-una-moto-y-dos-autos\/","url_meta":{"origin":36381,"position":2},"title":"[FOTOS] CHASCOM\u00daS: ACCIDENTE EN LA COSTANERA ENTRE UNA MOTO Y DOS AUTOS","author":"Alejandro Sosa Ruda","date":"24 junio, 2022","format":false,"excerpt":"CHASCOM\u00daS -\u00a0 Poco antes de caer la noche, se produjo un accidente en la avenida Costanera, frente al local gastron\u00f3mico \"Mule\". El siniestro fue entre un autom\u00f3vil y una moto, y afortunadamente no hubo heridos graves en el mismo, solo lamentando los da\u00f1os materiales. \u00a0","rel":"","context":"En \u00abINTERES GENERAL\u00bb","block_context":{"text":"INTERES GENERAL","link":"https:\/\/larevistadigital.com.ar\/blog\/category\/interes-general\/"},"img":{"alt_text":"","src":"https:\/\/i0.wp.com\/larevistadigital.com.ar\/blog\/wp-content\/uploads\/WhatsApp-Image-2022-06-24-at-10.09.28-PM.jpeg?fit=1200%2C900&ssl=1&resize=350%2C200","width":350,"height":200,"srcset":"https:\/\/i0.wp.com\/larevistadigital.com.ar\/blog\/wp-content\/uploads\/WhatsApp-Image-2022-06-24-at-10.09.28-PM.jpeg?fit=1200%2C900&ssl=1&resize=350%2C200 1x, https:\/\/i0.wp.com\/larevistadigital.com.ar\/blog\/wp-content\/uploads\/WhatsApp-Image-2022-06-24-at-10.09.28-PM.jpeg?fit=1200%2C900&ssl=1&resize=525%2C300 1.5x, https:\/\/i0.wp.com\/larevistadigital.com.ar\/blog\/wp-content\/uploads\/WhatsApp-Image-2022-06-24-at-10.09.28-PM.jpeg?fit=1200%2C900&ssl=1&resize=700%2C400 2x, https:\/\/i0.wp.com\/larevistadigital.com.ar\/blog\/wp-content\/uploads\/WhatsApp-Image-2022-06-24-at-10.09.28-PM.jpeg?fit=1200%2C900&ssl=1&resize=1050%2C600 3x"},"classes":[]},{"id":16313,"url":"https:\/\/larevistadigital.com.ar\/blog\/chascomus-videos-desorden-trompadas-y-piedras-a-la-policia-en-la-costanera-por-una-moto-robada\/","url_meta":{"origin":36381,"position":3},"title":"CHASCOM\u00daS: [VIDEOS] DESORDEN, TROMPADAS Y PIEDRAS A LA POLIC\u00cdA EN LA COSTANERA POR UNA MOTO ROBADA","author":"Alejandro Sosa Ruda","date":"14 septiembre, 2020","format":false,"excerpt":"El hermoso domingo primaveral, tuvo su ocaso de una manera por dem\u00e1s desagradable, ya que en la costanera de la ciudad, a la altura de la intersecci\u00f3n con calle Mazzini, se produjeron graves incidentes entre dos grupos de j\u00f3venes, que terminaron con la intervenci\u00f3n de las autoridades policiales y con\u2026","rel":"","context":"En \u00abDESTACADAS\u00bb","block_context":{"text":"DESTACADAS","link":"https:\/\/larevistadigital.com.ar\/blog\/category\/destacadas\/"},"img":{"alt_text":"","src":"https:\/\/i0.wp.com\/larevistadigital.com.ar\/blog\/wp-content\/uploads\/PELEA-COSTANERA.png?fit=650%2C645&ssl=1&resize=350%2C200","width":350,"height":200,"srcset":"https:\/\/i0.wp.com\/larevistadigital.com.ar\/blog\/wp-content\/uploads\/PELEA-COSTANERA.png?fit=650%2C645&ssl=1&resize=350%2C200 1x, https:\/\/i0.wp.com\/larevistadigital.com.ar\/blog\/wp-content\/uploads\/PELEA-COSTANERA.png?fit=650%2C645&ssl=1&resize=525%2C300 1.5x"},"classes":[]},{"id":40896,"url":"https:\/\/larevistadigital.com.ar\/blog\/chascomus-fueron-detectados-pescadores-furtivos-en-la-laguna-durante-la-madrugada\/","url_meta":{"origin":36381,"position":4},"title":"Chascom\u00fas: Fueron detectados pescadores furtivos en la laguna durante la madrugada","author":"Alejandro Sosa Ruda","date":"13 agosto, 2025","format":false,"excerpt":"Gracias a una intervenci\u00f3n conjunta de la Patrulla de Prevenci\u00f3n Municipal y la Polic\u00eda Rural. 13 de Agosto de 2025 CHASCOM\u00daS -\u00a0 \u00a0En un operativo realizado en horas de la madrugada, la Patrulla de Prevenci\u00f3n Municipal identific\u00f3 una situaci\u00f3n de pesca furtiva en la zona de la Costanera, entre las\u2026","rel":"","context":"En \u00abCHASCOM\u00daS\u00bb","block_context":{"text":"CHASCOM\u00daS","link":"https:\/\/larevistadigital.com.ar\/blog\/category\/chascomus\/"},"img":{"alt_text":"","src":"https:\/\/i0.wp.com\/larevistadigital.com.ar\/blog\/wp-content\/uploads\/689ccefc8cd84.png?fit=668%2C445&ssl=1&resize=350%2C200","width":350,"height":200,"srcset":"https:\/\/i0.wp.com\/larevistadigital.com.ar\/blog\/wp-content\/uploads\/689ccefc8cd84.png?fit=668%2C445&ssl=1&resize=350%2C200 1x, https:\/\/i0.wp.com\/larevistadigital.com.ar\/blog\/wp-content\/uploads\/689ccefc8cd84.png?fit=668%2C445&ssl=1&resize=525%2C300 1.5x"},"classes":[]},{"id":42519,"url":"https:\/\/larevistadigital.com.ar\/blog\/chascomus-retencion-de-cuatriciclos-que-realizaban-maniobras-peligrosas\/","url_meta":{"origin":36381,"position":5},"title":"Chascom\u00fas: Retenci\u00f3n de cuatriciclos que realizaban maniobras peligrosas","author":"Alejandro Sosa Ruda","date":"17 noviembre, 2025","format":false,"excerpt":"Personal municipal intervino luego de una alerta vecinal. 17 de Noviembre de 2025 CHASCOM\u00daS -\u00a0 \u00a0Un aviso recibido el domingo a trav\u00e9s del sistema \u201cOjos en Alerta\u201d activ\u00f3 un operativo conjunto entre el Centro de Monitoreo, la Patrulla Municipal e Inspector\u00eda, que termin\u00f3 con infracciones, retenciones y el secuestro de\u2026","rel":"","context":"En \u00abINTERES GENERAL\u00bb","block_context":{"text":"INTERES GENERAL","link":"https:\/\/larevistadigital.com.ar\/blog\/category\/interes-general\/"},"img":{"alt_text":"","src":"https:\/\/i0.wp.com\/larevistadigital.com.ar\/blog\/wp-content\/uploads\/691b584f69391.png?fit=668%2C445&ssl=1&resize=350%2C200","width":350,"height":200,"srcset":"https:\/\/i0.wp.com\/larevistadigital.com.ar\/blog\/wp-content\/uploads\/691b584f69391.png?fit=668%2C445&ssl=1&resize=350%2C200 1x, https:\/\/i0.wp.com\/larevistadigital.com.ar\/blog\/wp-content\/uploads\/691b584f69391.png?fit=668%2C445&ssl=1&resize=525%2C300 1.5x"},"classes":[]}],"_links":{"self":[{"href":"https:\/\/larevistadigital.com.ar\/blog\/wp-json\/wp\/v2\/posts\/36381","targetHints":{"allow":["GET"]}}],"collection":[{"href":"https:\/\/larevistadigital.com.ar\/blog\/wp-json\/wp\/v2\/posts"}],"about":[{"href":"https:\/\/larevistadigital.com.ar\/blog\/wp-json\/wp\/v2\/types\/post"}],"author":[{"embeddable":true,"href":"https:\/\/larevistadigital.com.ar\/blog\/wp-json\/wp\/v2\/users\/3"}],"replies":[{"embeddable":true,"href":"https:\/\/larevistadigital.com.ar\/blog\/wp-json\/wp\/v2\/comments?post=36381"}],"version-history":[{"count":3,"href":"https:\/\/larevistadigital.com.ar\/blog\/wp-json\/wp\/v2\/posts\/36381\/revisions"}],"predecessor-version":[{"id":36386,"href":"https:\/\/larevistadigital.com.ar\/blog\/wp-json\/wp\/v2\/posts\/36381\/revisions\/36386"}],"wp:featuredmedia":[{"embeddable":true,"href":"https:\/\/larevistadigital.com.ar\/blog\/wp-json\/wp\/v2\/media\/36383"}],"wp:attachment":[{"href":"https:\/\/larevistadigital.com.ar\/blog\/wp-json\/wp\/v2\/media?parent=36381"}],"wp:term":[{"taxonomy":"category","embeddable":true,"href":"https:\/\/larevistadigital.com.ar\/blog\/wp-json\/wp\/v2\/categories?post=36381"},{"taxonomy":"post_tag","embeddable":true,"href":"https:\/\/larevistadigital.com.ar\/blog\/wp-json\/wp\/v2\/tags?post=36381"}],"curies":[{"name":"wp","href":"https:\/\/api.w.org\/{rel}","templated":true}]}}