{"id":36388,"date":"2024-06-21T21:28:23","date_gmt":"2024-06-22T00:28:23","guid":{"rendered":"https:\/\/larevistadigital.com.ar\/blog\/?p=36388"},"modified":"2024-06-21T21:28:23","modified_gmt":"2024-06-22T00:28:23","slug":"accidente-de-transito-en-ruta-11-con-el-saldo-de-tres-heridos","status":"publish","type":"post","link":"https:\/\/larevistadigital.com.ar\/blog\/accidente-de-transito-en-ruta-11-con-el-saldo-de-tres-heridos\/","title":{"rendered":"ACCIDENTE DE TR\u00c1NSITO EN RUTA 11 CON EL SALDO DE TRES HERIDOS"},"content":{"rendered":"<h2>El siniestro fue en horas de la ma\u00f1ana a la altura de San Clemente del Tuy\u00fa.<\/h2>\n<p>21 de Junio de 2024<\/p>\n<p><strong>BUENOS AIRES &#8211;\u00a0<\/strong> En horas de la ma\u00f1ana, y por razones que tratan de establecerse, el conductor de un Chevrolet Sonic que se dirig\u00eda en direcci\u00f3n a San Clemente del Tuy\u00fa, perdi\u00f3 el control y luego de dar varios tumbos, qued\u00f3 sobre la banquina.<\/p>\n<p>El veh\u00edculo despist\u00f3, en la zona de Las Chacras, a la altura del kil\u00f3metro 306 de la Ruta 11.<\/p>\n<blockquote>\n<h3>Por el accidente, dos mayores y un menor fueron trasladados al hospital se San Clemente del Tuy\u00fa de forma preventiva y afortunadamente no tuvieron da\u00f1os de gravedad.<\/h3>\n<\/blockquote>\n<p>Trabajaron en el lugar Bomberos Voluntarios de San Clemente del Tuy\u00fa, Polic\u00eda, AUBASA y personal de salud.<\/p>\n","protected":false},"excerpt":{"rendered":"<div class=\"mh-excerpt\"><p>El siniestro fue en horas de la ma\u00f1ana a la altura de San Clemente del Tuy\u00fa. 21 de Junio de 2024 BUENOS AIRES &#8211;\u00a0 En horas de la ma\u00f1ana, y por razones que tratan de <a class=\"mh-excerpt-more\" href=\"https:\/\/larevistadigital.com.ar\/blog\/accidente-de-transito-en-ruta-11-con-el-saldo-de-tres-heridos\/\" title=\"ACCIDENTE DE TR\u00c1NSITO EN RUTA 11 CON EL SALDO DE TRES HERIDOS\">[Leer M\u00e1s]<\/a><\/p>\n<\/div>","protected":false},"author":3,"featured_media":36389,"comment_status":"open","ping_status":"open","sticky":false,"template":"","format":"standard","meta":{"_jetpack_memberships_contains_paid_content":false,"footnotes":"","jetpack_publicize_message":"","jetpack_publicize_feature_enabled":true,"jetpack_social_post_already_shared":true,"jetpack_social_options":{"image_generator_settings":{"template":"highway","default_image_id":0,"font":"","enabled":false},"version":2}},"categories":[44,51],"tags":[],"class_list":{"0":"post-36388","1":"post","2":"type-post","3":"status-publish","4":"format-standard","5":"has-post-thumbnail","7":"category-policiales","8":"category-regionales"},"jetpack_publicize_connections":[],"jetpack_featured_media_url":"https:\/\/i0.wp.com\/larevistadigital.com.ar\/blog\/wp-content\/uploads\/7066ec414f65b52064df4601dcc100e9f7677b1c.jpg?fit=1140%2C699&ssl=1","jetpack_sharing_enabled":true,"jetpack_shortlink":"https:\/\/wp.me\/p8qtrQ-9sU","jetpack-related-posts":[{"id":13300,"url":"https:\/\/larevistadigital.com.ar\/blog\/mar-del-tuyu-comisario-sufre-grave-accidente-en-la-ruta-11\/","url_meta":{"origin":36388,"position":0},"title":"MAR DEL TUY\u00da: COMISARIO SUFRE GRAVE ACCIDENTE EN LA RUTA 11","author":"Alejandro Sosa Ruda","date":"20 noviembre, 2019","format":false,"excerpt":"La m\u00e1xima autoridad de la dependencia policial de esa localidad perdi\u00f3 parte de su masa encef\u00e1lica y se encuentra internado en terapia intensiva. MAR DEL TUYU - El accidente se produjo en la Ruta 11, a la altura de Las Toninas, seg\u00fan inform\u00f3 Canal 5 de San Clemente del Tuy\u00fa.\u2026","rel":"","context":"En \u00abPOLICIALES\u00bb","block_context":{"text":"POLICIALES","link":"https:\/\/larevistadigital.com.ar\/blog\/category\/policiales\/"},"img":{"alt_text":"","src":"https:\/\/i0.wp.com\/larevistadigital.com.ar\/blog\/wp-content\/uploads\/Screenshot_2-65.jpg?fit=1200%2C712&ssl=1&resize=350%2C200","width":350,"height":200,"srcset":"https:\/\/i0.wp.com\/larevistadigital.com.ar\/blog\/wp-content\/uploads\/Screenshot_2-65.jpg?fit=1200%2C712&ssl=1&resize=350%2C200 1x, https:\/\/i0.wp.com\/larevistadigital.com.ar\/blog\/wp-content\/uploads\/Screenshot_2-65.jpg?fit=1200%2C712&ssl=1&resize=525%2C300 1.5x, https:\/\/i0.wp.com\/larevistadigital.com.ar\/blog\/wp-content\/uploads\/Screenshot_2-65.jpg?fit=1200%2C712&ssl=1&resize=700%2C400 2x, https:\/\/i0.wp.com\/larevistadigital.com.ar\/blog\/wp-content\/uploads\/Screenshot_2-65.jpg?fit=1200%2C712&ssl=1&resize=1050%2C600 3x"},"classes":[]},{"id":26949,"url":"https:\/\/larevistadigital.com.ar\/blog\/la-costa-muere-una-joven-en-accidente-en-el-acceso-a-san-clemente\/","url_meta":{"origin":36388,"position":1},"title":"LA COSTA: MUERE UNA JOVEN EN ACCIDENTE EN EL ACCESO A SAN CLEMENTE","author":"Alejandro Sosa Ruda","date":"3 agosto, 2022","format":false,"excerpt":"La v\u00edctima, que ten\u00eda 26 a\u00f1os y era docente, viajaba en un autom\u00f3vil que se despist\u00f3 y dio varios tumbos. PARTIDO DE LA COSTA -\u00a0 Un accidente vial en el acceso a\u00a0San Clemente del Tuy\u00fa, Partido de La Costa, termin\u00f3 la muerte de\u00a0una mujer de 26 a\u00f1os. Ocurri\u00f3 ayer lunes,\u2026","rel":"","context":"En \u00abPOLICIALES\u00bb","block_context":{"text":"POLICIALES","link":"https:\/\/larevistadigital.com.ar\/blog\/category\/policiales\/"},"img":{"alt_text":"","src":"https:\/\/i0.wp.com\/larevistadigital.com.ar\/blog\/wp-content\/uploads\/4eb60dfbbdb241ab50eaacbdfc0e59bab3759e46.jpg?fit=1140%2C700&ssl=1&resize=350%2C200","width":350,"height":200,"srcset":"https:\/\/i0.wp.com\/larevistadigital.com.ar\/blog\/wp-content\/uploads\/4eb60dfbbdb241ab50eaacbdfc0e59bab3759e46.jpg?fit=1140%2C700&ssl=1&resize=350%2C200 1x, https:\/\/i0.wp.com\/larevistadigital.com.ar\/blog\/wp-content\/uploads\/4eb60dfbbdb241ab50eaacbdfc0e59bab3759e46.jpg?fit=1140%2C700&ssl=1&resize=525%2C300 1.5x, https:\/\/i0.wp.com\/larevistadigital.com.ar\/blog\/wp-content\/uploads\/4eb60dfbbdb241ab50eaacbdfc0e59bab3759e46.jpg?fit=1140%2C700&ssl=1&resize=700%2C400 2x, https:\/\/i0.wp.com\/larevistadigital.com.ar\/blog\/wp-content\/uploads\/4eb60dfbbdb241ab50eaacbdfc0e59bab3759e46.jpg?fit=1140%2C700&ssl=1&resize=1050%2C600 3x"},"classes":[]},{"id":37352,"url":"https:\/\/larevistadigital.com.ar\/blog\/mar-del-tuyu-muere-un-motociclista-en-un-accidente-en-la-ruta-11\/","url_meta":{"origin":36388,"position":2},"title":"Mar del Tuy\u00fa: Muere un motociclista en un accidente en la ruta 11","author":"Alejandro Sosa Ruda","date":"29 septiembre, 2024","format":false,"excerpt":"El veh\u00edculo en el que circulaba colision\u00f3 con un auto y el conductor sali\u00f3 despedido. 29 de Septiembre de 2024 PARTIDO DE LA COSTA -\u00a0 \u00a0El accidente ocurri\u00f3 el d\u00eda viernes, en la ruta 11 justo frente al ingreso de Mar del Tuy\u00fa, donde un motociclista perdi\u00f3 la vida minutos\u2026","rel":"","context":"En \u00abPOLICIALES\u00bb","block_context":{"text":"POLICIALES","link":"https:\/\/larevistadigital.com.ar\/blog\/category\/policiales\/"},"img":{"alt_text":"","src":"https:\/\/i0.wp.com\/larevistadigital.com.ar\/blog\/wp-content\/uploads\/fa1d18fe58e2a182012566d3f3846050229e662d.jpg?fit=1140%2C722&ssl=1&resize=350%2C200","width":350,"height":200,"srcset":"https:\/\/i0.wp.com\/larevistadigital.com.ar\/blog\/wp-content\/uploads\/fa1d18fe58e2a182012566d3f3846050229e662d.jpg?fit=1140%2C722&ssl=1&resize=350%2C200 1x, https:\/\/i0.wp.com\/larevistadigital.com.ar\/blog\/wp-content\/uploads\/fa1d18fe58e2a182012566d3f3846050229e662d.jpg?fit=1140%2C722&ssl=1&resize=525%2C300 1.5x, https:\/\/i0.wp.com\/larevistadigital.com.ar\/blog\/wp-content\/uploads\/fa1d18fe58e2a182012566d3f3846050229e662d.jpg?fit=1140%2C722&ssl=1&resize=700%2C400 2x, https:\/\/i0.wp.com\/larevistadigital.com.ar\/blog\/wp-content\/uploads\/fa1d18fe58e2a182012566d3f3846050229e662d.jpg?fit=1140%2C722&ssl=1&resize=1050%2C600 3x"},"classes":[]},{"id":18589,"url":"https:\/\/larevistadigital.com.ar\/blog\/vuelco-en-la-ruta-11-con-saldo-de-3-heridos\/","url_meta":{"origin":36388,"position":3},"title":"VUELCO EN LA RUTA 11 CON SALDO DE 3 HERIDOS","author":"Alejandro Sosa Ruda","date":"12 enero, 2021","format":false,"excerpt":"El accidente se produjo a la altura de General Lavalle. Los ocupantes del veh\u00edculo fueron trasladados al hospital de San Clemente. GENERAL LAVALLE - Un impactante vuelco tuvo lugar a la altura del kil\u00f3metro 304 de la Ruta N\u00b0 11, en inmediaciones de General Lavalle. El accidente se produjo cuando,\u2026","rel":"","context":"En \u00abPOLICIALES\u00bb","block_context":{"text":"POLICIALES","link":"https:\/\/larevistadigital.com.ar\/blog\/category\/policiales\/"},"img":{"alt_text":"","src":"https:\/\/i0.wp.com\/larevistadigital.com.ar\/blog\/wp-content\/uploads\/6709646fa076b0d1d90ba6e8c91f662f0322919e.jpg?fit=1140%2C641&ssl=1&resize=350%2C200","width":350,"height":200,"srcset":"https:\/\/i0.wp.com\/larevistadigital.com.ar\/blog\/wp-content\/uploads\/6709646fa076b0d1d90ba6e8c91f662f0322919e.jpg?fit=1140%2C641&ssl=1&resize=350%2C200 1x, https:\/\/i0.wp.com\/larevistadigital.com.ar\/blog\/wp-content\/uploads\/6709646fa076b0d1d90ba6e8c91f662f0322919e.jpg?fit=1140%2C641&ssl=1&resize=525%2C300 1.5x, https:\/\/i0.wp.com\/larevistadigital.com.ar\/blog\/wp-content\/uploads\/6709646fa076b0d1d90ba6e8c91f662f0322919e.jpg?fit=1140%2C641&ssl=1&resize=700%2C400 2x, https:\/\/i0.wp.com\/larevistadigital.com.ar\/blog\/wp-content\/uploads\/6709646fa076b0d1d90ba6e8c91f662f0322919e.jpg?fit=1140%2C641&ssl=1&resize=1050%2C600 3x"},"classes":[]},{"id":729,"url":"https:\/\/larevistadigital.com.ar\/blog\/la-construccion-la-autovia-conesa-san-clemente-del-tuyu-generara-190-puestos-trabajo\/","url_meta":{"origin":36388,"position":4},"title":"La construcci\u00f3n de la Autov\u00eda Conesa \u2013 San Clemente del Tuy\u00fa generar\u00e1 190 puestos de trabajo","author":"editor","date":"8 marzo, 2017","format":false,"excerpt":"INFORM\u00d3 EL INTENDENTE DE DOLORES- El Intendente Camilo Etchevarren, recibi\u00f3 al Secretario de Organizaci\u00f3n de la UOCRA Regional Dolores Miguel M\u00e1rquez, quien lo interioriz\u00f3 sobre la Autov\u00eda en la Ruta 11 que construir\u00e1 la Provincia de Buenos Aires desde General Conesa a San Clemente del Tuy\u00fa. La Regional Dolores a\u2026","rel":"","context":"En \u00abDOLORES\u00bb","block_context":{"text":"DOLORES","link":"https:\/\/larevistadigital.com.ar\/blog\/category\/dolores\/"},"img":{"alt_text":"","src":"https:\/\/i0.wp.com\/larevistadigital.com.ar\/blog\/wp-content\/uploads\/2017\/03\/170307-ETCHEVARREN-M%C3%81RQUEZ-251.jpg?fit=800%2C533&ssl=1&resize=350%2C200","width":350,"height":200,"srcset":"https:\/\/i0.wp.com\/larevistadigital.com.ar\/blog\/wp-content\/uploads\/2017\/03\/170307-ETCHEVARREN-M%C3%81RQUEZ-251.jpg?fit=800%2C533&ssl=1&resize=350%2C200 1x, https:\/\/i0.wp.com\/larevistadigital.com.ar\/blog\/wp-content\/uploads\/2017\/03\/170307-ETCHEVARREN-M%C3%81RQUEZ-251.jpg?fit=800%2C533&ssl=1&resize=525%2C300 1.5x, https:\/\/i0.wp.com\/larevistadigital.com.ar\/blog\/wp-content\/uploads\/2017\/03\/170307-ETCHEVARREN-M%C3%81RQUEZ-251.jpg?fit=800%2C533&ssl=1&resize=700%2C400 2x"},"classes":[]},{"id":28694,"url":"https:\/\/larevistadigital.com.ar\/blog\/atencion-emiten-un-alerta-para-hoy-de-crecidas-del-mar-en-la-costa-atlantica\/","url_meta":{"origin":36388,"position":5},"title":"ATENCI\u00d3N: EMITEN UN ALERTA PARA HOY DE CRECIDAS DEL MAR EN LA COSTA ATL\u00c1NTICA","author":"Alejandro Sosa Ruda","date":"31 octubre, 2022","format":false,"excerpt":"El Centro de Prevenci\u00f3n de Crecidas del Servicio de Hidrograf\u00eda Naval inform\u00f3 acerca de un ascenso de las aguas. 31 de Octubre de 2022 Seg\u00fan publica el portal entrel\u00edneas.info, el Centro de Prevenci\u00f3n de Crecidas del Servicio de Hidrograf\u00eda Naval, dependiente del Ministerio de Defensa, inform\u00f3 que la Costa Atl\u00e1ntica\u2026","rel":"","context":"En \u00abREGIONALES\u00bb","block_context":{"text":"REGIONALES","link":"https:\/\/larevistadigital.com.ar\/blog\/category\/regionales\/"},"img":{"alt_text":"","src":"https:\/\/i0.wp.com\/larevistadigital.com.ar\/blog\/wp-content\/uploads\/MAR-CRECIDO.png?fit=640%2C404&ssl=1&resize=350%2C200","width":350,"height":200,"srcset":"https:\/\/i0.wp.com\/larevistadigital.com.ar\/blog\/wp-content\/uploads\/MAR-CRECIDO.png?fit=640%2C404&ssl=1&resize=350%2C200 1x, https:\/\/i0.wp.com\/larevistadigital.com.ar\/blog\/wp-content\/uploads\/MAR-CRECIDO.png?fit=640%2C404&ssl=1&resize=525%2C300 1.5x"},"classes":[]}],"_links":{"self":[{"href":"https:\/\/larevistadigital.com.ar\/blog\/wp-json\/wp\/v2\/posts\/36388","targetHints":{"allow":["GET"]}}],"collection":[{"href":"https:\/\/larevistadigital.com.ar\/blog\/wp-json\/wp\/v2\/posts"}],"about":[{"href":"https:\/\/larevistadigital.com.ar\/blog\/wp-json\/wp\/v2\/types\/post"}],"author":[{"embeddable":true,"href":"https:\/\/larevistadigital.com.ar\/blog\/wp-json\/wp\/v2\/users\/3"}],"replies":[{"embeddable":true,"href":"https:\/\/larevistadigital.com.ar\/blog\/wp-json\/wp\/v2\/comments?post=36388"}],"version-history":[{"count":1,"href":"https:\/\/larevistadigital.com.ar\/blog\/wp-json\/wp\/v2\/posts\/36388\/revisions"}],"predecessor-version":[{"id":36390,"href":"https:\/\/larevistadigital.com.ar\/blog\/wp-json\/wp\/v2\/posts\/36388\/revisions\/36390"}],"wp:featuredmedia":[{"embeddable":true,"href":"https:\/\/larevistadigital.com.ar\/blog\/wp-json\/wp\/v2\/media\/36389"}],"wp:attachment":[{"href":"https:\/\/larevistadigital.com.ar\/blog\/wp-json\/wp\/v2\/media?parent=36388"}],"wp:term":[{"taxonomy":"category","embeddable":true,"href":"https:\/\/larevistadigital.com.ar\/blog\/wp-json\/wp\/v2\/categories?post=36388"},{"taxonomy":"post_tag","embeddable":true,"href":"https:\/\/larevistadigital.com.ar\/blog\/wp-json\/wp\/v2\/tags?post=36388"}],"curies":[{"name":"wp","href":"https:\/\/api.w.org\/{rel}","templated":true}]}}