{"id":36391,"date":"2024-06-21T22:19:17","date_gmt":"2024-06-22T01:19:17","guid":{"rendered":"https:\/\/larevistadigital.com.ar\/blog\/?p=36391"},"modified":"2024-06-21T22:19:17","modified_gmt":"2024-06-22T01:19:17","slug":"se-evitarian-unas-25-mil-intoxicaciones-al-ano-gracias-a-un-dispositivo-marplatense-de-prevencion-de-monoxido","status":"publish","type":"post","link":"https:\/\/larevistadigital.com.ar\/blog\/se-evitarian-unas-25-mil-intoxicaciones-al-ano-gracias-a-un-dispositivo-marplatense-de-prevencion-de-monoxido\/","title":{"rendered":"SE EVITAR\u00cdAN UNAS 25 MIL INTOXICACIONES AL A\u00d1O, GRACIAS A UN DISPOSITIVO MARPLATENSE DE PREVENCI\u00d3N DE MON\u00d3XIDO."},"content":{"rendered":"<h2 class=\"intro\">El investigador Miguel Ponce cont\u00f3 c\u00f3mo es el sistema que salva vidas pero que todav\u00eda no se aplica en la Argentina.<\/h2>\n<p>21 de Junio de 2024<\/p>\n<p><strong>MAR DEL PLATA &#8211; <\/strong>La llegada del fr\u00edo cada a\u00f1o trae consigo la preocupaci\u00f3n por las intoxicaciones por mon\u00f3xido de carbono y los avances tecnol\u00f3gicos que podr\u00edan prevenirlas. En este contexto, un grupo de investigadores de Mar del Plata desarroll\u00f3 hace m\u00e1s de una d\u00e9cada un sistema innovador que a\u00fan no se implementa en el pa\u00eds.<\/p>\n<p><em><strong>\u00abDesarrollamos una llave disyuntora que, cuando hay p\u00e9rdida de metano y se produce una explosi\u00f3n o una mala combusti\u00f3n (generaci\u00f3n de mon\u00f3xido de carbono), corta el ingreso de gas. En 2007 comenzamos el proceso de creaci\u00f3n de patentes que fueron otorgadas en 2012 al Conicet y la Universidad. Desde entonces, ha habido muchos avances en todo el mundo que deber\u00edamos tener aqu\u00ed\u00bb<\/strong><\/em>, explic\u00f3<strong> Miguel Ponce<\/strong>, director del grupo de investigaci\u00f3n.<\/p>\n<p>El sistema concebido hace dos d\u00e9cadas ha evolucionado con las nuevas tecnolog\u00edas globales. Actualmente, los sensores modernos permiten monitorear los ambientes mediante detectores de gases y tomar decisiones mediante georreferenciaci\u00f3n. <em><strong>\u00abSe sube la informaci\u00f3n a la nube y la referencia permite analizar el lugar donde est\u00e1 el artefacto de gas con una precisi\u00f3n de un metro, prediciendo la posibilidad de accidentes y el momento en que podr\u00edan ocurrir\u00bb<\/strong><\/em>, detall\u00f3 <strong>Ponce<\/strong>.<\/p>\n<div class=\"publiamp\" data-tipo=\"tipo_desktop \" data-pos=\"AMP_P1_cuerpo\"><\/div>\n<div class=\"social-container\"><\/div>\n","protected":false},"excerpt":{"rendered":"<div class=\"mh-excerpt\"><p>El investigador Miguel Ponce cont\u00f3 c\u00f3mo es el sistema que salva vidas pero que todav\u00eda no se aplica en la Argentina. 21 de Junio de 2024 MAR DEL PLATA &#8211; La llegada del fr\u00edo cada <a class=\"mh-excerpt-more\" href=\"https:\/\/larevistadigital.com.ar\/blog\/se-evitarian-unas-25-mil-intoxicaciones-al-ano-gracias-a-un-dispositivo-marplatense-de-prevencion-de-monoxido\/\" title=\"SE EVITAR\u00cdAN UNAS 25 MIL INTOXICACIONES AL A\u00d1O, GRACIAS A UN DISPOSITIVO MARPLATENSE DE PREVENCI\u00d3N DE MON\u00d3XIDO.\">[Leer M\u00e1s]<\/a><\/p>\n<\/div>","protected":false},"author":3,"featured_media":36392,"comment_status":"open","ping_status":"open","sticky":false,"template":"","format":"standard","meta":{"_jetpack_memberships_contains_paid_content":false,"footnotes":"","jetpack_publicize_message":"","jetpack_publicize_feature_enabled":true,"jetpack_social_post_already_shared":true,"jetpack_social_options":{"image_generator_settings":{"template":"highway","default_image_id":0,"font":"","enabled":false},"version":2}},"categories":[51],"tags":[],"class_list":{"0":"post-36391","1":"post","2":"type-post","3":"status-publish","4":"format-standard","5":"has-post-thumbnail","7":"category-regionales"},"jetpack_publicize_connections":[],"jetpack_featured_media_url":"https:\/\/i0.wp.com\/larevistadigital.com.ar\/blog\/wp-content\/uploads\/DISPOSITIVO.png?fit=815%2C424&ssl=1","jetpack_sharing_enabled":true,"jetpack_shortlink":"https:\/\/wp.me\/p8qtrQ-9sX","jetpack-related-posts":[{"id":5847,"url":"https:\/\/larevistadigital.com.ar\/blog\/recomendaciones-para-evitar-intoxicaciones-con-monoxido-de-carbono\/","url_meta":{"origin":36391,"position":0},"title":"RECOMENDACIONES PARA EVITAR INTOXICACIONES CON MON\u00d3XIDO DE CARBONO","author":"admin","date":"19 junio, 2018","format":false,"excerpt":"Hac\u00e9 revisar todos los a\u00f1os -por un gasista matriculado- las estufas, estufas catal\u00edticas, pantallas infrarrojas y salidas al exterior de calefones, termotanques y calefactores de tiro. \u2022 Apag\u00e1 estufas por la noche y cuando no sean realmente necesarias. \u2022 No uses hornallas de cocina y\/o el horno como forma de\u2026","rel":"","context":"En \u00abGENERAL BELGRANO\u00bb","block_context":{"text":"GENERAL BELGRANO","link":"https:\/\/larevistadigital.com.ar\/blog\/category\/general-belgrano\/"},"img":{"alt_text":"","src":"https:\/\/i0.wp.com\/larevistadigital.com.ar\/blog\/wp-content\/uploads\/2018\/06\/35741637_1662222420491989_2716832836404379648_n.jpg?fit=769%2C960&ssl=1&resize=350%2C200","width":350,"height":200,"srcset":"https:\/\/i0.wp.com\/larevistadigital.com.ar\/blog\/wp-content\/uploads\/2018\/06\/35741637_1662222420491989_2716832836404379648_n.jpg?fit=769%2C960&ssl=1&resize=350%2C200 1x, https:\/\/i0.wp.com\/larevistadigital.com.ar\/blog\/wp-content\/uploads\/2018\/06\/35741637_1662222420491989_2716832836404379648_n.jpg?fit=769%2C960&ssl=1&resize=525%2C300 1.5x, https:\/\/i0.wp.com\/larevistadigital.com.ar\/blog\/wp-content\/uploads\/2018\/06\/35741637_1662222420491989_2716832836404379648_n.jpg?fit=769%2C960&ssl=1&resize=700%2C400 2x"},"classes":[]},{"id":45276,"url":"https:\/\/larevistadigital.com.ar\/blog\/recomendaciones-de-la-municipalidad-de-chascomus-para-evitar-intoxicaciones-con-monoxido-de-carbono\/","url_meta":{"origin":36391,"position":1},"title":"Recomendaciones de la Municipalidad de Chascom\u00fas para evitar intoxicaciones con mon\u00f3xido de carbono","author":"Alejandro Sosa Ruda","date":"23 abril, 2026","format":false,"excerpt":"Ante la llegada de las bajas temperaturas, la Municipalidad de Chascom\u00fas recuerda que es importante tomar medidas de cuidado para evitar posibles intoxicaciones al usar artefactos para calefaccionar las viviendas. 23 de abril de 2026 Una de las principales causas de la aparici\u00f3n de mon\u00f3xido de carbono suele ser el\u2026","rel":"","context":"En \u00abINTERES GENERAL\u00bb","block_context":{"text":"INTERES GENERAL","link":"https:\/\/larevistadigital.com.ar\/blog\/category\/interes-general\/"},"img":{"alt_text":"","src":"https:\/\/i0.wp.com\/larevistadigital.com.ar\/blog\/wp-content\/uploads\/69ea4d296f807.png?fit=668%2C445&ssl=1&resize=350%2C200","width":350,"height":200,"srcset":"https:\/\/i0.wp.com\/larevistadigital.com.ar\/blog\/wp-content\/uploads\/69ea4d296f807.png?fit=668%2C445&ssl=1&resize=350%2C200 1x, https:\/\/i0.wp.com\/larevistadigital.com.ar\/blog\/wp-content\/uploads\/69ea4d296f807.png?fit=668%2C445&ssl=1&resize=525%2C300 1.5x"},"classes":[]},{"id":11496,"url":"https:\/\/larevistadigital.com.ar\/blog\/pareja-fallecio-por-inhalar-monoxido-de-carbono\/","url_meta":{"origin":36391,"position":2},"title":"PAREJA FALLECI\u00d3 POR INHALAR MON\u00d3XIDO DE CARBONO","author":"Alejandro Sosa Ruda","date":"25 julio, 2019","format":false,"excerpt":"Una pareja muri\u00f3 en horas de la ma\u00f1ana de este jueves en su casa ubicada en el barrio Libertad de la ciudad de Mar del Plata, como consecuencia de haber inhalado mon\u00f3xido de carbono. El tr\u00e1gico episodio se registr\u00f3 en un domicilio que se encuentra sobre la calle Necochea al\u2026","rel":"","context":"En \u00abREGIONALES\u00bb","block_context":{"text":"REGIONALES","link":"https:\/\/larevistadigital.com.ar\/blog\/category\/regionales\/"},"img":{"alt_text":"","src":"https:\/\/i0.wp.com\/larevistadigital.com.ar\/blog\/wp-content\/uploads\/1468595231694.jpg?fit=800%2C530&ssl=1&resize=350%2C200","width":350,"height":200,"srcset":"https:\/\/i0.wp.com\/larevistadigital.com.ar\/blog\/wp-content\/uploads\/1468595231694.jpg?fit=800%2C530&ssl=1&resize=350%2C200 1x, https:\/\/i0.wp.com\/larevistadigital.com.ar\/blog\/wp-content\/uploads\/1468595231694.jpg?fit=800%2C530&ssl=1&resize=525%2C300 1.5x, https:\/\/i0.wp.com\/larevistadigital.com.ar\/blog\/wp-content\/uploads\/1468595231694.jpg?fit=800%2C530&ssl=1&resize=700%2C400 2x"},"classes":[]},{"id":26016,"url":"https:\/\/larevistadigital.com.ar\/blog\/mar-del-plata-muere-un-hombre-y-su-perro-por-inhalacion-de-anhidrido-carbonico\/","url_meta":{"origin":36391,"position":3},"title":"MAR DEL PLATA: MUERE UN HOMBRE Y SU PERRO POR INHALACI\u00d3N DE ANH\u00cdDRIDO CARB\u00d3NICO","author":"Alejandro Sosa Ruda","date":"21 junio, 2022","format":false,"excerpt":"Sucedi\u00f3 en el barrio El Jard\u00edn de Peralta Ramos. La v\u00edctima ten\u00eda 65 a\u00f1os. Una cuadrilla de Camuzzi detect\u00f3 presencia de mon\u00f3xido en la vivienda. Un hombre de 65 a\u00f1os que los vecinos no ve\u00edan desde hace dos d\u00edas fue hallado sin vida ese lunes en el interior de su\u2026","rel":"","context":"En \u00abREGIONALES\u00bb","block_context":{"text":"REGIONALES","link":"https:\/\/larevistadigital.com.ar\/blog\/category\/regionales\/"},"img":{"alt_text":"","src":"https:\/\/i0.wp.com\/larevistadigital.com.ar\/blog\/wp-content\/uploads\/Guardia-Higa-0311.jpg?fit=790%2C444&ssl=1&resize=350%2C200","width":350,"height":200,"srcset":"https:\/\/i0.wp.com\/larevistadigital.com.ar\/blog\/wp-content\/uploads\/Guardia-Higa-0311.jpg?fit=790%2C444&ssl=1&resize=350%2C200 1x, https:\/\/i0.wp.com\/larevistadigital.com.ar\/blog\/wp-content\/uploads\/Guardia-Higa-0311.jpg?fit=790%2C444&ssl=1&resize=525%2C300 1.5x, https:\/\/i0.wp.com\/larevistadigital.com.ar\/blog\/wp-content\/uploads\/Guardia-Higa-0311.jpg?fit=790%2C444&ssl=1&resize=700%2C400 2x"},"classes":[]},{"id":26333,"url":"https:\/\/larevistadigital.com.ar\/blog\/chascomus-una-persona-fue-hallada-fallecida-seria-por-monoxido-de-carbono\/","url_meta":{"origin":36391,"position":4},"title":"CHASCOM\u00daS: UNA PERSONA FUE HALLADA FALLECIDA, SER\u00cdA POR MON\u00d3XIDO DE CARBONO","author":"Alejandro Sosa Ruda","date":"5 julio, 2022","format":false,"excerpt":"CHASCOM\u00daS -\u00a0 Una persona habr\u00eda sido encontrada fallecida en su domicilio alrededor de las 21 horas, en Calle Uruguay al 250. Seg\u00fan trascendi\u00f3, la causa del deceso ser\u00eda la intoxicaci\u00f3n a causa de una p\u00e9rdida de gas con mon\u00f3xido de carbono. NOTICIA EN DESARROLLO","rel":"","context":"En \u00abDESTACADAS\u00bb","block_context":{"text":"DESTACADAS","link":"https:\/\/larevistadigital.com.ar\/blog\/category\/destacadas\/"},"img":{"alt_text":"","src":"https:\/\/i0.wp.com\/larevistadigital.com.ar\/blog\/wp-content\/uploads\/WhatsApp-Image-2022-07-04-at-9.35.42-PM.jpeg?fit=675%2C1200&ssl=1&resize=350%2C200","width":350,"height":200,"srcset":"https:\/\/i0.wp.com\/larevistadigital.com.ar\/blog\/wp-content\/uploads\/WhatsApp-Image-2022-07-04-at-9.35.42-PM.jpeg?fit=675%2C1200&ssl=1&resize=350%2C200 1x, https:\/\/i0.wp.com\/larevistadigital.com.ar\/blog\/wp-content\/uploads\/WhatsApp-Image-2022-07-04-at-9.35.42-PM.jpeg?fit=675%2C1200&ssl=1&resize=525%2C300 1.5x"},"classes":[]},{"id":9932,"url":"https:\/\/larevistadigital.com.ar\/blog\/chascomus-continuan-las-jornadas-de-educacion-vial-rcp-primeros-auxilios-y-monoxido-de-carbono-para-las-escuelas-en-los-tres-niveles\/","url_meta":{"origin":36391,"position":5},"title":"CHASCOM\u00daS: CONTIN\u00daAN LAS JORNADAS DE EDUCACI\u00d3N VIAL, RCP, PRIMEROS AUXILIOS Y MON\u00d3XIDO DE CARBONO PARA LAS ESCUELAS EN LOS TRES NIVELES","author":"Alejandro Sosa Ruda","date":"2 mayo, 2019","format":false,"excerpt":"A trav\u00e9s del Plan Maestro de Seguridad Vial impulsado por el gobierno municipal, se promueve de manera permanente el cumplimiento de las normativas vigentes y la buena convivencia en la v\u00eda p\u00fablica mediante distintas acciones. En este sentido, se puso en marcha un proyecto ambientando el sal\u00f3n de los Bomberos\u2026","rel":"","context":"En \u00abPOLITICA\u00bb","block_context":{"text":"POLITICA","link":"https:\/\/larevistadigital.com.ar\/blog\/category\/politica\/"},"img":{"alt_text":"","src":"https:\/\/i0.wp.com\/larevistadigital.com.ar\/blog\/wp-content\/uploads\/2019\/05\/59106192_2409335435753994_1116390857839214592_o.jpg?fit=1200%2C675&ssl=1&resize=350%2C200","width":350,"height":200,"srcset":"https:\/\/i0.wp.com\/larevistadigital.com.ar\/blog\/wp-content\/uploads\/2019\/05\/59106192_2409335435753994_1116390857839214592_o.jpg?fit=1200%2C675&ssl=1&resize=350%2C200 1x, https:\/\/i0.wp.com\/larevistadigital.com.ar\/blog\/wp-content\/uploads\/2019\/05\/59106192_2409335435753994_1116390857839214592_o.jpg?fit=1200%2C675&ssl=1&resize=525%2C300 1.5x, https:\/\/i0.wp.com\/larevistadigital.com.ar\/blog\/wp-content\/uploads\/2019\/05\/59106192_2409335435753994_1116390857839214592_o.jpg?fit=1200%2C675&ssl=1&resize=700%2C400 2x, https:\/\/i0.wp.com\/larevistadigital.com.ar\/blog\/wp-content\/uploads\/2019\/05\/59106192_2409335435753994_1116390857839214592_o.jpg?fit=1200%2C675&ssl=1&resize=1050%2C600 3x"},"classes":[]}],"_links":{"self":[{"href":"https:\/\/larevistadigital.com.ar\/blog\/wp-json\/wp\/v2\/posts\/36391","targetHints":{"allow":["GET"]}}],"collection":[{"href":"https:\/\/larevistadigital.com.ar\/blog\/wp-json\/wp\/v2\/posts"}],"about":[{"href":"https:\/\/larevistadigital.com.ar\/blog\/wp-json\/wp\/v2\/types\/post"}],"author":[{"embeddable":true,"href":"https:\/\/larevistadigital.com.ar\/blog\/wp-json\/wp\/v2\/users\/3"}],"replies":[{"embeddable":true,"href":"https:\/\/larevistadigital.com.ar\/blog\/wp-json\/wp\/v2\/comments?post=36391"}],"version-history":[{"count":1,"href":"https:\/\/larevistadigital.com.ar\/blog\/wp-json\/wp\/v2\/posts\/36391\/revisions"}],"predecessor-version":[{"id":36393,"href":"https:\/\/larevistadigital.com.ar\/blog\/wp-json\/wp\/v2\/posts\/36391\/revisions\/36393"}],"wp:featuredmedia":[{"embeddable":true,"href":"https:\/\/larevistadigital.com.ar\/blog\/wp-json\/wp\/v2\/media\/36392"}],"wp:attachment":[{"href":"https:\/\/larevistadigital.com.ar\/blog\/wp-json\/wp\/v2\/media?parent=36391"}],"wp:term":[{"taxonomy":"category","embeddable":true,"href":"https:\/\/larevistadigital.com.ar\/blog\/wp-json\/wp\/v2\/categories?post=36391"},{"taxonomy":"post_tag","embeddable":true,"href":"https:\/\/larevistadigital.com.ar\/blog\/wp-json\/wp\/v2\/tags?post=36391"}],"curies":[{"name":"wp","href":"https:\/\/api.w.org\/{rel}","templated":true}]}}