{"id":36394,"date":"2024-06-21T23:09:13","date_gmt":"2024-06-22T02:09:13","guid":{"rendered":"https:\/\/larevistadigital.com.ar\/blog\/?p=36394"},"modified":"2024-06-21T23:09:13","modified_gmt":"2024-06-22T02:09:13","slug":"informo-la-municipalidad-de-chascomus-que-el-sabado-22-y-domingo-23-de-junio-habra-guardia-pediatrica-pasiva-y-activa","status":"publish","type":"post","link":"https:\/\/larevistadigital.com.ar\/blog\/informo-la-municipalidad-de-chascomus-que-el-sabado-22-y-domingo-23-de-junio-habra-guardia-pediatrica-pasiva-y-activa\/","title":{"rendered":"INFORM\u00d3 LA MUNICIPALIDAD DE CHASCOM\u00daS QUE EL S\u00c1BADO 22 Y DOMINGO 23 DE JUNIO: HABR\u00c1 GUARDIA PEDI\u00c1TRICA PASIVA Y ACTIVA"},"content":{"rendered":"<h2 class=\"notaIntro\">Desde la Municipalidad se comunica que el d\u00eda de ma\u00f1ana y el domingo, en el Hospital San Vicente de Paul, habr\u00e1 guardia pedi\u00e1trica pasiva y activa en todas las franjas horarias.<\/h2>\n<p>21 de Junio de 2024<\/p>\n<p class=\"notaTexto\"><strong>CHASCOM\u00daS &#8211;<\/strong>\u00a0 Como vienen alertando desde la Sociedad Argentina de Pediatr\u00eda, los m\u00e9dicos j\u00f3venes no eligen la pediatr\u00eda como especialidad. Ya en 2021 y 2022 hubo un 30% de cupos sin cubrir, y en el 2023 quedaron sin cubrir m\u00e1s del 40% de las vacantes de todo el pa\u00eds. En el corriente a\u00f1o, la situaci\u00f3n se agrava y el porcentaje de las vacantes para ocupar puestos de pediatr\u00eda, ser\u00e1 mayor.<\/p>\n<blockquote>\n<h3 class=\"notaTexto\">En el caso de Chascom\u00fas, como ya se ha advertido, la escasez de pediatras se complejiza durante los fines de semana. Por dicha raz\u00f3n, se ha abierto un registro de pediatras de toda la regi\u00f3n para su incorporaci\u00f3n inmediata.<\/h3>\n<\/blockquote>\n<p class=\"notaTexto\">A pesar de esta situaci\u00f3n, desde la Municipalidad se comunica que tanto el d\u00eda s\u00e1bado 22 y el d\u00eda domingo 23 de junio, habr\u00e1 guardia pedi\u00e1trica activa y pasiva las 24 horas gracias al trabajo de la Secretar\u00eda de Salud P\u00fablica, la Direcci\u00f3n del Hospital y el esfuerzo personal de nuestros pediatras locales: <strong>Ana Morgade, Jorge Rodriguez, Cecilia Sald\u00edas, Virginia Methol, Jos\u00e9 Luis Pedernera, Gustavo Levitin, y Silvia Cambier<\/strong>, quienes comprometidos con su comunidad han accedido a realizar esas coberturas.<\/p>\n<p class=\"notaTexto\">Por otro lado, desde la Secretar\u00eda de Salud, se reitera que:<em><strong> \u201cdesde el municipio se ha planteado que los <span style=\"color: #ff0000\">recursos econ\u00f3micos est\u00e1n a disposici\u00f3n a valores superiores a los que se pagan en toda la zona<\/span>, y se realiza una b\u00fasqueda incesante de pediatras que quieran venir a trabajar a Chascom\u00fas; <span style=\"color: #ff0000\">hoy lo que estar\u00eda faltando, es el recurso humano que est\u00e9 dispuesto a realizar el trabajo que se necesita en la guardia pedi\u00e1trica activa durante los fines de semana<\/span>\u201d<\/strong><\/em>.<\/p>\n<blockquote>\n<h3 class=\"notaTexto\">Cabe aclarar, dicen desde el Municipio,\u00a0 que el Hospital San Vicente de Paul cuenta con <span style=\"color: #ff0000\">nueve pediatras de planta<\/span>, que adem\u00e1s de atender en el nosocomio,<span style=\"color: #000000\"> <strong>atienden en los distintos Centros de Atenci\u00f3n Primaria de la Salud (CAPS) de la ciudad.<\/strong><\/span><\/h3>\n<\/blockquote>\n<p class=\"notaTexto\">Tambi\u00e9n se informa nuevamente, que como en el resto del pa\u00eds, se han incrementado las consultas en la guardia en el Hospital San Vicente de Paul. Esto responde a m\u00faltiples factores, por un lado, el incremento en este a\u00f1o de cuadros de bronquiolitis y virus influenza, y contar en Chascom\u00fas con un <span style=\"color: #ff0000\"><strong>\u00fanico efector de salud<\/strong><\/span> que tiene servicio de guardia las 24 hs. Por otro lado, la crisis econ\u00f3mica, que tiene como efecto que muchas personas que antes se atend\u00edan en consultorios privados, hoy no cuenten con obra social o tengan dificultad para pagar el monto diferencial del bono de la consulta m\u00e9dica, por lo que acuden a nuestro hospital p\u00fablico.<\/p>\n<p class=\"notaTexto\"><strong>De esta manera, se solicita la colaboraci\u00f3n de la poblaci\u00f3n para que acuda a la guardia solo en caso de ser estrictamente necesario, y que concurra a los consultorios y CAPS los d\u00edas de semana para realizar consultas.<\/strong> Mientras se contin\u00faan haciendo todos los esfuerzos mancomunados para conseguir el recurso humano necesario para cubrir guardia pedi\u00e1trica activa todos los fines de semana, con b\u00fasquedas laborales en todo el pa\u00eds, en medio de una situaci\u00f3n cr\u00edtica de la salud p\u00fablica a nivel nacional.<\/p>\n","protected":false},"excerpt":{"rendered":"<div class=\"mh-excerpt\"><p>Desde la Municipalidad se comunica que el d\u00eda de ma\u00f1ana y el domingo, en el Hospital San Vicente de Paul, habr\u00e1 guardia pedi\u00e1trica pasiva y activa en todas las franjas horarias. 21 de Junio de <a class=\"mh-excerpt-more\" href=\"https:\/\/larevistadigital.com.ar\/blog\/informo-la-municipalidad-de-chascomus-que-el-sabado-22-y-domingo-23-de-junio-habra-guardia-pediatrica-pasiva-y-activa\/\" title=\"INFORM\u00d3 LA MUNICIPALIDAD DE CHASCOM\u00daS QUE EL S\u00c1BADO 22 Y DOMINGO 23 DE JUNIO: HABR\u00c1 GUARDIA PEDI\u00c1TRICA PASIVA Y ACTIVA\">[Leer M\u00e1s]<\/a><\/p>\n<\/div>","protected":false},"author":3,"featured_media":15781,"comment_status":"open","ping_status":"open","sticky":false,"template":"","format":"standard","meta":{"_jetpack_memberships_contains_paid_content":false,"footnotes":"","jetpack_publicize_message":"","jetpack_publicize_feature_enabled":true,"jetpack_social_post_already_shared":true,"jetpack_social_options":{"image_generator_settings":{"template":"highway","default_image_id":0,"font":"","enabled":false},"version":2}},"categories":[50],"tags":[],"class_list":{"0":"post-36394","1":"post","2":"type-post","3":"status-publish","4":"format-standard","5":"has-post-thumbnail","7":"category-interes-general"},"jetpack_publicize_connections":[],"jetpack_featured_media_url":"https:\/\/i0.wp.com\/larevistadigital.com.ar\/blog\/wp-content\/uploads\/hospital22.jpg?fit=1024%2C768&ssl=1","jetpack_sharing_enabled":true,"jetpack_shortlink":"https:\/\/wp.me\/p8qtrQ-9t0","jetpack-related-posts":[{"id":36303,"url":"https:\/\/larevistadigital.com.ar\/blog\/afortunadamente-informo-el-municipio-que-el-ultimo-domingo-hubo-guardia-pediatrica-pasiva-y-activa-en-el-hospital\/","url_meta":{"origin":36394,"position":0},"title":"AFORTUNADAMENTE&#8230; INFORM\u00d3 EL MUNICIPIO QUE EL \u00daLTIMO DOMINGO HUBO GUARDIA PEDI\u00c1TRICA PASIVA Y ACTIVA EN EL HOSPITAL","author":"Alejandro Sosa Ruda","date":"13 junio, 2024","format":false,"excerpt":"\"Desde la Municipalidad de Chascom\u00fas queremos hacer saber que gracias a la buena voluntad de los actores involucrados y del invaluable compromiso con la comunidad del equipo de pediatr\u00eda se brind\u00f3 atenci\u00f3n durante todo el d\u00eda.\" CHASCOM\u00daS -\u00a0 Luego de la informaci\u00f3n que el municipio dio a conocer el \u00faltimo\u2026","rel":"","context":"En \u00abCHASCOM\u00daS\u00bb","block_context":{"text":"CHASCOM\u00daS","link":"https:\/\/larevistadigital.com.ar\/blog\/category\/chascomus\/"},"img":{"alt_text":"","src":"https:\/\/i0.wp.com\/larevistadigital.com.ar\/blog\/wp-content\/uploads\/2024_06_12_02_41_53_5171131.jpeg?fit=600%2C401&ssl=1&resize=350%2C200","width":350,"height":200,"srcset":"https:\/\/i0.wp.com\/larevistadigital.com.ar\/blog\/wp-content\/uploads\/2024_06_12_02_41_53_5171131.jpeg?fit=600%2C401&ssl=1&resize=350%2C200 1x, https:\/\/i0.wp.com\/larevistadigital.com.ar\/blog\/wp-content\/uploads\/2024_06_12_02_41_53_5171131.jpeg?fit=600%2C401&ssl=1&resize=525%2C300 1.5x"},"classes":[]},{"id":36021,"url":"https:\/\/larevistadigital.com.ar\/blog\/el-servicio-de-guardia-de-chascomus-incluido-el-de-pediatria-esta-garantizado\/","url_meta":{"origin":36394,"position":1},"title":"EL SERVICIO DE GUARDIA DE CHASCOM\u00daS, INCLUIDO EL DE PEDIATR\u00cdA, EST\u00c1 GARANTIZADO","author":"Alejandro Sosa Ruda","date":"8 mayo, 2024","format":false,"excerpt":"Los casos de urgencia son atendidos y se contin\u00faa trabajando para asegurar la cobertura. 8 de Mayo de 2024 CHASCOM\u00daS -\u00a0 El secretario de Gobierno, Cipriano P\u00e9rez del Cerro, inform\u00f3 que el servicio de pediatr\u00eda, como el del resto de las especialidades, en el Hospital Municipal \u201cSan Vicente de Paul\u201d\u2026","rel":"","context":"En \u00abCHASCOM\u00daS\u00bb","block_context":{"text":"CHASCOM\u00daS","link":"https:\/\/larevistadigital.com.ar\/blog\/category\/chascomus\/"},"img":{"alt_text":"","src":"https:\/\/i0.wp.com\/larevistadigital.com.ar\/blog\/wp-content\/uploads\/2024_05_09_02_56_01_4421882.jpg?fit=600%2C401&ssl=1&resize=350%2C200","width":350,"height":200,"srcset":"https:\/\/i0.wp.com\/larevistadigital.com.ar\/blog\/wp-content\/uploads\/2024_05_09_02_56_01_4421882.jpg?fit=600%2C401&ssl=1&resize=350%2C200 1x, https:\/\/i0.wp.com\/larevistadigital.com.ar\/blog\/wp-content\/uploads\/2024_05_09_02_56_01_4421882.jpg?fit=600%2C401&ssl=1&resize=525%2C300 1.5x"},"classes":[]},{"id":35944,"url":"https:\/\/larevistadigital.com.ar\/blog\/chascomus-apertura-del-registro-de-inscripcion-de-pediatras-para-guardias\/","url_meta":{"origin":36394,"position":2},"title":"CHASCOM\u00daS: APERTURA DEL REGISTRO DE INSCRIPCI\u00d3N DE PEDIATRAS PARA GUARDIAS","author":"Alejandro Sosa Ruda","date":"27 abril, 2024","format":false,"excerpt":"La Municipalidad a trav\u00e9s de la Secretar\u00eda de Salud P\u00fablica, anunci\u00f3 la apertura del registro de inscripci\u00f3n para la contrataci\u00f3n de m\u00e9dicos pediatras para cubrir guardias durante los fines de semana. 27 de abril de 2024 CHASCOM\u00daS\u00a0 -\u00a0 La realidad de la salud p\u00fablica a nivel provincial y nacional, alertada\u2026","rel":"","context":"En \u00abCHASCOM\u00daS\u00bb","block_context":{"text":"CHASCOM\u00daS","link":"https:\/\/larevistadigital.com.ar\/blog\/category\/chascomus\/"},"img":{"alt_text":"","src":"https:\/\/i0.wp.com\/larevistadigital.com.ar\/blog\/wp-content\/uploads\/2024_04_28_00_21_50_5036825.jpg?fit=600%2C401&ssl=1&resize=350%2C200","width":350,"height":200,"srcset":"https:\/\/i0.wp.com\/larevistadigital.com.ar\/blog\/wp-content\/uploads\/2024_04_28_00_21_50_5036825.jpg?fit=600%2C401&ssl=1&resize=350%2C200 1x, https:\/\/i0.wp.com\/larevistadigital.com.ar\/blog\/wp-content\/uploads\/2024_04_28_00_21_50_5036825.jpg?fit=600%2C401&ssl=1&resize=525%2C300 1.5x"},"classes":[]},{"id":18993,"url":"https:\/\/larevistadigital.com.ar\/blog\/en-lugar-de-escuchar-a-los-medicos-cipriano-perez-del-cerro-salio-a-negar-que-un-solo-profesional-atienda-las-urgencias-del-hospital\/","url_meta":{"origin":36394,"position":3},"title":"EN LUGAR DE ESCUCHAR A LOS M\u00c9DICOS, CIPRIANO P\u00c9REZ DEL CERRO SALI\u00d3 A NEGAR QUE UN SOLO PROFESIONAL ATIENDA LAS URGENCIAS DEL HOSPITAL","author":"Alejandro Sosa Ruda","date":"23 febrero, 2021","format":false,"excerpt":"De manera incre\u00edble, y con un alt\u00edsimo grado de soberbia, el Secretario de Gobierno de Javier Gast\u00f3n, neg\u00f3 en un reportaje del diario EL Cronista los dichos de la m\u00e9dica de guardia, que debi\u00f3 responder sola a la atenci\u00f3n de la misma. Evidentemente, desde el ejecutivo, no hay intenci\u00f3n de\u2026","rel":"","context":"En \u00abDESTACADAS\u00bb","block_context":{"text":"DESTACADAS","link":"https:\/\/larevistadigital.com.ar\/blog\/category\/destacadas\/"},"img":{"alt_text":"","src":"https:\/\/i0.wp.com\/larevistadigital.com.ar\/blog\/wp-content\/uploads\/Gaston-no-escucha.jpg?fit=1200%2C846&ssl=1&resize=350%2C200","width":350,"height":200,"srcset":"https:\/\/i0.wp.com\/larevistadigital.com.ar\/blog\/wp-content\/uploads\/Gaston-no-escucha.jpg?fit=1200%2C846&ssl=1&resize=350%2C200 1x, https:\/\/i0.wp.com\/larevistadigital.com.ar\/blog\/wp-content\/uploads\/Gaston-no-escucha.jpg?fit=1200%2C846&ssl=1&resize=525%2C300 1.5x, https:\/\/i0.wp.com\/larevistadigital.com.ar\/blog\/wp-content\/uploads\/Gaston-no-escucha.jpg?fit=1200%2C846&ssl=1&resize=700%2C400 2x, https:\/\/i0.wp.com\/larevistadigital.com.ar\/blog\/wp-content\/uploads\/Gaston-no-escucha.jpg?fit=1200%2C846&ssl=1&resize=1050%2C600 3x"},"classes":[]},{"id":5369,"url":"https:\/\/larevistadigital.com.ar\/blog\/sala-de-pediatria-se-abrio-el-sobre-1-de-los-tres-oferentes\/","url_meta":{"origin":36394,"position":4},"title":"SALA DE PEDIATR\u00cdA | SE ABRI\u00d3 EL SOBRE 1 DE LOS TRES OFERENTES","author":"admin","date":"29 marzo, 2018","format":false,"excerpt":"Para la Licitaci\u00f3n de la Sala Pedi\u00e1trica en el Hospital, las empresas que presentaron sus propuestas con los antecedentes, documentaci\u00f3n impositiva y requisitos fueron Playa Construcciones SRL, Ridel SA y PyPSA SA. El pr\u00f3ximo mi\u00e9rcoles continuar\u00e1 el proceso licitatorio con la apertura del Sobre 2, donde estar\u00e1n especificadas las ofertas\u2026","rel":"","context":"En \u00abPOLITICA\u00bb","block_context":{"text":"POLITICA","link":"https:\/\/larevistadigital.com.ar\/blog\/category\/politica\/"},"img":{"alt_text":"","src":"https:\/\/i0.wp.com\/larevistadigital.com.ar\/blog\/wp-content\/uploads\/2018\/03\/29665555_1824361967584680_6814267058659754963_o.jpg?fit=1200%2C801&ssl=1&resize=350%2C200","width":350,"height":200,"srcset":"https:\/\/i0.wp.com\/larevistadigital.com.ar\/blog\/wp-content\/uploads\/2018\/03\/29665555_1824361967584680_6814267058659754963_o.jpg?fit=1200%2C801&ssl=1&resize=350%2C200 1x, https:\/\/i0.wp.com\/larevistadigital.com.ar\/blog\/wp-content\/uploads\/2018\/03\/29665555_1824361967584680_6814267058659754963_o.jpg?fit=1200%2C801&ssl=1&resize=525%2C300 1.5x, https:\/\/i0.wp.com\/larevistadigital.com.ar\/blog\/wp-content\/uploads\/2018\/03\/29665555_1824361967584680_6814267058659754963_o.jpg?fit=1200%2C801&ssl=1&resize=700%2C400 2x, https:\/\/i0.wp.com\/larevistadigital.com.ar\/blog\/wp-content\/uploads\/2018\/03\/29665555_1824361967584680_6814267058659754963_o.jpg?fit=1200%2C801&ssl=1&resize=1050%2C600 3x"},"classes":[]},{"id":40788,"url":"https:\/\/larevistadigital.com.ar\/blog\/chascomus-nuevo-equipamiento-para-atencion-pediatrica-en-el-hospital-san-vicente-de-paul\/","url_meta":{"origin":36394,"position":5},"title":"Chascom\u00fas: Nuevo equipamiento para atenci\u00f3n pedi\u00e1trica en el Hospital San Vicente de Paul","author":"Alejandro Sosa Ruda","date":"6 agosto, 2025","format":false,"excerpt":"El centro de salud municipal suma una C\u00e1nula de Alto Flujo de Ox\u00edgeno para casos respiratorios infantiles. 06 de Agosto de 2025 CHASCOM\u00daS\u00a0 -\u00a0 \u00a0El intendente Javier Gast\u00f3n y la secretaria de Salud P\u00fablica, Marcela Arias, recibieron una nueva C\u00e1nula de Alto Flujo de Ox\u00edgeno (CAFO) destinada a la Sala\u2026","rel":"","context":"En \u00abCHASCOM\u00daS\u00bb","block_context":{"text":"CHASCOM\u00daS","link":"https:\/\/larevistadigital.com.ar\/blog\/category\/chascomus\/"},"img":{"alt_text":"","src":"https:\/\/i0.wp.com\/larevistadigital.com.ar\/blog\/wp-content\/uploads\/Nuevo-equipamiento-para-pediatria-Hospital-Municipal-de-Chascomus.png?fit=668%2C445&ssl=1&resize=350%2C200","width":350,"height":200,"srcset":"https:\/\/i0.wp.com\/larevistadigital.com.ar\/blog\/wp-content\/uploads\/Nuevo-equipamiento-para-pediatria-Hospital-Municipal-de-Chascomus.png?fit=668%2C445&ssl=1&resize=350%2C200 1x, https:\/\/i0.wp.com\/larevistadigital.com.ar\/blog\/wp-content\/uploads\/Nuevo-equipamiento-para-pediatria-Hospital-Municipal-de-Chascomus.png?fit=668%2C445&ssl=1&resize=525%2C300 1.5x"},"classes":[]}],"_links":{"self":[{"href":"https:\/\/larevistadigital.com.ar\/blog\/wp-json\/wp\/v2\/posts\/36394","targetHints":{"allow":["GET"]}}],"collection":[{"href":"https:\/\/larevistadigital.com.ar\/blog\/wp-json\/wp\/v2\/posts"}],"about":[{"href":"https:\/\/larevistadigital.com.ar\/blog\/wp-json\/wp\/v2\/types\/post"}],"author":[{"embeddable":true,"href":"https:\/\/larevistadigital.com.ar\/blog\/wp-json\/wp\/v2\/users\/3"}],"replies":[{"embeddable":true,"href":"https:\/\/larevistadigital.com.ar\/blog\/wp-json\/wp\/v2\/comments?post=36394"}],"version-history":[{"count":1,"href":"https:\/\/larevistadigital.com.ar\/blog\/wp-json\/wp\/v2\/posts\/36394\/revisions"}],"predecessor-version":[{"id":36395,"href":"https:\/\/larevistadigital.com.ar\/blog\/wp-json\/wp\/v2\/posts\/36394\/revisions\/36395"}],"wp:featuredmedia":[{"embeddable":true,"href":"https:\/\/larevistadigital.com.ar\/blog\/wp-json\/wp\/v2\/media\/15781"}],"wp:attachment":[{"href":"https:\/\/larevistadigital.com.ar\/blog\/wp-json\/wp\/v2\/media?parent=36394"}],"wp:term":[{"taxonomy":"category","embeddable":true,"href":"https:\/\/larevistadigital.com.ar\/blog\/wp-json\/wp\/v2\/categories?post=36394"},{"taxonomy":"post_tag","embeddable":true,"href":"https:\/\/larevistadigital.com.ar\/blog\/wp-json\/wp\/v2\/tags?post=36394"}],"curies":[{"name":"wp","href":"https:\/\/api.w.org\/{rel}","templated":true}]}}