{"id":36396,"date":"2024-06-21T23:36:18","date_gmt":"2024-06-22T02:36:18","guid":{"rendered":"https:\/\/larevistadigital.com.ar\/blog\/?p=36396"},"modified":"2024-06-21T23:36:18","modified_gmt":"2024-06-22T02:36:18","slug":"impactante-vuelco-de-un-camion-en-la-ruta","status":"publish","type":"post","link":"https:\/\/larevistadigital.com.ar\/blog\/impactante-vuelco-de-un-camion-en-la-ruta\/","title":{"rendered":"IMPACTANTE VUELCO DE UN CAMI\u00d3N EN LA RUTA"},"content":{"rendered":"<h2>Sucedi\u00f3 hoy, y fue realmente violento. Transportaba cebollas hacia Mar del Plata.<\/h2>\n<p>21 de Junio de 2024<\/p>\n<p><strong>BUENOS AIRES &#8211;\u00a0 <\/strong>El accidente, ocurri\u00f3 en el kil\u00f3metro 632 de la ruta 3, jurisdicci\u00f3n de Coronel Dorrego, se produjo el vuelco de un cami\u00f3n que transportaba cebollas desde Mayor Buratovich con destino Mar del Plata.<\/p>\n<div class=\"x11i5rnm xat24cr x1mh8g0r x1vvkbs xtlvy1s x126k92a\">\n<blockquote>\n<h3 dir=\"auto\">La Polic\u00eda que intervino en el siniestro procura establecer las causas del mismo, por lo que aguarda la declaraci\u00f3n del chofer del rodado, Sergio de 48 a\u00f1os, result\u00f3 ileso en el accidente.<\/h3>\n<\/blockquote>\n<div dir=\"auto\">Una de las manos de la Ruta qued\u00f3 interrumpida al tr\u00e1nsito. Tambi\u00e9n trabajaron en el lugar Bomberos Voluntarios de Dorrego.<\/div>\n<\/div>\n","protected":false},"excerpt":{"rendered":"<div class=\"mh-excerpt\"><p>Sucedi\u00f3 hoy, y fue realmente violento. Transportaba cebollas hacia Mar del Plata. 21 de Junio de 2024 BUENOS AIRES &#8211;\u00a0 El accidente, ocurri\u00f3 en el kil\u00f3metro 632 de la ruta 3, jurisdicci\u00f3n de Coronel Dorrego, <a class=\"mh-excerpt-more\" href=\"https:\/\/larevistadigital.com.ar\/blog\/impactante-vuelco-de-un-camion-en-la-ruta\/\" title=\"IMPACTANTE VUELCO DE UN CAMI\u00d3N EN LA RUTA\">[Leer M\u00e1s]<\/a><\/p>\n<\/div>","protected":false},"author":3,"featured_media":36397,"comment_status":"open","ping_status":"open","sticky":false,"template":"","format":"standard","meta":{"_jetpack_memberships_contains_paid_content":false,"footnotes":"","jetpack_publicize_message":"","jetpack_publicize_feature_enabled":true,"jetpack_social_post_already_shared":true,"jetpack_social_options":{"image_generator_settings":{"template":"highway","default_image_id":0,"font":"","enabled":false},"version":2}},"categories":[44,51],"tags":[],"class_list":{"0":"post-36396","1":"post","2":"type-post","3":"status-publish","4":"format-standard","5":"has-post-thumbnail","7":"category-policiales","8":"category-regionales"},"jetpack_publicize_connections":[],"jetpack_featured_media_url":"https:\/\/i0.wp.com\/larevistadigital.com.ar\/blog\/wp-content\/uploads\/448802050_885210823644051_4827700571129504572_n.jpg?fit=1600%2C1200&ssl=1","jetpack_sharing_enabled":true,"jetpack_shortlink":"https:\/\/wp.me\/p8qtrQ-9t2","jetpack-related-posts":[{"id":18064,"url":"https:\/\/larevistadigital.com.ar\/blog\/accidente-fatal-en-la-ruta-226\/","url_meta":{"origin":36396,"position":0},"title":"ACCIDENTE FATAL EN LA RUTA 226","author":"Alejandro Sosa Ruda","date":"11 diciembre, 2020","format":false,"excerpt":"Ocurri\u00f3 durante la madrugada del viernes en el Kil\u00f3metro 351, a la altura de Las Espigas, cuando un camion que transportaba alimentos colision\u00f3 con un veh\u00edculo particular. Un hombre muri\u00f3 y otro result\u00f3 herido. Un hombre muri\u00f3 y otro sufri\u00f3 varias heridas\u00a0tras un choque entre auto y un cami\u00f3n en\u2026","rel":"","context":"En \u00abINTERES GENERAL\u00bb","block_context":{"text":"INTERES GENERAL","link":"https:\/\/larevistadigital.com.ar\/blog\/category\/interes-general\/"},"img":{"alt_text":"","src":"https:\/\/i0.wp.com\/larevistadigital.com.ar\/blog\/wp-content\/uploads\/Screenshot_1-172.jpg?fit=1000%2C562&ssl=1&resize=350%2C200","width":350,"height":200,"srcset":"https:\/\/i0.wp.com\/larevistadigital.com.ar\/blog\/wp-content\/uploads\/Screenshot_1-172.jpg?fit=1000%2C562&ssl=1&resize=350%2C200 1x, https:\/\/i0.wp.com\/larevistadigital.com.ar\/blog\/wp-content\/uploads\/Screenshot_1-172.jpg?fit=1000%2C562&ssl=1&resize=525%2C300 1.5x, https:\/\/i0.wp.com\/larevistadigital.com.ar\/blog\/wp-content\/uploads\/Screenshot_1-172.jpg?fit=1000%2C562&ssl=1&resize=700%2C400 2x"},"classes":[]},{"id":23797,"url":"https:\/\/larevistadigital.com.ar\/blog\/por-la-madrugada-vuelco-de-un-camion-en-el-kilometro-97-de-la-ruta-2\/","url_meta":{"origin":36396,"position":1},"title":"POR LA MADRUGADA: VUELCO DE UN CAMI\u00d3N EN EL KIL\u00d3METRO 97 DE LA RUTA 2","author":"Alejandro Sosa Ruda","date":"3 febrero, 2022","format":false,"excerpt":"CHASCOM\u00daS -\u00a0 Anoche, exactamente a las 04:39 hs., nos lleg\u00f3 por whatsapp el aviso de los Bomberos Voluntarios de una intervenci\u00f3n por un accidente en la ruta 2 a la altura del kil\u00f3metro 97. Al llegar al lugar, se encontraron con un cami\u00f3n que volc\u00f3, luego de que su conductor\u2026","rel":"","context":"En \u00abINTERES GENERAL\u00bb","block_context":{"text":"INTERES GENERAL","link":"https:\/\/larevistadigital.com.ar\/blog\/category\/interes-general\/"},"img":{"alt_text":"","src":"https:\/\/i0.wp.com\/larevistadigital.com.ar\/blog\/wp-content\/uploads\/Captura-de-pantalla-2022-02-03-110751.jpg?fit=1117%2C573&ssl=1&resize=350%2C200","width":350,"height":200,"srcset":"https:\/\/i0.wp.com\/larevistadigital.com.ar\/blog\/wp-content\/uploads\/Captura-de-pantalla-2022-02-03-110751.jpg?fit=1117%2C573&ssl=1&resize=350%2C200 1x, https:\/\/i0.wp.com\/larevistadigital.com.ar\/blog\/wp-content\/uploads\/Captura-de-pantalla-2022-02-03-110751.jpg?fit=1117%2C573&ssl=1&resize=525%2C300 1.5x, https:\/\/i0.wp.com\/larevistadigital.com.ar\/blog\/wp-content\/uploads\/Captura-de-pantalla-2022-02-03-110751.jpg?fit=1117%2C573&ssl=1&resize=700%2C400 2x, https:\/\/i0.wp.com\/larevistadigital.com.ar\/blog\/wp-content\/uploads\/Captura-de-pantalla-2022-02-03-110751.jpg?fit=1117%2C573&ssl=1&resize=1050%2C600 3x"},"classes":[]},{"id":36065,"url":"https:\/\/larevistadigital.com.ar\/blog\/ruta-2-camion-volco-a-la-altura-de-castelli-hubo-seis-heridos\/","url_meta":{"origin":36396,"position":2},"title":"RUTA 2: CAMI\u00d3N VOLC\u00d3 A LA ALTURA DE CASTELLI. HUBO SEIS HERIDOS","author":"Alejandro Sosa Ruda","date":"18 mayo, 2024","format":false,"excerpt":"CASTELLI -\u00a0 \u00a0En las primeras horas de este viernes se produjo un accidente en la Ruta 2, a la altura del partido de\u00a0Castelli, que dej\u00f3 como saldo\u00a06 personas heridas, afortunadamente ninguna de gravedad. Ocurri\u00f3 cuando, por cuestiones que a\u00fan se tratan de establecer, el conductor de un cami\u00f3n que transportaba\u2026","rel":"","context":"En \u00abPOLICIALES\u00bb","block_context":{"text":"POLICIALES","link":"https:\/\/larevistadigital.com.ar\/blog\/category\/policiales\/"},"img":{"alt_text":"","src":"https:\/\/i0.wp.com\/larevistadigital.com.ar\/blog\/wp-content\/uploads\/d6c644c411a0407f97d8969aed8687aba153cefc.jpg?fit=1140%2C713&ssl=1&resize=350%2C200","width":350,"height":200,"srcset":"https:\/\/i0.wp.com\/larevistadigital.com.ar\/blog\/wp-content\/uploads\/d6c644c411a0407f97d8969aed8687aba153cefc.jpg?fit=1140%2C713&ssl=1&resize=350%2C200 1x, https:\/\/i0.wp.com\/larevistadigital.com.ar\/blog\/wp-content\/uploads\/d6c644c411a0407f97d8969aed8687aba153cefc.jpg?fit=1140%2C713&ssl=1&resize=525%2C300 1.5x, https:\/\/i0.wp.com\/larevistadigital.com.ar\/blog\/wp-content\/uploads\/d6c644c411a0407f97d8969aed8687aba153cefc.jpg?fit=1140%2C713&ssl=1&resize=700%2C400 2x, https:\/\/i0.wp.com\/larevistadigital.com.ar\/blog\/wp-content\/uploads\/d6c644c411a0407f97d8969aed8687aba153cefc.jpg?fit=1140%2C713&ssl=1&resize=1050%2C600 3x"},"classes":[]},{"id":31401,"url":"https:\/\/larevistadigital.com.ar\/blog\/brandsen-vuelco-en-la-ruta-215\/","url_meta":{"origin":36396,"position":3},"title":"BRANDSEN: VUELCO EN LA RUTA 215","author":"Alejandro Sosa Ruda","date":"6 mayo, 2023","format":false,"excerpt":"Se trat\u00f3 de una camioneta conducida por un muchacho. No hubo otros veh\u00edculos involucrados en el hecho. 6 de Mayo de 2023 BRANDSEN\u00a0 -\u00a0 Aproximadamente a las 23 horas del d\u00eda de ayer, viernes 5 de mayo, un joven oriundo de Quilmes protagoniz\u00f3 un impactante vuelco en la ruta 215\u2026","rel":"","context":"En \u00abPOLICIALES\u00bb","block_context":{"text":"POLICIALES","link":"https:\/\/larevistadigital.com.ar\/blog\/category\/policiales\/"},"img":{"alt_text":"","src":"https:\/\/i0.wp.com\/larevistadigital.com.ar\/blog\/wp-content\/uploads\/Photo_1683339943297.jpg?fit=1080%2C606&ssl=1&resize=350%2C200","width":350,"height":200,"srcset":"https:\/\/i0.wp.com\/larevistadigital.com.ar\/blog\/wp-content\/uploads\/Photo_1683339943297.jpg?fit=1080%2C606&ssl=1&resize=350%2C200 1x, https:\/\/i0.wp.com\/larevistadigital.com.ar\/blog\/wp-content\/uploads\/Photo_1683339943297.jpg?fit=1080%2C606&ssl=1&resize=525%2C300 1.5x, https:\/\/i0.wp.com\/larevistadigital.com.ar\/blog\/wp-content\/uploads\/Photo_1683339943297.jpg?fit=1080%2C606&ssl=1&resize=700%2C400 2x, https:\/\/i0.wp.com\/larevistadigital.com.ar\/blog\/wp-content\/uploads\/Photo_1683339943297.jpg?fit=1080%2C606&ssl=1&resize=1050%2C600 3x"},"classes":[]},{"id":32753,"url":"https:\/\/larevistadigital.com.ar\/blog\/volco-un-camion-en-la-ruta-7-y-vecinos-faenaron-vacas-en-las-banquinas\/","url_meta":{"origin":36396,"position":4},"title":"VOLC\u00d3 UN CAMI\u00d3N EN LA RUTA 7 Y VECINOS FAENARON VACAS EN LAS BANQUINAS","author":"Alejandro Sosa Ruda","date":"4 agosto, 2023","format":false,"excerpt":"Tras el vuelco, varias de las vacas sufrieron heridas o perdieron la vida. Algunos vecinos y automovilistas vieron la oportunidad de aprovechar la situaci\u00f3n y saquearon la carga del cami\u00f3n. 3 de agosto de 2023 JUNIN -\u00a0 Un cami\u00f3n jaula que transportaba m\u00e1s de una decena de vacas volc\u00f3 en\u2026","rel":"","context":"En \u00abPOLICIALES\u00bb","block_context":{"text":"POLICIALES","link":"https:\/\/larevistadigital.com.ar\/blog\/category\/policiales\/"},"img":{"alt_text":"","src":"https:\/\/i0.wp.com\/larevistadigital.com.ar\/blog\/wp-content\/uploads\/20230803173637_vacas-camion-ruta-7.jpg?fit=880%2C512&ssl=1&resize=350%2C200","width":350,"height":200,"srcset":"https:\/\/i0.wp.com\/larevistadigital.com.ar\/blog\/wp-content\/uploads\/20230803173637_vacas-camion-ruta-7.jpg?fit=880%2C512&ssl=1&resize=350%2C200 1x, https:\/\/i0.wp.com\/larevistadigital.com.ar\/blog\/wp-content\/uploads\/20230803173637_vacas-camion-ruta-7.jpg?fit=880%2C512&ssl=1&resize=525%2C300 1.5x, https:\/\/i0.wp.com\/larevistadigital.com.ar\/blog\/wp-content\/uploads\/20230803173637_vacas-camion-ruta-7.jpg?fit=880%2C512&ssl=1&resize=700%2C400 2x"},"classes":[]},{"id":32141,"url":"https:\/\/larevistadigital.com.ar\/blog\/ruta-2-volco-un-camion-que-trasladaba-pescado-a-mar-del-plata\/","url_meta":{"origin":36396,"position":5},"title":"RUTA 2: VOLC\u00d3 UN CAMI\u00d3N QUE TRASLADABA PESCADO A MAR DEL PLATA","author":"Alejandro Sosa Ruda","date":"27 junio, 2023","format":false,"excerpt":"El cargamento qued\u00f3 derramado en el asfalto y en la banquina, a la altura del kil\u00f3metro 331 de la autov\u00eda, cerca de General Pir\u00e1n. El chofer, de 65 a\u00f1os, fue hospitalizado aunque se encuentra en buen estado de salud. 27 de junio de 2023 GENERAL PIR\u00c1N -\u00a0 Un incidente vial\u2026","rel":"","context":"En \u00abPOLICIALES\u00bb","block_context":{"text":"POLICIALES","link":"https:\/\/larevistadigital.com.ar\/blog\/category\/policiales\/"},"img":{"alt_text":"","src":"https:\/\/i0.wp.com\/larevistadigital.com.ar\/blog\/wp-content\/uploads\/Captura-de-pantalla-2023-06-27-191455.jpg?fit=806%2C480&ssl=1&resize=350%2C200","width":350,"height":200,"srcset":"https:\/\/i0.wp.com\/larevistadigital.com.ar\/blog\/wp-content\/uploads\/Captura-de-pantalla-2023-06-27-191455.jpg?fit=806%2C480&ssl=1&resize=350%2C200 1x, https:\/\/i0.wp.com\/larevistadigital.com.ar\/blog\/wp-content\/uploads\/Captura-de-pantalla-2023-06-27-191455.jpg?fit=806%2C480&ssl=1&resize=525%2C300 1.5x, https:\/\/i0.wp.com\/larevistadigital.com.ar\/blog\/wp-content\/uploads\/Captura-de-pantalla-2023-06-27-191455.jpg?fit=806%2C480&ssl=1&resize=700%2C400 2x"},"classes":[]}],"_links":{"self":[{"href":"https:\/\/larevistadigital.com.ar\/blog\/wp-json\/wp\/v2\/posts\/36396","targetHints":{"allow":["GET"]}}],"collection":[{"href":"https:\/\/larevistadigital.com.ar\/blog\/wp-json\/wp\/v2\/posts"}],"about":[{"href":"https:\/\/larevistadigital.com.ar\/blog\/wp-json\/wp\/v2\/types\/post"}],"author":[{"embeddable":true,"href":"https:\/\/larevistadigital.com.ar\/blog\/wp-json\/wp\/v2\/users\/3"}],"replies":[{"embeddable":true,"href":"https:\/\/larevistadigital.com.ar\/blog\/wp-json\/wp\/v2\/comments?post=36396"}],"version-history":[{"count":1,"href":"https:\/\/larevistadigital.com.ar\/blog\/wp-json\/wp\/v2\/posts\/36396\/revisions"}],"predecessor-version":[{"id":36398,"href":"https:\/\/larevistadigital.com.ar\/blog\/wp-json\/wp\/v2\/posts\/36396\/revisions\/36398"}],"wp:featuredmedia":[{"embeddable":true,"href":"https:\/\/larevistadigital.com.ar\/blog\/wp-json\/wp\/v2\/media\/36397"}],"wp:attachment":[{"href":"https:\/\/larevistadigital.com.ar\/blog\/wp-json\/wp\/v2\/media?parent=36396"}],"wp:term":[{"taxonomy":"category","embeddable":true,"href":"https:\/\/larevistadigital.com.ar\/blog\/wp-json\/wp\/v2\/categories?post=36396"},{"taxonomy":"post_tag","embeddable":true,"href":"https:\/\/larevistadigital.com.ar\/blog\/wp-json\/wp\/v2\/tags?post=36396"}],"curies":[{"name":"wp","href":"https:\/\/api.w.org\/{rel}","templated":true}]}}