{"id":36399,"date":"2024-06-21T23:44:52","date_gmt":"2024-06-22T02:44:52","guid":{"rendered":"https:\/\/larevistadigital.com.ar\/blog\/?p=36399"},"modified":"2024-06-21T23:44:52","modified_gmt":"2024-06-22T02:44:52","slug":"levantaron-el-nuevo-programa-de-tinelli-por-bajo-raiting","status":"publish","type":"post","link":"https:\/\/larevistadigital.com.ar\/blog\/levantaron-el-nuevo-programa-de-tinelli-por-bajo-raiting\/","title":{"rendered":"LEVANTARON EL NUEVO PROGRAMA DE TINELLI POR BAJO RAITING"},"content":{"rendered":"<h2>La informaci\u00f3n la brind\u00f3 Marina Calabr\u00f3, que adem\u00e1s critic\u00f3 con dureza al conductor y empresario.<\/h2>\n<p>21 de Junio de 2024<\/p>\n<p>El conductor\u00a0<strong>Marcelo Tinelli no tuvo \u00e9xito en su nuevo programa<\/strong>\u00a0en\u00a0<em>Am\u00e9rica<\/em>, ya que, al comienzo de su segunda emisi\u00f3n, lo sacaron del aire.<\/p>\n<article class=\"article-body article-body--first-paragraph\"><strong>Tinelli<\/strong>, quien protagoniz\u00f3 programas como el\u00a0<em>Bailando por un Sue\u00f1o<\/em>\u00a0y\u00a0<em>Showmatch<\/em>, actualmente no est\u00e1 teniendo \u00e9xito en la televisi\u00f3n desde hace unos a\u00f1os. Tras su reciente debut con\u00a0<em>Primos de Am\u00e9rica<\/em>\u00a0junto al <strong>Tirri<\/strong>, los ejecutivos del programa\u00a0<strong>decidieron sacarlo por las bajas visualizaciones<\/strong> (un total de 1.6 puntos de rating).<\/p>\n<\/article>\n<article class=\"article-body article-body--first-paragraph\"><strong>El programa recibi\u00f3 un piso de 4.3 que dej\u00f3 LAM, autom\u00e1ticamente baj\u00f3 a 2.8 y termin\u00f3 en 1.1.<\/strong><\/p>\n<blockquote>\n<h3>La encargada de divulgar la informaci\u00f3n fue la periodista\u00a0<strong>Marina Calabr\u00f3<\/strong>\u00a0en el programa\u00a0<em>Lanata sin filtro<\/em>, qui\u00e9n dijo:\u00a0<strong>\u00abLevantaron a Marce porque no funcion\u00f3, la gente hu\u00eda en estampida\u00bb<\/strong>.<\/h3>\n<\/blockquote>\n<p><strong>Calabr\u00f3<\/strong> no dud\u00f3 en sentenciar que el programa, que dur\u00f3 una hora, fue un desprop\u00f3sito y que <strong>Tinelli<\/strong> deber\u00eda cuidar su carrera. Adem\u00e1s, cuestion\u00f3 el nulo nivel de producci\u00f3n, y que ni siquiera est\u00e9 bien explotada la austeridad como parte de una est\u00e9tica. <strong><em>\u00abEsto es contenido de redes y malo\u00bb<\/em><\/strong>, sum\u00f3 la periodista.<\/p>\n<p>publicado en ratingcero.com<\/p>\n<\/article>\n","protected":false},"excerpt":{"rendered":"<div class=\"mh-excerpt\"><p>La informaci\u00f3n la brind\u00f3 Marina Calabr\u00f3, que adem\u00e1s critic\u00f3 con dureza al conductor y empresario. 21 de Junio de 2024 El conductor\u00a0Marcelo Tinelli no tuvo \u00e9xito en su nuevo programa\u00a0en\u00a0Am\u00e9rica, ya que, al comienzo de <a class=\"mh-excerpt-more\" href=\"https:\/\/larevistadigital.com.ar\/blog\/levantaron-el-nuevo-programa-de-tinelli-por-bajo-raiting\/\" title=\"LEVANTARON EL NUEVO PROGRAMA DE TINELLI POR BAJO RAITING\">[Leer M\u00e1s]<\/a><\/p>\n<\/div>","protected":false},"author":3,"featured_media":36400,"comment_status":"open","ping_status":"open","sticky":false,"template":"","format":"standard","meta":{"_jetpack_memberships_contains_paid_content":false,"footnotes":"","jetpack_publicize_message":"","jetpack_publicize_feature_enabled":true,"jetpack_social_post_already_shared":true,"jetpack_social_options":{"image_generator_settings":{"template":"highway","default_image_id":0,"font":"","enabled":false},"version":2}},"categories":[50],"tags":[],"class_list":{"0":"post-36399","1":"post","2":"type-post","3":"status-publish","4":"format-standard","5":"has-post-thumbnail","7":"category-interes-general"},"jetpack_publicize_connections":[],"jetpack_featured_media_url":"https:\/\/i0.wp.com\/larevistadigital.com.ar\/blog\/wp-content\/uploads\/TINELLI-Y-EL-TIRRI.png?fit=663%2C361&ssl=1","jetpack_sharing_enabled":true,"jetpack_shortlink":"https:\/\/wp.me\/p8qtrQ-9t5","jetpack-related-posts":[{"id":6262,"url":"https:\/\/larevistadigital.com.ar\/blog\/el-gobierno-quiere-evitar-que-tinelli-sea-candidato-por-el-peronismo\/","url_meta":{"origin":36399,"position":0},"title":"\u00bfEL GOBIERNO QUIERE EVITAR QUE TINELLI SEA CANDIDATO POR EL PERONISMO?","author":"Alejandro Sosa Ruda","date":"17 agosto, 2018","format":false,"excerpt":"POR LAS DUDAS, LARRETA Y VIDAL SALIERON A CONTENER A TINELLI Mar\u00eda Eugenia Vidal y Horacio Rodr\u00edguez Larreta iniciaron un operativo de contenci\u00f3n para Marcelo Tinelli, con el objetivo de acercarlo al gobierno y no correr el riesgo de que -en caso de que decida su salto a la pol\u00edtica\u2026","rel":"","context":"En \u00abPOLITICA\u00bb","block_context":{"text":"POLITICA","link":"https:\/\/larevistadigital.com.ar\/blog\/category\/politica\/"},"img":{"alt_text":"","src":"https:\/\/i0.wp.com\/larevistadigital.com.ar\/blog\/wp-content\/uploads\/2018\/08\/5886be00a6b9e_940_529.jpg?fit=940%2C529&ssl=1&resize=350%2C200","width":350,"height":200,"srcset":"https:\/\/i0.wp.com\/larevistadigital.com.ar\/blog\/wp-content\/uploads\/2018\/08\/5886be00a6b9e_940_529.jpg?fit=940%2C529&ssl=1&resize=350%2C200 1x, https:\/\/i0.wp.com\/larevistadigital.com.ar\/blog\/wp-content\/uploads\/2018\/08\/5886be00a6b9e_940_529.jpg?fit=940%2C529&ssl=1&resize=525%2C300 1.5x, https:\/\/i0.wp.com\/larevistadigital.com.ar\/blog\/wp-content\/uploads\/2018\/08\/5886be00a6b9e_940_529.jpg?fit=940%2C529&ssl=1&resize=700%2C400 2x"},"classes":[]},{"id":799,"url":"https:\/\/larevistadigital.com.ar\/blog\/donofrio-tinelli-gamez-pidieron-postergar-las-elecciones-afa\/","url_meta":{"origin":36399,"position":1},"title":"D\u00b4Onofrio, Tinelli y G\u00e1mez pidieron postergar las elecciones en AFA","author":"editor","date":"8 marzo, 2017","format":false,"excerpt":"El presidente de River, junto con el vice de San Lorenzo y el titular de V\u00e9lez buscan modificar el Art\u00edculo 87 del Estatuto, que debe ser aprobado por FIFA y Conmebol. Formar\u00edan una lista para competir con Claudio Tapia. Las desprolijidades en el f\u00fatbol argentino contin\u00faan al asedio de la\u2026","rel":"","context":"En \u00abDEPORTES\u00bb","block_context":{"text":"DEPORTES","link":"https:\/\/larevistadigital.com.ar\/blog\/category\/deportes\/"},"img":{"alt_text":"","src":"https:\/\/i0.wp.com\/larevistadigital.com.ar\/blog\/wp-content\/uploads\/2017\/03\/AFA-sobres-TV-Television-1920-10.jpg?fit=600%2C337&ssl=1&resize=350%2C200","width":350,"height":200,"srcset":"https:\/\/i0.wp.com\/larevistadigital.com.ar\/blog\/wp-content\/uploads\/2017\/03\/AFA-sobres-TV-Television-1920-10.jpg?fit=600%2C337&ssl=1&resize=350%2C200 1x, https:\/\/i0.wp.com\/larevistadigital.com.ar\/blog\/wp-content\/uploads\/2017\/03\/AFA-sobres-TV-Television-1920-10.jpg?fit=600%2C337&ssl=1&resize=525%2C300 1.5x"},"classes":[]},{"id":27118,"url":"https:\/\/larevistadigital.com.ar\/blog\/suar-conto-que-pasara-con-tinelli-y-con-la-segunda-temporada-del-hotel-de-los-famosos\/","url_meta":{"origin":36399,"position":2},"title":"SUAR CONT\u00d3 QU\u00c9 PASAR\u00c1 CON TINELLI Y CON LA SEGUNDA TEMPORADA DEL \u00abHOTEL DE LOS FAMOSOS\u00bb","author":"Alejandro Sosa Ruda","date":"17 agosto, 2022","format":false,"excerpt":"El gerente de programaci\u00f3n de\u00a0el trece\u00a0revel\u00f3 c\u00f3mo ser\u00e1n las movidas del canal en los meses venideros. Despu\u00e9s de un primer semestre a puro ritmo,\u00a0eltrece coron\u00f3 sus noches con el estreno de El hotel de los famosos y Canta conmigo ahora, y\u00a0Adri\u00e1n Suar cont\u00f3 c\u00f3mo ser\u00e1 el futuro de esos ciclos\u00a0y\u2026","rel":"","context":"En \u00abINTERES GENERAL\u00bb","block_context":{"text":"INTERES GENERAL","link":"https:\/\/larevistadigital.com.ar\/blog\/category\/interes-general\/"},"img":{"alt_text":"","src":"https:\/\/i0.wp.com\/larevistadigital.com.ar\/blog\/wp-content\/uploads\/adrian-suar.jpg?fit=1200%2C675&ssl=1&resize=350%2C200","width":350,"height":200,"srcset":"https:\/\/i0.wp.com\/larevistadigital.com.ar\/blog\/wp-content\/uploads\/adrian-suar.jpg?fit=1200%2C675&ssl=1&resize=350%2C200 1x, https:\/\/i0.wp.com\/larevistadigital.com.ar\/blog\/wp-content\/uploads\/adrian-suar.jpg?fit=1200%2C675&ssl=1&resize=525%2C300 1.5x, https:\/\/i0.wp.com\/larevistadigital.com.ar\/blog\/wp-content\/uploads\/adrian-suar.jpg?fit=1200%2C675&ssl=1&resize=700%2C400 2x, https:\/\/i0.wp.com\/larevistadigital.com.ar\/blog\/wp-content\/uploads\/adrian-suar.jpg?fit=1200%2C675&ssl=1&resize=1050%2C600 3x"},"classes":[]},{"id":7464,"url":"https:\/\/larevistadigital.com.ar\/blog\/la-foto-del-desnudo-de-candelaria-tinelli-en-instagram-por-la-libertad-de-expresion\/","url_meta":{"origin":36399,"position":3},"title":"LA FOTO DEL DESNUDO DE CANDELARIA TINELLI EN INSTAGRAM \u00abPOR LA LIBERTAD DE EXPRESI\u00d3N","author":"Alejandro Sosa Ruda","date":"30 diciembre, 2018","format":false,"excerpt":"La artista luci\u00f3 las curvas de su cuerpo completo a modo de lienzo en el cual mostrar el arte de los tatuajes. En medio del movimiento de liberaci\u00f3n y empoderamiento de las mujeres, impulsado en gran parte por las artistas argentinas, varias famosas se animaron a hablar y contar sus\u2026","rel":"","context":"En \u00abLO V\u00cd EN INTERNET\u00bb","block_context":{"text":"LO V\u00cd EN INTERNET","link":"https:\/\/larevistadigital.com.ar\/blog\/category\/lo-vi-en-internet\/"},"img":{"alt_text":"","src":"https:\/\/i0.wp.com\/larevistadigital.com.ar\/blog\/wp-content\/uploads\/2018\/12\/0004961954.jpg?fit=1140%2C757&ssl=1&resize=350%2C200","width":350,"height":200,"srcset":"https:\/\/i0.wp.com\/larevistadigital.com.ar\/blog\/wp-content\/uploads\/2018\/12\/0004961954.jpg?fit=1140%2C757&ssl=1&resize=350%2C200 1x, https:\/\/i0.wp.com\/larevistadigital.com.ar\/blog\/wp-content\/uploads\/2018\/12\/0004961954.jpg?fit=1140%2C757&ssl=1&resize=525%2C300 1.5x, https:\/\/i0.wp.com\/larevistadigital.com.ar\/blog\/wp-content\/uploads\/2018\/12\/0004961954.jpg?fit=1140%2C757&ssl=1&resize=700%2C400 2x, https:\/\/i0.wp.com\/larevistadigital.com.ar\/blog\/wp-content\/uploads\/2018\/12\/0004961954.jpg?fit=1140%2C757&ssl=1&resize=1050%2C600 3x"},"classes":[]},{"id":33773,"url":"https:\/\/larevistadigital.com.ar\/blog\/confirmado-guillermina-valdes-con-un-famoso-actor\/","url_meta":{"origin":36399,"position":4},"title":"CONFIRMADO: GUILLERMINA VALD\u00c9S CON UN FAMOSO ACTOR","author":"Alejandro Sosa Ruda","date":"4 octubre, 2023","format":false,"excerpt":"La modelo volvi\u00f3 a encontrar el amor tras su medi\u00e1tica separaci\u00f3n de Marcelo Tinelli y se revelaron todos los detalles. 04 de Octubre de 2023 El actor\u00a0Joaqu\u00edn Furriel confirm\u00f3 que est\u00e1 en pareja con la modelo Guillermina Vald\u00e9s, terminando de esta manera con los rumores de su vida amorosa. En\u2026","rel":"","context":"En \u00abINTERES GENERAL\u00bb","block_context":{"text":"INTERES GENERAL","link":"https:\/\/larevistadigital.com.ar\/blog\/category\/interes-general\/"},"img":{"alt_text":"","src":"https:\/\/i0.wp.com\/larevistadigital.com.ar\/blog\/wp-content\/uploads\/2926086-1.jpg?fit=1200%2C800&ssl=1&resize=350%2C200","width":350,"height":200,"srcset":"https:\/\/i0.wp.com\/larevistadigital.com.ar\/blog\/wp-content\/uploads\/2926086-1.jpg?fit=1200%2C800&ssl=1&resize=350%2C200 1x, https:\/\/i0.wp.com\/larevistadigital.com.ar\/blog\/wp-content\/uploads\/2926086-1.jpg?fit=1200%2C800&ssl=1&resize=525%2C300 1.5x, https:\/\/i0.wp.com\/larevistadigital.com.ar\/blog\/wp-content\/uploads\/2926086-1.jpg?fit=1200%2C800&ssl=1&resize=700%2C400 2x, https:\/\/i0.wp.com\/larevistadigital.com.ar\/blog\/wp-content\/uploads\/2926086-1.jpg?fit=1200%2C800&ssl=1&resize=1050%2C600 3x"},"classes":[]},{"id":37019,"url":"https:\/\/larevistadigital.com.ar\/blog\/la-cooperativa-nuevos-horizontes-presente-en-la-visita-del-director-del-programa-de-limpieza-y-mantenimiento-de-arroyos\/","url_meta":{"origin":36399,"position":5},"title":"LA COOPERATIVA \u00abNUEVOS HORIZONTES\u00bb PRESENTE EN LA VISITA DEL DIRECTOR DEL PROGRAMA DE LIMPIEZA Y MANTENIMIENTO DE ARROYOS","author":"Alejandro Sosa Ruda","date":"20 agosto, 2024","format":false,"excerpt":"La Cooperativa de Chascom\u00fas, particip\u00f3 de la importante visita del nuevo Director. 20 de Agosto de 2024 CHASCOM\u00daS -\u00a0 Miebrtos de la Cooperativa de Trabajo Nuevos Horizontes, se hicieron presentes en la visita del nuevo Director del Programa de Limpieza y Mantenimiento de Arroyos de @minfrapba. El encuentro, tuvo un\u2026","rel":"","context":"En \u00abSOCIEDAD\u00bb","block_context":{"text":"SOCIEDAD","link":"https:\/\/larevistadigital.com.ar\/blog\/category\/sociedad\/"},"img":{"alt_text":"","src":"https:\/\/i0.wp.com\/larevistadigital.com.ar\/blog\/wp-content\/uploads\/456480549_809832721356765_8752768983269329899_n.jpg?fit=960%2C540&ssl=1&resize=350%2C200","width":350,"height":200,"srcset":"https:\/\/i0.wp.com\/larevistadigital.com.ar\/blog\/wp-content\/uploads\/456480549_809832721356765_8752768983269329899_n.jpg?fit=960%2C540&ssl=1&resize=350%2C200 1x, https:\/\/i0.wp.com\/larevistadigital.com.ar\/blog\/wp-content\/uploads\/456480549_809832721356765_8752768983269329899_n.jpg?fit=960%2C540&ssl=1&resize=525%2C300 1.5x, https:\/\/i0.wp.com\/larevistadigital.com.ar\/blog\/wp-content\/uploads\/456480549_809832721356765_8752768983269329899_n.jpg?fit=960%2C540&ssl=1&resize=700%2C400 2x"},"classes":[]}],"_links":{"self":[{"href":"https:\/\/larevistadigital.com.ar\/blog\/wp-json\/wp\/v2\/posts\/36399","targetHints":{"allow":["GET"]}}],"collection":[{"href":"https:\/\/larevistadigital.com.ar\/blog\/wp-json\/wp\/v2\/posts"}],"about":[{"href":"https:\/\/larevistadigital.com.ar\/blog\/wp-json\/wp\/v2\/types\/post"}],"author":[{"embeddable":true,"href":"https:\/\/larevistadigital.com.ar\/blog\/wp-json\/wp\/v2\/users\/3"}],"replies":[{"embeddable":true,"href":"https:\/\/larevistadigital.com.ar\/blog\/wp-json\/wp\/v2\/comments?post=36399"}],"version-history":[{"count":1,"href":"https:\/\/larevistadigital.com.ar\/blog\/wp-json\/wp\/v2\/posts\/36399\/revisions"}],"predecessor-version":[{"id":36401,"href":"https:\/\/larevistadigital.com.ar\/blog\/wp-json\/wp\/v2\/posts\/36399\/revisions\/36401"}],"wp:featuredmedia":[{"embeddable":true,"href":"https:\/\/larevistadigital.com.ar\/blog\/wp-json\/wp\/v2\/media\/36400"}],"wp:attachment":[{"href":"https:\/\/larevistadigital.com.ar\/blog\/wp-json\/wp\/v2\/media?parent=36399"}],"wp:term":[{"taxonomy":"category","embeddable":true,"href":"https:\/\/larevistadigital.com.ar\/blog\/wp-json\/wp\/v2\/categories?post=36399"},{"taxonomy":"post_tag","embeddable":true,"href":"https:\/\/larevistadigital.com.ar\/blog\/wp-json\/wp\/v2\/tags?post=36399"}],"curies":[{"name":"wp","href":"https:\/\/api.w.org\/{rel}","templated":true}]}}