{"id":36402,"date":"2024-06-22T00:16:28","date_gmt":"2024-06-22T03:16:28","guid":{"rendered":"https:\/\/larevistadigital.com.ar\/blog\/?p=36402"},"modified":"2024-06-22T00:16:28","modified_gmt":"2024-06-22T03:16:28","slug":"se-detectaron-rastros-de-sangre-de-loan-en-dos-autos-y-hay-dos-nuevos-detenidos","status":"publish","type":"post","link":"https:\/\/larevistadigital.com.ar\/blog\/se-detectaron-rastros-de-sangre-de-loan-en-dos-autos-y-hay-dos-nuevos-detenidos\/","title":{"rendered":"SE DETECTARON RASTROS DE SANGRE DE LOAN EN DOS AUTOS Y HAY DOS NUEVOS DETENIDOS"},"content":{"rendered":"<h2 class=\"article__dropline\">Las pruebas se realizaron en los veh\u00edculos de las personas que fueron al almuerzo en el que el chico de cinco a\u00f1os fue visto por \u00faltima vez. Por este motivo, Victoria Caillava, amiga de la abuela del nene, su pareja Carlos P\u00e9rez y el comisario a cargo de la b\u00fasqueda, Walter Maciel, fueron detenidos y se espera que declaren este s\u00e1bado por la ma\u00f1ana.<\/h2>\n<p>22 de Junio de 2024<\/p>\n<p>En un nuevo giro en la investigaci\u00f3n,<b>\u00a0la Justicia detect\u00f3 rastros de Loan en dos de los tres autos peritados<\/b>. Las pruebas se realizaron a los veh\u00edculos de los asistentes al almuerzo en que el chico fue visto por \u00faltima vez.<\/p>\n<p>Seg\u00fan trascendi\u00f3, uno de los perros detect\u00f3 un rastro del ni\u00f1o en el auto de\u00a0<b>Victoria Caillava\u00a0<\/b>, la amiga de la abuela del peque\u00f1o, y en el veh\u00edculo de<b>\u00a0Carlos P\u00e9rez<\/b>, un exmiembro de la Armada que se retir\u00f3 en 2017. Por este motivo,\u00a0<b>se orden\u00f3 la detenci\u00f3n de ambos junto a la de un tercero,\u00a0<\/b>el comisario a cargo de la b\u00fasqueda,\u00a0<b>Walter Maciel<\/b>.<\/p>\n<p class=\"paragraph\">Las pericias se llevaron a cabo en un Ford Ka de color rojo y una camioneta Ranger blanca, cuyos due\u00f1os son Caillava y P\u00e9rez. El d\u00eda en el que Loan fue visto por \u00faltima vez, la pareja fue al campo en la camioneta, lo cual abre<b> nuevas inc\u00f3gnitas de por qu\u00e9 se encontraron rastros del chico en el Ford Ka.<\/b><\/p>\n<p class=\"paragraph\">En el caso de Maciel, se encuentra bajo la lupa ya que<b>\u00a0fue la persona que autoriz\u00f3 a los otros dos sospechosos a viajar a la ciudad de Corrientes el d\u00eda siguiente a la desaparici\u00f3n<\/b>. Los tres ya se encuentran detenidos y se espera que este s\u00e1bado por la ma\u00f1ana brinden declaraci\u00f3n ante los fiscales.<\/p>\n<p class=\"paragraph\">En este sentido, la hip\u00f3tesis del secuestro se refuerza. Se cree que tanto P\u00e9rez como Caillava tuvieron alg\u00fan tipo de complicidad con el t\u00edo de Loan, Antonio Ben\u00edtez.<\/p>\n<p>Publicado en TN<\/p>\n","protected":false},"excerpt":{"rendered":"<div class=\"mh-excerpt\"><p>Las pruebas se realizaron en los veh\u00edculos de las personas que fueron al almuerzo en el que el chico de cinco a\u00f1os fue visto por \u00faltima vez. Por este motivo, Victoria Caillava, amiga de la <a class=\"mh-excerpt-more\" href=\"https:\/\/larevistadigital.com.ar\/blog\/se-detectaron-rastros-de-sangre-de-loan-en-dos-autos-y-hay-dos-nuevos-detenidos\/\" title=\"SE DETECTARON RASTROS DE SANGRE DE LOAN EN DOS AUTOS Y HAY DOS NUEVOS DETENIDOS\">[Leer M\u00e1s]<\/a><\/p>\n<\/div>","protected":false},"author":3,"featured_media":36403,"comment_status":"open","ping_status":"open","sticky":false,"template":"","format":"standard","meta":{"_jetpack_memberships_contains_paid_content":false,"footnotes":"","jetpack_publicize_message":"","jetpack_publicize_feature_enabled":true,"jetpack_social_post_already_shared":true,"jetpack_social_options":{"image_generator_settings":{"template":"highway","default_image_id":0,"font":"","enabled":false},"version":2}},"categories":[41,44],"tags":[],"class_list":{"0":"post-36402","1":"post","2":"type-post","3":"status-publish","4":"format-standard","5":"has-post-thumbnail","7":"category-destacadas","8":"category-policiales"},"jetpack_publicize_connections":[],"jetpack_featured_media_url":"https:\/\/i0.wp.com\/larevistadigital.com.ar\/blog\/wp-content\/uploads\/Captura-de-pantalla-2024-06-22-001213.png?fit=1333%2C640&ssl=1","jetpack_sharing_enabled":true,"jetpack_shortlink":"https:\/\/wp.me\/p8qtrQ-9t8","jetpack-related-posts":[{"id":9543,"url":"https:\/\/larevistadigital.com.ar\/blog\/detienen-una-banda-de-usurpadores-de-casas\/","url_meta":{"origin":36402,"position":0},"title":"DETIENEN UNA BANDA DE USURPADORES DE CASAS","author":"Alejandro Sosa Ruda","date":"4 abril, 2019","format":false,"excerpt":"En las \u00faltimas horas, nueve hombres y tres mujeres\u00a0fueron\u00a0detenidos por usurpaci\u00f3n\u00a0en la localidad de\u00a0Adrogu\u00e9, en el Partido de Almirante Brown.\u00a0Vecinos los denunciaron\u00a0cuando ingresaban por la fuerza a una vivienda de calle Avellaneda, y\u00a0fueron detenidos. El grupo de\u00a0usurpadores\u00a0fue observado ingresando por la fuerza a una vivienda de la calle Avellaneda, fue\u2026","rel":"","context":"En \u00abPOLICIALES\u00bb","block_context":{"text":"POLICIALES","link":"https:\/\/larevistadigital.com.ar\/blog\/category\/policiales\/"},"img":{"alt_text":"","src":"https:\/\/i0.wp.com\/larevistadigital.com.ar\/blog\/wp-content\/uploads\/2019\/04\/WhatsApp-Image-2019-04-04-at-10.55.22.jpeg?fit=900%2C565&ssl=1&resize=350%2C200","width":350,"height":200,"srcset":"https:\/\/i0.wp.com\/larevistadigital.com.ar\/blog\/wp-content\/uploads\/2019\/04\/WhatsApp-Image-2019-04-04-at-10.55.22.jpeg?fit=900%2C565&ssl=1&resize=350%2C200 1x, https:\/\/i0.wp.com\/larevistadigital.com.ar\/blog\/wp-content\/uploads\/2019\/04\/WhatsApp-Image-2019-04-04-at-10.55.22.jpeg?fit=900%2C565&ssl=1&resize=525%2C300 1.5x, https:\/\/i0.wp.com\/larevistadigital.com.ar\/blog\/wp-content\/uploads\/2019\/04\/WhatsApp-Image-2019-04-04-at-10.55.22.jpeg?fit=900%2C565&ssl=1&resize=700%2C400 2x"},"classes":[]},{"id":3687,"url":"https:\/\/larevistadigital.com.ar\/blog\/castelli-detuvieron-dos-personas-trata-menores\/","url_meta":{"origin":36402,"position":1},"title":"CASTELLI: DETUVIERON A DOS PERSONAS POR TRATA DE MENORES","author":"Alejandro Sosa Ruda","date":"3 noviembre, 2017","format":false,"excerpt":"La justicia determin\u00f3 que dos personas, una mujer y un hombre, ambos mayores de edad fueran detenidos por \u201ctrata de menores\u201d confi\u00f3 una fuente judicial de Dolores a Castellidiario. \u201cSon dos vecinos de Castelli los detenidos quienes, por los elementos recabados, est\u00e1n imputados del delito de trata de una menor\u2026","rel":"","context":"En \u00abCASTELLI\u00bb","block_context":{"text":"CASTELLI","link":"https:\/\/larevistadigital.com.ar\/blog\/category\/castelli\/"},"img":{"alt_text":"","src":"","width":0,"height":0},"classes":[]},{"id":14386,"url":"https:\/\/larevistadigital.com.ar\/blog\/mar-del-plata-asaltan-heladeria-a-mano-armada-fueron-detenidos\/","url_meta":{"origin":36402,"position":2},"title":"MAR DEL PLATA: ASALTAN HELADER\u00cdA A MANO ARMADA. FUERON DETENIDOS","author":"Alejandro Sosa Ruda","date":"26 enero, 2020","format":false,"excerpt":"Tres hombres, de entre 28 y 43 a\u00f1os, fueron detenidos esta madrugada acusados de haber robado a mano armada una helader\u00eda en\u00a0Col\u00f3n y Buenos Aires\u00a0y escapado en dos autos tras una persecuci\u00f3n que termin\u00f3 a metros del\u00a0Parque Camet. El hecho se registr\u00f3 cerca de las 4 de la madrugada, cuando\u2026","rel":"","context":"En \u00abPOLICIALES\u00bb","block_context":{"text":"POLICIALES","link":"https:\/\/larevistadigital.com.ar\/blog\/category\/policiales\/"},"img":{"alt_text":"","src":"https:\/\/i0.wp.com\/larevistadigital.com.ar\/blog\/wp-content\/uploads\/Screenshot_2-74.jpg?fit=1010%2C720&ssl=1&resize=350%2C200","width":350,"height":200,"srcset":"https:\/\/i0.wp.com\/larevistadigital.com.ar\/blog\/wp-content\/uploads\/Screenshot_2-74.jpg?fit=1010%2C720&ssl=1&resize=350%2C200 1x, https:\/\/i0.wp.com\/larevistadigital.com.ar\/blog\/wp-content\/uploads\/Screenshot_2-74.jpg?fit=1010%2C720&ssl=1&resize=525%2C300 1.5x, https:\/\/i0.wp.com\/larevistadigital.com.ar\/blog\/wp-content\/uploads\/Screenshot_2-74.jpg?fit=1010%2C720&ssl=1&resize=700%2C400 2x"},"classes":[]},{"id":2642,"url":"https:\/\/larevistadigital.com.ar\/blog\/dolores-hallan-el-cuerpo-del-joven-desaparecido-abusado-y-asesinado\/","url_meta":{"origin":36402,"position":3},"title":"DOLORES: HALLAN EL CUERPO DEL JOVEN DESAPARECIDO. ABUSADO Y ASESINADO","author":"Alejandro Sosa Ruda","date":"12 julio, 2017","format":false,"excerpt":"Claudio\u00a0Ayuso,\u00a0un joven de\u00a018 a\u00f1os\u00a0que hab\u00eda sido visto por \u00faltima vez el\u00a0viernes\u00a0por la noche por su familia, apareci\u00f3 muerto en un pozo cerca de un\u00a0frigor\u00edfico\u00a0en la localidad bonaerense de Dolores. Hay\u00a0dos sospechosos detenidos,\u00a0que eran\u00a0amigos\u00a0de la v\u00edctima. El viernes por la noche,\u00a0Claudio\u00a0fue a cenar con un grupo de amigos de su madre,\u2026","rel":"","context":"En \u00abDESTACADAS\u00bb","block_context":{"text":"DESTACADAS","link":"https:\/\/larevistadigital.com.ar\/blog\/category\/destacadas\/"},"img":{"alt_text":"","src":"https:\/\/i0.wp.com\/larevistadigital.com.ar\/blog\/wp-content\/uploads\/2017\/07\/clado.jpg?fit=897%2C728&ssl=1&resize=350%2C200","width":350,"height":200,"srcset":"https:\/\/i0.wp.com\/larevistadigital.com.ar\/blog\/wp-content\/uploads\/2017\/07\/clado.jpg?fit=897%2C728&ssl=1&resize=350%2C200 1x, https:\/\/i0.wp.com\/larevistadigital.com.ar\/blog\/wp-content\/uploads\/2017\/07\/clado.jpg?fit=897%2C728&ssl=1&resize=525%2C300 1.5x, https:\/\/i0.wp.com\/larevistadigital.com.ar\/blog\/wp-content\/uploads\/2017\/07\/clado.jpg?fit=897%2C728&ssl=1&resize=700%2C400 2x"},"classes":[]},{"id":25285,"url":"https:\/\/larevistadigital.com.ar\/blog\/chascomus-la-policia-vial-detecto-en-el-acceso-un-vehiculo-con-marihuana\/","url_meta":{"origin":36402,"position":4},"title":"CHASCOM\u00daS: LA POLIC\u00cdA VIAL DETECT\u00d3 EN EL ACCESO UN VEH\u00cdCULO CON MARIHUANA","author":"Alejandro Sosa Ruda","date":"26 abril, 2022","format":false,"excerpt":"CHASCOM\u00daS -\u00a0\u00a0En el marco de los operativos que se han implementado en los distintos accesos a la ciudad de Chascom\u00fas, se logr\u00f3 detectar y detener un autom\u00f3vil en el que se trasladaba droga, m\u00e1s precisamente marihuana. De esta manera, se comienzan a lograr resultados por parte de las distintas fuerzas\u2026","rel":"","context":"En \u00abDESTACADAS\u00bb","block_context":{"text":"DESTACADAS","link":"https:\/\/larevistadigital.com.ar\/blog\/category\/destacadas\/"},"img":{"alt_text":"","src":"https:\/\/i0.wp.com\/larevistadigital.com.ar\/blog\/wp-content\/uploads\/control-chascomus.jpg?fit=1200%2C802&ssl=1&resize=350%2C200","width":350,"height":200,"srcset":"https:\/\/i0.wp.com\/larevistadigital.com.ar\/blog\/wp-content\/uploads\/control-chascomus.jpg?fit=1200%2C802&ssl=1&resize=350%2C200 1x, https:\/\/i0.wp.com\/larevistadigital.com.ar\/blog\/wp-content\/uploads\/control-chascomus.jpg?fit=1200%2C802&ssl=1&resize=525%2C300 1.5x, https:\/\/i0.wp.com\/larevistadigital.com.ar\/blog\/wp-content\/uploads\/control-chascomus.jpg?fit=1200%2C802&ssl=1&resize=700%2C400 2x, https:\/\/i0.wp.com\/larevistadigital.com.ar\/blog\/wp-content\/uploads\/control-chascomus.jpg?fit=1200%2C802&ssl=1&resize=1050%2C600 3x"},"classes":[]},{"id":23340,"url":"https:\/\/larevistadigital.com.ar\/blog\/estaban-buscando-autos-robados-cuando-se-encontraron-con-casi-800-kg-de-marihuana\/","url_meta":{"origin":36402,"position":5},"title":"ESTABAN BUSCANDO AUTOS ROBADOS, CUANDO SE ENCONTRARON CON CASI 800 KG. DE MARIHUANA","author":"Alejandro Sosa Ruda","date":"13 enero, 2022","format":false,"excerpt":"Los descubrieron en un dep\u00f3sito ubicado en los fondos de un lavadero de coches de la Ciudad de C\u00f3rdoba. No hay detenidos y el caso pas\u00f3 al fuero federal La investigaci\u00f3n en\u00a0una causa por autos robados\u00a0de la Justicia ordinaria de C\u00f3rdoba llev\u00f3 a los agentes del departamento de Coordinaci\u00f3n de\u2026","rel":"","context":"En \u00abINTERES GENERAL\u00bb","block_context":{"text":"INTERES GENERAL","link":"https:\/\/larevistadigital.com.ar\/blog\/category\/interes-general\/"},"img":{"alt_text":"","src":"https:\/\/i0.wp.com\/larevistadigital.com.ar\/blog\/wp-content\/uploads\/Captura-de-pantalla-2022-01-12-215416.jpg?fit=995%2C558&ssl=1&resize=350%2C200","width":350,"height":200,"srcset":"https:\/\/i0.wp.com\/larevistadigital.com.ar\/blog\/wp-content\/uploads\/Captura-de-pantalla-2022-01-12-215416.jpg?fit=995%2C558&ssl=1&resize=350%2C200 1x, https:\/\/i0.wp.com\/larevistadigital.com.ar\/blog\/wp-content\/uploads\/Captura-de-pantalla-2022-01-12-215416.jpg?fit=995%2C558&ssl=1&resize=525%2C300 1.5x, https:\/\/i0.wp.com\/larevistadigital.com.ar\/blog\/wp-content\/uploads\/Captura-de-pantalla-2022-01-12-215416.jpg?fit=995%2C558&ssl=1&resize=700%2C400 2x"},"classes":[]}],"_links":{"self":[{"href":"https:\/\/larevistadigital.com.ar\/blog\/wp-json\/wp\/v2\/posts\/36402","targetHints":{"allow":["GET"]}}],"collection":[{"href":"https:\/\/larevistadigital.com.ar\/blog\/wp-json\/wp\/v2\/posts"}],"about":[{"href":"https:\/\/larevistadigital.com.ar\/blog\/wp-json\/wp\/v2\/types\/post"}],"author":[{"embeddable":true,"href":"https:\/\/larevistadigital.com.ar\/blog\/wp-json\/wp\/v2\/users\/3"}],"replies":[{"embeddable":true,"href":"https:\/\/larevistadigital.com.ar\/blog\/wp-json\/wp\/v2\/comments?post=36402"}],"version-history":[{"count":1,"href":"https:\/\/larevistadigital.com.ar\/blog\/wp-json\/wp\/v2\/posts\/36402\/revisions"}],"predecessor-version":[{"id":36404,"href":"https:\/\/larevistadigital.com.ar\/blog\/wp-json\/wp\/v2\/posts\/36402\/revisions\/36404"}],"wp:featuredmedia":[{"embeddable":true,"href":"https:\/\/larevistadigital.com.ar\/blog\/wp-json\/wp\/v2\/media\/36403"}],"wp:attachment":[{"href":"https:\/\/larevistadigital.com.ar\/blog\/wp-json\/wp\/v2\/media?parent=36402"}],"wp:term":[{"taxonomy":"category","embeddable":true,"href":"https:\/\/larevistadigital.com.ar\/blog\/wp-json\/wp\/v2\/categories?post=36402"},{"taxonomy":"post_tag","embeddable":true,"href":"https:\/\/larevistadigital.com.ar\/blog\/wp-json\/wp\/v2\/tags?post=36402"}],"curies":[{"name":"wp","href":"https:\/\/api.w.org\/{rel}","templated":true}]}}