{"id":36414,"date":"2024-06-24T18:47:44","date_gmt":"2024-06-24T21:47:44","guid":{"rendered":"https:\/\/larevistadigital.com.ar\/blog\/?p=36414"},"modified":"2024-06-24T18:47:44","modified_gmt":"2024-06-24T21:47:44","slug":"operativos-especiales-de-prevencion-con-drones-en-chascomus-durante-el-fin-de-semana-largo","status":"publish","type":"post","link":"https:\/\/larevistadigital.com.ar\/blog\/operativos-especiales-de-prevencion-con-drones-en-chascomus-durante-el-fin-de-semana-largo\/","title":{"rendered":"OPERATIVOS ESPECIALES DE PREVENCI\u00d3N CON DRONES EN CHASCOM\u00daS DURANTE EL FIN DE SEMANA LARGO"},"content":{"rendered":"<h2 class=\"notaIntro\">La Municipalidad de Chascom\u00fas, en conjunto con las fuerzas policiales descentralizadas de la provincia de Buenos Aires, realiz\u00f3 una serie de operativos preventivos de seguridad durante el pasado fin de semana largo, con el uso de drones para la vigilancia a\u00e9rea.<\/h2>\n<p>24 de Junio de 2024<\/p>\n<p class=\"notaTexto\"><strong>CHASCOM\u00daS\u00a0 &#8211;\u00a0<\/strong> La Subsecretar\u00eda de Articulaci\u00f3n Institucional para la Seguridad del Ministerio de Seguridad de la Provincia de Buenos Aires coordin\u00f3 un Operativo de Saturaci\u00f3n A\u00e9rea con el Comando de Patrulla Rural de Chascom\u00fas, que incluy\u00f3 la vigilancia de zonas rurales utilizando drones de la Superintendencia de Comunicaciones de la Polic\u00eda de la Provincia de Buenos Aires.<\/p>\n<p class=\"notaTexto\">Durante este operativo, se recorrieron \u00e1reas como la Guarida del Zorro, Las Gaviotas, La Corona, La Herradura, la Escuela 22, Cuatro Esquinas y El Coat\u00ed, con el objetivo de mejorar la vigilancia y el control de actividades il\u00edcitas en dichos parajes, reforzando as\u00ed la seguridad en la regi\u00f3n.<\/p>\n<p class=\"notaTexto\">Paralelamente, se realizaron controles en el acceso de avenida Juan Manuel de Rosas y ruta 20 y en diferentes puntos estrat\u00e9gicos de la ciudad. Estas acciones tienen como objetivo principal fortalecer la seguridad y mejorar las condiciones de circulaci\u00f3n tanto en \u00e1reas urbanas como rurales.<\/p>\n<p class=\"notaTexto\">La Patrulla de Prevenci\u00f3n Municipal junto al GAD llevaron a cabo tareas de control en los principales accesos y en distintos horarios.<\/p>\n<p class=\"notaTexto\">Adem\u00e1s, personal municipal de Seguridad Urbana, en colaboraci\u00f3n con el Comando de Patrulla Rural (CPR), llev\u00f3 a cabo acciones espec\u00edficas para preservar las condiciones de los caminos rurales. En este marco, se realizaron infracciones a veh\u00edculos de gran porte que, al circular tras d\u00edas de lluvia, causaron da\u00f1os a la calzada.<\/p>\n","protected":false},"excerpt":{"rendered":"<div class=\"mh-excerpt\"><p>La Municipalidad de Chascom\u00fas, en conjunto con las fuerzas policiales descentralizadas de la provincia de Buenos Aires, realiz\u00f3 una serie de operativos preventivos de seguridad durante el pasado fin de semana largo, con el uso <a class=\"mh-excerpt-more\" href=\"https:\/\/larevistadigital.com.ar\/blog\/operativos-especiales-de-prevencion-con-drones-en-chascomus-durante-el-fin-de-semana-largo\/\" title=\"OPERATIVOS ESPECIALES DE PREVENCI\u00d3N CON DRONES EN CHASCOM\u00daS DURANTE EL FIN DE SEMANA LARGO\">[Leer M\u00e1s]<\/a><\/p>\n<\/div>","protected":false},"author":3,"featured_media":36415,"comment_status":"open","ping_status":"open","sticky":false,"template":"","format":"standard","meta":{"_jetpack_memberships_contains_paid_content":false,"footnotes":"","jetpack_publicize_message":"","jetpack_publicize_feature_enabled":true,"jetpack_social_post_already_shared":true,"jetpack_social_options":{"image_generator_settings":{"template":"highway","default_image_id":0,"font":"","enabled":false},"version":2}},"categories":[50,23],"tags":[],"class_list":{"0":"post-36414","1":"post","2":"type-post","3":"status-publish","4":"format-standard","5":"has-post-thumbnail","7":"category-interes-general","8":"category-politica-local"},"jetpack_publicize_connections":[],"jetpack_featured_media_url":"https:\/\/i0.wp.com\/larevistadigital.com.ar\/blog\/wp-content\/uploads\/2024_06_25_00_58_17_824511.jpg?fit=600%2C377&ssl=1","jetpack_sharing_enabled":true,"jetpack_shortlink":"https:\/\/wp.me\/p8qtrQ-9tk","jetpack-related-posts":[{"id":31786,"url":"https:\/\/larevistadigital.com.ar\/blog\/chascomus-gran-actividad-de-prevencion-y-educacion-de-las-fuerzas-de-seguridad-durante-el-fin-de-semana-largo\/","url_meta":{"origin":36414,"position":0},"title":"CHASCOM\u00daS: GRAN ACTIVIDAD DE PREVENCI\u00d3N Y EDUCACI\u00d3N  DE LAS FUERZAS DE SEGURIDAD DURANTE EL FIN DE SEMANA LARGO","author":"Alejandro Sosa Ruda","date":"29 mayo, 2023","format":false,"excerpt":"Durante todo el finde semana largo, la Secretar\u00eda de Seguridad dispuso gran cantidad de operativos y acciones de prevenci\u00f3n de distintos tipo a efectos de brindad una mejor seguridad y prevenir algunas contravenciones y delitos. 28 de mayo de 2023 CHASCOM\u00daS -\u00a0 \u00a0La ciudad de Chascom\u00fas fue escenario de un\u2026","rel":"","context":"En \u00abINTERES GENERAL\u00bb","block_context":{"text":"INTERES GENERAL","link":"https:\/\/larevistadigital.com.ar\/blog\/category\/interes-general\/"},"img":{"alt_text":"","src":"https:\/\/i0.wp.com\/larevistadigital.com.ar\/blog\/wp-content\/uploads\/WhatsApp-Image-2023-05-28-at-20.40.47.jpeg?fit=867%2C1156&ssl=1&resize=350%2C200","width":350,"height":200,"srcset":"https:\/\/i0.wp.com\/larevistadigital.com.ar\/blog\/wp-content\/uploads\/WhatsApp-Image-2023-05-28-at-20.40.47.jpeg?fit=867%2C1156&ssl=1&resize=350%2C200 1x, https:\/\/i0.wp.com\/larevistadigital.com.ar\/blog\/wp-content\/uploads\/WhatsApp-Image-2023-05-28-at-20.40.47.jpeg?fit=867%2C1156&ssl=1&resize=525%2C300 1.5x, https:\/\/i0.wp.com\/larevistadigital.com.ar\/blog\/wp-content\/uploads\/WhatsApp-Image-2023-05-28-at-20.40.47.jpeg?fit=867%2C1156&ssl=1&resize=700%2C400 2x"},"classes":[]},{"id":26013,"url":"https:\/\/larevistadigital.com.ar\/blog\/se-infracciono-durante-el-fin-de-semana-largo-a-40-banquineros-con-multas-de-hasta-123-400\/","url_meta":{"origin":36414,"position":1},"title":"SE INFRACCION\u00d3 DURANTE EL FIN DE SEMANA LARGO A 40 BANQUINEROS CON MULTAS DE HASTA $123.400.-","author":"Alejandro Sosa Ruda","date":"21 junio, 2022","format":false,"excerpt":"El operativo vial se realiz\u00f3 en las rutas rumbo a la Costa Atl\u00e1ntica. Destacaron que hubo una importante merma en el n\u00famero de infractores. La\u00a0Agencia Nacional de Seguridad Vial\u00a0(ANSV) mont\u00f3 un importante operativo de control y detect\u00f3 entre el jueves y el lunes\u00a0un total de 40 conductores\u00a0que transitaban por las\u2026","rel":"","context":"En \u00abDESTACADAS\u00bb","block_context":{"text":"DESTACADAS","link":"https:\/\/larevistadigital.com.ar\/blog\/category\/destacadas\/"},"img":{"alt_text":"","src":"https:\/\/i0.wp.com\/larevistadigital.com.ar\/blog\/wp-content\/uploads\/628dfade0934897d2b6c9b3b2591638eb0fbf31f.jpg?fit=1140%2C599&ssl=1&resize=350%2C200","width":350,"height":200,"srcset":"https:\/\/i0.wp.com\/larevistadigital.com.ar\/blog\/wp-content\/uploads\/628dfade0934897d2b6c9b3b2591638eb0fbf31f.jpg?fit=1140%2C599&ssl=1&resize=350%2C200 1x, https:\/\/i0.wp.com\/larevistadigital.com.ar\/blog\/wp-content\/uploads\/628dfade0934897d2b6c9b3b2591638eb0fbf31f.jpg?fit=1140%2C599&ssl=1&resize=525%2C300 1.5x, https:\/\/i0.wp.com\/larevistadigital.com.ar\/blog\/wp-content\/uploads\/628dfade0934897d2b6c9b3b2591638eb0fbf31f.jpg?fit=1140%2C599&ssl=1&resize=700%2C400 2x, https:\/\/i0.wp.com\/larevistadigital.com.ar\/blog\/wp-content\/uploads\/628dfade0934897d2b6c9b3b2591638eb0fbf31f.jpg?fit=1140%2C599&ssl=1&resize=1050%2C600 3x"},"classes":[]},{"id":37472,"url":"https:\/\/larevistadigital.com.ar\/blog\/chascomus-operativos-preventivos-de-seguridad-para-el-fin-de-semana-largo\/","url_meta":{"origin":36414,"position":2},"title":"CHASCOM\u00daS: Operativos preventivos de seguridad para el fin de semana largo","author":"Alejandro Sosa Ruda","date":"9 octubre, 2024","format":false,"excerpt":"Autoridades municipales y policiales se reunieron para coordinar acciones durante el pr\u00f3ximo fin de semana largo para el que se espera una masiva llegada de turistas y visitantes a la ciudad. 9 de octubre de 2024 CHASCOM\u00daS -\u00a0 La secretaria de Seguridad Ciudadana, Mariela Moscarella, se reuni\u00f3 con autoridades policiales\u2026","rel":"","context":"En \u00abDESTACADAS\u00bb","block_context":{"text":"DESTACADAS","link":"https:\/\/larevistadigital.com.ar\/blog\/category\/destacadas\/"},"img":{"alt_text":"","src":"https:\/\/i0.wp.com\/larevistadigital.com.ar\/blog\/wp-content\/uploads\/6706b8c682e43.png?fit=668%2C445&ssl=1&resize=350%2C200","width":350,"height":200,"srcset":"https:\/\/i0.wp.com\/larevistadigital.com.ar\/blog\/wp-content\/uploads\/6706b8c682e43.png?fit=668%2C445&ssl=1&resize=350%2C200 1x, https:\/\/i0.wp.com\/larevistadigital.com.ar\/blog\/wp-content\/uploads\/6706b8c682e43.png?fit=668%2C445&ssl=1&resize=525%2C300 1.5x"},"classes":[]},{"id":43151,"url":"https:\/\/larevistadigital.com.ar\/blog\/chascomus-el-intendente-javier-gaston-visito-a-los-agentes-que-participan-del-operativo-de-sol-a-sol-en-chascomus\/","url_meta":{"origin":36414,"position":3},"title":"Chascom\u00fas: El intendente Javier Gast\u00f3n visit\u00f3 a los agentes que participan del Operativo de Sol a Sol en Chascom\u00fas","author":"Alejandro Sosa Ruda","date":"5 enero, 2026","format":false,"excerpt":"El jefe comunal, junto a la secretar\u00eda de Seguridad, Mariela Moscarella, dio la bienvenida a los 20 agentes y 4 coordinadores que refuerzan las tareas de prevenci\u00f3n y cuidado durante la temporada de verano en el marco del Operativo de Sol a El intendente Javier Gast\u00f3n visit\u00f3 a los 20\u2026","rel":"","context":"En \u00abCHASCOM\u00daS\u00bb","block_context":{"text":"CHASCOM\u00daS","link":"https:\/\/larevistadigital.com.ar\/blog\/category\/chascomus\/"},"img":{"alt_text":"","src":"https:\/\/i0.wp.com\/larevistadigital.com.ar\/blog\/wp-content\/uploads\/695bf5450baf3.png?fit=668%2C445&ssl=1&resize=350%2C200","width":350,"height":200,"srcset":"https:\/\/i0.wp.com\/larevistadigital.com.ar\/blog\/wp-content\/uploads\/695bf5450baf3.png?fit=668%2C445&ssl=1&resize=350%2C200 1x, https:\/\/i0.wp.com\/larevistadigital.com.ar\/blog\/wp-content\/uploads\/695bf5450baf3.png?fit=668%2C445&ssl=1&resize=525%2C300 1.5x"},"classes":[]},{"id":39446,"url":"https:\/\/larevistadigital.com.ar\/blog\/chascomus-durante-operativos-de-prevencion-la-policia-incauto-marihuana\/","url_meta":{"origin":36414,"position":4},"title":"Chascom\u00fas: durante operativos de prevenci\u00f3n, la polic\u00eda incaut\u00f3 marihuana","author":"Alejandro Sosa Ruda","date":"19 abril, 2025","format":false,"excerpt":"Durante un operativo de prevenci\u00f3n en el marco de Semana Santa, las fuerzas de seguridad lograron incautar sustancias ilegales. 19 de Abril de 2025 CHASCOM\u00daS -\u00a0 En el marco del dispositivo especial de seguridad por el fin de semana largo, personal de la Polic\u00eda Vial y efectivos de la Comisar\u00eda\u2026","rel":"","context":"En \u00abDESTACADAS\u00bb","block_context":{"text":"DESTACADAS","link":"https:\/\/larevistadigital.com.ar\/blog\/category\/destacadas\/"},"img":{"alt_text":"","src":"https:\/\/i0.wp.com\/larevistadigital.com.ar\/blog\/wp-content\/uploads\/Screenshot_1-121.jpg?fit=1007%2C565&ssl=1&resize=350%2C200","width":350,"height":200,"srcset":"https:\/\/i0.wp.com\/larevistadigital.com.ar\/blog\/wp-content\/uploads\/Screenshot_1-121.jpg?fit=1007%2C565&ssl=1&resize=350%2C200 1x, https:\/\/i0.wp.com\/larevistadigital.com.ar\/blog\/wp-content\/uploads\/Screenshot_1-121.jpg?fit=1007%2C565&ssl=1&resize=525%2C300 1.5x, https:\/\/i0.wp.com\/larevistadigital.com.ar\/blog\/wp-content\/uploads\/Screenshot_1-121.jpg?fit=1007%2C565&ssl=1&resize=700%2C400 2x"},"classes":[]},{"id":35735,"url":"https:\/\/larevistadigital.com.ar\/blog\/chascomus-gran-cantidad-de-operativos-por-el-fin-de-semana-largo\/","url_meta":{"origin":36414,"position":5},"title":"CHASCOM\u00daS: GRAN CANTIDAD DE OPERATIVOS POR EL FIN DE SEMANA LARGO","author":"Alejandro Sosa Ruda","date":"3 abril, 2024","format":false,"excerpt":"La Secretar\u00eda de Seguridad de Chascom\u00fas implement\u00f3 un extenso dispositivo de seguridad que abarc\u00f3 seis d\u00edas consecutivos durante el fin de semana largo. 3 de abril de 2024 CHASCOM\u00daS\u00a0 -\u00a0 Los operativos de prevenci\u00f3n de tr\u00e1nsito y control de alcoholemia se llevaron a cabo en varios puntos de la ciudad,\u2026","rel":"","context":"En \u00abINTERES GENERAL\u00bb","block_context":{"text":"INTERES GENERAL","link":"https:\/\/larevistadigital.com.ar\/blog\/category\/interes-general\/"},"img":{"alt_text":"","src":"https:\/\/i0.wp.com\/larevistadigital.com.ar\/blog\/wp-content\/uploads\/WhatsApp-Image-2022-12-28-at-23.18.12-737x415-1.jpeg?fit=737%2C415&ssl=1&resize=350%2C200","width":350,"height":200,"srcset":"https:\/\/i0.wp.com\/larevistadigital.com.ar\/blog\/wp-content\/uploads\/WhatsApp-Image-2022-12-28-at-23.18.12-737x415-1.jpeg?fit=737%2C415&ssl=1&resize=350%2C200 1x, https:\/\/i0.wp.com\/larevistadigital.com.ar\/blog\/wp-content\/uploads\/WhatsApp-Image-2022-12-28-at-23.18.12-737x415-1.jpeg?fit=737%2C415&ssl=1&resize=525%2C300 1.5x, https:\/\/i0.wp.com\/larevistadigital.com.ar\/blog\/wp-content\/uploads\/WhatsApp-Image-2022-12-28-at-23.18.12-737x415-1.jpeg?fit=737%2C415&ssl=1&resize=700%2C400 2x"},"classes":[]}],"_links":{"self":[{"href":"https:\/\/larevistadigital.com.ar\/blog\/wp-json\/wp\/v2\/posts\/36414","targetHints":{"allow":["GET"]}}],"collection":[{"href":"https:\/\/larevistadigital.com.ar\/blog\/wp-json\/wp\/v2\/posts"}],"about":[{"href":"https:\/\/larevistadigital.com.ar\/blog\/wp-json\/wp\/v2\/types\/post"}],"author":[{"embeddable":true,"href":"https:\/\/larevistadigital.com.ar\/blog\/wp-json\/wp\/v2\/users\/3"}],"replies":[{"embeddable":true,"href":"https:\/\/larevistadigital.com.ar\/blog\/wp-json\/wp\/v2\/comments?post=36414"}],"version-history":[{"count":1,"href":"https:\/\/larevistadigital.com.ar\/blog\/wp-json\/wp\/v2\/posts\/36414\/revisions"}],"predecessor-version":[{"id":36416,"href":"https:\/\/larevistadigital.com.ar\/blog\/wp-json\/wp\/v2\/posts\/36414\/revisions\/36416"}],"wp:featuredmedia":[{"embeddable":true,"href":"https:\/\/larevistadigital.com.ar\/blog\/wp-json\/wp\/v2\/media\/36415"}],"wp:attachment":[{"href":"https:\/\/larevistadigital.com.ar\/blog\/wp-json\/wp\/v2\/media?parent=36414"}],"wp:term":[{"taxonomy":"category","embeddable":true,"href":"https:\/\/larevistadigital.com.ar\/blog\/wp-json\/wp\/v2\/categories?post=36414"},{"taxonomy":"post_tag","embeddable":true,"href":"https:\/\/larevistadigital.com.ar\/blog\/wp-json\/wp\/v2\/tags?post=36414"}],"curies":[{"name":"wp","href":"https:\/\/api.w.org\/{rel}","templated":true}]}}