{"id":36418,"date":"2024-06-24T23:31:04","date_gmt":"2024-06-25T02:31:04","guid":{"rendered":"https:\/\/larevistadigital.com.ar\/blog\/?p=36418"},"modified":"2024-06-24T23:54:32","modified_gmt":"2024-06-25T02:54:32","slug":"pablo-napoli-aseguro-que-el-ultimo-fin-de-semana-largo-fue-mejor-que-el-anterior","status":"publish","type":"post","link":"https:\/\/larevistadigital.com.ar\/blog\/pablo-napoli-aseguro-que-el-ultimo-fin-de-semana-largo-fue-mejor-que-el-anterior\/","title":{"rendered":"PABLO N\u00c1POLI EN VIVO POR YOUTUBE ASEGUR\u00d3 QUE EL \u00daLTIMO FIN DE SEMANA LARGO FUE MEJOR QUE EL ANTERIOR"},"content":{"rendered":"<h2 class=\"notaIntro\">Se registr\u00f3 una ocupaci\u00f3n del 81%, inform\u00f3 el Secretario de Desarrollo Tur\u00edstico, Productivo y Cultural Municipal, al ser consultada esta ma\u00f1ana en la FM 102.7 Radio Power en di\u00e1logo con los conductores del env\u00edo, Alejandro \u00abEl Tano\u00bb Sosa y Carlos Lasserre.<\/h2>\n<p>24 de Junio de 2024<\/p>\n<p class=\"notaTexto\"><strong>CHASCOM\u00daS &#8211;\u00a0<\/strong> Este fin de semana largo dej\u00f3 un balance muy positivo para Chascom\u00fas, con una gran afluencia de turistas: <strong><em>\u201cLa ocupaci\u00f3n fue mejor que el fin de semana anterior, que estuvo alrededor del 81%, pese a que no hubo el mejor de los climas, pero la gente vino, inclusive mucho turista que eligi\u00f3 nuestra ciudad para pasar el d\u00eda y aprovechar que tenemos muchas ofertas gastron\u00f3micas entre otras tantas cosas\u201d<\/em><\/strong>, coment\u00f3 <strong>N\u00e1poli en el streeming de youtube del programa \u00abAtaque de Radio\u00bb que se emite por el canal de @radiopowerch.<\/strong><\/p>\n<blockquote>\n<h3 class=\"notaTexto\"><em><strong>El Secretario de Turismo, dijo \u201cLas actividades programadas, salvo unas pocas que se suspendieron por el clima, se desarrollaron en su mayor\u00eda y se pudo sacar el mayor provecho posible\u00bb<\/strong><\/em><strong>\u00a0<\/strong>agregando que <em><strong>\u00a0\u00abEs una l\u00e1stima, pero aparentemente no se va a declarar feriado puente el pr\u00f3ximo 8 de julio, ya que ser\u00eda una gran cosa para el trabajo del sector.\u201d<\/strong><\/em>.<\/h3>\n<\/blockquote>\n<p class=\"notaTexto\">Consultado acerca de los valores en general en comparaci\u00f3n con los precios de la Costa, el Secretario destac\u00f3 en primer lugar la gran variedad de oferta que existe en Chascom\u00fas, <em><strong>\u00abya que uno tiene la posibilidad de ir desde un camping, hasta al Howard Jhonson. Tambi\u00e9n est\u00e1 la cercan\u00eda, que hace que uno tenga menos costos de combustible, peajes y dem\u00e1s, que es otra ventaja que nos favorece\u00bb .<\/strong><\/em><\/p>\n<blockquote>\n<h3>Tambi\u00e9n mencion\u00f3 y destac\u00f3 la presencia estelar de Hern\u00e1n Piqu\u00edn en el Teatro Brazzola, como el documental de Adri\u00e1n Santucho, sobre el ELA que tuvo su lado sumamente emotivo, ya que hay dos queridos chascomunenses que lo padecen.<\/h3>\n<\/blockquote>\n<p class=\"notaTexto\">M\u00e1s tarde se lo consult\u00f3 acerca de si existe un registro de habilitaci\u00f3n y calidad de los distintos hospedajes de la ciudad, <strong>N\u00e1poli<\/strong> dijo que se est\u00e1 llevando a cabo una campa\u00f1a, para promover la regularizaci\u00f3n de los establecimientos en ese respecto,\u00a0 agregando que en concordancia con un privado se est\u00e1 generando una manera de tener en conjunto con el municipio un sistema de reservas para agilizar y mejorar la atenci\u00f3n a los turistas.<\/p>\n<blockquote>\n<h3>La idea, tambi\u00e9n servir\u00eda para tener un conocimiento espec\u00edfico de los lugares que la gente prefiere mediante una estad\u00edstica concreta, como tambi\u00e9n generar otro tipo de datos para mejorar los servicios.<\/h3>\n<\/blockquote>\n<p>Cerr\u00f3 la nota, aclarando que si bien se brindar\u00e1n oportunidades de regularizar su situaci\u00f3n a quienes a\u00fan no lo han hecho, tampoco permitir\u00e1n que esto sea una forma constante de manejarse, agregando que <strong><em>\u00abTodas estas ideas, y generaci\u00f3n de oportunidades de generar beneficios para aumentar el flujo de\u00a0 turistas, obviamente las van a disfrutar quienes est\u00e9n habilitados\u00bb<\/em><\/strong>.<\/p>\n<p>&nbsp;<\/p>\n<p>&nbsp;<\/p>\n<p class=\"notaTexto\">\n","protected":false},"excerpt":{"rendered":"<div class=\"mh-excerpt\"><p>Se registr\u00f3 una ocupaci\u00f3n del 81%, inform\u00f3 el Secretario de Desarrollo Tur\u00edstico, Productivo y Cultural Municipal, al ser consultada esta ma\u00f1ana en la FM 102.7 Radio Power en di\u00e1logo con los conductores del env\u00edo, Alejandro <a class=\"mh-excerpt-more\" href=\"https:\/\/larevistadigital.com.ar\/blog\/pablo-napoli-aseguro-que-el-ultimo-fin-de-semana-largo-fue-mejor-que-el-anterior\/\" title=\"PABLO N\u00c1POLI EN VIVO POR YOUTUBE ASEGUR\u00d3 QUE EL \u00daLTIMO FIN DE SEMANA LARGO FUE MEJOR QUE EL ANTERIOR\">[Leer M\u00e1s]<\/a><\/p>\n<\/div>","protected":false},"author":3,"featured_media":36419,"comment_status":"open","ping_status":"open","sticky":false,"template":"","format":"standard","meta":{"_jetpack_memberships_contains_paid_content":false,"footnotes":"","jetpack_publicize_message":"","jetpack_publicize_feature_enabled":true,"jetpack_social_post_already_shared":true,"jetpack_social_options":{"image_generator_settings":{"template":"highway","default_image_id":0,"font":"","enabled":false},"version":2}},"categories":[6,23],"tags":[],"class_list":{"0":"post-36418","1":"post","2":"type-post","3":"status-publish","4":"format-standard","5":"has-post-thumbnail","7":"category-chascomus","8":"category-politica-local"},"jetpack_publicize_connections":[],"jetpack_featured_media_url":"https:\/\/i0.wp.com\/larevistadigital.com.ar\/blog\/wp-content\/uploads\/WhatsApp-Image-2024-06-24-at-10.06.04.jpeg?fit=1265%2C720&ssl=1","jetpack_sharing_enabled":true,"jetpack_shortlink":"https:\/\/wp.me\/p8qtrQ-9to","jetpack-related-posts":[{"id":41938,"url":"https:\/\/larevistadigital.com.ar\/blog\/chascomus-la-ocupacion-hotelera-llego-al-95-el-fin-de-semana-largo\/","url_meta":{"origin":36418,"position":0},"title":"Chascom\u00fas: La ocupaci\u00f3n hotelera lleg\u00f3 al 95% el fin de semana largo","author":"Alejandro Sosa Ruda","date":"13 octubre, 2025","format":false,"excerpt":"Chascom\u00fas contin\u00faa siendo uno de los destinos m\u00e1s elegidos de la provincia de Buenos Aires. 13 de Octubre de 2025 CHASCOM\u00daS -\u00a0 Durante el fin de semana largo por el feriado del viernes, se registr\u00f3 la ocupaci\u00f3n del 95% de las plazas hoteleras, con una afluencia estimada de m\u00e1s de\u2026","rel":"","context":"En \u00abCHASCOM\u00daS\u00bb","block_context":{"text":"CHASCOM\u00daS","link":"https:\/\/larevistadigital.com.ar\/blog\/category\/chascomus\/"},"img":{"alt_text":"","src":"https:\/\/i0.wp.com\/larevistadigital.com.ar\/blog\/wp-content\/uploads\/68ed7386a4f1b.png?fit=668%2C445&ssl=1&resize=350%2C200","width":350,"height":200,"srcset":"https:\/\/i0.wp.com\/larevistadigital.com.ar\/blog\/wp-content\/uploads\/68ed7386a4f1b.png?fit=668%2C445&ssl=1&resize=350%2C200 1x, https:\/\/i0.wp.com\/larevistadigital.com.ar\/blog\/wp-content\/uploads\/68ed7386a4f1b.png?fit=668%2C445&ssl=1&resize=525%2C300 1.5x"},"classes":[]},{"id":42608,"url":"https:\/\/larevistadigital.com.ar\/blog\/chascomus-alcanzo-el-100-de-ocupacion-turistica-durante-el-fin-de-semana-largo\/","url_meta":{"origin":36418,"position":1},"title":"Chascom\u00fas alcanz\u00f3 el 100% de ocupaci\u00f3n tur\u00edstica durante el fin de semana largo","author":"Alejandro Sosa Ruda","date":"25 noviembre, 2025","format":false,"excerpt":"La Confederaci\u00f3n Argentina de la Mediana Empresa (CAME) destac\u00f3 que fue el destino con mayor ocupaci\u00f3n de la provincia de Buenos Aires, superando a ciudades de la costa atl\u00e1ntica. 25 de Noviembre de 2025 CHASCOM\u00daS -\u00a0 \u00a0La ocupaci\u00f3n tur\u00edstica fue plena en Chascom\u00fas durante el fin de semana largo de\u2026","rel":"","context":"En \u00abCHASCOM\u00daS\u00bb","block_context":{"text":"CHASCOM\u00daS","link":"https:\/\/larevistadigital.com.ar\/blog\/category\/chascomus\/"},"img":{"alt_text":"","src":"https:\/\/i0.wp.com\/larevistadigital.com.ar\/blog\/wp-content\/uploads\/6925e2c0e924b.png?fit=668%2C445&ssl=1&resize=350%2C200","width":350,"height":200,"srcset":"https:\/\/i0.wp.com\/larevistadigital.com.ar\/blog\/wp-content\/uploads\/6925e2c0e924b.png?fit=668%2C445&ssl=1&resize=350%2C200 1x, https:\/\/i0.wp.com\/larevistadigital.com.ar\/blog\/wp-content\/uploads\/6925e2c0e924b.png?fit=668%2C445&ssl=1&resize=525%2C300 1.5x"},"classes":[]},{"id":39645,"url":"https:\/\/larevistadigital.com.ar\/blog\/chascomus-impresionante-cantidad-de-turistas-el-pasado-fin-de-semana-largo\/","url_meta":{"origin":36418,"position":2},"title":"Chascom\u00fas: \u00a1Impresionante cantidad de turistas el pasado fin de semana largo!","author":"Alejandro Sosa Ruda","date":"5 mayo, 2025","format":false,"excerpt":"El \u00faltimo fin de semana largo se vivi\u00f3 con gran afluencia de visitantes en Chascom\u00fas, registr\u00e1ndose una ocupaci\u00f3n tur\u00edstica que alcanz\u00f3 el 85 % en las plazas habilitadas. 05 de Mayo de 2025 CHASCOM\u00daS -\u00a0 Seg\u00fan los datos ofrecidos por la subsecretar\u00eda de Turismo de la Municipalidad de Chascom\u00fas, los\u2026","rel":"","context":"En \u00abCHASCOM\u00daS\u00bb","block_context":{"text":"CHASCOM\u00daS","link":"https:\/\/larevistadigital.com.ar\/blog\/category\/chascomus\/"},"img":{"alt_text":"","src":"https:\/\/i0.wp.com\/larevistadigital.com.ar\/blog\/wp-content\/uploads\/6818f020cf27b.png?fit=668%2C445&ssl=1&resize=350%2C200","width":350,"height":200,"srcset":"https:\/\/i0.wp.com\/larevistadigital.com.ar\/blog\/wp-content\/uploads\/6818f020cf27b.png?fit=668%2C445&ssl=1&resize=350%2C200 1x, https:\/\/i0.wp.com\/larevistadigital.com.ar\/blog\/wp-content\/uploads\/6818f020cf27b.png?fit=668%2C445&ssl=1&resize=525%2C300 1.5x"},"classes":[]},{"id":13252,"url":"https:\/\/larevistadigital.com.ar\/blog\/otondo-pondero-el-fin-de-semana-en-chascomus\/","url_meta":{"origin":36418,"position":3},"title":"OTONDO PONDER\u00d3 EL FIN DE SEMANA EN CHASCOM\u00daS","author":"Alejandro Sosa Ruda","date":"19 noviembre, 2019","format":false,"excerpt":"Para el Secretario de Turismo y Planificaci\u00f3n Leandro Otondo, tanto \"Chascom\u00fas Florece\u201d como el \u201cFestival Arte Emprende\u201d, fueron todo un \u00e9xito,\u00a0 quien expres\u00f3 que la ciudad durante este fin de semana largo se encontr\u00f3 colmada de turistas, sea por lo precios o la cercan\u00eda con la Capital Federal, Chascom\u00fas vuelve\u2026","rel":"","context":"En \u00abCHASCOM\u00daS\u00bb","block_context":{"text":"CHASCOM\u00daS","link":"https:\/\/larevistadigital.com.ar\/blog\/category\/chascomus\/"},"img":{"alt_text":"","src":"https:\/\/i0.wp.com\/larevistadigital.com.ar\/blog\/wp-content\/uploads\/75398082_2369478366496484_9050809807203729408_o.jpg?fit=1200%2C800&ssl=1&resize=350%2C200","width":350,"height":200,"srcset":"https:\/\/i0.wp.com\/larevistadigital.com.ar\/blog\/wp-content\/uploads\/75398082_2369478366496484_9050809807203729408_o.jpg?fit=1200%2C800&ssl=1&resize=350%2C200 1x, https:\/\/i0.wp.com\/larevistadigital.com.ar\/blog\/wp-content\/uploads\/75398082_2369478366496484_9050809807203729408_o.jpg?fit=1200%2C800&ssl=1&resize=525%2C300 1.5x, https:\/\/i0.wp.com\/larevistadigital.com.ar\/blog\/wp-content\/uploads\/75398082_2369478366496484_9050809807203729408_o.jpg?fit=1200%2C800&ssl=1&resize=700%2C400 2x, https:\/\/i0.wp.com\/larevistadigital.com.ar\/blog\/wp-content\/uploads\/75398082_2369478366496484_9050809807203729408_o.jpg?fit=1200%2C800&ssl=1&resize=1050%2C600 3x"},"classes":[]},{"id":37504,"url":"https:\/\/larevistadigital.com.ar\/blog\/100-de-ocupacion-turistica-excelente-fin-de-semana-largo-se-vivio-en-chascomus\/","url_meta":{"origin":36418,"position":4},"title":"100% de ocupaci\u00f3n tur\u00edstica: Excelente fin de semana largo se vivi\u00f3 en Chascom\u00fas","author":"Alejandro Sosa Ruda","date":"14 octubre, 2024","format":false,"excerpt":"Con gran afluencia de turistas, que colmaron las plazas disponibles en nuestra ciudad, Chascom\u00fas vibr\u00f3 al ritmo de una cartelera llena de actividades y espect\u00e1culos. 14 de octubre de 2024 CHASCOM\u00daS -\u00a0 Chascom\u00fas registr\u00f3 una ocupaci\u00f3n hotelera del 100% durante este fin de semana de octubre, lo que genera un\u2026","rel":"","context":"En \u00abDESTACADAS\u00bb","block_context":{"text":"DESTACADAS","link":"https:\/\/larevistadigital.com.ar\/blog\/category\/destacadas\/"},"img":{"alt_text":"","src":"https:\/\/i0.wp.com\/larevistadigital.com.ar\/blog\/wp-content\/uploads\/670d5748b6fca.png?fit=668%2C445&ssl=1&resize=350%2C200","width":350,"height":200,"srcset":"https:\/\/i0.wp.com\/larevistadigital.com.ar\/blog\/wp-content\/uploads\/670d5748b6fca.png?fit=668%2C445&ssl=1&resize=350%2C200 1x, https:\/\/i0.wp.com\/larevistadigital.com.ar\/blog\/wp-content\/uploads\/670d5748b6fca.png?fit=668%2C445&ssl=1&resize=525%2C300 1.5x"},"classes":[]},{"id":35735,"url":"https:\/\/larevistadigital.com.ar\/blog\/chascomus-gran-cantidad-de-operativos-por-el-fin-de-semana-largo\/","url_meta":{"origin":36418,"position":5},"title":"CHASCOM\u00daS: GRAN CANTIDAD DE OPERATIVOS POR EL FIN DE SEMANA LARGO","author":"Alejandro Sosa Ruda","date":"3 abril, 2024","format":false,"excerpt":"La Secretar\u00eda de Seguridad de Chascom\u00fas implement\u00f3 un extenso dispositivo de seguridad que abarc\u00f3 seis d\u00edas consecutivos durante el fin de semana largo. 3 de abril de 2024 CHASCOM\u00daS\u00a0 -\u00a0 Los operativos de prevenci\u00f3n de tr\u00e1nsito y control de alcoholemia se llevaron a cabo en varios puntos de la ciudad,\u2026","rel":"","context":"En \u00abINTERES GENERAL\u00bb","block_context":{"text":"INTERES GENERAL","link":"https:\/\/larevistadigital.com.ar\/blog\/category\/interes-general\/"},"img":{"alt_text":"","src":"https:\/\/i0.wp.com\/larevistadigital.com.ar\/blog\/wp-content\/uploads\/WhatsApp-Image-2022-12-28-at-23.18.12-737x415-1.jpeg?fit=737%2C415&ssl=1&resize=350%2C200","width":350,"height":200,"srcset":"https:\/\/i0.wp.com\/larevistadigital.com.ar\/blog\/wp-content\/uploads\/WhatsApp-Image-2022-12-28-at-23.18.12-737x415-1.jpeg?fit=737%2C415&ssl=1&resize=350%2C200 1x, https:\/\/i0.wp.com\/larevistadigital.com.ar\/blog\/wp-content\/uploads\/WhatsApp-Image-2022-12-28-at-23.18.12-737x415-1.jpeg?fit=737%2C415&ssl=1&resize=525%2C300 1.5x, https:\/\/i0.wp.com\/larevistadigital.com.ar\/blog\/wp-content\/uploads\/WhatsApp-Image-2022-12-28-at-23.18.12-737x415-1.jpeg?fit=737%2C415&ssl=1&resize=700%2C400 2x"},"classes":[]}],"_links":{"self":[{"href":"https:\/\/larevistadigital.com.ar\/blog\/wp-json\/wp\/v2\/posts\/36418","targetHints":{"allow":["GET"]}}],"collection":[{"href":"https:\/\/larevistadigital.com.ar\/blog\/wp-json\/wp\/v2\/posts"}],"about":[{"href":"https:\/\/larevistadigital.com.ar\/blog\/wp-json\/wp\/v2\/types\/post"}],"author":[{"embeddable":true,"href":"https:\/\/larevistadigital.com.ar\/blog\/wp-json\/wp\/v2\/users\/3"}],"replies":[{"embeddable":true,"href":"https:\/\/larevistadigital.com.ar\/blog\/wp-json\/wp\/v2\/comments?post=36418"}],"version-history":[{"count":5,"href":"https:\/\/larevistadigital.com.ar\/blog\/wp-json\/wp\/v2\/posts\/36418\/revisions"}],"predecessor-version":[{"id":36425,"href":"https:\/\/larevistadigital.com.ar\/blog\/wp-json\/wp\/v2\/posts\/36418\/revisions\/36425"}],"wp:featuredmedia":[{"embeddable":true,"href":"https:\/\/larevistadigital.com.ar\/blog\/wp-json\/wp\/v2\/media\/36419"}],"wp:attachment":[{"href":"https:\/\/larevistadigital.com.ar\/blog\/wp-json\/wp\/v2\/media?parent=36418"}],"wp:term":[{"taxonomy":"category","embeddable":true,"href":"https:\/\/larevistadigital.com.ar\/blog\/wp-json\/wp\/v2\/categories?post=36418"},{"taxonomy":"post_tag","embeddable":true,"href":"https:\/\/larevistadigital.com.ar\/blog\/wp-json\/wp\/v2\/tags?post=36418"}],"curies":[{"name":"wp","href":"https:\/\/api.w.org\/{rel}","templated":true}]}}